{"id":1052,"date":"2021-01-14T13:20:57","date_gmt":"2021-01-14T12:20:57","guid":{"rendered":"https:\/\/www.parque-montroig.com\/blog\/?p=1052"},"modified":"2021-01-14T13:21:02","modified_gmt":"2021-01-14T12:21:02","slug":"tarraco-viva","status":"publish","type":"post","link":"https:\/\/www.parque-montroig.com\/blog\/de\/tarraco-viva\/","title":{"rendered":"Genie\u00dfen Sie das R\u00f6mer-Kulturfestival Tarraco Viva"},"content":{"rendered":"\n<p>Tarraco Viva ist das Kulturfestival, das sich der Verbreitung der Tradition, Kultur, Gastronomie und Geschichte der R\u00f6merzeit in der Stadt Tarragona sowie ihrer Auswirkungen auf den Rest des Mittelmeers und die Iberische Halbinsel widmet.<\/p>\n\n\n\n<h3 class=\"wp-block-heading\">Herkunft von Tarraco Viva<\/h3>\n\n\n\n<p>Sein Ursprung geht auf das Jahr 1999 zur\u00fcck. Der Hauptgrund war, die B\u00fcrger einzubeziehen und damit ihre Unterst\u00fctzung zu erhalten, um Tarraco zum UNESCO-Weltkulturerbe zu machen. Diese kulturellen Tage waren ein Erfolg und es wurde beschlossen, unabh\u00e4ngig von der Kandidatur das Tarraco Viva Festival j\u00e4hrlich zu feiern. Nachdem die Erkl\u00e4rung des UNESCO-Weltkulturerbes erreicht wurde, wurden diese Tage mit immer gr\u00f6\u00dferer Unterst\u00fctzung der Bev\u00f6lkerung und einer viel st\u00e4rkeren Beteiligung der lokalen, nationalen und internationalen Bev\u00f6lkerung weiter organisiert.<\/p>\n\n\n\n<h3 class=\"wp-block-heading\">Tarraco Viva Ziele<\/h3>\n\n\n\n<p>Das Hauptziel des Tarraco Viva Festivals ist die Verbreitung der alten Geschichte, wobei der \u00d6ffentlichkeit verschiedene Werkzeuge zur Verf\u00fcgung gestellt werden, damit sie \u00fcber die historische Vergangenheit und die Auswirkungen, die Tarraco auf das R\u00f6mische Reich hatte, nachdenken k\u00f6nnen. Diese Tage sind ein perfekter Plan f\u00fcr die ganze Familie, mit Aktivit\u00e4ten f\u00fcr die \u00c4lteren, um gemeinsam mit den Kleinen zu lernen.<\/p>\n\n\n\n<p>Durch die Schaffung eines hochwertigen Kulturprodukts unter Einbeziehung der \u00d6ffentlichkeit und der Teilnehmer selbst konnten Aktivit\u00e4tsprogramme entwickelt werden, um die B\u00fcrger von Tarragona und die Besucher f\u00fcr die Bedeutung der Pflege und Erhaltung des historischen Erbes zu sensibilisieren. Am Ende geh\u00f6rt das Erbe allen, und gemeinsam m\u00fcssen wir uns darum k\u00fcmmern. Wenn die B\u00fcrger zeigen, dass ihnen das kulturelle und historische Erbe der Stadt wirklich am Herzen liegt, ist es viel wahrscheinlicher, dass sowohl \u00f6ffentliche als auch private Institutionen wirtschaftliche und logistische Unterst\u00fctzung leisten.<\/p>\n\n\n\n<h3 class=\"wp-block-heading\">Tarraco Viva Veranstaltungsprogramm<\/h3>\n\n\n\n<p>Im Programm finden Sie Aktivit\u00e4ten f\u00fcr jeden Geschmack, die immer mit der Vergangenheit der Stadt verbunden sind. F\u00fcr Feinschmecker &#8222;Tarraco a taula&#8220; zeigt r\u00f6mische K\u00fcche, verschiedene Restaurants in der Stadt entwerfen ein Men\u00fc, das sich auf die Spezialit\u00e4ten der r\u00f6mischen K\u00fcche der Zeit konzentriert. Ebenso \u00f6ffnen die Museen der Stadt ihre T\u00fcren f\u00fcr alle B\u00fcrger und Besucher des Festivals kostenlos. Dar\u00fcber hinaus gibt es eine lange Liste von Aktivit\u00e4ten und Gespr\u00e4chen, die auf die Verbreitung von Wissen abzielen, wie beispielsweise die r\u00f6mische Technik, die f\u00fcr den Bau des ber\u00fchmten Aqu\u00e4dukts verwendet wird. Hier finden Sie auch Erkl\u00e4rungen zur Arch\u00e4ologie, wie der r\u00f6mische Markt war, wie es war, in einer r\u00f6mischen Stadt zu leben, wie r\u00f6mische Kinder spielten, historische Nachstellungen \u00fcber r\u00f6mische Politik und Gesellschaft, Gespr\u00e4che \u00fcber die G\u00f6tter und die Religion der Zeit und endlos von Aktivit\u00e4ten vorbereitet f\u00fcr alle Besucher, um ihren Favoriten zu finden und zu genie\u00dfen.<\/p>\n\n\n\n<p>Wenn Sie eine Ferienwohnung mieten m\u00f6chten, um die Tarraco Viva-Tage zu genie\u00dfen, helfen wir Ihnen vom Parc Mont-Roig, die f\u00fcr Sie und Ihre am besten geeignete zu finden.<\/p>\n\n\n\n<div style=\"height:20px\" aria-hidden=\"true\" class=\"wp-block-spacer\"><\/div>\n\n\n\n<figure class=\"wp-block-image size-large is-resized\"><img decoding=\"async\" src=\"https:\/\/www.parque-montroig.com\/blog\/wp-content\/uploads\/2020\/12\/Logo-Feder-1.jpeg\" alt=\"Logo Feder\" class=\"wp-image-736\" width=\"174\" height=\"82\"\/><\/figure>\n\n\n\n<p style=\"font-size:10px\">Parc Mont-roig SL ha sido beneficiaria del Fondo Europeo de Desarrollo Regional cuyo objetivo es mejorar la competitividad de las Pymes y gracias al cual ha puesto en marcha un Plan de Marketing Digital Internacional con el objetivo de mejorar su posicionamiento online en mercados exteriores durante el a\u00f1o 2021. Para ello ha contado con el apoyo del Programa XPANDE DIGITAL de la C\u00e1mara de Comercio de Reus.<br>&#8222;Una manera de hacer Europa&#8220;.<\/p>\n","protected":false},"excerpt":{"rendered":"<p>Tarraco Viva ist das Kulturfestival, das sich der Verbreitung der Tradition, Kultur, Gastronomie und Geschichte der R\u00f6merzeit in der Stadt&#8230;<\/p>\n","protected":false},"author":2,"featured_media":485,"comment_status":"open","ping_status":"closed","sticky":false,"template":"","format":"standard","meta":{"footnotes":""},"categories":[24,52,51],"tags":[],"class_list":["post-1052","post","type-post","status-publish","format-standard","has-post-thumbnail","hentry","category-kulturelle-veranstaltungen-in-tarragona","category-tarragona-mit-kindern","category-tarragona-stadt"],"_links":{"self":[{"href":"https:\/\/www.parque-montroig.com\/blog\/de\/wp-json\/wp\/v2\/posts\/1052","targetHints":{"allow":["GET"]}}],"collection":[{"href":"https:\/\/www.parque-montroig.com\/blog\/de\/wp-json\/wp\/v2\/posts"}],"about":[{"href":"https:\/\/www.parque-montroig.com\/blog\/de\/wp-json\/wp\/v2\/types\/post"}],"author":[{"embeddable":true,"href":"https:\/\/www.parque-montroig.com\/blog\/de\/wp-json\/wp\/v2\/users\/2"}],"replies":[{"embeddable":true,"href":"https:\/\/www.parque-montroig.com\/blog\/de\/wp-json\/wp\/v2\/comments?post=1052"}],"version-history":[{"count":2,"href":"https:\/\/www.parque-montroig.com\/blog\/de\/wp-json\/wp\/v2\/posts\/1052\/revisions"}],"predecessor-version":[{"id":1054,"href":"https:\/\/www.parque-montroig.com\/blog\/de\/wp-json\/wp\/v2\/posts\/1052\/revisions\/1054"}],"wp:featuredmedia":[{"embeddable":true,"href":"https:\/\/www.parque-montroig.com\/blog\/de\/wp-json\/wp\/v2\/media\/485"}],"wp:attachment":[{"href":"https:\/\/www.parque-montroig.com\/blog\/de\/wp-json\/wp\/v2\/media?parent=1052"}],"wp:term":[{"taxonomy":"category","embeddable":true,"href":"https:\/\/www.parque-montroig.com\/blog\/de\/wp-json\/wp\/v2\/categories?post=1052"},{"taxonomy":"post_tag","embeddable":true,"href":"https:\/\/www.parque-montroig.com\/blog\/de\/wp-json\/wp\/v2\/tags?post=1052"}],"curies":[{"name":"wp","href":"https:\/\/api.w.org\/{rel}","templated":true}]}}