{"id":4954,"date":"2024-12-16T16:52:39","date_gmt":"2024-12-16T15:52:39","guid":{"rendered":"https:\/\/www.parque-montroig.com\/blog\/?p=4954"},"modified":"2024-12-17T12:47:56","modified_gmt":"2024-12-17T11:47:56","slug":"unterkuenfte-fuer-laengere-aufenthalte-an-der-costa-dorada-entdecken-sie-unsere-sonderangebote","status":"publish","type":"post","link":"https:\/\/www.parque-montroig.com\/blog\/de\/unterkuenfte-fuer-laengere-aufenthalte-an-der-costa-dorada-entdecken-sie-unsere-sonderangebote\/","title":{"rendered":"Unterk\u00fcnfte f\u00fcr l\u00e4ngere Aufenthalte an der Costa Dorada: Entdecken Sie unsere Sonderangebote"},"content":{"rendered":"\t\t<div data-elementor-type=\"wp-post\" data-elementor-id=\"4954\" class=\"elementor elementor-4954 elementor-4893\" data-elementor-post-type=\"post\">\n\t\t\t\t\t\t<section class=\"elementor-section elementor-top-section elementor-element elementor-element-44130cd elementor-section-boxed elementor-section-height-default elementor-section-height-default\" data-id=\"44130cd\" data-element_type=\"section\" data-e-type=\"section\">\n\t\t\t\t\t\t<div class=\"elementor-container elementor-column-gap-default\">\n\t\t\t\t\t<div class=\"elementor-column elementor-col-100 elementor-top-column elementor-element elementor-element-82ee1ae\" data-id=\"82ee1ae\" data-element_type=\"column\" data-e-type=\"column\">\n\t\t\t<div class=\"elementor-widget-wrap elementor-element-populated\">\n\t\t\t\t\t\t<div class=\"elementor-element elementor-element-83d0c54 elementor-widget elementor-widget-text-editor\" data-id=\"83d0c54\" data-element_type=\"widget\" data-e-type=\"widget\" data-widget_type=\"text-editor.default\">\n\t\t\t\t<div class=\"elementor-widget-container\">\n\t\t\t\t\t\t\t\t\t<p>Sind Sie auf der Suche nach einem Ort, an dem Sie f\u00fcr eine Weile die Seele baumeln lassen k\u00f6nnen? Im Parc Montroig bieten wir Unterk\u00fcnfte f\u00fcr l\u00e4ngere Aufenthalte an der Costa Dorada.<\/p><p>Ganz gleich, ob Sie an einem anderen Ort arbeiten, einen l\u00e4ngeren R\u00fcckzugsort ben\u00f6tigen oder einfach nur den mediterranen Lebensstil genie\u00dfen m\u00f6chten, wir haben spezielle Angebote, um das Beste aus Ihrem Aufenthalt zu machen.<\/p>\t\t\t\t\t\t\t\t<\/div>\n\t\t\t\t<\/div>\n\t\t\t\t\t<\/div>\n\t\t<\/div>\n\t\t\t\t\t<\/div>\n\t\t<\/section>\n\t\t\t\t<section class=\"elementor-section elementor-top-section elementor-element elementor-element-baf065a elementor-section-boxed elementor-section-height-default elementor-section-height-default\" data-id=\"baf065a\" data-element_type=\"section\" data-e-type=\"section\">\n\t\t\t\t\t\t<div class=\"elementor-container elementor-column-gap-default\">\n\t\t\t\t\t<div class=\"elementor-column elementor-col-100 elementor-top-column elementor-element elementor-element-1647bf9\" data-id=\"1647bf9\" data-element_type=\"column\" data-e-type=\"column\">\n\t\t\t<div class=\"elementor-widget-wrap elementor-element-populated\">\n\t\t\t\t\t\t<div class=\"elementor-element elementor-element-adb989a elementor-widget elementor-widget-heading\" data-id=\"adb989a\" data-element_type=\"widget\" data-e-type=\"widget\" data-widget_type=\"heading.default\">\n\t\t\t\t<div class=\"elementor-widget-container\">\n\t\t\t\t\t<h2 class=\"elementor-heading-title elementor-size-default\">Genie\u00dfen Sie die Costa Dorada in Ihrem eigenen Tempo<\/h2>\t\t\t\t<\/div>\n\t\t\t\t<\/div>\n\t\t\t\t\t<\/div>\n\t\t<\/div>\n\t\t\t\t\t<\/div>\n\t\t<\/section>\n\t\t\t\t<section class=\"elementor-section elementor-top-section elementor-element elementor-element-93cf3fd elementor-section-boxed elementor-section-height-default elementor-section-height-default\" data-id=\"93cf3fd\" data-element_type=\"section\" data-e-type=\"section\">\n\t\t\t\t\t\t<div class=\"elementor-container elementor-column-gap-default\">\n\t\t\t\t\t<div class=\"elementor-column elementor-col-100 elementor-top-column elementor-element elementor-element-7b3bfad\" data-id=\"7b3bfad\" data-element_type=\"column\" data-e-type=\"column\">\n\t\t\t<div class=\"elementor-widget-wrap elementor-element-populated\">\n\t\t\t\t\t\t<div class=\"elementor-element elementor-element-67f68d9 elementor-widget elementor-widget-text-editor\" data-id=\"67f68d9\" data-element_type=\"widget\" data-e-type=\"widget\" data-widget_type=\"text-editor.default\">\n\t\t\t\t<div class=\"elementor-widget-container\">\n\t\t\t\t\t\t\t\t\t<p>Die Costa Dorada ist ein Reiseziel, das Sie dazu einl\u00e4dt, das Leben langsam anzugehen und jeden Augenblick zu genie\u00dfen. Ein l\u00e4ngerer Aufenthalt in dieser Region bedeutet, in den mediterranen Lebensstil einzutauchen, die Landschaften, Traditionen und besonderen Ecken zu erkunden, ohne sich zu beeilen.<\/p><p>Bei einem l\u00e4ngeren Aufenthalt haben Sie die M\u00f6glichkeit, die ruhigeren Str\u00e4nde au\u00dferhalb der Hochsaison zu entdecken, durch die malerischen Altst\u00e4dte von St\u00e4dten wie Cambrils zu schlendern oder die Naturpfade in der Umgebung von Miami Platja zu genie\u00dfen. Dar\u00fcber hinaus bietet die Costa Dorada ein gastronomisches Angebot, das es verdient, eingehend erkundet zu werden, mit Restaurants und lokalen M\u00e4rkten, auf denen Sie die authentische mediterrane K\u00fcche probieren k\u00f6nnen.<\/p><p>Das milde Klima, das fast das ganze Jahr \u00fcber herrscht, macht die Costa Dorada zu einem idealen Ort f\u00fcr l\u00e4ngere Aufenthalte, auch im Winter. Sie k\u00f6nnen Aktivit\u00e4ten in der freien Natur wie Radfahren, Spazierg\u00e4nge entlang der K\u00fcste oder einfach nur Entspannung in einer privilegierten Umgebung genie\u00dfen und jeden Tag an Ihr eigenes Tempo anpassen.<\/p><p>Leben wie ein Einheimischer bedeutet auch, die Annehmlichkeiten einer gut angebundenen Region mit allen Dienstleistungen zu nutzen, die Sie f\u00fcr einen komfortablen Aufenthalt ben\u00f6tigen. Von Gesch\u00e4ften \u00fcber Kulturzentren bis hin zu lokalen Veranstaltungen &#8211; die Gold Coast ist der perfekte Ort f\u00fcr alle, die ein authentisches und entspanntes Erlebnis suchen.<\/p>\t\t\t\t\t\t\t\t<\/div>\n\t\t\t\t<\/div>\n\t\t\t\t\t<\/div>\n\t\t<\/div>\n\t\t\t\t\t<\/div>\n\t\t<\/section>\n\t\t\t\t<section class=\"elementor-section elementor-top-section elementor-element elementor-element-b40cd39 elementor-section-boxed elementor-section-height-default elementor-section-height-default\" data-id=\"b40cd39\" data-element_type=\"section\" data-e-type=\"section\">\n\t\t\t\t\t\t<div class=\"elementor-container elementor-column-gap-default\">\n\t\t\t\t\t<div class=\"elementor-column elementor-col-100 elementor-top-column elementor-element elementor-element-55b91c1\" data-id=\"55b91c1\" data-element_type=\"column\" data-e-type=\"column\">\n\t\t\t<div class=\"elementor-widget-wrap elementor-element-populated\">\n\t\t\t\t\t\t<div class=\"elementor-element elementor-element-fa1f136 elementor-widget elementor-widget-image\" data-id=\"fa1f136\" data-element_type=\"widget\" data-e-type=\"widget\" data-widget_type=\"image.default\">\n\t\t\t\t<div class=\"elementor-widget-container\">\n\t\t\t\t\t\t\t\t\t\t\t\t\t\t\t<img fetchpriority=\"high\" decoding=\"async\" width=\"1900\" height=\"806\" src=\"https:\/\/www.parque-montroig.com\/blog\/wp-content\/uploads\/2024\/12\/Ofertas-larga-estancia-costa-dorada.webp\" class=\"attachment-full size-full wp-image-4922\" alt=\"Ofertas-larga-estancia-costa-dorada\" srcset=\"https:\/\/www.parque-montroig.com\/blog\/wp-content\/uploads\/2024\/12\/Ofertas-larga-estancia-costa-dorada.webp 1900w, https:\/\/www.parque-montroig.com\/blog\/wp-content\/uploads\/2024\/12\/Ofertas-larga-estancia-costa-dorada-768x326.webp 768w, https:\/\/www.parque-montroig.com\/blog\/wp-content\/uploads\/2024\/12\/Ofertas-larga-estancia-costa-dorada-1536x652.webp 1536w\" sizes=\"(max-width: 1900px) 100vw, 1900px\" \/>\t\t\t\t\t\t\t\t\t\t\t\t\t\t\t<\/div>\n\t\t\t\t<\/div>\n\t\t\t\t\t<\/div>\n\t\t<\/div>\n\t\t\t\t\t<\/div>\n\t\t<\/section>\n\t\t\t\t<section class=\"elementor-section elementor-top-section elementor-element elementor-element-5fda266 elementor-section-boxed elementor-section-height-default elementor-section-height-default\" data-id=\"5fda266\" data-element_type=\"section\" data-e-type=\"section\">\n\t\t\t\t\t\t<div class=\"elementor-container elementor-column-gap-default\">\n\t\t\t\t\t<div class=\"elementor-column elementor-col-100 elementor-top-column elementor-element elementor-element-90f2e6c\" data-id=\"90f2e6c\" data-element_type=\"column\" data-e-type=\"column\">\n\t\t\t<div class=\"elementor-widget-wrap elementor-element-populated\">\n\t\t\t\t\t\t<div class=\"elementor-element elementor-element-f430ad1 elementor-widget elementor-widget-heading\" data-id=\"f430ad1\" data-element_type=\"widget\" data-e-type=\"widget\" data-widget_type=\"heading.default\">\n\t\t\t\t<div class=\"elementor-widget-container\">\n\t\t\t\t\t<h2 class=\"elementor-heading-title elementor-size-default\">Unterkunft f\u00fcr l\u00e4ngere Aufenthalte mit Parc Montroig<\/h2>\t\t\t\t<\/div>\n\t\t\t\t<\/div>\n\t\t\t\t\t<\/div>\n\t\t<\/div>\n\t\t\t\t\t<\/div>\n\t\t<\/section>\n\t\t\t\t<section class=\"elementor-section elementor-top-section elementor-element elementor-element-be781f9 elementor-section-boxed elementor-section-height-default elementor-section-height-default\" data-id=\"be781f9\" data-element_type=\"section\" data-e-type=\"section\">\n\t\t\t\t\t\t<div class=\"elementor-container elementor-column-gap-default\">\n\t\t\t\t\t<div class=\"elementor-column elementor-col-100 elementor-top-column elementor-element elementor-element-6ff3a84\" data-id=\"6ff3a84\" data-element_type=\"column\" data-e-type=\"column\">\n\t\t\t<div class=\"elementor-widget-wrap elementor-element-populated\">\n\t\t\t\t\t\t<div class=\"elementor-element elementor-element-394da80 elementor-widget elementor-widget-text-editor\" data-id=\"394da80\" data-element_type=\"widget\" data-e-type=\"widget\" data-widget_type=\"text-editor.default\">\n\t\t\t\t<div class=\"elementor-widget-container\">\n\t\t\t\t\t\t\t\t\t<p>Wir von Parc Montroig wissen, wie wichtig es ist, sich bei einem l\u00e4ngeren Aufenthalt wie zu Hause zu f\u00fchlen. Deshalb bieten wir eine Auswahl an Unterk\u00fcnften an der Costa Dorada, insbesondere in Orten wie Cambrils und Miami Platja, die ideal f\u00fcr diejenigen sind, die Komfort und Ruhe suchen. Erfahren Sie mehr \u00fcber unsere Ferienunterk\u00fcnfte an der Costa Dorada und finden Sie die perfekte Unterkunft f\u00fcr Ihren l\u00e4ngeren Aufenthalt.<\/p><h3>Vielfalt der Unterk\u00fcnfte<\/h3><p>Unser Angebot umfasst Wohnungen, H\u00e4user und Villen, die alle so ausgestattet sind, dass sie maximalen Komfort bieten. Wenn Sie auf der Suche nach einer Wohnung in Cambrils sind, haben wir eine gro\u00dfe Auswahl an Wohnungen in Cambrils in strategischen Bereichen der Gemeinde, w\u00e4hrend Sie in <a href=\"https:\/\/www.parque-montroig.com\/de\/ferienwohnung-in-miami-playa\/\">Miami Platja moderne und ger\u00e4umige Wohnungen genie\u00dfen k\u00f6nnen<\/a>, die perfekt zum Entspannen und Genie\u00dfen der Umgebung sind.<\/p><h3>Annehmlichkeiten und Dienstleistungen<\/h3><p>Alle unsere Unterk\u00fcnfte sind voll m\u00f6bliert und verf\u00fcgen \u00fcber voll ausgestattete K\u00fcchen, in denen Sie Ihre Mahlzeiten wie zu Hause zubereiten k\u00f6nnen. Au\u00dferdem bieten wir Ihnen einen Internetanschluss, der es Ihnen erleichtert, zu telefonieren oder mit Ihren Lieben in Kontakt zu bleiben. Einige Unterk\u00fcnfte verf\u00fcgen auch \u00fcber Klimaanlage, Heizung und Au\u00dfenbereiche wie Terrassen oder G\u00e4rten, die ideal sind, um das mediterrane Klima zu genie\u00dfen.<\/p><h3>Strategischer Standort<\/h3><p>Unsere Unterkunft liegt in einem ruhigen Wohngebiet und bietet eine ruhige Umgebung, die sich perfekt f\u00fcr einen l\u00e4ngeren Aufenthalt eignet. Dank der N\u00e4he zu wichtigen Einrichtungen wie Superm\u00e4rkten, Restaurants und Gesundheitszentren haben Sie alles, was Sie brauchen, in greifbarer N\u00e4he. Au\u00dferdem befinden sich die Str\u00e4nde und Sehensw\u00fcrdigkeiten der Costa Dorada in unmittelbarer N\u00e4he, so dass Sie die Region in Ihrem eigenen Tempo erkunden k\u00f6nnen.<\/p><h3>Flexibilit\u00e4t und pers\u00f6nliche Betreuung<\/h3><p>Wir wissen, dass jeder Gast individuelle Bed\u00fcrfnisse hat. Deshalb bieten wir Sondertarife und flexible Bedingungen f\u00fcr lange Aufenthalte. Unser Team steht Ihnen jederzeit zur Verf\u00fcgung, um die beste Option zu finden und sicherzustellen, dass Ihr Aufenthalt im Parc Montroig komfortabel und zufriedenstellend ist.<\/p><p>Entdecken Sie, wie der Parc Montroig Ihr Zuhause f\u00fcr einen l\u00e4ngeren Aufenthalt sein kann. Entdecken Sie alle unsere Optionen und buchen Sie im Voraus, um von den besten Angeboten zu profitieren.<\/p><p>Beginnen Sie mit der Planung Ihres Aufenthalts und entdecken Sie alle unsere Angebote f\u00fcr l\u00e4ngere Aufenthalte an der Costa Dorada.<\/p>\t\t\t\t\t\t\t\t<\/div>\n\t\t\t\t<\/div>\n\t\t\t\t\t<\/div>\n\t\t<\/div>\n\t\t\t\t\t<\/div>\n\t\t<\/section>\n\t\t\t\t<section class=\"elementor-section elementor-top-section elementor-element elementor-element-c64f44e elementor-section-boxed elementor-section-height-default elementor-section-height-default\" data-id=\"c64f44e\" data-element_type=\"section\" data-e-type=\"section\">\n\t\t\t\t\t\t<div class=\"elementor-container elementor-column-gap-default\">\n\t\t\t\t\t<div class=\"elementor-column elementor-col-100 elementor-top-column elementor-element elementor-element-ac119d3\" data-id=\"ac119d3\" data-element_type=\"column\" data-e-type=\"column\">\n\t\t\t<div class=\"elementor-widget-wrap elementor-element-populated\">\n\t\t\t\t\t\t<div class=\"elementor-element elementor-element-6c45d7d elementor-widget elementor-widget-heading\" data-id=\"6c45d7d\" data-element_type=\"widget\" data-e-type=\"widget\" data-widget_type=\"heading.default\">\n\t\t\t\t<div class=\"elementor-widget-container\">\n\t\t\t\t\t<h2 class=\"elementor-heading-title elementor-size-default\">Die besten Unterk\u00fcnfte f\u00fcr l\u00e4ngere Aufenthalte an der Costa Dorada<\/h2>\t\t\t\t<\/div>\n\t\t\t\t<\/div>\n\t\t\t\t\t<\/div>\n\t\t<\/div>\n\t\t\t\t\t<\/div>\n\t\t<\/section>\n\t\t\t\t<section class=\"elementor-section elementor-top-section elementor-element elementor-element-41fdc97f elementor-section-boxed elementor-section-height-default elementor-section-height-default\" data-id=\"41fdc97f\" data-element_type=\"section\" data-e-type=\"section\">\n\t\t\t\t\t\t\t<div class=\"elementor-background-overlay\"><\/div>\n\t\t\t\t\t\t\t<div class=\"elementor-container elementor-column-gap-default\">\n\t\t\t\t\t<div class=\"elementor-column elementor-col-25 elementor-top-column elementor-element elementor-element-69c7cf9a\" data-id=\"69c7cf9a\" data-element_type=\"column\" data-e-type=\"column\">\n\t\t\t<div class=\"elementor-widget-wrap elementor-element-populated\">\n\t\t\t\t\t\t<div class=\"elementor-element elementor-element-4f5f364b elementor-widget elementor-widget-image\" data-id=\"4f5f364b\" data-element_type=\"widget\" data-e-type=\"widget\" data-widget_type=\"image.default\">\n\t\t\t\t<div class=\"elementor-widget-container\">\n\t\t\t\t\t\t\t\t\t\t\t\t\t\t\t\t<a href=\"https:\/\/www.parque-montroig.com\/de\/vermietung\/villa-cambrils-villa-gladiols-cambrils-102853.html\">\n\t\t\t\t\t\t\t<img decoding=\"async\" width=\"1800\" height=\"1200\" src=\"https:\/\/www.parque-montroig.com\/blog\/wp-content\/uploads\/2024\/02\/Villa-gladiols.jpg\" class=\"attachment-full size-full wp-image-4422\" alt=\"Villa gladiols\" srcset=\"https:\/\/www.parque-montroig.com\/blog\/wp-content\/uploads\/2024\/02\/Villa-gladiols.jpg 1800w, https:\/\/www.parque-montroig.com\/blog\/wp-content\/uploads\/2024\/02\/Villa-gladiols-768x512.jpg 768w, https:\/\/www.parque-montroig.com\/blog\/wp-content\/uploads\/2024\/02\/Villa-gladiols-1536x1024.jpg 1536w\" sizes=\"(max-width: 1800px) 100vw, 1800px\" \/>\t\t\t\t\t\t\t\t<\/a>\n\t\t\t\t\t\t\t\t\t\t\t\t\t\t\t<\/div>\n\t\t\t\t<\/div>\n\t\t\t\t<div class=\"elementor-element elementor-element-1cd30ec2 elementor-widget elementor-widget-heading\" data-id=\"1cd30ec2\" data-element_type=\"widget\" data-e-type=\"widget\" data-widget_type=\"heading.default\">\n\t\t\t\t<div class=\"elementor-widget-container\">\n\t\t\t\t\t<h3 class=\"elementor-heading-title elementor-size-default\"><a href=\"https:\/\/www.parque-montroig.com\/de\/vermietung\/villa-cambrils-villa-gladiols-cambrils-102853.html\">Villa Gladiols<\/a><\/h3>\t\t\t\t<\/div>\n\t\t\t\t<\/div>\n\t\t\t\t<div class=\"elementor-element elementor-element-167a27cf elementor-widget elementor-widget-text-editor\" data-id=\"167a27cf\" data-element_type=\"widget\" data-e-type=\"widget\" data-widget_type=\"text-editor.default\">\n\t\t\t\t<div class=\"elementor-widget-container\">\n\t\t\t\t\t\t\t\t\t<p>Cambrils<\/p>\t\t\t\t\t\t\t\t<\/div>\n\t\t\t\t<\/div>\n\t\t\t\t<div class=\"elementor-element elementor-element-2465facc elementor-headline--style-highlight elementor-widget elementor-widget-animated-headline\" data-id=\"2465facc\" data-element_type=\"widget\" data-e-type=\"widget\" data-settings=\"{&quot;highlighted_text&quot;:&quot;220\\u20ac\\\/Nacht&quot;,&quot;headline_style&quot;:&quot;highlight&quot;,&quot;marker&quot;:&quot;circle&quot;,&quot;loop&quot;:&quot;yes&quot;,&quot;highlight_animation_duration&quot;:1200,&quot;highlight_iteration_delay&quot;:8000}\" data-widget_type=\"animated-headline.default\">\n\t\t\t\t<div class=\"elementor-widget-container\">\n\t\t\t\t\t\t\t\t<a href=\"https:\/\/www.parque-montroig.com\/de\/vermietung\/villa-cambrils-villa-gladiols-cambrils-102853.html\">\n\n\t\t\t\t\t<div class=\"elementor-headline\">\n\t\t\t\t\t<span class=\"elementor-headline-plain-text elementor-headline-text-wrapper\">Von<\/span>\n\t\t\t\t<span class=\"elementor-headline-dynamic-wrapper elementor-headline-text-wrapper\">\n\t\t\t\t\t<span class=\"elementor-headline-dynamic-text elementor-headline-text-active\">220\u20ac\/Nacht<\/span>\n\t\t\t\t<\/span>\n\t\t\t\t<\/div>\n\t\t<\/a>\t\t\t\t<\/div>\n\t\t\t\t<\/div>\n\t\t\t\t\t<\/div>\n\t\t<\/div>\n\t\t\t\t<div class=\"elementor-column elementor-col-25 elementor-top-column elementor-element elementor-element-2b7f2e3f\" data-id=\"2b7f2e3f\" data-element_type=\"column\" data-e-type=\"column\">\n\t\t\t<div class=\"elementor-widget-wrap elementor-element-populated\">\n\t\t\t\t\t\t<div class=\"elementor-element elementor-element-3b770fd4 elementor-widget elementor-widget-image\" data-id=\"3b770fd4\" data-element_type=\"widget\" data-e-type=\"widget\" data-widget_type=\"image.default\">\n\t\t\t\t<div class=\"elementor-widget-container\">\n\t\t\t\t\t\t\t\t\t\t\t\t\t\t\t\t<a href=\"https:\/\/www.parque-montroig.com\/de\/vermietung\/ferienwohnung-miami-playa-casa-carmen-4-by-parc-mont-roig-74487.html\">\n\t\t\t\t\t\t\t<img decoding=\"async\" width=\"2560\" height=\"1707\" src=\"https:\/\/www.parque-montroig.com\/blog\/wp-content\/uploads\/2024\/12\/casa-carmen.jpg\" class=\"attachment-full size-full wp-image-4911\" alt=\"casa carmen\" srcset=\"https:\/\/www.parque-montroig.com\/blog\/wp-content\/uploads\/2024\/12\/casa-carmen.jpg 2560w, https:\/\/www.parque-montroig.com\/blog\/wp-content\/uploads\/2024\/12\/casa-carmen-768x512.jpg 768w, https:\/\/www.parque-montroig.com\/blog\/wp-content\/uploads\/2024\/12\/casa-carmen-1536x1024.jpg 1536w, https:\/\/www.parque-montroig.com\/blog\/wp-content\/uploads\/2024\/12\/casa-carmen-2048x1366.jpg 2048w\" sizes=\"(max-width: 2560px) 100vw, 2560px\" \/>\t\t\t\t\t\t\t\t<\/a>\n\t\t\t\t\t\t\t\t\t\t\t\t\t\t\t<\/div>\n\t\t\t\t<\/div>\n\t\t\t\t<div class=\"elementor-element elementor-element-28ea1b19 elementor-widget elementor-widget-heading\" data-id=\"28ea1b19\" data-element_type=\"widget\" data-e-type=\"widget\" data-widget_type=\"heading.default\">\n\t\t\t\t<div class=\"elementor-widget-container\">\n\t\t\t\t\t<h3 class=\"elementor-heading-title elementor-size-default\"><a href=\"https:\/\/www.parque-montroig.com\/de\/vermietung\/ferienwohnung-miami-playa-casa-carmen-4-by-parc-mont-roig-74487.html\">Casa Carmen<\/a><\/h3>\t\t\t\t<\/div>\n\t\t\t\t<\/div>\n\t\t\t\t<div class=\"elementor-element elementor-element-381fbb8d elementor-widget elementor-widget-text-editor\" data-id=\"381fbb8d\" data-element_type=\"widget\" data-e-type=\"widget\" data-widget_type=\"text-editor.default\">\n\t\t\t\t<div class=\"elementor-widget-container\">\n\t\t\t\t\t\t\t\t\t<p>Cambrils<\/p>\t\t\t\t\t\t\t\t<\/div>\n\t\t\t\t<\/div>\n\t\t\t\t<div class=\"elementor-element elementor-element-24dabe68 elementor-headline--style-highlight elementor-widget elementor-widget-animated-headline\" data-id=\"24dabe68\" data-element_type=\"widget\" data-e-type=\"widget\" data-settings=\"{&quot;highlighted_text&quot;:&quot;57\\u20ac\\\/Nacht&quot;,&quot;headline_style&quot;:&quot;highlight&quot;,&quot;marker&quot;:&quot;circle&quot;,&quot;loop&quot;:&quot;yes&quot;,&quot;highlight_animation_duration&quot;:1200,&quot;highlight_iteration_delay&quot;:8000}\" data-widget_type=\"animated-headline.default\">\n\t\t\t\t<div class=\"elementor-widget-container\">\n\t\t\t\t\t\t\t\t<a href=\"https:\/\/www.parque-montroig.com\/de\/vermietung\/ferienwohnung-miami-playa-casa-carmen-4-by-parc-mont-roig-74487.html\">\n\n\t\t\t\t\t<div class=\"elementor-headline\">\n\t\t\t\t\t<span class=\"elementor-headline-plain-text elementor-headline-text-wrapper\">Von<\/span>\n\t\t\t\t<span class=\"elementor-headline-dynamic-wrapper elementor-headline-text-wrapper\">\n\t\t\t\t\t<span class=\"elementor-headline-dynamic-text elementor-headline-text-active\">57\u20ac\/Nacht<\/span>\n\t\t\t\t<\/span>\n\t\t\t\t<\/div>\n\t\t<\/a>\t\t\t\t<\/div>\n\t\t\t\t<\/div>\n\t\t\t\t\t<\/div>\n\t\t<\/div>\n\t\t\t\t<div class=\"elementor-column elementor-col-25 elementor-top-column elementor-element elementor-element-39562fab\" data-id=\"39562fab\" data-element_type=\"column\" data-e-type=\"column\">\n\t\t\t<div class=\"elementor-widget-wrap elementor-element-populated\">\n\t\t\t\t\t\t<div class=\"elementor-element elementor-element-7784e7b7 elementor-widget elementor-widget-image\" data-id=\"7784e7b7\" data-element_type=\"widget\" data-e-type=\"widget\" data-widget_type=\"image.default\">\n\t\t\t\t<div class=\"elementor-widget-container\">\n\t\t\t\t\t\t\t\t\t\t\t\t\t\t\t\t<a href=\"https:\/\/www.parque-montroig.com\/alquiler\/apartamento-cambrils-casa-rosales-6-in-cambrils-74492.html\">\n\t\t\t\t\t\t\t<img loading=\"lazy\" decoding=\"async\" width=\"1800\" height=\"1200\" src=\"https:\/\/www.parque-montroig.com\/blog\/wp-content\/uploads\/2023\/12\/casa-rosales-6.jpeg\" class=\"attachment-full size-full wp-image-4044\" alt=\"Casa rosales 6\" srcset=\"https:\/\/www.parque-montroig.com\/blog\/wp-content\/uploads\/2023\/12\/casa-rosales-6.jpeg 1800w, https:\/\/www.parque-montroig.com\/blog\/wp-content\/uploads\/2023\/12\/casa-rosales-6-768x512.jpeg 768w, https:\/\/www.parque-montroig.com\/blog\/wp-content\/uploads\/2023\/12\/casa-rosales-6-1536x1024.jpeg 1536w\" sizes=\"(max-width: 1800px) 100vw, 1800px\" \/>\t\t\t\t\t\t\t\t<\/a>\n\t\t\t\t\t\t\t\t\t\t\t\t\t\t\t<\/div>\n\t\t\t\t<\/div>\n\t\t\t\t<div class=\"elementor-element elementor-element-c4514e elementor-widget elementor-widget-heading\" data-id=\"c4514e\" data-element_type=\"widget\" data-e-type=\"widget\" data-widget_type=\"heading.default\">\n\t\t\t\t<div class=\"elementor-widget-container\">\n\t\t\t\t\t<h3 class=\"elementor-heading-title elementor-size-default\"><a href=\"https:\/\/www.parque-montroig.com\/alquiler\/apartamento-cambrils-casa-rosales-6-in-cambrils-74492.html\">Casa Rosales<\/a><\/h3>\t\t\t\t<\/div>\n\t\t\t\t<\/div>\n\t\t\t\t<div class=\"elementor-element elementor-element-4ba5ba8b elementor-widget elementor-widget-text-editor\" data-id=\"4ba5ba8b\" data-element_type=\"widget\" data-e-type=\"widget\" data-widget_type=\"text-editor.default\">\n\t\t\t\t<div class=\"elementor-widget-container\">\n\t\t\t\t\t\t\t\t\t<p>Cambrils<\/p>\t\t\t\t\t\t\t\t<\/div>\n\t\t\t\t<\/div>\n\t\t\t\t<div class=\"elementor-element elementor-element-13708491 elementor-headline--style-highlight elementor-widget elementor-widget-animated-headline\" data-id=\"13708491\" data-element_type=\"widget\" data-e-type=\"widget\" data-settings=\"{&quot;highlighted_text&quot;:&quot;50\\u20ac\\\/night&quot;,&quot;headline_style&quot;:&quot;highlight&quot;,&quot;marker&quot;:&quot;circle&quot;,&quot;loop&quot;:&quot;yes&quot;,&quot;highlight_animation_duration&quot;:1200,&quot;highlight_iteration_delay&quot;:8000}\" data-widget_type=\"animated-headline.default\">\n\t\t\t\t<div class=\"elementor-widget-container\">\n\t\t\t\t\t\t\t\t<a href=\"https:\/\/www.parque-montroig.com\/alquiler\/apartamento-cambrils-casa-rosales-6-in-cambrils-74492.html\">\n\n\t\t\t\t\t<div class=\"elementor-headline\">\n\t\t\t\t\t<span class=\"elementor-headline-plain-text elementor-headline-text-wrapper\">From<\/span>\n\t\t\t\t<span class=\"elementor-headline-dynamic-wrapper elementor-headline-text-wrapper\">\n\t\t\t\t\t<span class=\"elementor-headline-dynamic-text elementor-headline-text-active\">50\u20ac\/night<\/span>\n\t\t\t\t<\/span>\n\t\t\t\t<\/div>\n\t\t<\/a>\t\t\t\t<\/div>\n\t\t\t\t<\/div>\n\t\t\t\t\t<\/div>\n\t\t<\/div>\n\t\t\t\t<div class=\"elementor-column elementor-col-25 elementor-top-column elementor-element elementor-element-1821c95f\" data-id=\"1821c95f\" data-element_type=\"column\" data-e-type=\"column\">\n\t\t\t<div class=\"elementor-widget-wrap elementor-element-populated\">\n\t\t\t\t\t\t<div class=\"elementor-element elementor-element-7c625290 elementor-widget elementor-widget-image\" data-id=\"7c625290\" data-element_type=\"widget\" data-e-type=\"widget\" data-widget_type=\"image.default\">\n\t\t\t\t<div class=\"elementor-widget-container\">\n\t\t\t\t\t\t\t\t\t\t\t\t\t\t\t\t<a href=\"https:\/\/www.parque-montroig.com\/alquiler\/villa-miami-playa-villa-oasis-costa-dorada-416804.html\">\n\t\t\t\t\t\t\t<img decoding=\"async\" src=\"https:\/\/www.parque-montroig.com\/blog\/wp-content\/uploads\/elementor\/thumbs\/villa-oasis-en-Miami-platja-qyll9urvsv4ck1p01aq23sqzcz65uendqsb9g1h1zc.jpg\" title=\"villa oasis en Miami platja\" alt=\"villa oasis en Miami platja\" loading=\"lazy\" \/>\t\t\t\t\t\t\t\t<\/a>\n\t\t\t\t\t\t\t\t\t\t\t\t\t\t\t<\/div>\n\t\t\t\t<\/div>\n\t\t\t\t<div class=\"elementor-element elementor-element-14e6c777 elementor-widget elementor-widget-heading\" data-id=\"14e6c777\" data-element_type=\"widget\" data-e-type=\"widget\" data-widget_type=\"heading.default\">\n\t\t\t\t<div class=\"elementor-widget-container\">\n\t\t\t\t\t<h3 class=\"elementor-heading-title elementor-size-default\"><a href=\"https:\/\/www.parque-montroig.com\/alquiler\/villa-miami-playa-villa-oasis-costa-dorada-416804.html\">Villa Oasis<\/a><\/h3>\t\t\t\t<\/div>\n\t\t\t\t<\/div>\n\t\t\t\t<div class=\"elementor-element elementor-element-15041668 elementor-widget elementor-widget-text-editor\" data-id=\"15041668\" data-element_type=\"widget\" data-e-type=\"widget\" data-widget_type=\"text-editor.default\">\n\t\t\t\t<div class=\"elementor-widget-container\">\n\t\t\t\t\t\t\t\t\t<p>Miami Playa<\/p>\t\t\t\t\t\t\t\t<\/div>\n\t\t\t\t<\/div>\n\t\t\t\t<div class=\"elementor-element elementor-element-7fe090aa elementor-headline--style-highlight elementor-widget elementor-widget-animated-headline\" data-id=\"7fe090aa\" data-element_type=\"widget\" data-e-type=\"widget\" data-settings=\"{&quot;highlighted_text&quot;:&quot;115\\u20ac\\\/night&quot;,&quot;headline_style&quot;:&quot;highlight&quot;,&quot;marker&quot;:&quot;circle&quot;,&quot;loop&quot;:&quot;yes&quot;,&quot;highlight_animation_duration&quot;:1200,&quot;highlight_iteration_delay&quot;:8000}\" data-widget_type=\"animated-headline.default\">\n\t\t\t\t<div class=\"elementor-widget-container\">\n\t\t\t\t\t\t\t\t<a href=\"https:\/\/www.parque-montroig.com\/alquiler\/villa-miami-playa-villa-oasis-costa-dorada-416804.html\">\n\n\t\t\t\t\t<div class=\"elementor-headline\">\n\t\t\t\t\t<span class=\"elementor-headline-plain-text elementor-headline-text-wrapper\">From<\/span>\n\t\t\t\t<span class=\"elementor-headline-dynamic-wrapper elementor-headline-text-wrapper\">\n\t\t\t\t\t<span class=\"elementor-headline-dynamic-text elementor-headline-text-active\">115\u20ac\/night<\/span>\n\t\t\t\t<\/span>\n\t\t\t\t<\/div>\n\t\t<\/a>\t\t\t\t<\/div>\n\t\t\t\t<\/div>\n\t\t\t\t\t<\/div>\n\t\t<\/div>\n\t\t\t\t\t<\/div>\n\t\t<\/section>\n\t\t\t\t<section class=\"elementor-section elementor-top-section elementor-element elementor-element-99bf4c0 elementor-section-boxed elementor-section-height-default elementor-section-height-default\" data-id=\"99bf4c0\" data-element_type=\"section\" data-e-type=\"section\">\n\t\t\t\t\t\t<div class=\"elementor-container elementor-column-gap-default\">\n\t\t\t\t\t<div class=\"elementor-column elementor-col-100 elementor-top-column elementor-element elementor-element-9d1deb0\" data-id=\"9d1deb0\" data-element_type=\"column\" data-e-type=\"column\">\n\t\t\t<div class=\"elementor-widget-wrap elementor-element-populated\">\n\t\t\t\t\t\t<div class=\"elementor-element elementor-element-ca108a2 elementor-widget elementor-widget-heading\" data-id=\"ca108a2\" data-element_type=\"widget\" data-e-type=\"widget\" data-widget_type=\"heading.default\">\n\t\t\t\t<div class=\"elementor-widget-container\">\n\t\t\t\t\t<h2 class=\"elementor-heading-title elementor-size-default\">Pr\u00fcfen Sie unsere Sonderangebote f\u00fcr lange Aufenthalte<\/h2>\t\t\t\t<\/div>\n\t\t\t\t<\/div>\n\t\t\t\t\t<\/div>\n\t\t<\/div>\n\t\t\t\t\t<\/div>\n\t\t<\/section>\n\t\t\t\t<section class=\"elementor-section elementor-top-section elementor-element elementor-element-06f5d7c elementor-section-boxed elementor-section-height-default elementor-section-height-default\" data-id=\"06f5d7c\" data-element_type=\"section\" data-e-type=\"section\">\n\t\t\t\t\t\t<div class=\"elementor-container elementor-column-gap-default\">\n\t\t\t\t\t<div class=\"elementor-column elementor-col-100 elementor-top-column elementor-element elementor-element-2c0451c\" data-id=\"2c0451c\" data-element_type=\"column\" data-e-type=\"column\">\n\t\t\t<div class=\"elementor-widget-wrap elementor-element-populated\">\n\t\t\t\t\t\t<div class=\"elementor-element elementor-element-e6a6396 elementor-widget elementor-widget-text-editor\" data-id=\"e6a6396\" data-element_type=\"widget\" data-e-type=\"widget\" data-widget_type=\"text-editor.default\">\n\t\t\t\t<div class=\"elementor-widget-container\">\n\t\t\t\t\t\t\t\t\t<p>Im Parc Montroig sch\u00e4tzen wir unsere G\u00e4ste, die die Costa Dorada f\u00fcr l\u00e4ngere Aufenthalte w\u00e4hlen. Aus diesem Grund bieten wir Sondertarife und flexible Bedingungen f\u00fcr lange Aufenthalte in unseren Unterk\u00fcnften in Orten wie Cambrils, Miami Platja und Mont-roig del Camp.<\/p><p>Diese Orte verf\u00fcgen \u00fcber eine gro\u00dfe Auswahl an Wohnungen, H\u00e4usern und Villen, viele davon mit privatem Swimmingpool und in Strandn\u00e4he, ideal um einen l\u00e4ngeren Aufenthalt an der Costa Dorada zu genie\u00dfen.<\/p><p>Unsere Unterk\u00fcnfte sind komplett ausgestattet, um einen komfortablen und angenehmen Aufenthalt zu garantieren. Wenn Sie sich f\u00fcr einen l\u00e4ngeren Aufenthalt entscheiden, k\u00f6nnen Sie au\u00dferdem von exklusiven Preisnachl\u00e4ssen und einer gr\u00f6\u00dferen Flexibilit\u00e4t bei den Buchungsdaten profitieren.<\/p><p>Um mehr \u00fcber unsere Angebote und Verf\u00fcgbarkeiten zu erfahren, laden wir Sie ein, aus unseren Ferienunterk\u00fcnften an der Costa Dorada auszuw\u00e4hlen oder unser Team direkt zu kontaktieren. Wir helfen Ihnen gerne, die perfekte Unterkunft f\u00fcr Ihre Bed\u00fcrfnisse zu finden und Ihren Aufenthalt zu einem unvergesslichen Erlebnis zu machen.<\/p><p>Verpassen Sie nicht die Gelegenheit, die Costa Dorada in Ihrem eigenen Tempo und mit all den Annehmlichkeiten zu genie\u00dfen, die wir im Parc Montroig bieten, wir warten auf Sie!<\/p>\t\t\t\t\t\t\t\t<\/div>\n\t\t\t\t<\/div>\n\t\t\t\t\t<\/div>\n\t\t<\/div>\n\t\t\t\t\t<\/div>\n\t\t<\/section>\n\t\t\t\t<section class=\"elementor-section elementor-top-section elementor-element elementor-element-13e0d147 elementor-section-boxed elementor-section-height-default elementor-section-height-default\" data-id=\"13e0d147\" data-element_type=\"section\" data-e-type=\"section\">\n\t\t\t\t\t\t<div class=\"elementor-container elementor-column-gap-default\">\n\t\t\t\t\t<div class=\"elementor-column elementor-col-33 elementor-top-column elementor-element elementor-element-60a0d497\" data-id=\"60a0d497\" data-element_type=\"column\" data-e-type=\"column\">\n\t\t\t<div class=\"elementor-widget-wrap elementor-element-populated\">\n\t\t\t\t\t\t<div class=\"elementor-element elementor-element-12262320 elementor-cta--skin-cover elementor-cta--valign-bottom elementor-animated-content elementor-bg-transform elementor-bg-transform-zoom-in elementor-widget elementor-widget-call-to-action\" data-id=\"12262320\" data-element_type=\"widget\" data-e-type=\"widget\" data-widget_type=\"call-to-action.default\">\n\t\t\t\t<div class=\"elementor-widget-container\">\n\t\t\t\t\t\t\t<div class=\"elementor-cta\">\n\t\t\t\t\t<div class=\"elementor-cta__bg-wrapper\">\n\t\t\t\t<div class=\"elementor-cta__bg elementor-bg\" style=\"background-image: url(https:\/\/www.parque-montroig.com\/blog\/wp-content\/uploads\/2023\/03\/parcmontroig-tiempo-clima-miami-playa-blog-600x630.jpg);\" role=\"img\" aria-label=\"Parc Montroig Tiempo Clima en Miami Playa\"><\/div>\n\t\t\t\t<div class=\"elementor-cta__bg-overlay\"><\/div>\n\t\t\t<\/div>\n\t\t\t\t\t\t\t<div class=\"elementor-cta__content\">\n\t\t\t\t\n\t\t\t\t\n\t\t\t\t\n\t\t\t\t\t\t\t\t\t<div class=\"elementor-cta__button-wrapper elementor-cta__content-item elementor-content-item elementor-animated-item--grow\">\n\t\t\t\t\t<a class=\"elementor-cta__button elementor-button elementor-size-\" href=\"https:\/\/www.parque-montroig.com\/de\/ferienwohnung-in-miami-playa\/\">\n\t\t\t\t\t\tMIAMI BEACH WOHNUNGEN\t\t\t\t\t<\/a>\n\t\t\t\t\t<\/div>\n\t\t\t\t\t\t\t<\/div>\n\t\t\t\t\t\t<\/div>\n\t\t\t\t\t\t<\/div>\n\t\t\t\t<\/div>\n\t\t\t\t\t<\/div>\n\t\t<\/div>\n\t\t\t\t<div class=\"elementor-column elementor-col-33 elementor-top-column elementor-element elementor-element-2f98da5e\" data-id=\"2f98da5e\" data-element_type=\"column\" data-e-type=\"column\">\n\t\t\t<div class=\"elementor-widget-wrap elementor-element-populated\">\n\t\t\t\t\t\t<div class=\"elementor-element elementor-element-7ecd6ad0 elementor-cta--skin-cover elementor-cta--valign-bottom elementor-animated-content elementor-bg-transform elementor-bg-transform-zoom-in elementor-widget elementor-widget-call-to-action\" data-id=\"7ecd6ad0\" data-element_type=\"widget\" data-e-type=\"widget\" data-widget_type=\"call-to-action.default\">\n\t\t\t\t<div class=\"elementor-widget-container\">\n\t\t\t\t\t\t\t<div class=\"elementor-cta\">\n\t\t\t\t\t<div class=\"elementor-cta__bg-wrapper\">\n\t\t\t\t<div class=\"elementor-cta__bg elementor-bg\" style=\"background-image: url(https:\/\/www.parque-montroig.com\/blog\/wp-content\/uploads\/2023\/11\/apartamento-estel-vacaciones-costa-dorada-Cambrils-1800x630.jpg);\" role=\"img\" aria-label=\"apartamento estel vacaciones costa dorada Cambrils\"><\/div>\n\t\t\t\t<div class=\"elementor-cta__bg-overlay\"><\/div>\n\t\t\t<\/div>\n\t\t\t\t\t\t\t<div class=\"elementor-cta__content\">\n\t\t\t\t\n\t\t\t\t\n\t\t\t\t\n\t\t\t\t\t\t\t\t\t<div class=\"elementor-cta__button-wrapper elementor-cta__content-item elementor-content-item elementor-animated-item--grow\">\n\t\t\t\t\t<a class=\"elementor-cta__button elementor-button elementor-size-\" href=\"https:\/\/www.parque-montroig.com\/de\/vermietung\/ferienwohnungen-cambrils-c1d73\/\">\n\t\t\t\t\t\tWOHNUNGEN IN CAMBRILS\t\t\t\t\t<\/a>\n\t\t\t\t\t<\/div>\n\t\t\t\t\t\t\t<\/div>\n\t\t\t\t\t\t<\/div>\n\t\t\t\t\t\t<\/div>\n\t\t\t\t<\/div>\n\t\t\t\t\t<\/div>\n\t\t<\/div>\n\t\t\t\t<div class=\"elementor-column elementor-col-33 elementor-top-column elementor-element elementor-element-644ee42d\" data-id=\"644ee42d\" data-element_type=\"column\" data-e-type=\"column\">\n\t\t\t<div class=\"elementor-widget-wrap elementor-element-populated\">\n\t\t\t\t\t\t<div class=\"elementor-element elementor-element-682d1565 elementor-cta--skin-cover elementor-cta--valign-bottom elementor-animated-content elementor-bg-transform elementor-bg-transform-zoom-in elementor-widget elementor-widget-call-to-action\" data-id=\"682d1565\" data-element_type=\"widget\" data-e-type=\"widget\" data-widget_type=\"call-to-action.default\">\n\t\t\t\t<div class=\"elementor-widget-container\">\n\t\t\t\t\t\t\t<div class=\"elementor-cta\">\n\t\t\t\t\t<div class=\"elementor-cta__bg-wrapper\">\n\t\t\t\t<div class=\"elementor-cta__bg elementor-bg\" style=\"background-image: url(https:\/\/www.parque-montroig.com\/blog\/wp-content\/uploads\/2023\/12\/apartamentos-con-piscina-en-la-Costa-Dorada-1920x630.jpeg);\" role=\"img\" aria-label=\"apartamentos con piscina en la Costa Dorada\"><\/div>\n\t\t\t\t<div class=\"elementor-cta__bg-overlay\"><\/div>\n\t\t\t<\/div>\n\t\t\t\t\t\t\t<div class=\"elementor-cta__content\">\n\t\t\t\t\n\t\t\t\t\n\t\t\t\t\n\t\t\t\t\t\t\t\t\t<div class=\"elementor-cta__button-wrapper elementor-cta__content-item elementor-content-item elementor-animated-item--grow\">\n\t\t\t\t\t<a class=\"elementor-cta__button elementor-button elementor-size-\" href=\"https:\/\/www.parque-montroig.com\/de\/vermietung\/zu-mieten-ferienwohnungen-c1\/\">\n\t\t\t\t\t\tVERMIETUNG COSTA DORADA\t\t\t\t\t<\/a>\n\t\t\t\t\t<\/div>\n\t\t\t\t\t\t\t<\/div>\n\t\t\t\t\t\t<\/div>\n\t\t\t\t\t\t<\/div>\n\t\t\t\t<\/div>\n\t\t\t\t\t<\/div>\n\t\t<\/div>\n\t\t\t\t\t<\/div>\n\t\t<\/section>\n\t\t\t\t<\/div>\n\t\t","protected":false},"excerpt":{"rendered":"<p>Genie\u00dfen Sie die Costa Dorada wie nie zuvor mit unseren speziellen Angeboten f\u00fcr lange Aufenthalte. Komfortable Unterk\u00fcnfte und Dienstleistungen, ideal f\u00fcr lange Aufenthalte.<\/p>\n","protected":false},"author":3,"featured_media":4897,"comment_status":"open","ping_status":"closed","sticky":false,"template":"","format":"standard","meta":{"footnotes":""},"categories":[25],"tags":[],"class_list":["post-4954","post","type-post","status-publish","format-standard","has-post-thumbnail","hentry","category-la-costa-dorada-de"],"_links":{"self":[{"href":"https:\/\/www.parque-montroig.com\/blog\/de\/wp-json\/wp\/v2\/posts\/4954","targetHints":{"allow":["GET"]}}],"collection":[{"href":"https:\/\/www.parque-montroig.com\/blog\/de\/wp-json\/wp\/v2\/posts"}],"about":[{"href":"https:\/\/www.parque-montroig.com\/blog\/de\/wp-json\/wp\/v2\/types\/post"}],"author":[{"embeddable":true,"href":"https:\/\/www.parque-montroig.com\/blog\/de\/wp-json\/wp\/v2\/users\/3"}],"replies":[{"embeddable":true,"href":"https:\/\/www.parque-montroig.com\/blog\/de\/wp-json\/wp\/v2\/comments?post=4954"}],"version-history":[{"count":10,"href":"https:\/\/www.parque-montroig.com\/blog\/de\/wp-json\/wp\/v2\/posts\/4954\/revisions"}],"predecessor-version":[{"id":4964,"href":"https:\/\/www.parque-montroig.com\/blog\/de\/wp-json\/wp\/v2\/posts\/4954\/revisions\/4964"}],"wp:featuredmedia":[{"embeddable":true,"href":"https:\/\/www.parque-montroig.com\/blog\/de\/wp-json\/wp\/v2\/media\/4897"}],"wp:attachment":[{"href":"https:\/\/www.parque-montroig.com\/blog\/de\/wp-json\/wp\/v2\/media?parent=4954"}],"wp:term":[{"taxonomy":"category","embeddable":true,"href":"https:\/\/www.parque-montroig.com\/blog\/de\/wp-json\/wp\/v2\/categories?post=4954"},{"taxonomy":"post_tag","embeddable":true,"href":"https:\/\/www.parque-montroig.com\/blog\/de\/wp-json\/wp\/v2\/tags?post=4954"}],"curies":[{"name":"wp","href":"https:\/\/api.w.org\/{rel}","templated":true}]}}