{"id":5091,"date":"2024-12-23T11:20:46","date_gmt":"2024-12-23T10:20:46","guid":{"rendered":"https:\/\/www.parque-montroig.com\/blog\/?p=5091"},"modified":"2024-12-23T14:02:36","modified_gmt":"2024-12-23T13:02:36","slug":"unterkunft-fuer-weihnachten-an-der-costa-dorada-mit-parc-mont-roig","status":"publish","type":"post","link":"https:\/\/www.parque-montroig.com\/blog\/de\/unterkunft-fuer-weihnachten-an-der-costa-dorada-mit-parc-mont-roig\/","title":{"rendered":"Unterkunft f\u00fcr Weihnachten an der Costa Dorada mit Parc Mont-roig"},"content":{"rendered":"\t\t<div data-elementor-type=\"wp-post\" data-elementor-id=\"5091\" class=\"elementor elementor-5091 elementor-5040\" data-elementor-post-type=\"post\">\n\t\t\t\t\t\t<section class=\"elementor-section elementor-top-section elementor-element elementor-element-2667de2e elementor-section-boxed elementor-section-height-default elementor-section-height-default\" data-id=\"2667de2e\" data-element_type=\"section\" data-e-type=\"section\">\n\t\t\t\t\t\t<div class=\"elementor-container elementor-column-gap-default\">\n\t\t\t\t\t<div class=\"elementor-column elementor-col-100 elementor-top-column elementor-element elementor-element-1616db31\" data-id=\"1616db31\" data-element_type=\"column\" data-e-type=\"column\">\n\t\t\t<div class=\"elementor-widget-wrap elementor-element-populated\">\n\t\t\t\t\t\t<div class=\"elementor-element elementor-element-755adfdc elementor-widget elementor-widget-text-editor\" data-id=\"755adfdc\" data-element_type=\"widget\" data-e-type=\"widget\" data-widget_type=\"text-editor.default\">\n\t\t\t\t<div class=\"elementor-widget-container\">\n\t\t\t\t\t\t\t\t\t<p>Weihnachten ist da! Wir vom Parc Mont-roig w\u00fcnschen Ihnen frohe Festtage voller Freude, Frieden und unvergesslicher Momente mit Ihren Lieben.<\/p><p>Dieses Jahr laden wir Sie ein, den Zauber dieser Tage an der Costa Dorada zu feiern, einem perfekten Ort, um abzuschalten und einzigartige Erfahrungen zu machen.<\/p><p>Unsere Unterk\u00fcnfte stehen Ihnen zur Verf\u00fcgung, um einen komfortablen und gem\u00fctlichen Aufenthalt in einer privilegierten Umgebung zu genie\u00dfen.<\/p>\t\t\t\t\t\t\t\t<\/div>\n\t\t\t\t<\/div>\n\t\t\t\t\t<\/div>\n\t\t<\/div>\n\t\t\t\t\t<\/div>\n\t\t<\/section>\n\t\t\t\t<section class=\"elementor-section elementor-top-section elementor-element elementor-element-767bdc2 elementor-section-boxed elementor-section-height-default elementor-section-height-default\" data-id=\"767bdc2\" data-element_type=\"section\" data-e-type=\"section\">\n\t\t\t\t\t\t<div class=\"elementor-container elementor-column-gap-default\">\n\t\t\t\t\t<div class=\"elementor-column elementor-col-100 elementor-top-column elementor-element elementor-element-71fc70d\" data-id=\"71fc70d\" data-element_type=\"column\" data-e-type=\"column\">\n\t\t\t<div class=\"elementor-widget-wrap elementor-element-populated\">\n\t\t\t\t\t\t<div class=\"elementor-element elementor-element-473b253 elementor-widget elementor-widget-heading\" data-id=\"473b253\" data-element_type=\"widget\" data-e-type=\"widget\" data-widget_type=\"heading.default\">\n\t\t\t\t<div class=\"elementor-widget-container\">\n\t\t\t\t\t<h2 class=\"elementor-heading-title elementor-size-default\">Entdecken Sie die Costa Dorada zu Weihnachten<\/h2>\t\t\t\t<\/div>\n\t\t\t\t<\/div>\n\t\t\t\t\t<\/div>\n\t\t<\/div>\n\t\t\t\t\t<\/div>\n\t\t<\/section>\n\t\t\t\t<section class=\"elementor-section elementor-top-section elementor-element elementor-element-55c56362 elementor-section-boxed elementor-section-height-default elementor-section-height-default\" data-id=\"55c56362\" data-element_type=\"section\" data-e-type=\"section\">\n\t\t\t\t\t\t<div class=\"elementor-container elementor-column-gap-default\">\n\t\t\t\t\t<div class=\"elementor-column elementor-col-100 elementor-top-column elementor-element elementor-element-18f5db4c\" data-id=\"18f5db4c\" data-element_type=\"column\" data-e-type=\"column\">\n\t\t\t<div class=\"elementor-widget-wrap elementor-element-populated\">\n\t\t\t\t\t\t<div class=\"elementor-element elementor-element-69b6e3ba elementor-widget elementor-widget-text-editor\" data-id=\"69b6e3ba\" data-element_type=\"widget\" data-e-type=\"widget\" data-widget_type=\"text-editor.default\">\n\t\t\t\t<div class=\"elementor-widget-container\">\n\t\t\t\t\t\t\t\t\t<p>Die Costa Dorada verwandelt sich in der Weihnachtszeit in ein magisches Reiseziel, das ein perfektes Gleichgewicht zwischen Ruhe und Aktivit\u00e4ten f\u00fcr die ganze Familie bietet. St\u00e4dte wie Cambrils und Miami Platja, die sich durch ihren K\u00fcstencharme und ein breites Angebot an Unterk\u00fcnften auszeichnen, sind ideal, um eine einzigartige Weihnachtszeit zu erleben.<\/p><p>Das auch im Winter angenehme Klima l\u00e4dt zu Strandspazierg\u00e4ngen, Wanderungen durch die Natur oder zum Besuch traditioneller Weihnachtsm\u00e4rkte ein.<\/p><p>Ob f\u00fcr einen Ausflug mit dem Partner, der Familie oder Freunden &#8211; die Costa Dorada ist der perfekte Ort, um die Festtage in einer einladenden und magischen Umgebung zu feiern.<\/p>\t\t\t\t\t\t\t\t<\/div>\n\t\t\t\t<\/div>\n\t\t\t\t\t<\/div>\n\t\t<\/div>\n\t\t\t\t\t<\/div>\n\t\t<\/section>\n\t\t\t\t<section class=\"elementor-section elementor-top-section elementor-element elementor-element-03dadd1 elementor-section-boxed elementor-section-height-default elementor-section-height-default\" data-id=\"03dadd1\" data-element_type=\"section\" data-e-type=\"section\">\n\t\t\t\t\t\t<div class=\"elementor-container elementor-column-gap-default\">\n\t\t\t\t\t<div class=\"elementor-column elementor-col-100 elementor-top-column elementor-element elementor-element-c184703\" data-id=\"c184703\" data-element_type=\"column\" data-e-type=\"column\">\n\t\t\t<div class=\"elementor-widget-wrap elementor-element-populated\">\n\t\t\t\t\t\t<div class=\"elementor-element elementor-element-76010bf7 elementor-widget elementor-widget-image\" data-id=\"76010bf7\" data-element_type=\"widget\" data-e-type=\"widget\" data-widget_type=\"image.default\">\n\t\t\t\t<div class=\"elementor-widget-container\">\n\t\t\t\t\t\t\t\t\t\t\t\t\t\t\t<img fetchpriority=\"high\" decoding=\"async\" width=\"1900\" height=\"806\" src=\"https:\/\/www.parque-montroig.com\/blog\/wp-content\/uploads\/2024\/12\/alojamientos-navidad-costa-dorada.webp\" class=\"attachment-full size-full wp-image-5044\" alt=\"alojamientos-navidad-costa-dorada\" srcset=\"https:\/\/www.parque-montroig.com\/blog\/wp-content\/uploads\/2024\/12\/alojamientos-navidad-costa-dorada.webp 1900w, https:\/\/www.parque-montroig.com\/blog\/wp-content\/uploads\/2024\/12\/alojamientos-navidad-costa-dorada-768x326.webp 768w, https:\/\/www.parque-montroig.com\/blog\/wp-content\/uploads\/2024\/12\/alojamientos-navidad-costa-dorada-1536x652.webp 1536w\" sizes=\"(max-width: 1900px) 100vw, 1900px\" \/>\t\t\t\t\t\t\t\t\t\t\t\t\t\t\t<\/div>\n\t\t\t\t<\/div>\n\t\t\t\t<div class=\"elementor-element elementor-element-e8d4448 elementor-widget elementor-widget-heading\" data-id=\"e8d4448\" data-element_type=\"widget\" data-e-type=\"widget\" data-widget_type=\"heading.default\">\n\t\t\t\t<div class=\"elementor-widget-container\">\n\t\t\t\t\t<h2 class=\"elementor-heading-title elementor-size-default\">Weihnachtstraditionen und Aktivit\u00e4ten an der Costa Dorada<\/h2>\t\t\t\t<\/div>\n\t\t\t\t<\/div>\n\t\t\t\t\t<\/div>\n\t\t<\/div>\n\t\t\t\t\t<\/div>\n\t\t<\/section>\n\t\t\t\t<section class=\"elementor-section elementor-top-section elementor-element elementor-element-23e39f7 elementor-section-boxed elementor-section-height-default elementor-section-height-default\" data-id=\"23e39f7\" data-element_type=\"section\" data-e-type=\"section\">\n\t\t\t\t\t\t<div class=\"elementor-container elementor-column-gap-default\">\n\t\t\t\t\t<div class=\"elementor-column elementor-col-100 elementor-top-column elementor-element elementor-element-48279d0\" data-id=\"48279d0\" data-element_type=\"column\" data-e-type=\"column\">\n\t\t\t<div class=\"elementor-widget-wrap elementor-element-populated\">\n\t\t\t\t\t\t<div class=\"elementor-element elementor-element-09c714c elementor-widget elementor-widget-text-editor\" data-id=\"09c714c\" data-element_type=\"widget\" data-e-type=\"widget\" data-widget_type=\"text-editor.default\">\n\t\t\t\t<div class=\"elementor-widget-container\">\n\t\t\t\t\t\t\t\t\t<p>Die Costa Dorada erwacht in der Weihnachtszeit zum Leben und bietet eine Vielzahl von Traditionen und Aktivit\u00e4ten, die ihre reiche Kultur und ihren festlichen Geist widerspiegeln. Im Folgenden stellen wir einige der bedeutendsten in Orten wie Cambrils, Miami Platja und Mont-roig del Camp vor:<\/p><h3>Weihnachtsm\u00e4rkte<\/h3><p>In Cambrils findet der Weihnachtsmarkt auf der Pla\u00e7a de la Vila statt, wo die Besucher Krippenfiguren, Weihnachtsschmuck und handwerkliche Produkte kaufen k\u00f6nnen. Dieser Markt bietet auch Workshops f\u00fcr Kinder und die M\u00f6glichkeit, Briefe an den Weihnachtsmann zu \u00fcberbringen, was eine festliche Atmosph\u00e4re f\u00fcr die ganze Familie schafft.<\/p><p><img decoding=\"async\" class=\"alignnone wp-image-5053 size-full\" src=\"https:\/\/www.parque-montroig.com\/blog\/wp-content\/uploads\/2024\/12\/mercado-navideno-costa-dorada.webp\" alt=\"mercado-naviden\u0303o-costa-dorada\" width=\"1900\" height=\"806\" srcset=\"https:\/\/www.parque-montroig.com\/blog\/wp-content\/uploads\/2024\/12\/mercado-navideno-costa-dorada.webp 1900w, https:\/\/www.parque-montroig.com\/blog\/wp-content\/uploads\/2024\/12\/mercado-navideno-costa-dorada-768x326.webp 768w, https:\/\/www.parque-montroig.com\/blog\/wp-content\/uploads\/2024\/12\/mercado-navideno-costa-dorada-1536x652.webp 1536w\" sizes=\"(max-width: 1900px) 100vw, 1900px\" \/><\/p><p>In Mont-roig del Camp und Miami Platja werden Weihnachtsm\u00e4rkte mit Kunsthandwerk, Kinderaktivit\u00e4ten und Vorf\u00fchrungen organisiert, die Einwohnern und Besuchern ein umfassendes Weihnachtserlebnis bieten.<\/p><h3>Beleuchtung und Dekoration<\/h3><p>Das Einschalten der Lichter ist in diesen St\u00e4dten ein gro\u00dfes Ereignis. In Cambrils wird die Pla\u00e7a de la Vila mit Dekorationen beleuchtet, die den Beginn der Weihnachtszeit markieren, begleitet von musikalischen Darbietungen und Aktivit\u00e4ten f\u00fcr die Kleinen.<\/p><p>In Mont-roig del Camp und Miami Platja wird das Anz\u00fcnden der Weihnachtsb\u00e4ume mit lokalen Darbietungen und hei\u00dfer Schokolade f\u00fcr die Anwesenden gefeiert, wodurch eine warme, gemeinschaftliche Atmosph\u00e4re entsteht.<\/p><h3>Familienaktivit\u00e4ten und -traditionen<\/h3><p>Besonders beliebt ist die Tradition des &#8222;Caga Ti\u00f3\u201c mit Veranstaltungen, bei denen Kinder an dieser typisch katalanischen Aktivit\u00e4t teilnehmen k\u00f6nnen. Au\u00dferdem werden Weihnachtsparks mit Spielen, Workshops und Shows f\u00fcr die Kleinen organisiert, die f\u00fcr Spa\u00df in den Ferien sorgen.<\/p><p><img decoding=\"async\" class=\"alignnone wp-image-5063 size-full\" src=\"https:\/\/www.parque-montroig.com\/blog\/wp-content\/uploads\/2024\/12\/Tio-nadal-costa-dorada.webp\" alt=\"Tio-nadal-costa-dorada\" width=\"1900\" height=\"806\" srcset=\"https:\/\/www.parque-montroig.com\/blog\/wp-content\/uploads\/2024\/12\/Tio-nadal-costa-dorada.webp 1900w, https:\/\/www.parque-montroig.com\/blog\/wp-content\/uploads\/2024\/12\/Tio-nadal-costa-dorada-768x326.webp 768w, https:\/\/www.parque-montroig.com\/blog\/wp-content\/uploads\/2024\/12\/Tio-nadal-costa-dorada-1536x652.webp 1536w\" sizes=\"(max-width: 1900px) 100vw, 1900px\" \/><\/p><p>Ein weiterer H\u00f6hepunkt sind die Umz\u00fcge der Heiligen Drei K\u00f6nige, die durch die Stra\u00dfen dieser St\u00e4dte ziehen und sie mit Magie und Illusionen f\u00fcr Kinder und Erwachsene erf\u00fcllen.<\/p><h3>Konzerte und Shows<\/h3><p>In der Weihnachtszeit steht an der Gold Coast die Musik im Mittelpunkt. Weihnachtsliederkonzerte, lokale Ch\u00f6re und Tanzauff\u00fchrungen finden an verschiedenen Orten statt und bieten kulturelle Unterhaltung f\u00fcr jeden Geschmack.<\/p><p>In Cambrils ist das Highlight die Videomapping-Show im Hafenturm und auf der Pla\u00e7a de la Vila, eine Attraktion, die Technik und Tradition zur Freude des Publikums verbindet.<\/p><h3>Beteiligung der Gemeinschaft<\/h3><p>Die Beteiligung der lokalen Beh\u00f6rden an diesen Feierlichkeiten ist von grundlegender Bedeutung. Sie organisieren Feste, Wohlt\u00e4tigkeitsl\u00e4ufe und andere Aktivit\u00e4ten, die die Beteiligung der B\u00fcrger und den Gemeinschaftsgeist f\u00f6rdern.<\/p><p>Kurzum, die Costa Dorada bietet ein breites Spektrum an weihnachtlichen Aktivit\u00e4ten und Traditionen, die Einwohner und Besucher dazu einladen, in die festliche Stimmung einzutauchen und unvergessliche Erinnerungen in einer Umgebung voller Charme und W\u00e4rme zu schaffen.<\/p>\t\t\t\t\t\t\t\t<\/div>\n\t\t\t\t<\/div>\n\t\t\t\t\t<\/div>\n\t\t<\/div>\n\t\t\t\t\t<\/div>\n\t\t<\/section>\n\t\t\t\t<section class=\"elementor-section elementor-top-section elementor-element elementor-element-ae87fc8 elementor-section-boxed elementor-section-height-default elementor-section-height-default\" data-id=\"ae87fc8\" data-element_type=\"section\" data-e-type=\"section\">\n\t\t\t\t\t\t<div class=\"elementor-container elementor-column-gap-default\">\n\t\t\t\t\t<div class=\"elementor-column elementor-col-100 elementor-top-column elementor-element elementor-element-66e3d71\" data-id=\"66e3d71\" data-element_type=\"column\" data-e-type=\"column\">\n\t\t\t<div class=\"elementor-widget-wrap elementor-element-populated\">\n\t\t\t\t\t\t<div class=\"elementor-element elementor-element-cd7435e elementor-widget elementor-widget-heading\" data-id=\"cd7435e\" data-element_type=\"widget\" data-e-type=\"widget\" data-widget_type=\"heading.default\">\n\t\t\t\t<div class=\"elementor-widget-container\">\n\t\t\t\t\t<h2 class=\"elementor-heading-title elementor-size-default\">Ideale Unterkunft f\u00fcr Ihren Weihnachtsurlaub an der Costa Dorada<\/h2>\t\t\t\t<\/div>\n\t\t\t\t<\/div>\n\t\t\t\t\t<\/div>\n\t\t<\/div>\n\t\t\t\t\t<\/div>\n\t\t<\/section>\n\t\t\t\t<section class=\"elementor-section elementor-top-section elementor-element elementor-element-e90c565 elementor-section-boxed elementor-section-height-default elementor-section-height-default\" data-id=\"e90c565\" data-element_type=\"section\" data-e-type=\"section\">\n\t\t\t\t\t\t<div class=\"elementor-container elementor-column-gap-default\">\n\t\t\t\t\t<div class=\"elementor-column elementor-col-100 elementor-top-column elementor-element elementor-element-866ca14\" data-id=\"866ca14\" data-element_type=\"column\" data-e-type=\"column\">\n\t\t\t<div class=\"elementor-widget-wrap elementor-element-populated\">\n\t\t\t\t\t\t<div class=\"elementor-element elementor-element-bc8de9a elementor-widget elementor-widget-text-editor\" data-id=\"bc8de9a\" data-element_type=\"widget\" data-e-type=\"widget\" data-widget_type=\"text-editor.default\">\n\t\t\t\t<div class=\"elementor-widget-container\">\n\t\t\t\t\t\t\t\t\t<p>Im Parc Montroig finden Sie die perfekte Unterkunft, um ein einzigartiges <strong>Weihnachtsfest an der Costa Dorada<\/strong> zu erleben. Unser Angebot umfasst eine Vielzahl von Optionen in Cambrils und Miami Platja, Orte, die sich durch ihren K\u00fcstencharme und die N\u00e4he zu den wichtigsten Weihnachtsaktivit\u00e4ten auszeichnen.<\/p><p>In<strong> Cambrils<\/strong> k\u00f6nnen Sie in der N\u00e4he von wichtigen Punkten wie der Altstadt und dem Hafen wohnen, ideale Orte, um die weihnachtliche Atmosph\u00e4re mit Aktivit\u00e4ten wie dem Weihnachtsmarkt auf der Plaza de la Vila zu erleben. Hier findet der Besucher alles, von handwerklichen Produkten bis hin zu famili\u00e4ren Veranstaltungen, die die Stra\u00dfen in dieser Zeit mit Magie erf\u00fcllen.<\/p><p><a href=\"https:\/\/www.parque-montroig.com\/de\/ferienwohnung-in-miami-playa\/\">Miami Platja<\/a> hingegen bietet eine gro\u00dfe Auswahl an Chalets und Villen, viele davon mit privatem Swimmingpool und gro\u00dfem Garten, ideal f\u00fcr Familien oder Gruppen, die Ruhe und Platz suchen. Au\u00dferdem werden in dieser Stadt weihnachtliche Aktivit\u00e4ten wie das Anz\u00fcnden des Weihnachtsbaums und traditionelle M\u00e4rkte auf der Plaza de Tarragona organisiert.<\/p><p>Alle unsere Unterk\u00fcnfte sind so konzipiert, dass sie Ihnen maximalen Komfort w\u00e4hrend Ihres Aufenthalts bieten, mit Dienstleistungen wie Wi-Fi, Terrassen, Parkpl\u00e4tzen und voll ausgestatteten K\u00fcchen. Dank ihrer strategischen Lage k\u00f6nnen Sie au\u00dferdem die lokalen Traditionen und die nat\u00fcrliche Sch\u00f6nheit der Costa Dorada genie\u00dfen.<\/p><p>Verpassen Sie nicht die Gelegenheit, die Festtage in einer einladenden Umgebung mit allem, was Sie f\u00fcr einen unvergesslichen Aufenthalt brauchen, zu feiern. Buchen Sie jetzt und sichern Sie sich Ihren Platz an der Costa Dorada, um ein magisches Weihnachtsfest zu erleben.<\/p>\t\t\t\t\t\t\t\t<\/div>\n\t\t\t\t<\/div>\n\t\t\t\t\t<\/div>\n\t\t<\/div>\n\t\t\t\t\t<\/div>\n\t\t<\/section>\n\t\t\t\t<section class=\"elementor-section elementor-top-section elementor-element elementor-element-55bd8060 elementor-section-boxed elementor-section-height-default elementor-section-height-default\" data-id=\"55bd8060\" data-element_type=\"section\" data-e-type=\"section\">\n\t\t\t\t\t\t<div class=\"elementor-container elementor-column-gap-default\">\n\t\t\t\t\t<div class=\"elementor-column elementor-col-33 elementor-top-column elementor-element elementor-element-2d848676\" data-id=\"2d848676\" data-element_type=\"column\" data-e-type=\"column\">\n\t\t\t<div class=\"elementor-widget-wrap elementor-element-populated\">\n\t\t\t\t\t\t<div class=\"elementor-element elementor-element-1d49076f elementor-cta--skin-cover elementor-cta--valign-bottom elementor-animated-content elementor-bg-transform elementor-bg-transform-zoom-in elementor-widget elementor-widget-call-to-action\" data-id=\"1d49076f\" data-element_type=\"widget\" data-e-type=\"widget\" data-widget_type=\"call-to-action.default\">\n\t\t\t\t<div class=\"elementor-widget-container\">\n\t\t\t\t\t\t\t<div class=\"elementor-cta\">\n\t\t\t\t\t<div class=\"elementor-cta__bg-wrapper\">\n\t\t\t\t<div class=\"elementor-cta__bg elementor-bg\" style=\"background-image: url(https:\/\/www.parque-montroig.com\/blog\/wp-content\/uploads\/2023\/03\/parcmontroig-tiempo-clima-miami-playa-blog-600x630.jpg);\" role=\"img\" aria-label=\"Parc Montroig Tiempo Clima en Miami Playa\"><\/div>\n\t\t\t\t<div class=\"elementor-cta__bg-overlay\"><\/div>\n\t\t\t<\/div>\n\t\t\t\t\t\t\t<div class=\"elementor-cta__content\">\n\t\t\t\t\n\t\t\t\t\n\t\t\t\t\n\t\t\t\t\t\t\t\t\t<div class=\"elementor-cta__button-wrapper elementor-cta__content-item elementor-content-item elementor-animated-item--grow\">\n\t\t\t\t\t<a class=\"elementor-cta__button elementor-button elementor-size-\" href=\"https:\/\/www.parque-montroig.com\/de\/ferienwohnung-in-miami-playa\/\">\n\t\t\t\t\t\tMIAMI BEACH WOHNUNGEN\t\t\t\t\t<\/a>\n\t\t\t\t\t<\/div>\n\t\t\t\t\t\t\t<\/div>\n\t\t\t\t\t\t<\/div>\n\t\t\t\t\t\t<\/div>\n\t\t\t\t<\/div>\n\t\t\t\t\t<\/div>\n\t\t<\/div>\n\t\t\t\t<div class=\"elementor-column elementor-col-33 elementor-top-column elementor-element elementor-element-13703a46\" data-id=\"13703a46\" data-element_type=\"column\" data-e-type=\"column\">\n\t\t\t<div class=\"elementor-widget-wrap elementor-element-populated\">\n\t\t\t\t\t\t<div class=\"elementor-element elementor-element-5dfd695e elementor-cta--skin-cover elementor-cta--valign-bottom elementor-animated-content elementor-bg-transform elementor-bg-transform-zoom-in elementor-widget elementor-widget-call-to-action\" data-id=\"5dfd695e\" data-element_type=\"widget\" data-e-type=\"widget\" data-widget_type=\"call-to-action.default\">\n\t\t\t\t<div class=\"elementor-widget-container\">\n\t\t\t\t\t\t\t<div class=\"elementor-cta\">\n\t\t\t\t\t<div class=\"elementor-cta__bg-wrapper\">\n\t\t\t\t<div class=\"elementor-cta__bg elementor-bg\" style=\"background-image: url(https:\/\/www.parque-montroig.com\/blog\/wp-content\/uploads\/2023\/11\/apartamento-estel-vacaciones-costa-dorada-Cambrils-1800x630.jpg);\" role=\"img\" aria-label=\"apartamento estel vacaciones costa dorada Cambrils\"><\/div>\n\t\t\t\t<div class=\"elementor-cta__bg-overlay\"><\/div>\n\t\t\t<\/div>\n\t\t\t\t\t\t\t<div class=\"elementor-cta__content\">\n\t\t\t\t\n\t\t\t\t\n\t\t\t\t\n\t\t\t\t\t\t\t\t\t<div class=\"elementor-cta__button-wrapper elementor-cta__content-item elementor-content-item elementor-animated-item--grow\">\n\t\t\t\t\t<a class=\"elementor-cta__button elementor-button elementor-size-\" href=\"https:\/\/www.parque-montroig.com\/de\/vermietung\/ferienwohnungen-cambrils-c1d73\/\">\n\t\t\t\t\t\tWOHNUNGEN IN CAMBRILS\t\t\t\t\t<\/a>\n\t\t\t\t\t<\/div>\n\t\t\t\t\t\t\t<\/div>\n\t\t\t\t\t\t<\/div>\n\t\t\t\t\t\t<\/div>\n\t\t\t\t<\/div>\n\t\t\t\t\t<\/div>\n\t\t<\/div>\n\t\t\t\t<div class=\"elementor-column elementor-col-33 elementor-top-column elementor-element elementor-element-51ca624e\" data-id=\"51ca624e\" data-element_type=\"column\" data-e-type=\"column\">\n\t\t\t<div class=\"elementor-widget-wrap elementor-element-populated\">\n\t\t\t\t\t\t<div class=\"elementor-element elementor-element-5424c9ba elementor-cta--skin-cover elementor-cta--valign-bottom elementor-animated-content elementor-bg-transform elementor-bg-transform-zoom-in elementor-widget elementor-widget-call-to-action\" data-id=\"5424c9ba\" data-element_type=\"widget\" data-e-type=\"widget\" data-widget_type=\"call-to-action.default\">\n\t\t\t\t<div class=\"elementor-widget-container\">\n\t\t\t\t\t\t\t<div class=\"elementor-cta\">\n\t\t\t\t\t<div class=\"elementor-cta__bg-wrapper\">\n\t\t\t\t<div class=\"elementor-cta__bg elementor-bg\" style=\"background-image: url(https:\/\/www.parque-montroig.com\/blog\/wp-content\/uploads\/2023\/12\/apartamentos-con-piscina-en-la-Costa-Dorada-1920x630.jpeg);\" role=\"img\" aria-label=\"apartamentos con piscina en la Costa Dorada\"><\/div>\n\t\t\t\t<div class=\"elementor-cta__bg-overlay\"><\/div>\n\t\t\t<\/div>\n\t\t\t\t\t\t\t<div class=\"elementor-cta__content\">\n\t\t\t\t\n\t\t\t\t\n\t\t\t\t\n\t\t\t\t\t\t\t\t\t<div class=\"elementor-cta__button-wrapper elementor-cta__content-item elementor-content-item elementor-animated-item--grow\">\n\t\t\t\t\t<a class=\"elementor-cta__button elementor-button elementor-size-\" href=\"https:\/\/www.parque-montroig.com\/de\/vermietung\/zu-mieten-ferienwohnungen-c1\/\">\n\t\t\t\t\t\tVERMIETUNG COSTA DORADA\t\t\t\t\t<\/a>\n\t\t\t\t\t<\/div>\n\t\t\t\t\t\t\t<\/div>\n\t\t\t\t\t\t<\/div>\n\t\t\t\t\t\t<\/div>\n\t\t\t\t<\/div>\n\t\t\t\t\t<\/div>\n\t\t<\/div>\n\t\t\t\t\t<\/div>\n\t\t<\/section>\n\t\t\t\t<section class=\"elementor-section elementor-top-section elementor-element elementor-element-4b4aae4 elementor-section-boxed elementor-section-height-default elementor-section-height-default\" data-id=\"4b4aae4\" data-element_type=\"section\" data-e-type=\"section\">\n\t\t\t\t\t\t<div class=\"elementor-container elementor-column-gap-default\">\n\t\t\t\t\t<div class=\"elementor-column elementor-col-100 elementor-top-column elementor-element elementor-element-9214957\" data-id=\"9214957\" data-element_type=\"column\" data-e-type=\"column\">\n\t\t\t<div class=\"elementor-widget-wrap elementor-element-populated\">\n\t\t\t\t\t\t<div class=\"elementor-element elementor-element-115008b elementor-widget elementor-widget-heading\" data-id=\"115008b\" data-element_type=\"widget\" data-e-type=\"widget\" data-widget_type=\"heading.default\">\n\t\t\t\t<div class=\"elementor-widget-container\">\n\t\t\t\t\t<h2 class=\"elementor-heading-title elementor-size-default\">Buchen Sie Ihre Unterkunft an der Costa Dorada zu Weihnachten<\/h2>\t\t\t\t<\/div>\n\t\t\t\t<\/div>\n\t\t\t\t\t<\/div>\n\t\t<\/div>\n\t\t\t\t\t<\/div>\n\t\t<\/section>\n\t\t\t\t<section class=\"elementor-section elementor-top-section elementor-element elementor-element-858826d elementor-section-boxed elementor-section-height-default elementor-section-height-default\" data-id=\"858826d\" data-element_type=\"section\" data-e-type=\"section\">\n\t\t\t\t\t\t<div class=\"elementor-container elementor-column-gap-default\">\n\t\t\t\t\t<div class=\"elementor-column elementor-col-100 elementor-top-column elementor-element elementor-element-bde2025\" data-id=\"bde2025\" data-element_type=\"column\" data-e-type=\"column\">\n\t\t\t<div class=\"elementor-widget-wrap elementor-element-populated\">\n\t\t\t\t\t\t<div class=\"elementor-element elementor-element-15bc045 elementor-widget elementor-widget-text-editor\" data-id=\"15bc045\" data-element_type=\"widget\" data-e-type=\"widget\" data-widget_type=\"text-editor.default\">\n\t\t\t\t<div class=\"elementor-widget-container\">\n\t\t\t\t\t\t\t\t\t<p>Der Zauber von Weihnachten erwartet Sie an der Costa Dorada, und wir von Parc Montroig m\u00f6chten Ihnen helfen, eine unvergessliche Weihnachtszeit zu erleben. Mit einer gro\u00dfen Auswahl an Unterk\u00fcnften in Cambrils, Miami Platja und anderen Orten finden Sie den perfekten Ort, um besondere Momente mit Ihrer Familie oder Ihren Freunden zu erleben.<\/p><p>Wir von Parc Montroig m\u00f6chten diese Gelegenheit nutzen, um Ihnen frohe Feiertage voller Freude und einzigartiger Momente zu w\u00fcnschen. Machen Sie dieses Weihnachten zu etwas ganz Besonderem, indem Sie in einer unserer Unterk\u00fcnfte \u00fcbernachten, die Ihnen ein Maximum an Komfort bieten.<\/p><p>Die Buchung Ihrer Unterkunft ist ganz einfach, und wenn Sie sie im Voraus vornehmen, k\u00f6nnen Sie sich die beste Lage und Verf\u00fcgbarkeit f\u00fcr diese besonderen Tage sichern. Von gem\u00fctlichen Wohnungen bis hin zu ger\u00e4umigen Gartenvillen &#8211; unsere Angebote sind auf Ihre Bed\u00fcrfnisse zugeschnitten und machen Ihren Aufenthalt komfortabel und unvergesslich.<\/p><p>Verpassen Sie nicht die Gelegenheit, einen Weihnachtsurlaub voller Traditionen, Aktivit\u00e4ten und dem einzigartigen Charme der Costa Dorada zu genie\u00dfen. Besuchen Sie unsere Unterk\u00fcnfte und sichern Sie sich noch heute einen Platz in einem der zauberhaftesten Reiseziele f\u00fcr diese Jahreszeit.<\/p>\t\t\t\t\t\t\t\t<\/div>\n\t\t\t\t<\/div>\n\t\t\t\t\t<\/div>\n\t\t<\/div>\n\t\t\t\t\t<\/div>\n\t\t<\/section>\n\t\t\t\t<section class=\"elementor-section elementor-top-section elementor-element elementor-element-152ba0cc elementor-section-boxed elementor-section-height-default elementor-section-height-default\" data-id=\"152ba0cc\" data-element_type=\"section\" data-e-type=\"section\">\n\t\t\t\t\t\t\t<div class=\"elementor-background-overlay\"><\/div>\n\t\t\t\t\t\t\t<div class=\"elementor-container elementor-column-gap-default\">\n\t\t\t\t\t<div class=\"elementor-column elementor-col-25 elementor-top-column elementor-element elementor-element-1f777e65\" data-id=\"1f777e65\" data-element_type=\"column\" data-e-type=\"column\">\n\t\t\t<div class=\"elementor-widget-wrap elementor-element-populated\">\n\t\t\t\t\t\t<div class=\"elementor-element elementor-element-103e0acb elementor-widget elementor-widget-image\" data-id=\"103e0acb\" data-element_type=\"widget\" data-e-type=\"widget\" data-widget_type=\"image.default\">\n\t\t\t\t<div class=\"elementor-widget-container\">\n\t\t\t\t\t\t\t\t\t\t\t\t\t\t\t\t<a href=\"https:\/\/www.parque-montroig.com\/de\/vermietung\/villa-cambrils-villa-gladiols-cambrils-102853.html\">\n\t\t\t\t\t\t\t<img loading=\"lazy\" decoding=\"async\" width=\"1800\" height=\"1200\" src=\"https:\/\/www.parque-montroig.com\/blog\/wp-content\/uploads\/2024\/02\/Villa-gladiols.jpg\" class=\"attachment-full size-full wp-image-4422\" alt=\"Villa gladiols\" srcset=\"https:\/\/www.parque-montroig.com\/blog\/wp-content\/uploads\/2024\/02\/Villa-gladiols.jpg 1800w, https:\/\/www.parque-montroig.com\/blog\/wp-content\/uploads\/2024\/02\/Villa-gladiols-768x512.jpg 768w, https:\/\/www.parque-montroig.com\/blog\/wp-content\/uploads\/2024\/02\/Villa-gladiols-1536x1024.jpg 1536w\" sizes=\"(max-width: 1800px) 100vw, 1800px\" \/>\t\t\t\t\t\t\t\t<\/a>\n\t\t\t\t\t\t\t\t\t\t\t\t\t\t\t<\/div>\n\t\t\t\t<\/div>\n\t\t\t\t<div class=\"elementor-element elementor-element-bf13ae5 elementor-widget elementor-widget-heading\" data-id=\"bf13ae5\" data-element_type=\"widget\" data-e-type=\"widget\" data-widget_type=\"heading.default\">\n\t\t\t\t<div class=\"elementor-widget-container\">\n\t\t\t\t\t<h3 class=\"elementor-heading-title elementor-size-default\"><a href=\"https:\/\/www.parque-montroig.com\/de\/vermietung\/villa-cambrils-villa-gladiols-cambrils-102853.html\">Villa Gladiols<\/a><\/h3>\t\t\t\t<\/div>\n\t\t\t\t<\/div>\n\t\t\t\t<div class=\"elementor-element elementor-element-43f18690 elementor-widget elementor-widget-text-editor\" data-id=\"43f18690\" data-element_type=\"widget\" data-e-type=\"widget\" data-widget_type=\"text-editor.default\">\n\t\t\t\t<div class=\"elementor-widget-container\">\n\t\t\t\t\t\t\t\t\t<p>Cambrils<\/p>\t\t\t\t\t\t\t\t<\/div>\n\t\t\t\t<\/div>\n\t\t\t\t<div class=\"elementor-element elementor-element-1dd87115 elementor-headline--style-highlight elementor-widget elementor-widget-animated-headline\" data-id=\"1dd87115\" data-element_type=\"widget\" data-e-type=\"widget\" data-settings=\"{&quot;highlighted_text&quot;:&quot;220\\u20ac\\\/Nacht&quot;,&quot;headline_style&quot;:&quot;highlight&quot;,&quot;marker&quot;:&quot;circle&quot;,&quot;loop&quot;:&quot;yes&quot;,&quot;highlight_animation_duration&quot;:1200,&quot;highlight_iteration_delay&quot;:8000}\" data-widget_type=\"animated-headline.default\">\n\t\t\t\t<div class=\"elementor-widget-container\">\n\t\t\t\t\t\t\t\t<a href=\"https:\/\/www.parque-montroig.com\/de\/vermietung\/villa-cambrils-villa-gladiols-cambrils-102853.html\">\n\n\t\t\t\t\t<div class=\"elementor-headline\">\n\t\t\t\t\t<span class=\"elementor-headline-plain-text elementor-headline-text-wrapper\">Von<\/span>\n\t\t\t\t<span class=\"elementor-headline-dynamic-wrapper elementor-headline-text-wrapper\">\n\t\t\t\t\t<span class=\"elementor-headline-dynamic-text elementor-headline-text-active\">220\u20ac\/Nacht<\/span>\n\t\t\t\t<\/span>\n\t\t\t\t<\/div>\n\t\t<\/a>\t\t\t\t<\/div>\n\t\t\t\t<\/div>\n\t\t\t\t\t<\/div>\n\t\t<\/div>\n\t\t\t\t<div class=\"elementor-column elementor-col-25 elementor-top-column elementor-element elementor-element-7a51cef6\" data-id=\"7a51cef6\" data-element_type=\"column\" data-e-type=\"column\">\n\t\t\t<div class=\"elementor-widget-wrap elementor-element-populated\">\n\t\t\t\t\t\t<div class=\"elementor-element elementor-element-75b7abc elementor-widget elementor-widget-image\" data-id=\"75b7abc\" data-element_type=\"widget\" data-e-type=\"widget\" data-widget_type=\"image.default\">\n\t\t\t\t<div class=\"elementor-widget-container\">\n\t\t\t\t\t\t\t\t\t\t\t\t\t\t\t\t<a href=\"https:\/\/www.parque-montroig.com\/de\/vermietung\/ferienwohnung-miami-playa-casa-carmen-4-by-parc-mont-roig-74487.html\">\n\t\t\t\t\t\t\t<img loading=\"lazy\" decoding=\"async\" width=\"2560\" height=\"1707\" src=\"https:\/\/www.parque-montroig.com\/blog\/wp-content\/uploads\/2024\/12\/casa-carmen.jpg\" class=\"attachment-full size-full wp-image-4911\" alt=\"casa carmen\" srcset=\"https:\/\/www.parque-montroig.com\/blog\/wp-content\/uploads\/2024\/12\/casa-carmen.jpg 2560w, https:\/\/www.parque-montroig.com\/blog\/wp-content\/uploads\/2024\/12\/casa-carmen-768x512.jpg 768w, https:\/\/www.parque-montroig.com\/blog\/wp-content\/uploads\/2024\/12\/casa-carmen-1536x1024.jpg 1536w, https:\/\/www.parque-montroig.com\/blog\/wp-content\/uploads\/2024\/12\/casa-carmen-2048x1366.jpg 2048w\" sizes=\"(max-width: 2560px) 100vw, 2560px\" \/>\t\t\t\t\t\t\t\t<\/a>\n\t\t\t\t\t\t\t\t\t\t\t\t\t\t\t<\/div>\n\t\t\t\t<\/div>\n\t\t\t\t<div class=\"elementor-element elementor-element-58ca6d97 elementor-widget elementor-widget-heading\" data-id=\"58ca6d97\" data-element_type=\"widget\" data-e-type=\"widget\" data-widget_type=\"heading.default\">\n\t\t\t\t<div class=\"elementor-widget-container\">\n\t\t\t\t\t<h3 class=\"elementor-heading-title elementor-size-default\"><a href=\"https:\/\/www.parque-montroig.com\/de\/vermietung\/ferienwohnung-miami-playa-casa-carmen-4-by-parc-mont-roig-74487.html\">Casa Carmen<\/a><\/h3>\t\t\t\t<\/div>\n\t\t\t\t<\/div>\n\t\t\t\t<div class=\"elementor-element elementor-element-41c22e92 elementor-widget elementor-widget-text-editor\" data-id=\"41c22e92\" data-element_type=\"widget\" data-e-type=\"widget\" data-widget_type=\"text-editor.default\">\n\t\t\t\t<div class=\"elementor-widget-container\">\n\t\t\t\t\t\t\t\t\t<p>Cambrils<\/p>\t\t\t\t\t\t\t\t<\/div>\n\t\t\t\t<\/div>\n\t\t\t\t<div class=\"elementor-element elementor-element-7919ab3c elementor-headline--style-highlight elementor-widget elementor-widget-animated-headline\" data-id=\"7919ab3c\" data-element_type=\"widget\" data-e-type=\"widget\" data-settings=\"{&quot;highlighted_text&quot;:&quot;57\\u20ac\\\/Nacht&quot;,&quot;headline_style&quot;:&quot;highlight&quot;,&quot;marker&quot;:&quot;circle&quot;,&quot;loop&quot;:&quot;yes&quot;,&quot;highlight_animation_duration&quot;:1200,&quot;highlight_iteration_delay&quot;:8000}\" data-widget_type=\"animated-headline.default\">\n\t\t\t\t<div class=\"elementor-widget-container\">\n\t\t\t\t\t\t\t\t<a href=\"https:\/\/www.parque-montroig.com\/de\/vermietung\/ferienwohnung-miami-playa-casa-carmen-4-by-parc-mont-roig-74487.html\">\n\n\t\t\t\t\t<div class=\"elementor-headline\">\n\t\t\t\t\t<span class=\"elementor-headline-plain-text elementor-headline-text-wrapper\">Von<\/span>\n\t\t\t\t<span class=\"elementor-headline-dynamic-wrapper elementor-headline-text-wrapper\">\n\t\t\t\t\t<span class=\"elementor-headline-dynamic-text elementor-headline-text-active\">57\u20ac\/Nacht<\/span>\n\t\t\t\t<\/span>\n\t\t\t\t<\/div>\n\t\t<\/a>\t\t\t\t<\/div>\n\t\t\t\t<\/div>\n\t\t\t\t\t<\/div>\n\t\t<\/div>\n\t\t\t\t<div class=\"elementor-column elementor-col-25 elementor-top-column elementor-element elementor-element-7bb718b5\" data-id=\"7bb718b5\" data-element_type=\"column\" data-e-type=\"column\">\n\t\t\t<div class=\"elementor-widget-wrap elementor-element-populated\">\n\t\t\t\t\t\t<div class=\"elementor-element elementor-element-3e5a9d32 elementor-widget elementor-widget-image\" data-id=\"3e5a9d32\" data-element_type=\"widget\" data-e-type=\"widget\" data-widget_type=\"image.default\">\n\t\t\t\t<div class=\"elementor-widget-container\">\n\t\t\t\t\t\t\t\t\t\t\t\t\t\t\t\t<a href=\"https:\/\/www.parque-montroig.com\/alquiler\/apartamento-cambrils-casa-rosales-6-in-cambrils-74492.html\">\n\t\t\t\t\t\t\t<img loading=\"lazy\" decoding=\"async\" width=\"1800\" height=\"1200\" src=\"https:\/\/www.parque-montroig.com\/blog\/wp-content\/uploads\/2023\/12\/casa-rosales-6.jpeg\" class=\"attachment-full size-full wp-image-4044\" alt=\"Casa rosales 6\" srcset=\"https:\/\/www.parque-montroig.com\/blog\/wp-content\/uploads\/2023\/12\/casa-rosales-6.jpeg 1800w, https:\/\/www.parque-montroig.com\/blog\/wp-content\/uploads\/2023\/12\/casa-rosales-6-768x512.jpeg 768w, https:\/\/www.parque-montroig.com\/blog\/wp-content\/uploads\/2023\/12\/casa-rosales-6-1536x1024.jpeg 1536w\" sizes=\"(max-width: 1800px) 100vw, 1800px\" \/>\t\t\t\t\t\t\t\t<\/a>\n\t\t\t\t\t\t\t\t\t\t\t\t\t\t\t<\/div>\n\t\t\t\t<\/div>\n\t\t\t\t<div class=\"elementor-element elementor-element-7c404a5d elementor-widget elementor-widget-heading\" data-id=\"7c404a5d\" data-element_type=\"widget\" data-e-type=\"widget\" data-widget_type=\"heading.default\">\n\t\t\t\t<div class=\"elementor-widget-container\">\n\t\t\t\t\t<h3 class=\"elementor-heading-title elementor-size-default\"><a href=\"https:\/\/www.parque-montroig.com\/alquiler\/apartamento-cambrils-casa-rosales-6-in-cambrils-74492.html\">Casa Rosales<\/a><\/h3>\t\t\t\t<\/div>\n\t\t\t\t<\/div>\n\t\t\t\t<div class=\"elementor-element elementor-element-22993ea5 elementor-widget elementor-widget-text-editor\" data-id=\"22993ea5\" data-element_type=\"widget\" data-e-type=\"widget\" data-widget_type=\"text-editor.default\">\n\t\t\t\t<div class=\"elementor-widget-container\">\n\t\t\t\t\t\t\t\t\t<p>Cambrils<\/p>\t\t\t\t\t\t\t\t<\/div>\n\t\t\t\t<\/div>\n\t\t\t\t<div class=\"elementor-element elementor-element-616a83a0 elementor-headline--style-highlight elementor-widget elementor-widget-animated-headline\" data-id=\"616a83a0\" data-element_type=\"widget\" data-e-type=\"widget\" data-settings=\"{&quot;highlighted_text&quot;:&quot;50\\u20ac\\\/night&quot;,&quot;headline_style&quot;:&quot;highlight&quot;,&quot;marker&quot;:&quot;circle&quot;,&quot;loop&quot;:&quot;yes&quot;,&quot;highlight_animation_duration&quot;:1200,&quot;highlight_iteration_delay&quot;:8000}\" data-widget_type=\"animated-headline.default\">\n\t\t\t\t<div class=\"elementor-widget-container\">\n\t\t\t\t\t\t\t\t<a href=\"https:\/\/www.parque-montroig.com\/alquiler\/apartamento-cambrils-casa-rosales-6-in-cambrils-74492.html\">\n\n\t\t\t\t\t<div class=\"elementor-headline\">\n\t\t\t\t\t<span class=\"elementor-headline-plain-text elementor-headline-text-wrapper\">From<\/span>\n\t\t\t\t<span class=\"elementor-headline-dynamic-wrapper elementor-headline-text-wrapper\">\n\t\t\t\t\t<span class=\"elementor-headline-dynamic-text elementor-headline-text-active\">50\u20ac\/night<\/span>\n\t\t\t\t<\/span>\n\t\t\t\t<\/div>\n\t\t<\/a>\t\t\t\t<\/div>\n\t\t\t\t<\/div>\n\t\t\t\t\t<\/div>\n\t\t<\/div>\n\t\t\t\t<div class=\"elementor-column elementor-col-25 elementor-top-column elementor-element elementor-element-6c9c0cd9\" data-id=\"6c9c0cd9\" data-element_type=\"column\" data-e-type=\"column\">\n\t\t\t<div class=\"elementor-widget-wrap elementor-element-populated\">\n\t\t\t\t\t\t<div class=\"elementor-element elementor-element-240babd2 elementor-widget elementor-widget-image\" data-id=\"240babd2\" data-element_type=\"widget\" data-e-type=\"widget\" data-widget_type=\"image.default\">\n\t\t\t\t<div class=\"elementor-widget-container\">\n\t\t\t\t\t\t\t\t\t\t\t\t\t\t\t\t<a href=\"https:\/\/www.parque-montroig.com\/alquiler\/villa-miami-playa-villa-oasis-costa-dorada-416804.html\">\n\t\t\t\t\t\t\t<img decoding=\"async\" src=\"https:\/\/www.parque-montroig.com\/blog\/wp-content\/uploads\/elementor\/thumbs\/villa-oasis-en-Miami-platja-qyll9urvsv4ck1p01aq23sqzcz65uendqsb9g1h1zc.jpg\" title=\"villa oasis en Miami platja\" alt=\"villa oasis en Miami platja\" loading=\"lazy\" \/>\t\t\t\t\t\t\t\t<\/a>\n\t\t\t\t\t\t\t\t\t\t\t\t\t\t\t<\/div>\n\t\t\t\t<\/div>\n\t\t\t\t<div class=\"elementor-element elementor-element-65192793 elementor-widget elementor-widget-heading\" data-id=\"65192793\" data-element_type=\"widget\" data-e-type=\"widget\" data-widget_type=\"heading.default\">\n\t\t\t\t<div class=\"elementor-widget-container\">\n\t\t\t\t\t<h3 class=\"elementor-heading-title elementor-size-default\"><a href=\"https:\/\/www.parque-montroig.com\/alquiler\/villa-miami-playa-villa-oasis-costa-dorada-416804.html\">Villa Oasis<\/a><\/h3>\t\t\t\t<\/div>\n\t\t\t\t<\/div>\n\t\t\t\t<div class=\"elementor-element elementor-element-252f90c2 elementor-widget elementor-widget-text-editor\" data-id=\"252f90c2\" data-element_type=\"widget\" data-e-type=\"widget\" data-widget_type=\"text-editor.default\">\n\t\t\t\t<div class=\"elementor-widget-container\">\n\t\t\t\t\t\t\t\t\t<p>Miami Playa<\/p>\t\t\t\t\t\t\t\t<\/div>\n\t\t\t\t<\/div>\n\t\t\t\t<div class=\"elementor-element elementor-element-659ce314 elementor-headline--style-highlight elementor-widget elementor-widget-animated-headline\" data-id=\"659ce314\" data-element_type=\"widget\" data-e-type=\"widget\" data-settings=\"{&quot;highlighted_text&quot;:&quot;115\\u20ac\\\/night&quot;,&quot;headline_style&quot;:&quot;highlight&quot;,&quot;marker&quot;:&quot;circle&quot;,&quot;loop&quot;:&quot;yes&quot;,&quot;highlight_animation_duration&quot;:1200,&quot;highlight_iteration_delay&quot;:8000}\" data-widget_type=\"animated-headline.default\">\n\t\t\t\t<div class=\"elementor-widget-container\">\n\t\t\t\t\t\t\t\t<a href=\"https:\/\/www.parque-montroig.com\/alquiler\/villa-miami-playa-villa-oasis-costa-dorada-416804.html\">\n\n\t\t\t\t\t<div class=\"elementor-headline\">\n\t\t\t\t\t<span class=\"elementor-headline-plain-text elementor-headline-text-wrapper\">From<\/span>\n\t\t\t\t<span class=\"elementor-headline-dynamic-wrapper elementor-headline-text-wrapper\">\n\t\t\t\t\t<span class=\"elementor-headline-dynamic-text elementor-headline-text-active\">115\u20ac\/night<\/span>\n\t\t\t\t<\/span>\n\t\t\t\t<\/div>\n\t\t<\/a>\t\t\t\t<\/div>\n\t\t\t\t<\/div>\n\t\t\t\t\t<\/div>\n\t\t<\/div>\n\t\t\t\t\t<\/div>\n\t\t<\/section>\n\t\t\t\t<\/div>\n\t\t","protected":false},"excerpt":{"rendered":"<p>Finden Sie die beste Unterkunft f\u00fcr Weihnachten an der Costa Dorada bei Parc Mont-roig. Genie\u00dfen Sie einen unvergesslichen Urlaub in einer einzigartigen und warmen Umgebung.<\/p>\n","protected":false},"author":3,"featured_media":5049,"comment_status":"open","ping_status":"closed","sticky":false,"template":"","format":"standard","meta":{"footnotes":""},"categories":[25],"tags":[],"class_list":["post-5091","post","type-post","status-publish","format-standard","has-post-thumbnail","hentry","category-la-costa-dorada-de"],"_links":{"self":[{"href":"https:\/\/www.parque-montroig.com\/blog\/de\/wp-json\/wp\/v2\/posts\/5091","targetHints":{"allow":["GET"]}}],"collection":[{"href":"https:\/\/www.parque-montroig.com\/blog\/de\/wp-json\/wp\/v2\/posts"}],"about":[{"href":"https:\/\/www.parque-montroig.com\/blog\/de\/wp-json\/wp\/v2\/types\/post"}],"author":[{"embeddable":true,"href":"https:\/\/www.parque-montroig.com\/blog\/de\/wp-json\/wp\/v2\/users\/3"}],"replies":[{"embeddable":true,"href":"https:\/\/www.parque-montroig.com\/blog\/de\/wp-json\/wp\/v2\/comments?post=5091"}],"version-history":[{"count":13,"href":"https:\/\/www.parque-montroig.com\/blog\/de\/wp-json\/wp\/v2\/posts\/5091\/revisions"}],"predecessor-version":[{"id":5107,"href":"https:\/\/www.parque-montroig.com\/blog\/de\/wp-json\/wp\/v2\/posts\/5091\/revisions\/5107"}],"wp:featuredmedia":[{"embeddable":true,"href":"https:\/\/www.parque-montroig.com\/blog\/de\/wp-json\/wp\/v2\/media\/5049"}],"wp:attachment":[{"href":"https:\/\/www.parque-montroig.com\/blog\/de\/wp-json\/wp\/v2\/media?parent=5091"}],"wp:term":[{"taxonomy":"category","embeddable":true,"href":"https:\/\/www.parque-montroig.com\/blog\/de\/wp-json\/wp\/v2\/categories?post=5091"},{"taxonomy":"post_tag","embeddable":true,"href":"https:\/\/www.parque-montroig.com\/blog\/de\/wp-json\/wp\/v2\/tags?post=5091"}],"curies":[{"name":"wp","href":"https:\/\/api.w.org\/{rel}","templated":true}]}}