{"id":5115,"date":"2024-12-18T10:33:21","date_gmt":"2024-12-18T09:33:21","guid":{"rendered":"https:\/\/www.parque-montroig.com\/blog\/?p=5115"},"modified":"2024-12-30T11:03:58","modified_gmt":"2024-12-30T10:03:58","slug":"cursa-4-termes","status":"publish","type":"post","link":"https:\/\/www.parque-montroig.com\/blog\/de\/cursa-4-termes\/","title":{"rendered":"Entdecken Sie die Cursa 4 Termes, eine einzigartige Veranstaltung in Mont-roig del Camp"},"content":{"rendered":"\t\t<div data-elementor-type=\"wp-post\" data-elementor-id=\"5115\" class=\"elementor elementor-5115 elementor-4939\" data-elementor-post-type=\"post\">\n\t\t\t\t\t\t<section class=\"elementor-section elementor-top-section elementor-element elementor-element-580edd5d elementor-section-boxed elementor-section-height-default elementor-section-height-default\" data-id=\"580edd5d\" data-element_type=\"section\" data-e-type=\"section\">\n\t\t\t\t\t\t<div class=\"elementor-container elementor-column-gap-default\">\n\t\t\t\t\t<div class=\"elementor-column elementor-col-100 elementor-top-column elementor-element elementor-element-366382a5\" data-id=\"366382a5\" data-element_type=\"column\" data-e-type=\"column\">\n\t\t\t<div class=\"elementor-widget-wrap elementor-element-populated\">\n\t\t\t\t\t\t<div class=\"elementor-element elementor-element-48ddbbfb elementor-widget elementor-widget-heading\" data-id=\"48ddbbfb\" data-element_type=\"widget\" data-e-type=\"widget\" data-widget_type=\"heading.default\">\n\t\t\t\t<div class=\"elementor-widget-container\">\n\t\t\t\t\t<h2 class=\"elementor-heading-title elementor-size-default\">Entdecken Sie die Cursa 4 Termes, eine einzigartige Veranstaltung in Mont-roig del Camp\n<\/h2>\t\t\t\t<\/div>\n\t\t\t\t<\/div>\n\t\t\t\t<div class=\"elementor-element elementor-element-41983fcf elementor-widget elementor-widget-text-editor\" data-id=\"41983fcf\" data-element_type=\"widget\" data-e-type=\"widget\" data-widget_type=\"text-editor.default\">\n\t\t\t\t<div class=\"elementor-widget-container\">\n\t\t\t\t\t\t\t\t\t<p>Die Cursa 4 Termes ist viel mehr als ein Rennen, sie ist <strong>ein Sportevent, das k\u00f6rperliche Anstrengung, atemberaubende Landschaften und eine legend\u00e4re kulturelle Tradition vereint<\/strong>. Der Name \u201e4 Termes\u201c bezieht sich auf die vier Gemeinden, die auf der Strecke durchquert werden, und zeigt die ganze Vielfalt und nat\u00fcrliche Sch\u00f6nheit der Region.<\/p><p style=\"font-weight: 400;\">Egal, ob Sie ein erfahrener L\u00e4ufer oder ein Sportfan sind, dieses Rennen ist genau das Richtige f\u00fcr Sie. Wir verraten Ihnen alle Details!<\/p>\t\t\t\t\t\t\t\t<\/div>\n\t\t\t\t<\/div>\n\t\t\t\t\t<\/div>\n\t\t<\/div>\n\t\t\t\t\t<\/div>\n\t\t<\/section>\n\t\t\t\t<section class=\"elementor-section elementor-top-section elementor-element elementor-element-10a849b elementor-section-boxed elementor-section-height-default elementor-section-height-default\" data-id=\"10a849b\" data-element_type=\"section\" data-e-type=\"section\">\n\t\t\t\t\t\t<div class=\"elementor-container elementor-column-gap-default\">\n\t\t\t\t\t<div class=\"elementor-column elementor-col-100 elementor-top-column elementor-element elementor-element-d0c3bab\" data-id=\"d0c3bab\" data-element_type=\"column\" data-e-type=\"column\">\n\t\t\t<div class=\"elementor-widget-wrap elementor-element-populated\">\n\t\t\t\t\t\t<div class=\"elementor-element elementor-element-60a0e1b elementor-widget elementor-widget-heading\" data-id=\"60a0e1b\" data-element_type=\"widget\" data-e-type=\"widget\" data-widget_type=\"heading.default\">\n\t\t\t\t<div class=\"elementor-widget-container\">\n\t\t\t\t\t<h2 class=\"elementor-heading-title elementor-size-default\">Geschichte und Tradition der Cursa 4 Termes in Mont-roig\n<\/h2>\t\t\t\t<\/div>\n\t\t\t\t<\/div>\n\t\t\t\t<div class=\"elementor-element elementor-element-1fe7c55 elementor-widget elementor-widget-text-editor\" data-id=\"1fe7c55\" data-element_type=\"widget\" data-e-type=\"widget\" data-widget_type=\"text-editor.default\">\n\t\t\t\t<div class=\"elementor-widget-container\">\n\t\t\t\t\t\t\t\t\t<p>Die Cursa 4 Termes entstand aus einer lokalen Initiative zur F\u00f6rderung des Sports und zur Sensibilisierung f\u00fcr die spektakul\u00e4ren Landschaften des Mont-Roig und seiner Umgebung. Im Laufe der Jahre hat der Lauf immer mehr an Bedeutung gewonnen und ist zu <strong>einem der wichtigsten Ereignisse in der Region<\/strong> geworden. So sehr, dass die Veranstaltung nicht mehr nur einheimische und katalanische L\u00e4ufer anzieht, sondern auch dar\u00fcber hinaus.<\/p><p style=\"font-weight: 400;\">Seit seiner ersten Ausgabe ist es dem Rennen gelungen, das Gleichgewicht zwischen Tradition und Moderne zu wahren. Alle Strecken der Cursa 4 Termes f\u00fchren durch einige der spektakul\u00e4rsten Landschaften von Mont-roig del Camp und kombinieren Landstra\u00dfen, Bergpfade und st\u00e4dtische Abschnitte.<\/p>\t\t\t\t\t\t\t\t<\/div>\n\t\t\t\t<\/div>\n\t\t\t\t\t<\/div>\n\t\t<\/div>\n\t\t\t\t\t<\/div>\n\t\t<\/section>\n\t\t\t\t<section class=\"elementor-section elementor-top-section elementor-element elementor-element-3565178 elementor-section-boxed elementor-section-height-default elementor-section-height-default\" data-id=\"3565178\" data-element_type=\"section\" data-e-type=\"section\">\n\t\t\t\t\t\t<div class=\"elementor-container elementor-column-gap-default\">\n\t\t\t\t\t<div class=\"elementor-column elementor-col-100 elementor-top-column elementor-element elementor-element-aebfebc\" data-id=\"aebfebc\" data-element_type=\"column\" data-e-type=\"column\">\n\t\t\t<div class=\"elementor-widget-wrap elementor-element-populated\">\n\t\t\t\t\t\t<div class=\"elementor-element elementor-element-007a8a0 elementor-widget elementor-widget-video\" data-id=\"007a8a0\" data-element_type=\"widget\" data-e-type=\"widget\" data-settings=\"{&quot;youtube_url&quot;:&quot;https:\\\/\\\/www.youtube.com\\\/watch?v=6pLulCHkJs0&quot;,&quot;video_type&quot;:&quot;youtube&quot;,&quot;controls&quot;:&quot;yes&quot;}\" data-widget_type=\"video.default\">\n\t\t\t\t<div class=\"elementor-widget-container\">\n\t\t\t\t\t\t\t<div class=\"elementor-wrapper elementor-open-inline\">\n\t\t\t<div class=\"elementor-video\"><\/div>\t\t<\/div>\n\t\t\t\t\t\t<\/div>\n\t\t\t\t<\/div>\n\t\t\t\t\t<\/div>\n\t\t<\/div>\n\t\t\t\t\t<\/div>\n\t\t<\/section>\n\t\t\t\t<section class=\"elementor-section elementor-top-section elementor-element elementor-element-c70d6c3 elementor-section-boxed elementor-section-height-default elementor-section-height-default\" data-id=\"c70d6c3\" data-element_type=\"section\" data-e-type=\"section\">\n\t\t\t\t\t\t<div class=\"elementor-container elementor-column-gap-default\">\n\t\t\t\t\t<div class=\"elementor-column elementor-col-100 elementor-top-column elementor-element elementor-element-e4fa915\" data-id=\"e4fa915\" data-element_type=\"column\" data-e-type=\"column\">\n\t\t\t<div class=\"elementor-widget-wrap elementor-element-populated\">\n\t\t\t\t\t\t<div class=\"elementor-element elementor-element-0dfa9c9 elementor-widget elementor-widget-heading\" data-id=\"0dfa9c9\" data-element_type=\"widget\" data-e-type=\"widget\" data-widget_type=\"heading.default\">\n\t\t\t\t<div class=\"elementor-widget-container\">\n\t\t\t\t\t<h2 class=\"elementor-heading-title elementor-size-default\">Strecken und Hauptmerkmale des Rennens\n<\/h2>\t\t\t\t<\/div>\n\t\t\t\t<\/div>\n\t\t\t\t<div class=\"elementor-element elementor-element-9cc6cc6 elementor-widget elementor-widget-text-editor\" data-id=\"9cc6cc6\" data-element_type=\"widget\" data-e-type=\"widget\" data-widget_type=\"text-editor.default\">\n\t\t\t\t<div class=\"elementor-widget-container\">\n\t\t\t\t\t\t\t\t\t<p>Die Ausgabe der Cursa 4 Termes 2025 verspricht eine der aufregendsten zu werden, die es bisher gegeben hat, und wir werden Ihnen ausf\u00fchrlich verraten, was Sie erwartet.<\/p><p style=\"font-weight: 400;\"><strong>Die Veranstaltung findet am 9. Februar 2025 statt<\/strong> und bietet verschiedene Kategorien f\u00fcr alle Leistungsniveaus, vom kurzen Lauf f\u00fcr Anf\u00e4nger bis zur kompletten Strecke f\u00fcr erfahrene L\u00e4ufer. Hier finden Sie alle Kategorien!<\/p>\t\t\t\t\t\t\t\t<\/div>\n\t\t\t\t<\/div>\n\t\t\t\t\t<\/div>\n\t\t<\/div>\n\t\t\t\t\t<\/div>\n\t\t<\/section>\n\t\t\t\t<section class=\"elementor-section elementor-top-section elementor-element elementor-element-d64a735 elementor-section-boxed elementor-section-height-default elementor-section-height-default\" data-id=\"d64a735\" data-element_type=\"section\" data-e-type=\"section\">\n\t\t\t\t\t\t<div class=\"elementor-container elementor-column-gap-default\">\n\t\t\t\t\t<div class=\"elementor-column elementor-col-50 elementor-top-column elementor-element elementor-element-50a439a\" data-id=\"50a439a\" data-element_type=\"column\" data-e-type=\"column\">\n\t\t\t<div class=\"elementor-widget-wrap elementor-element-populated\">\n\t\t\t\t\t\t<div class=\"elementor-element elementor-element-382fdb76 elementor-widget elementor-widget-heading\" data-id=\"382fdb76\" data-element_type=\"widget\" data-e-type=\"widget\" data-widget_type=\"heading.default\">\n\t\t\t\t<div class=\"elementor-widget-container\">\n\t\t\t\t\t<h3 class=\"elementor-heading-title elementor-size-default\">Marathon<\/h3>\t\t\t\t<\/div>\n\t\t\t\t<\/div>\n\t\t\t\t<div class=\"elementor-element elementor-element-457870e elementor-widget elementor-widget-text-editor\" data-id=\"457870e\" data-element_type=\"widget\" data-e-type=\"widget\" data-widget_type=\"text-editor.default\">\n\t\t\t\t<div class=\"elementor-widget-container\">\n\t\t\t\t\t\t\t\t\t<p>Wenn Sie Herausforderungen wirklich m\u00f6gen, ist hier eine, die Sie sprachlos machen wird. Stellen Sie sich vor, Sie laufen durch das Schloss Escornalbou, die \u201eZegama de Mont-roig\u201c und die Crestas (Gebirgsk\u00e4mme), mit der spektakul\u00e4ren Landschaft des Berges Areny im Hintergrund? Dann machen Sie sich bereit, denn diese <strong>47 Kilometer und 2.400 H\u00f6henmeter<\/strong> vereinen Sch\u00f6nheit und H\u00e4rte gleicherma\u00dfen. W\u00e4lder, schnelle Strecken, technische Abschnitte und Berge wie der Puig de Cabrafiga, die Sierra de Llaberia und die Mola de Colldejou werden Zeugen Ihres Mutes sein. Sind Sie bereit, sich dieser gro\u00dfen Herausforderung zu stellen?<\/p>\t\t\t\t\t\t\t\t<\/div>\n\t\t\t\t<\/div>\n\t\t\t\t\t<\/div>\n\t\t<\/div>\n\t\t\t\t<div class=\"elementor-column elementor-col-50 elementor-top-column elementor-element elementor-element-2b4114e\" data-id=\"2b4114e\" data-element_type=\"column\" data-e-type=\"column\">\n\t\t\t<div class=\"elementor-widget-wrap elementor-element-populated\">\n\t\t\t\t\t\t<div class=\"elementor-element elementor-element-9d507b7 elementor-widget elementor-widget-heading\" data-id=\"9d507b7\" data-element_type=\"widget\" data-e-type=\"widget\" data-widget_type=\"heading.default\">\n\t\t\t\t<div class=\"elementor-widget-container\">\n\t\t\t\t\t<h3 class=\"elementor-heading-title elementor-size-default\">Trail<\/h3>\t\t\t\t<\/div>\n\t\t\t\t<\/div>\n\t\t\t\t<div class=\"elementor-element elementor-element-6f76e30 elementor-widget elementor-widget-text-editor\" data-id=\"6f76e30\" data-element_type=\"widget\" data-e-type=\"widget\" data-widget_type=\"text-editor.default\">\n\t\t\t\t<div class=\"elementor-widget-container\">\n\t\t\t\t\t\t\t\t\t<p>Sie suchen nach einer k\u00fcrzeren, aber ebenso spannenden Strecke? Dann ist der <strong>Trail mit 25 Kilometern<\/strong> genau das Richtige f\u00fcr Sie. Sie verlassen das bezaubernde Dorf Pratdip und begeben sich auf eine Strecke, die das Beste der letzten Ausgabe mit neuen Besonderheiten wie den Crestas, dem Gebiet von Areny und den wiederhergestellten Pfaden, die Sie durch die Schlucht Barranco de la Mina de las Mu\u00f1ecas f\u00fchren, verbindet<strong>. Mit 1.200 positiven und 1.345 negativen H\u00f6henmetern<\/strong> werden Sie alle Arten von Gel\u00e4nde vorfinden: W\u00e4lder, felsige Gebiete und technischere Abschnitte, die Ihre Erfahrung mit Bergl\u00e4ufen auf die Probe stellen werden. Sind Sie bereit?<\/p>\t\t\t\t\t\t\t\t<\/div>\n\t\t\t\t<\/div>\n\t\t\t\t\t<\/div>\n\t\t<\/div>\n\t\t\t\t\t<\/div>\n\t\t<\/section>\n\t\t\t\t<section class=\"elementor-section elementor-top-section elementor-element elementor-element-cf24523 elementor-section-boxed elementor-section-height-default elementor-section-height-default\" data-id=\"cf24523\" data-element_type=\"section\" data-e-type=\"section\">\n\t\t\t\t\t\t<div class=\"elementor-container elementor-column-gap-default\">\n\t\t\t\t\t<div class=\"elementor-column elementor-col-33 elementor-top-column elementor-element elementor-element-252e636\" data-id=\"252e636\" data-element_type=\"column\" data-e-type=\"column\">\n\t\t\t<div class=\"elementor-widget-wrap elementor-element-populated\">\n\t\t\t\t\t\t<div class=\"elementor-element elementor-element-de1b474 elementor-widget elementor-widget-heading\" data-id=\"de1b474\" data-element_type=\"widget\" data-e-type=\"widget\" data-widget_type=\"heading.default\">\n\t\t\t\t<div class=\"elementor-widget-container\">\n\t\t\t\t\t<h3 class=\"elementor-heading-title elementor-size-default\">Kadetten<\/h3>\t\t\t\t<\/div>\n\t\t\t\t<\/div>\n\t\t\t\t<div class=\"elementor-element elementor-element-b2e9ae1 elementor-widget elementor-widget-text-editor\" data-id=\"b2e9ae1\" data-element_type=\"widget\" data-e-type=\"widget\" data-widget_type=\"text-editor.default\">\n\t\t\t\t<div class=\"elementor-widget-container\">\n\t\t\t\t\t\t\t\t\t<p>Wenn Sie gerade erst in die Welt der Bergl\u00e4ufe einsteigen und \u00fcber einen ausgepr\u00e4gten Wettkampfgeist verf\u00fcgen, ist diese exklusive Strecke f\u00fcr Kadetten Ihre Chance, zu gl\u00e4nzen. Mit <strong>10 Kilometern und 360 H\u00f6henmetern<\/strong> beginnen Sie mit einem schnellen Abschnitt, aber werden Sie nicht zu selbstsicher! Ab Kilometer 3 wird es dann ernst. Sie erklimmen den Roca del Pag\u00e8s, \u00fcberqueren die Crestas und laufen durch das Innere des Areny. Der Rundweg f\u00fchrt Sie auch an der Ermita de la Mare de D\u00e9u de la Roca und dem Barranco de la Mina de las Mu\u00f1ecas vorbei. K\u00f6nnen Sie sich vorstellen, mit diesem Juwel in die Saison zu starten?<\/p>\t\t\t\t\t\t\t\t<\/div>\n\t\t\t\t<\/div>\n\t\t\t\t\t<\/div>\n\t\t<\/div>\n\t\t\t\t<div class=\"elementor-column elementor-col-33 elementor-top-column elementor-element elementor-element-0fd6f1c\" data-id=\"0fd6f1c\" data-element_type=\"column\" data-e-type=\"column\">\n\t\t\t<div class=\"elementor-widget-wrap elementor-element-populated\">\n\t\t\t\t\t\t<div class=\"elementor-element elementor-element-4a3d5d1 elementor-widget elementor-widget-heading\" data-id=\"4a3d5d1\" data-element_type=\"widget\" data-e-type=\"widget\" data-widget_type=\"heading.default\">\n\t\t\t\t<div class=\"elementor-widget-container\">\n\t\t\t\t\t<h3 class=\"elementor-heading-title elementor-size-default\">Express<\/h3>\t\t\t\t<\/div>\n\t\t\t\t<\/div>\n\t\t\t\t<div class=\"elementor-element elementor-element-b398efe elementor-widget elementor-widget-text-editor\" data-id=\"b398efe\" data-element_type=\"widget\" data-e-type=\"widget\" data-widget_type=\"text-editor.default\">\n\t\t\t\t<div class=\"elementor-widget-container\">\n\t\t\t\t\t\t\t\t\t<p>Wenn kurze, aber intensive Rennen Ihr Ding sind, ist die Express-Kategorie wie f\u00fcr Sie gemacht. Auf <strong>14 Kilometern und 460 H\u00f6henmetern<\/strong> erwartet Sie ein schneller, aber anspruchsvoller Rundkurs mit vielen Anstiegen und Abstiegen, die Sie auf die Probe stellen werden. In diesem Jahr f\u00fchrt die Strecke \u00fcber die Crestas und den spektakul\u00e4ren Areny sowie auf einem letzten Abschnitt durch die Barranco de la Mina de las Mu\u00f1ecas. Egal, ob Sie gerade erst mit dem Berglauf beginnen oder ob Sie alles geben wollen, diese Strecke ist perfekt. Hier gibt es Adrenalin f\u00fcr jedes Niveau!<\/p>\t\t\t\t\t\t\t\t<\/div>\n\t\t\t\t<\/div>\n\t\t\t\t\t<\/div>\n\t\t<\/div>\n\t\t\t\t<div class=\"elementor-column elementor-col-33 elementor-top-column elementor-element elementor-element-160c8d6\" data-id=\"160c8d6\" data-element_type=\"column\" data-e-type=\"column\">\n\t\t\t<div class=\"elementor-widget-wrap elementor-element-populated\">\n\t\t\t\t\t\t<div class=\"elementor-element elementor-element-0ae1577 elementor-widget elementor-widget-heading\" data-id=\"0ae1577\" data-element_type=\"widget\" data-e-type=\"widget\" data-widget_type=\"heading.default\">\n\t\t\t\t<div class=\"elementor-widget-container\">\n\t\t\t\t\t<h3 class=\"elementor-heading-title elementor-size-default\">Wanderung<\/h3>\t\t\t\t<\/div>\n\t\t\t\t<\/div>\n\t\t\t\t<div class=\"elementor-element elementor-element-faa2854 elementor-widget elementor-widget-text-editor\" data-id=\"faa2854\" data-element_type=\"widget\" data-e-type=\"widget\" data-widget_type=\"text-editor.default\">\n\t\t\t\t<div class=\"elementor-widget-container\">\n\t\t\t\t\t\t\t\t\t<p>Wenn Sie die Landschaft lieber in einem gem\u00e4chlichen Tempo genie\u00dfen m\u00f6chten, ist die diesj\u00e4hrige Wanderung ideal f\u00fcr Sie. <strong>Auf 16 Kilometern geht es mehr bergab als bergauf<\/strong> &#8211; etwa 380 positive und 725 negative H\u00f6henmeter \u2013, wobei die Wanderung in dem sch\u00f6nen Dorf Colldejou beginnt und in Mont-roig del Camp endet.<\/p><p>Auf dem Weg dorthin wandern Sie auf magischen Pfaden, erklimmen die Gallina Cega und kommen an den Felsformationen vorbei, die Gaud\u00ed inspiriert haben, und genie\u00dfen die Burg von Escornalbou und die unglaubliche Aussicht, die sich Ihnen bietet. Wir sind sicher, dass Sie es lieben werden!<\/p>\t\t\t\t\t\t\t\t<\/div>\n\t\t\t\t<\/div>\n\t\t\t\t\t<\/div>\n\t\t<\/div>\n\t\t\t\t\t<\/div>\n\t\t<\/section>\n\t\t\t\t<section class=\"elementor-section elementor-top-section elementor-element elementor-element-3046ace elementor-section-boxed elementor-section-height-default elementor-section-height-default\" data-id=\"3046ace\" data-element_type=\"section\" data-e-type=\"section\">\n\t\t\t\t\t\t<div class=\"elementor-container elementor-column-gap-default\">\n\t\t\t\t\t<div class=\"elementor-column elementor-col-100 elementor-top-column elementor-element elementor-element-ec80a7a\" data-id=\"ec80a7a\" data-element_type=\"column\" data-e-type=\"column\">\n\t\t\t<div class=\"elementor-widget-wrap elementor-element-populated\">\n\t\t\t\t\t\t<div class=\"elementor-element elementor-element-e1ce2e8 elementor-cta--skin-cover elementor-cta--valign-bottom elementor-animated-content elementor-widget elementor-widget-call-to-action\" data-id=\"e1ce2e8\" data-element_type=\"widget\" data-e-type=\"widget\" data-widget_type=\"call-to-action.default\">\n\t\t\t\t<div class=\"elementor-widget-container\">\n\t\t\t\t\t\t\t<div class=\"elementor-cta\">\n\t\t\t\t\t<div class=\"elementor-cta__bg-wrapper\">\n\t\t\t\t<div class=\"elementor-cta__bg elementor-bg\" style=\"background-image: url(https:\/\/www.parque-montroig.com\/blog\/wp-content\/uploads\/2024\/12\/cursa4termes-1600x630.jpg);\" role=\"img\" aria-label=\"cursa4termes\"><\/div>\n\t\t\t\t<div class=\"elementor-cta__bg-overlay\"><\/div>\n\t\t\t<\/div>\n\t\t\t\t\t\t\t<div class=\"elementor-cta__content\">\n\t\t\t\t\n\t\t\t\t\n\t\t\t\t\n\t\t\t\t\t\t\t\t\t<div class=\"elementor-cta__button-wrapper elementor-cta__content-item elementor-content-item elementor-animated-item--grow\">\n\t\t\t\t\t<a class=\"elementor-cta__button elementor-button elementor-size-\" href=\"https:\/\/www.cursa4termes.com\/\" target=\"_blank\" rel=\"noopener\">\n\t\t\t\t\t\tCursa 4 Termes\t\t\t\t\t<\/a>\n\t\t\t\t\t<\/div>\n\t\t\t\t\t\t\t<\/div>\n\t\t\t\t\t\t<\/div>\n\t\t\t\t\t\t<\/div>\n\t\t\t\t<\/div>\n\t\t\t\t\t<\/div>\n\t\t<\/div>\n\t\t\t\t\t<\/div>\n\t\t<\/section>\n\t\t\t\t<section class=\"elementor-section elementor-top-section elementor-element elementor-element-7c46e19 elementor-section-boxed elementor-section-height-default elementor-section-height-default\" data-id=\"7c46e19\" data-element_type=\"section\" data-e-type=\"section\">\n\t\t\t\t\t\t<div class=\"elementor-container elementor-column-gap-default\">\n\t\t\t\t\t<div class=\"elementor-column elementor-col-100 elementor-top-column elementor-element elementor-element-c8d6c04\" data-id=\"c8d6c04\" data-element_type=\"column\" data-e-type=\"column\">\n\t\t\t<div class=\"elementor-widget-wrap elementor-element-populated\">\n\t\t\t\t\t\t<div class=\"elementor-element elementor-element-9898b31 elementor-widget elementor-widget-heading\" data-id=\"9898b31\" data-element_type=\"widget\" data-e-type=\"widget\" data-widget_type=\"heading.default\">\n\t\t\t\t<div class=\"elementor-widget-container\">\n\t\t\t\t\t<h2 class=\"elementor-heading-title elementor-size-default\">Tipps f\u00fcr die Teilnahme an der Cursa 4 Termes\n<\/h2>\t\t\t\t<\/div>\n\t\t\t\t<\/div>\n\t\t\t\t<div class=\"elementor-element elementor-element-223f249 elementor-widget elementor-widget-text-editor\" data-id=\"223f249\" data-element_type=\"widget\" data-e-type=\"widget\" data-widget_type=\"text-editor.default\">\n\t\t\t\t<div class=\"elementor-widget-container\">\n\t\t\t\t\t\t\t\t\t<p>Wenn Sie sich f\u00fcr die Cursa 4 Termes angemeldet haben, ist es an der Zeit, sich gut vorzubereiten! <strong>Trainieren Sie auf einem Gel\u00e4nde, das dem der Strecke \u00e4hnelt, um sich mit der Herausforderung vertraut zu machen, und vergessen Sie nicht, Ihre Ern\u00e4hrung in den Wochen vor dem Rennen anzupassen, um immer bessere Leistungen zu erzielen.<\/strong><\/p><p>Packen Sie Trailrunning-Schuhe mit gutem Halt und bequeme Kleidung ein, die dem wechselhaften Wetter im Februar angepasst ist. Und vor allem: Vermeiden Sie intensives Training in der letzten Woche und <strong>ruhen Sie sich vor dem gro\u00dfen Tag gut aus<\/strong>.<\/p><p>Und wenn Sie nicht zum Wettkampf kommen, machen Sie sich keine Sorgen<strong>, denn es gibt ein Begleitprogramm mit zahlreichen Aktivit\u00e4ten, damit auch Sie das Event in vollen Z\u00fcgen genie\u00dfen k\u00f6nnen<\/strong>. Es wird eine Sportmesse mit lokalen Produkten wie \u00d6len und S\u00fc\u00dfigkeiten geben, aber auch Wanderrouten zu symboltr\u00e4chtigen Orten wie der Ermita de la Mare de D\u00e9u de la Roca und Live-Shows mit katalanischer Musik, Workshops und Kinderspielen. Sie k\u00f6nnen auch den Mont-roig del Camp mit gef\u00fchrten Touren erkunden oder sich an einem seiner Aussichtspunkte entspannen.<\/p><p style=\"font-weight: 400;\">Die Cursa 4 Termes ist nicht nur ein Rennen, sie ist ein Erlebnis f\u00fcr jedermann. Sind Sie dabei?<\/p>\t\t\t\t\t\t\t\t<\/div>\n\t\t\t\t<\/div>\n\t\t\t\t\t<\/div>\n\t\t<\/div>\n\t\t\t\t\t<\/div>\n\t\t<\/section>\n\t\t\t\t<section class=\"elementor-section elementor-top-section elementor-element elementor-element-6235a471 elementor-section-boxed elementor-section-height-default elementor-section-height-default\" data-id=\"6235a471\" data-element_type=\"section\" data-e-type=\"section\">\n\t\t\t\t\t\t<div class=\"elementor-container elementor-column-gap-default\">\n\t\t\t\t\t<div class=\"elementor-column elementor-col-100 elementor-top-column elementor-element elementor-element-3f22e6ff\" data-id=\"3f22e6ff\" data-element_type=\"column\" data-e-type=\"column\">\n\t\t\t<div class=\"elementor-widget-wrap elementor-element-populated\">\n\t\t\t\t\t\t<div class=\"elementor-element elementor-element-51456ad7 elementor-widget elementor-widget-heading\" data-id=\"51456ad7\" data-element_type=\"widget\" data-e-type=\"widget\" data-widget_type=\"heading.default\">\n\t\t\t\t<div class=\"elementor-widget-container\">\n\t\t\t\t\t<h2 class=\"elementor-heading-title elementor-size-default\">Machen Sie mit oder besuchen Sie die Cursa 4 Termes\n<\/h2>\t\t\t\t<\/div>\n\t\t\t\t<\/div>\n\t\t\t\t<div class=\"elementor-element elementor-element-76c14b0b elementor-widget elementor-widget-text-editor\" data-id=\"76c14b0b\" data-element_type=\"widget\" data-e-type=\"widget\" data-widget_type=\"text-editor.default\">\n\t\t\t\t<div class=\"elementor-widget-container\">\n\t\t\t\t\t\t\t\t\t<p>La Cursa 4 Termes ist viel mehr als nur ein Rennen, es ist ein Fest, das auf das Jahr 2013 zur\u00fcckgeht und sich seitdem weiterentwickelt hat, ohne die Natur, die Tradition und den Sport zu vernachl\u00e4ssigen, und das wird auch 2025 nicht anders sein.<\/p><p><strong>Ganz gleich, ob Sie als L\u00e4ufer teilnehmen oder einfach nur die Atmosph\u00e4re genie\u00dfen wollen \u2013 um die Veranstaltung in vollen Z\u00fcgen genie\u00dfen zu k\u00f6nnen, m\u00fcssen Sie ausgeruht sein.<\/strong> Und das geht am besten, wenn Sie eine bequeme, saubere und komfortable Unterkunft haben, in der Sie sich vor und nach dem Rennen entspannen k\u00f6nnen.<\/p><p>Wir k\u00f6nnen zwar den Marathon nicht f\u00fcr Sie absolvieren, aber wir k\u00f6nnen Ihnen helfen, die perfekte Unterkunft zum Ausruhen zu finden. Werfen Sie einfach einen Blick auf unsere Website und buchen Sie die Unterkunft, die Ihnen am besten gef\u00e4llt.<\/p><p style=\"font-weight: 400;\">\u00dcberlegen Sie nicht lange! Merken Sie sich den Termin vor und machen Sie Ihre Turnschuhe bereit, denn die Ausgabe 2025 der Cursa 4 Termes erwartet Sie mit offenen Armen.<\/p>\t\t\t\t\t\t\t\t<\/div>\n\t\t\t\t<\/div>\n\t\t\t\t\t<\/div>\n\t\t<\/div>\n\t\t\t\t\t<\/div>\n\t\t<\/section>\n\t\t\t\t<section class=\"elementor-section elementor-top-section elementor-element elementor-element-aad8578 elementor-section-boxed elementor-section-height-default elementor-section-height-default\" data-id=\"aad8578\" data-element_type=\"section\" data-e-type=\"section\">\n\t\t\t\t\t\t<div class=\"elementor-container elementor-column-gap-default\">\n\t\t\t\t\t<div class=\"elementor-column elementor-col-33 elementor-top-column elementor-element elementor-element-71e6dce\" data-id=\"71e6dce\" data-element_type=\"column\" data-e-type=\"column\">\n\t\t\t<div class=\"elementor-widget-wrap elementor-element-populated\">\n\t\t\t\t\t\t<div class=\"elementor-element elementor-element-2d5d9353 elementor-cta--skin-cover elementor-cta--valign-bottom elementor-animated-content elementor-bg-transform elementor-bg-transform-zoom-in elementor-widget elementor-widget-call-to-action\" data-id=\"2d5d9353\" data-element_type=\"widget\" data-e-type=\"widget\" data-widget_type=\"call-to-action.default\">\n\t\t\t\t<div class=\"elementor-widget-container\">\n\t\t\t\t\t\t\t<div class=\"elementor-cta\">\n\t\t\t\t\t<div class=\"elementor-cta__bg-wrapper\">\n\t\t\t\t<div class=\"elementor-cta__bg elementor-bg\" style=\"background-image: url(https:\/\/www.parque-montroig.com\/blog\/wp-content\/uploads\/2023\/03\/parcmontroig-tiempo-clima-miami-playa-blog-600x630.jpg);\" role=\"img\" aria-label=\"Parc Montroig Tiempo Clima en Miami Playa\"><\/div>\n\t\t\t\t<div class=\"elementor-cta__bg-overlay\"><\/div>\n\t\t\t<\/div>\n\t\t\t\t\t\t\t<div class=\"elementor-cta__content\">\n\t\t\t\t\n\t\t\t\t\n\t\t\t\t\n\t\t\t\t\t\t\t\t\t<div class=\"elementor-cta__button-wrapper elementor-cta__content-item elementor-content-item elementor-animated-item--grow\">\n\t\t\t\t\t<a class=\"elementor-cta__button elementor-button elementor-size-\" href=\"https:\/\/www.parque-montroig.com\/de\/ferienwohnung-in-miami-playa\/\">\n\t\t\t\t\t\tMIAMI BEACH WOHNUNGEN\t\t\t\t\t<\/a>\n\t\t\t\t\t<\/div>\n\t\t\t\t\t\t\t<\/div>\n\t\t\t\t\t\t<\/div>\n\t\t\t\t\t\t<\/div>\n\t\t\t\t<\/div>\n\t\t\t\t\t<\/div>\n\t\t<\/div>\n\t\t\t\t<div class=\"elementor-column elementor-col-33 elementor-top-column elementor-element elementor-element-2ad51c83\" data-id=\"2ad51c83\" data-element_type=\"column\" data-e-type=\"column\">\n\t\t\t<div class=\"elementor-widget-wrap elementor-element-populated\">\n\t\t\t\t\t\t<div class=\"elementor-element elementor-element-66b4282e elementor-cta--skin-cover elementor-cta--valign-bottom elementor-animated-content elementor-bg-transform elementor-bg-transform-zoom-in elementor-widget elementor-widget-call-to-action\" data-id=\"66b4282e\" data-element_type=\"widget\" data-e-type=\"widget\" data-widget_type=\"call-to-action.default\">\n\t\t\t\t<div class=\"elementor-widget-container\">\n\t\t\t\t\t\t\t<div class=\"elementor-cta\">\n\t\t\t\t\t<div class=\"elementor-cta__bg-wrapper\">\n\t\t\t\t<div class=\"elementor-cta__bg elementor-bg\" style=\"background-image: url(https:\/\/www.parque-montroig.com\/blog\/wp-content\/uploads\/2023\/11\/apartamento-estel-vacaciones-costa-dorada-Cambrils-1800x630.jpg);\" role=\"img\" aria-label=\"apartamento estel vacaciones costa dorada Cambrils\"><\/div>\n\t\t\t\t<div class=\"elementor-cta__bg-overlay\"><\/div>\n\t\t\t<\/div>\n\t\t\t\t\t\t\t<div class=\"elementor-cta__content\">\n\t\t\t\t\n\t\t\t\t\n\t\t\t\t\n\t\t\t\t\t\t\t\t\t<div class=\"elementor-cta__button-wrapper elementor-cta__content-item elementor-content-item elementor-animated-item--grow\">\n\t\t\t\t\t<a class=\"elementor-cta__button elementor-button elementor-size-\" href=\"https:\/\/www.parque-montroig.com\/de\/vermietung\/ferienwohnungen-cambrils-c1d73\/\">\n\t\t\t\t\t\tWOHNUNGEN IN CAMBRILS\t\t\t\t\t<\/a>\n\t\t\t\t\t<\/div>\n\t\t\t\t\t\t\t<\/div>\n\t\t\t\t\t\t<\/div>\n\t\t\t\t\t\t<\/div>\n\t\t\t\t<\/div>\n\t\t\t\t\t<\/div>\n\t\t<\/div>\n\t\t\t\t<div class=\"elementor-column elementor-col-33 elementor-top-column elementor-element elementor-element-6e44d5c8\" data-id=\"6e44d5c8\" data-element_type=\"column\" data-e-type=\"column\">\n\t\t\t<div class=\"elementor-widget-wrap elementor-element-populated\">\n\t\t\t\t\t\t<div class=\"elementor-element elementor-element-363adf1f elementor-cta--skin-cover elementor-cta--valign-bottom elementor-animated-content elementor-bg-transform elementor-bg-transform-zoom-in elementor-widget elementor-widget-call-to-action\" data-id=\"363adf1f\" data-element_type=\"widget\" data-e-type=\"widget\" data-widget_type=\"call-to-action.default\">\n\t\t\t\t<div class=\"elementor-widget-container\">\n\t\t\t\t\t\t\t<div class=\"elementor-cta\">\n\t\t\t\t\t<div class=\"elementor-cta__bg-wrapper\">\n\t\t\t\t<div class=\"elementor-cta__bg elementor-bg\" style=\"background-image: url(https:\/\/www.parque-montroig.com\/blog\/wp-content\/uploads\/2023\/12\/apartamentos-con-piscina-en-la-Costa-Dorada-1920x630.jpeg);\" role=\"img\" aria-label=\"apartamentos con piscina en la Costa Dorada\"><\/div>\n\t\t\t\t<div class=\"elementor-cta__bg-overlay\"><\/div>\n\t\t\t<\/div>\n\t\t\t\t\t\t\t<div class=\"elementor-cta__content\">\n\t\t\t\t\n\t\t\t\t\n\t\t\t\t\n\t\t\t\t\t\t\t\t\t<div class=\"elementor-cta__button-wrapper elementor-cta__content-item elementor-content-item elementor-animated-item--grow\">\n\t\t\t\t\t<a class=\"elementor-cta__button elementor-button elementor-size-\" href=\"https:\/\/www.parque-montroig.com\/de\/vermietung\/zu-mieten-ferienwohnungen-c1\/\">\n\t\t\t\t\t\tVERMIETUNG COSTA DORADA\t\t\t\t\t<\/a>\n\t\t\t\t\t<\/div>\n\t\t\t\t\t\t\t<\/div>\n\t\t\t\t\t\t<\/div>\n\t\t\t\t\t\t<\/div>\n\t\t\t\t<\/div>\n\t\t\t\t\t<\/div>\n\t\t<\/div>\n\t\t\t\t\t<\/div>\n\t\t<\/section>\n\t\t\t\t<\/div>\n\t\t","protected":false},"excerpt":{"rendered":"<p>Entdecken Sie die Cursa 4 Termes, eine einzigartige Veranstaltung in Mont-roig del Camp Die Cursa 4 Termes ist viel mehr&#8230;<\/p>\n","protected":false},"author":3,"featured_media":5010,"comment_status":"open","ping_status":"closed","sticky":false,"template":"","format":"standard","meta":{"footnotes":""},"categories":[25],"tags":[],"class_list":["post-5115","post","type-post","status-publish","format-standard","has-post-thumbnail","hentry","category-la-costa-dorada-de"],"_links":{"self":[{"href":"https:\/\/www.parque-montroig.com\/blog\/de\/wp-json\/wp\/v2\/posts\/5115","targetHints":{"allow":["GET"]}}],"collection":[{"href":"https:\/\/www.parque-montroig.com\/blog\/de\/wp-json\/wp\/v2\/posts"}],"about":[{"href":"https:\/\/www.parque-montroig.com\/blog\/de\/wp-json\/wp\/v2\/types\/post"}],"author":[{"embeddable":true,"href":"https:\/\/www.parque-montroig.com\/blog\/de\/wp-json\/wp\/v2\/users\/3"}],"replies":[{"embeddable":true,"href":"https:\/\/www.parque-montroig.com\/blog\/de\/wp-json\/wp\/v2\/comments?post=5115"}],"version-history":[{"count":8,"href":"https:\/\/www.parque-montroig.com\/blog\/de\/wp-json\/wp\/v2\/posts\/5115\/revisions"}],"predecessor-version":[{"id":5134,"href":"https:\/\/www.parque-montroig.com\/blog\/de\/wp-json\/wp\/v2\/posts\/5115\/revisions\/5134"}],"wp:featuredmedia":[{"embeddable":true,"href":"https:\/\/www.parque-montroig.com\/blog\/de\/wp-json\/wp\/v2\/media\/5010"}],"wp:attachment":[{"href":"https:\/\/www.parque-montroig.com\/blog\/de\/wp-json\/wp\/v2\/media?parent=5115"}],"wp:term":[{"taxonomy":"category","embeddable":true,"href":"https:\/\/www.parque-montroig.com\/blog\/de\/wp-json\/wp\/v2\/categories?post=5115"},{"taxonomy":"post_tag","embeddable":true,"href":"https:\/\/www.parque-montroig.com\/blog\/de\/wp-json\/wp\/v2\/tags?post=5115"}],"curies":[{"name":"wp","href":"https:\/\/api.w.org\/{rel}","templated":true}]}}