{"id":5571,"date":"2023-06-13T17:56:53","date_gmt":"2023-06-13T15:56:53","guid":{"rendered":"https:\/\/www.parque-montroig.com\/blog\/?p=5571"},"modified":"2025-04-17T12:26:37","modified_gmt":"2025-04-17T10:26:37","slug":"entdecken-sie-das-naturschutzgebiet-llaberia-ein-paradies-in-terres-de-lebre","status":"publish","type":"post","link":"https:\/\/www.parque-montroig.com\/blog\/de\/entdecken-sie-das-naturschutzgebiet-llaberia-ein-paradies-in-terres-de-lebre\/","title":{"rendered":"Entdecken Sie das Naturschutzgebiet Llaberia, ein Paradies in Terres de l&#8217;Ebre"},"content":{"rendered":"\t\t<div data-elementor-type=\"wp-post\" data-elementor-id=\"5571\" class=\"elementor elementor-5571 elementor-2881\" data-elementor-post-type=\"post\">\n\t\t\t\t\t\t<section class=\"elementor-section elementor-top-section elementor-element elementor-element-2d24f7a1 elementor-section-boxed elementor-section-height-default elementor-section-height-default\" data-id=\"2d24f7a1\" data-element_type=\"section\" data-e-type=\"section\">\n\t\t\t\t\t\t<div class=\"elementor-container elementor-column-gap-default\">\n\t\t\t\t\t<div class=\"elementor-column elementor-col-100 elementor-top-column elementor-element elementor-element-1265dbd1\" data-id=\"1265dbd1\" data-element_type=\"column\" data-e-type=\"column\">\n\t\t\t<div class=\"elementor-widget-wrap elementor-element-populated\">\n\t\t\t\t\t\t<div class=\"elementor-element elementor-element-1e78d268 elementor-widget elementor-widget-heading\" data-id=\"1e78d268\" data-element_type=\"widget\" data-e-type=\"widget\" data-widget_type=\"heading.default\">\n\t\t\t\t<div class=\"elementor-widget-container\">\n\t\t\t\t\t<h2 class=\"elementor-heading-title elementor-size-default\">Kennen Sie das Naturschutzgebiet Llaberia? <\/h2>\t\t\t\t<\/div>\n\t\t\t\t<\/div>\n\t\t\t\t<div class=\"elementor-element elementor-element-27d96cb7 elementor-widget elementor-widget-text-editor\" data-id=\"27d96cb7\" data-element_type=\"widget\" data-e-type=\"widget\" data-widget_type=\"text-editor.default\">\n\t\t\t\t<div class=\"elementor-widget-container\">\n\t\t\t\t\t\t\t\t\t<p>An der Costa Dorada befinden sich einige der sch\u00f6nsten und spektakul\u00e4rsten Paradiese der Welt. Heute m\u00f6chten wir Ihnen dieses einzigartige Naturschutzgebiet vorstellen. Wir sind sicher, dass Sie ihn besuchen und sich in ihn verlieben werden.<\/p>\t\t\t\t\t\t\t\t<\/div>\n\t\t\t\t<\/div>\n\t\t\t\t\t<\/div>\n\t\t<\/div>\n\t\t\t\t\t<\/div>\n\t\t<\/section>\n\t\t\t\t<section class=\"elementor-section elementor-top-section elementor-element elementor-element-1072795 elementor-section-boxed elementor-section-height-default elementor-section-height-default\" data-id=\"1072795\" data-element_type=\"section\" data-e-type=\"section\">\n\t\t\t\t\t\t<div class=\"elementor-container elementor-column-gap-default\">\n\t\t\t\t\t<div class=\"elementor-column elementor-col-100 elementor-top-column elementor-element elementor-element-fdab343\" data-id=\"fdab343\" data-element_type=\"column\" data-e-type=\"column\">\n\t\t\t<div class=\"elementor-widget-wrap elementor-element-populated\">\n\t\t\t\t\t\t<div class=\"elementor-element elementor-element-212acd9 elementor-widget elementor-widget-heading\" data-id=\"212acd9\" data-element_type=\"widget\" data-e-type=\"widget\" data-widget_type=\"heading.default\">\n\t\t\t\t<div class=\"elementor-widget-container\">\n\t\t\t\t\t<h2 class=\"elementor-heading-title elementor-size-default\">Was ist das Naturreservat Llaberia und wo befindet es sich?<\/h2>\t\t\t\t<\/div>\n\t\t\t\t<\/div>\n\t\t\t\t<div class=\"elementor-element elementor-element-aa50dae elementor-widget elementor-widget-text-editor\" data-id=\"aa50dae\" data-element_type=\"widget\" data-e-type=\"widget\" data-widget_type=\"text-editor.default\">\n\t\t\t\t<div class=\"elementor-widget-container\">\n\t\t\t\t\t\t\t\t\t<span style=\"font-weight: 400;\">Seit die UNESCO die Terres de l&#8217;Ebre als einzigartigen nat\u00fcrlichen und menschlichen Raum der Welt anerkannt hat, zieht der internationale Qualit\u00e4tstourismus immer mehr Besucher an. Zwei Akteure, nur 30 Kilometer voneinander entfernt, sind die Hauptakteure: das Delta des Ebro und das Gebirgsmassiv Dels Ports.<\/span>\n\n<span style=\"font-weight: 400;\">Die Internationale Vereinigung <\/span><a href=\"https:\/\/www.greendestinations.org\/\" target=\"_blank\" rel=\"noopener\"><span style=\"font-weight: 400;\">Global Green Destinations<\/span><\/a><span style=\"font-weight: 400;\"> hat dieses Gebiet seit 2016 als <\/span><b>eines der 100 besten nachhaltigen Touristenziele der Welt<\/b><span style=\"font-weight: 400;\"> ausgezeichnet.<\/span>\n\n<span style=\"font-weight: 400;\">Aber es bleibt nicht nur bei diesen beiden einzigartigen \u00d6kosystemen. Viele andere gesch\u00fctzte Gebiete, wie <\/span><b>die Serra de Llaberia<\/b><span style=\"font-weight: 400;\">, vervollst\u00e4ndigen das Puzzle dieser gro\u00dfartigen Landschaftskarte mit Fauna, Flora und alten Br\u00e4uchen.<\/span>\n\t\t\t\t\t\t\t\t<\/div>\n\t\t\t\t<\/div>\n\t\t\t\t\t<\/div>\n\t\t<\/div>\n\t\t\t\t\t<\/div>\n\t\t<\/section>\n\t\t\t\t<section class=\"elementor-section elementor-top-section elementor-element elementor-element-a007f74 elementor-section-boxed elementor-section-height-default elementor-section-height-default\" data-id=\"a007f74\" data-element_type=\"section\" data-e-type=\"section\">\n\t\t\t\t\t\t<div class=\"elementor-container elementor-column-gap-default\">\n\t\t\t\t\t<div class=\"elementor-column elementor-col-50 elementor-top-column elementor-element elementor-element-a5e0d54\" data-id=\"a5e0d54\" data-element_type=\"column\" data-e-type=\"column\">\n\t\t\t<div class=\"elementor-widget-wrap elementor-element-populated\">\n\t\t\t\t\t\t<div class=\"elementor-element elementor-element-61439d6 elementor-widget elementor-widget-text-editor\" data-id=\"61439d6\" data-element_type=\"widget\" data-e-type=\"widget\" data-widget_type=\"text-editor.default\">\n\t\t\t\t<div class=\"elementor-widget-container\">\n\t\t\t\t\t\t\t\t\t<span style=\"background-color: transparent;\">Auch bekannt als die Serra de Seg\u00fas, ist die <\/span><b style=\"background-color: transparent;\">Sierra de Llaberia<\/b> <b style=\"background-color: transparent;\">ein gesch\u00fctztes Naturgebiet<\/b><span style=\"background-color: transparent;\">. Dieses Gebirgssystem ist von den Ausl\u00e4ufern der Prades im Norden, der K\u00fcste im Osten und den Gipfeln von Vandell\u00f3s und Tivissa im S\u00fcden umgeben. Schlie\u00dflich wird die Westgrenze durch den Fluss Ebro und den Priorat markiert.<\/span>\n\n<b>Ihre imposanten, steilen Reliefs<\/b><span style=\"font-weight: 400;\">, die Schluchten und die abrupten Felsen, pr\u00e4gen dieses Gebirgsmassiv, das aus der Sierra de Seg\u00fas, der von Montalt und der Mola de Colldejou besteht. Ihr Kalkstein hat zudem in den geologischen Formationen <\/span><b>zahlreiche H\u00f6hlen, Schachten und Grotten<\/b><span style=\"font-weight: 400;\"> hervorgebracht.<\/span>\n\n<span style=\"font-weight: 400;\">All diese wilden Merkmale und ihr zerkl\u00fcftetes Profil, mit Gipfeln von bis zu 1000 Metern, sind es, die <\/span><b>diesen Lebensraum \u00fcber Jahrhunderte hinweg nahezu unver\u00e4ndert bewahrt haben<\/b><span style=\"font-weight: 400;\">.<\/span>\n\t\t\t\t\t\t\t\t<\/div>\n\t\t\t\t<\/div>\n\t\t\t\t\t<\/div>\n\t\t<\/div>\n\t\t\t\t<div class=\"elementor-column elementor-col-50 elementor-top-column elementor-element elementor-element-344783a\" data-id=\"344783a\" data-element_type=\"column\" data-e-type=\"column\">\n\t\t\t<div class=\"elementor-widget-wrap elementor-element-populated\">\n\t\t\t\t\t\t<div class=\"elementor-element elementor-element-291a901 elementor-widget elementor-widget-image\" data-id=\"291a901\" data-element_type=\"widget\" data-e-type=\"widget\" data-widget_type=\"image.default\">\n\t\t\t\t<div class=\"elementor-widget-container\">\n\t\t\t\t\t\t\t\t\t\t\t\t\t\t\t<img fetchpriority=\"high\" decoding=\"async\" width=\"700\" height=\"400\" src=\"https:\/\/www.parque-montroig.com\/blog\/wp-content\/uploads\/2023\/06\/Rutas-por-Llaberia.jpg\" class=\"attachment-large size-large wp-image-2903\" alt=\"Rutas por Llaberia\" \/>\t\t\t\t\t\t\t\t\t\t\t\t\t\t\t<\/div>\n\t\t\t\t<\/div>\n\t\t\t\t\t<\/div>\n\t\t<\/div>\n\t\t\t\t\t<\/div>\n\t\t<\/section>\n\t\t\t\t<section class=\"elementor-section elementor-top-section elementor-element elementor-element-d2eab18 elementor-section-boxed elementor-section-height-default elementor-section-height-default\" data-id=\"d2eab18\" data-element_type=\"section\" data-e-type=\"section\">\n\t\t\t\t\t\t<div class=\"elementor-container elementor-column-gap-default\">\n\t\t\t\t\t<div class=\"elementor-column elementor-col-100 elementor-top-column elementor-element elementor-element-56e8a67\" data-id=\"56e8a67\" data-element_type=\"column\" data-e-type=\"column\">\n\t\t\t<div class=\"elementor-widget-wrap elementor-element-populated\">\n\t\t\t\t\t\t<div class=\"elementor-element elementor-element-c75dfa8 elementor-widget elementor-widget-heading\" data-id=\"c75dfa8\" data-element_type=\"widget\" data-e-type=\"widget\" data-widget_type=\"heading.default\">\n\t\t\t\t<div class=\"elementor-widget-container\">\n\t\t\t\t\t<h2 class=\"elementor-heading-title elementor-size-default\">Landschaften, Flora und Fauna des Naturschutzgebiets Serra Llaberia<\/h2>\t\t\t\t<\/div>\n\t\t\t\t<\/div>\n\t\t\t\t<div class=\"elementor-element elementor-element-5571298 elementor-widget elementor-widget-text-editor\" data-id=\"5571298\" data-element_type=\"widget\" data-e-type=\"widget\" data-widget_type=\"text-editor.default\">\n\t\t\t\t<div class=\"elementor-widget-container\">\n\t\t\t\t\t\t\t\t\t<p><span style=\"font-weight: 400;\">Die Landschaften, die die <\/span><b>sierra de Llaberia<\/b><span style=\"font-weight: 400;\"> bietet, sind einzigartig. Besonders zwischen den Jahreszeiten Herbst und Fr\u00fchling. Dann weht der Mistral, und die Ausblicke sind klarer. Ebenso kann man in diesen Jahreszeiten mehr Aktivit\u00e4t in der Fauna beobachten.<\/span><\/p><p><b style=\"background-color: transparent;\">Es gibt nur ein Dorf im Inneren<\/b><span style=\"background-color: transparent;\"> des gesch\u00fctzten Gebiets, Llaberia, das nur im Sommer bewohnt ist, aber es gibt zahlreiche l\u00e4ndliche Siedlungen, die in der Vergangenheit verwurzelt sind, die es umgeben. Es gibt viele Mas\u00edas und alle Arten traditioneller Bauwerke sowie die Fundst\u00e4tten iberischer Siedlungen.<\/span><\/p>\t\t\t\t\t\t\t\t<\/div>\n\t\t\t\t<\/div>\n\t\t\t\t\t<\/div>\n\t\t<\/div>\n\t\t\t\t\t<\/div>\n\t\t<\/section>\n\t\t\t\t<section class=\"elementor-section elementor-top-section elementor-element elementor-element-fdf4728 elementor-section-boxed elementor-section-height-default elementor-section-height-default\" data-id=\"fdf4728\" data-element_type=\"section\" data-e-type=\"section\">\n\t\t\t\t\t\t<div class=\"elementor-container elementor-column-gap-default\">\n\t\t\t\t\t<div class=\"elementor-column elementor-col-50 elementor-top-column elementor-element elementor-element-8f9eaab\" data-id=\"8f9eaab\" data-element_type=\"column\" data-e-type=\"column\">\n\t\t\t<div class=\"elementor-widget-wrap elementor-element-populated\">\n\t\t\t\t\t\t<div class=\"elementor-element elementor-element-587c6bb elementor-widget elementor-widget-image\" data-id=\"587c6bb\" data-element_type=\"widget\" data-e-type=\"widget\" data-widget_type=\"image.default\">\n\t\t\t\t<div class=\"elementor-widget-container\">\n\t\t\t\t\t\t\t\t\t\t\t\t\t\t\t<img decoding=\"async\" width=\"700\" height=\"400\" src=\"https:\/\/www.parque-montroig.com\/blog\/wp-content\/uploads\/2023\/06\/Senderismo-Serra-Llaberia.jpg\" class=\"attachment-large size-large wp-image-2907\" alt=\"Senderismo Serra Llaberia\" \/>\t\t\t\t\t\t\t\t\t\t\t\t\t\t\t<\/div>\n\t\t\t\t<\/div>\n\t\t\t\t\t<\/div>\n\t\t<\/div>\n\t\t\t\t<div class=\"elementor-column elementor-col-50 elementor-top-column elementor-element elementor-element-ba46a50\" data-id=\"ba46a50\" data-element_type=\"column\" data-e-type=\"column\">\n\t\t\t<div class=\"elementor-widget-wrap elementor-element-populated\">\n\t\t\t\t\t\t<div class=\"elementor-element elementor-element-8ad96af elementor-widget elementor-widget-text-editor\" data-id=\"8ad96af\" data-element_type=\"widget\" data-e-type=\"widget\" data-widget_type=\"text-editor.default\">\n\t\t\t\t<div class=\"elementor-widget-container\">\n\t\t\t\t\t\t\t\t\t<b style=\"background-color: transparent;\">Der Wald<\/b><span style=\"background-color: transparent;\">, urspr\u00fcnglich aus Eichen und Laubb\u00e4umen, hat sich durch Br\u00e4nde zu einer Vegetation entwickelt, die aus Eichenw\u00e4ldern, Kiefern, Rosmarin und Heide besteht. Dennoch sind Eichen und typische Flussbaumb\u00e4ume weiterhin verstreut. In den tiefer gelegenen Bereichen wechseln sich Olivenb\u00e4ume und Weinberge mit Anpflanzungen von Coscollo, Mastix und Kichererbsen ab.<\/span>\n\n<b style=\"background-color: transparent;\">V\u00f6gel<\/b><span style=\"background-color: transparent;\">, darunter der Specht und Raubv\u00f6gel wie Steinadler und Habichtadler sowie die Rotkopfraben, sind zahlreich. Auch Holzspechte, wie Meisen, Zaunk\u00f6nige, Kletterer, Meisen und Zwergh\u00fchner, fliegen durch die L\u00fcfte.<\/span>\n\n<b>Amphibien<\/b><span style=\"font-weight: 400;\"> endemischer Arten, wie der gr\u00fcne Frosch, der Totil oder der Punkt-Salamander, sind <\/span><b>die besondere Fauna<\/b><span style=\"font-weight: 400;\"> dieser Gegend. Ganz zu schweigen von den Reptilien. Die Bastard-Schlange, die Leiter-Schlange, die Hufeisen-Schlange und die Nasenotter begleiten den Smaragdeidechsen und die Mittelmeerschildkr\u00f6te.<\/span>\n\t\t\t\t\t\t\t\t<\/div>\n\t\t\t\t<\/div>\n\t\t\t\t\t<\/div>\n\t\t<\/div>\n\t\t\t\t\t<\/div>\n\t\t<\/section>\n\t\t\t\t<section class=\"elementor-section elementor-top-section elementor-element elementor-element-d940daf elementor-section-boxed elementor-section-height-default elementor-section-height-default\" data-id=\"d940daf\" data-element_type=\"section\" data-e-type=\"section\">\n\t\t\t\t\t\t<div class=\"elementor-container elementor-column-gap-default\">\n\t\t\t\t\t<div class=\"elementor-column elementor-col-100 elementor-top-column elementor-element elementor-element-b81c732\" data-id=\"b81c732\" data-element_type=\"column\" data-e-type=\"column\">\n\t\t\t<div class=\"elementor-widget-wrap elementor-element-populated\">\n\t\t\t\t\t\t<div class=\"elementor-element elementor-element-f41e5d2 elementor-widget elementor-widget-heading\" data-id=\"f41e5d2\" data-element_type=\"widget\" data-e-type=\"widget\" data-widget_type=\"heading.default\">\n\t\t\t\t<div class=\"elementor-widget-container\">\n\t\t\t\t\t<h2 class=\"elementor-heading-title elementor-size-default\">Aktivit\u00e4ten im Naturpark Llaberia und Wanderwege<\/h2>\t\t\t\t<\/div>\n\t\t\t\t<\/div>\n\t\t\t\t<div class=\"elementor-element elementor-element-ff0a996 elementor-widget elementor-widget-text-editor\" data-id=\"ff0a996\" data-element_type=\"widget\" data-e-type=\"widget\" data-widget_type=\"text-editor.default\">\n\t\t\t\t<div class=\"elementor-widget-container\">\n\t\t\t\t\t\t\t\t\t<span style=\"font-weight: 400;\">Die <\/span><b>Serra Llaberia<\/b><span style=\"font-weight: 400;\"> ist durch gut markierte Wege und Pfade durchzogen. Die meisten beginnen oder enden auf dem GR7 und bieten unterschiedliche Schwierigkeitsgrade. Trotz der verworrenen Landschaft ist das Risiko, sich zu verirren oder einen Zwischenfall zu haben, minimal.<\/span>\n\n<b>Die meisten dieser Routen kannst du zu Fu\u00df, mit dem Mountainbike oder zu Pferd<\/b><span style=\"font-weight: 400;\"> unternehmen, und viele von ihnen sind direkt mit den magischen Legenden dieses Gebiets verbunden. So kannst du den Spuren des Guerillak\u00e4mpfers Carrasclet folgen, die Festung der Torre de Rosanes entdecken oder mit dem Fahrrad durch die Schlucht der D\u00f2via fahren.<\/span>\n\n<span style=\"font-weight: 400;\">Aber eines der Hauptattraktionen f\u00fcr den Besucher im <\/span><b>Llaberia Naturreservat<\/b><span style=\"font-weight: 400;\"> ist die <\/span><b>Beobachtung der vielf\u00e4ltigen Vogelwelt<\/b><span style=\"font-weight: 400;\">, die sich ohne Scheu oder Angst zeigt. Kein Wunder, dass dies ihr Territorium ist und sie wenig zu bef\u00fcrchten haben von den wenigen Menschen, die dort auftauchen.<\/span>\n\n<b>Die Infrastrukturen des l\u00e4ndlichen und kulturellen Tourismus<\/b><span style=\"font-weight: 400;\"> sind in der Region zahlreich, mit thematischen Routen, Interpretationszentren und Museen. Diese Aktivit\u00e4ten geh\u00f6ren zusammen mit der vielf\u00e4ltigen Architektur, die von mittelalterlich \u00fcber Trockenstein bis hin zu modernistischen Herrenh\u00e4usern reicht, zu den gr\u00f6\u00dften Attraktionen. Und nat\u00fcrlich \u00fcberraschen die landwirtschaftlichen und tierischen Traditionen, insbesondere die Ziegenherden und die Weinproduktion, durch ihre Einzigartigkeit.<\/span>\n\t\t\t\t\t\t\t\t<\/div>\n\t\t\t\t<\/div>\n\t\t\t\t\t<\/div>\n\t\t<\/div>\n\t\t\t\t\t<\/div>\n\t\t<\/section>\n\t\t\t\t<section class=\"elementor-section elementor-top-section elementor-element elementor-element-16ac050 elementor-section-boxed elementor-section-height-default elementor-section-height-default\" data-id=\"16ac050\" data-element_type=\"section\" data-e-type=\"section\">\n\t\t\t\t\t\t<div class=\"elementor-container elementor-column-gap-default\">\n\t\t\t\t\t<div class=\"elementor-column elementor-col-100 elementor-top-column elementor-element elementor-element-49c80e8\" data-id=\"49c80e8\" data-element_type=\"column\" data-e-type=\"column\">\n\t\t\t<div class=\"elementor-widget-wrap elementor-element-populated\">\n\t\t\t\t\t\t<div class=\"elementor-element elementor-element-539d6b2 elementor-widget elementor-widget-image\" data-id=\"539d6b2\" data-element_type=\"widget\" data-e-type=\"widget\" data-widget_type=\"image.default\">\n\t\t\t\t<div class=\"elementor-widget-container\">\n\t\t\t\t\t\t\t\t\t\t\t\t\t\t\t<img decoding=\"async\" width=\"700\" height=\"400\" src=\"https:\/\/www.parque-montroig.com\/blog\/wp-content\/uploads\/2023\/06\/Rutas-en-bicicleta-Serra-Llaberia.jpg\" class=\"attachment-large size-large wp-image-2899\" alt=\"Rutas en bicicleta Serra Llaberia\" \/>\t\t\t\t\t\t\t\t\t\t\t\t\t\t\t<\/div>\n\t\t\t\t<\/div>\n\t\t\t\t\t<\/div>\n\t\t<\/div>\n\t\t\t\t\t<\/div>\n\t\t<\/section>\n\t\t\t\t<section class=\"elementor-section elementor-top-section elementor-element elementor-element-bb10052 elementor-section-boxed elementor-section-height-default elementor-section-height-default\" data-id=\"bb10052\" data-element_type=\"section\" data-e-type=\"section\">\n\t\t\t\t\t\t<div class=\"elementor-container elementor-column-gap-default\">\n\t\t\t\t\t<div class=\"elementor-column elementor-col-100 elementor-top-column elementor-element elementor-element-b14f91b\" data-id=\"b14f91b\" data-element_type=\"column\" data-e-type=\"column\">\n\t\t\t<div class=\"elementor-widget-wrap elementor-element-populated\">\n\t\t\t\t\t\t<div class=\"elementor-element elementor-element-5cc96ea elementor-widget elementor-widget-heading\" data-id=\"5cc96ea\" data-element_type=\"widget\" data-e-type=\"widget\" data-widget_type=\"heading.default\">\n\t\t\t\t<div class=\"elementor-widget-container\">\n\t\t\t\t\t<h2 class=\"elementor-heading-title elementor-size-default\">Besucherzentren, Picknickpl\u00e4tze oder andere Einrichtungen<\/h2>\t\t\t\t<\/div>\n\t\t\t\t<\/div>\n\t\t\t\t<div class=\"elementor-element elementor-element-8207b0d elementor-widget elementor-widget-text-editor\" data-id=\"8207b0d\" data-element_type=\"widget\" data-e-type=\"widget\" data-widget_type=\"text-editor.default\">\n\t\t\t\t<div class=\"elementor-widget-container\">\n\t\t\t\t\t\t\t\t\t<p><span style=\"font-weight: 400;\">In den umliegenden D\u00f6rfern wirst du ohne Schwierigkeit <\/span><a href=\"https:\/\/www.parque-montroig.com\/de\/vermietung\/vermietungen-mont-roig-del-camp-d235\/\"><span style=\"font-weight: 400;\">exzellente l\u00e4ndliche Unterk\u00fcnfte<\/span><\/a><b>. Der Konsortium der Serra de Llaberia, <\/b><span style=\"font-weight: 400;\">oder Seg\u00fas, verf\u00fcgt \u00fcber einen Empfangspunkt und Informationszentrum f\u00fcr Besucher. Innerhalb des gesch\u00fctzten Gebiets findest du auch Picknickpl\u00e4tze, Brunnen und perfekt markierte Routen.<\/span><\/p>\t\t\t\t\t\t\t\t<\/div>\n\t\t\t\t<\/div>\n\t\t\t\t\t<\/div>\n\t\t<\/div>\n\t\t\t\t\t<\/div>\n\t\t<\/section>\n\t\t\t\t<section class=\"elementor-section elementor-top-section elementor-element elementor-element-e202307 elementor-section-boxed elementor-section-height-default elementor-section-height-default\" data-id=\"e202307\" data-element_type=\"section\" data-e-type=\"section\">\n\t\t\t\t\t\t<div class=\"elementor-container elementor-column-gap-default\">\n\t\t\t\t\t<div class=\"elementor-column elementor-col-100 elementor-top-column elementor-element elementor-element-1fd5dfd\" data-id=\"1fd5dfd\" data-element_type=\"column\" data-e-type=\"column\">\n\t\t\t<div class=\"elementor-widget-wrap elementor-element-populated\">\n\t\t\t\t\t\t<div class=\"elementor-element elementor-element-7372c0e elementor-widget elementor-widget-heading\" data-id=\"7372c0e\" data-element_type=\"widget\" data-e-type=\"widget\" data-widget_type=\"heading.default\">\n\t\t\t\t<div class=\"elementor-widget-container\">\n\t\t\t\t\t<h2 class=\"elementor-heading-title elementor-size-default\">Unterk\u00fcnfte in der N\u00e4he des Naturschutzgebietes Llaberia<\/h2>\t\t\t\t<\/div>\n\t\t\t\t<\/div>\n\t\t\t\t\t<\/div>\n\t\t<\/div>\n\t\t\t\t\t<\/div>\n\t\t<\/section>\n\t\t\t\t<section class=\"elementor-section elementor-top-section elementor-element elementor-element-a5bd0b6 elementor-section-boxed elementor-section-height-default elementor-section-height-default\" data-id=\"a5bd0b6\" data-element_type=\"section\" data-e-type=\"section\">\n\t\t\t\t\t\t<div class=\"elementor-container elementor-column-gap-default\">\n\t\t\t\t\t<div class=\"elementor-column elementor-col-100 elementor-top-column elementor-element elementor-element-c5636c2\" data-id=\"c5636c2\" data-element_type=\"column\" data-e-type=\"column\">\n\t\t\t<div class=\"elementor-widget-wrap elementor-element-populated\">\n\t\t\t\t\t\t<div class=\"elementor-element elementor-element-eb14bfe elementor-widget elementor-widget-grid\" data-id=\"eb14bfe\" data-element_type=\"widget\" data-e-type=\"widget\" data-widget_type=\"grid.default\">\n\t\t\t\t<div class=\"elementor-widget-container\">\n\t\t\t\t\t\t\t<div class=\"its--row alojamientos-recomendados\">\n\n\t\t\t<div class=\"alojamientos-recomendados-container\">\n\n\t\t\t\t\t\n\t\t\t\t\t<a href=\"https:\/\/www.parque-montroig.com\/de\/vermietung\/ferienwohnung-miami-playa-villa-adriana-b-a102-parc-mont-roig-118447.html\" rel=\"nofollow\" style=\"width: 23%;\">\n\t\t\t\t\t\t<div class=\"apartamento-box\">\n\t\t\t\t\t\t\t<div class=\"imagen_recomendados\">\n\t\t\t\t\t\t\t\t<img decoding=\"async\" src=\"https:\/\/crs.avantio.com\/fotos\/2\/1389802966e221970aa95b6dbf2468eb87f3a8333a\/big1463581999c3e3dfd9c55e17479baa40d4c8cb5ad4.jpg\" alt=\"Villa Adriana B A102, apartamento en Parc Mont-roig \">\n\t\t\t\t\t\t\t<\/div>\n\t\t\t\t\t\t\t<div class=\"info\">\n\t\t\t\t\t\t\t\t<div class=\"ubicacion\">\n\t\t\t\t\t\t\t\t\t<i class=\"fa-solid fa-location-dot icono-mapa\"><\/i><span class=\"ubicacion-texto\">Miami Playa - Tarragona Provinz<\/span>\n\t\t\t\t\t\t\t\t<\/div>\n\t\t\t\t\t\t\t\t<H4 class=\"titulo-alojamiento\">\n\t\t\t\t\t\t\t\t\tVilla Adriana B A102, apartamento en Parc Mont-roig \t\t\t\t\t\t\t\t<\/H4>\n\t\t\t\t\t\t\t\t<p class=\"precio-alojamiento\">Aus <span class=\"precio\">48.00\u20ac<\/span> pro Nacht<\/p>\n\t\t\t\t\t\t\t<\/div>\n\t\t\t\t\t\t<\/div>\n\t\t\t\t\t<\/a> \n\t\t\t\t\t\t\n\t\t\t\t\t<a href=\"https:\/\/www.parque-montroig.com\/de\/vermietung\/ferienwohnung-miami-playa-villa-adriana-c-a204-parc-mont-roig-118450.html\" rel=\"nofollow\" style=\"width: 23%;\">\n\t\t\t\t\t\t<div class=\"apartamento-box\">\n\t\t\t\t\t\t\t<div class=\"imagen_recomendados\">\n\t\t\t\t\t\t\t\t<img decoding=\"async\" src=\"https:\/\/crs.avantio.com\/fotos\/2\/13898037114109857b841d3d4e09ed4aeb0d804cbb\/big171325913594af6aeecf00849481d5bef9800ca8d4.jpg\" alt=\"Villa Adriana C 204, apartamento en Parc Mont-roig\">\n\t\t\t\t\t\t\t<\/div>\n\t\t\t\t\t\t\t<div class=\"info\">\n\t\t\t\t\t\t\t\t<div class=\"ubicacion\">\n\t\t\t\t\t\t\t\t\t<i class=\"fa-solid fa-location-dot icono-mapa\"><\/i><span class=\"ubicacion-texto\">Miami Playa - Tarragona Provinz<\/span>\n\t\t\t\t\t\t\t\t<\/div>\n\t\t\t\t\t\t\t\t<H4 class=\"titulo-alojamiento\">\n\t\t\t\t\t\t\t\t\tVilla Adriana C 204, apartamento en Parc Mont-roig\t\t\t\t\t\t\t\t<\/H4>\n\t\t\t\t\t\t\t\t<p class=\"precio-alojamiento\">Aus <span class=\"precio\">52.00\u20ac<\/span> pro Nacht<\/p>\n\t\t\t\t\t\t\t<\/div>\n\t\t\t\t\t\t<\/div>\n\t\t\t\t\t<\/a> \n\t\t\t\t\t\t\n\t\t\t\t\t<a href=\"https:\/\/www.parque-montroig.com\/de\/vermietung\/ferienwohnung-miami-playa-guardamar-124677.html\" rel=\"nofollow\" style=\"width: 23%;\">\n\t\t\t\t\t\t<div class=\"apartamento-box\">\n\t\t\t\t\t\t\t<div class=\"imagen_recomendados\">\n\t\t\t\t\t\t\t\t<img decoding=\"async\" src=\"https:\/\/crs.avantio.com\/fotos\/2\/1404491475d566722c023319637f82665e3afd8ee4\/big17133658870375c709a74f90abb2f03ebec71daa6b.jpg\" alt=\"\">\n\t\t\t\t\t\t\t<\/div>\n\t\t\t\t\t\t\t<div class=\"info\">\n\t\t\t\t\t\t\t\t<div class=\"ubicacion\">\n\t\t\t\t\t\t\t\t\t<i class=\"fa-solid fa-location-dot icono-mapa\"><\/i><span class=\"ubicacion-texto\">Miami Playa - Tarragona Provinz<\/span>\n\t\t\t\t\t\t\t\t<\/div>\n\t\t\t\t\t\t\t\t<H4 class=\"titulo-alojamiento\">\n\t\t\t\t\t\t\t\t\t\t\t\t\t\t\t\t\t<\/H4>\n\t\t\t\t\t\t\t\t<p class=\"precio-alojamiento\">Aus <span class=\"precio\">64.75\u20ac<\/span> pro Nacht<\/p>\n\t\t\t\t\t\t\t<\/div>\n\t\t\t\t\t\t<\/div>\n\t\t\t\t\t<\/a> \n\t\t\t\t\t\t\n\t\t\t\t\t<a href=\"https:\/\/www.parque-montroig.com\/de\/vermietung\/ferienhaus-miami-playa-casa-chiqui-miami-playa-126245.html\" rel=\"nofollow\" style=\"width: 23%;\">\n\t\t\t\t\t\t<div class=\"apartamento-box\">\n\t\t\t\t\t\t\t<div class=\"imagen_recomendados\">\n\t\t\t\t\t\t\t\t<img decoding=\"async\" src=\"https:\/\/crs.avantio.com\/fotos\/2\/1411119748de32476ede9cd0073ba17a4a966ad54d\/big14593490468d5f00d58af339e36c97251dccb95332.jpg\" alt=\"Casa Chiqui, Costa Zefir\">\n\t\t\t\t\t\t\t<\/div>\n\t\t\t\t\t\t\t<div class=\"info\">\n\t\t\t\t\t\t\t\t<div class=\"ubicacion\">\n\t\t\t\t\t\t\t\t\t<i class=\"fa-solid fa-location-dot icono-mapa\"><\/i><span class=\"ubicacion-texto\">Miami Playa - Tarragona Provinz<\/span>\n\t\t\t\t\t\t\t\t<\/div>\n\t\t\t\t\t\t\t\t<H4 class=\"titulo-alojamiento\">\n\t\t\t\t\t\t\t\t\tCasa Chiqui, Costa Zefir\t\t\t\t\t\t\t\t<\/H4>\n\t\t\t\t\t\t\t\t<p class=\"precio-alojamiento\">Aus <span class=\"precio\">50.00\u20ac<\/span> pro Nacht<\/p>\n\t\t\t\t\t\t\t<\/div>\n\t\t\t\t\t\t<\/div>\n\t\t\t\t\t<\/a> \n\t\t\t\t\t\t\t\t<\/div>\n\t\t\t<\/div>\n\t\t\t\t\t\t<\/div>\n\t\t\t\t<\/div>\n\t\t\t\t\t<\/div>\n\t\t<\/div>\n\t\t\t\t\t<\/div>\n\t\t<\/section>\n\t\t\t\t<section class=\"elementor-section elementor-top-section elementor-element elementor-element-8fc6fc8 elementor-section-boxed elementor-section-height-default elementor-section-height-default\" data-id=\"8fc6fc8\" data-element_type=\"section\" data-e-type=\"section\">\n\t\t\t\t\t\t<div class=\"elementor-container elementor-column-gap-default\">\n\t\t\t\t\t<div class=\"elementor-column elementor-col-100 elementor-top-column elementor-element elementor-element-b35d420\" data-id=\"b35d420\" data-element_type=\"column\" data-e-type=\"column\">\n\t\t\t<div class=\"elementor-widget-wrap elementor-element-populated\">\n\t\t\t\t\t\t<div class=\"elementor-element elementor-element-a5cb03f elementor-widget elementor-widget-heading\" data-id=\"a5cb03f\" data-element_type=\"widget\" data-e-type=\"widget\" data-widget_type=\"heading.default\">\n\t\t\t\t<div class=\"elementor-widget-container\">\n\t\t\t\t\t<h2 class=\"elementor-heading-title elementor-size-default\">Unterkunft in Cambrils<\/h2>\t\t\t\t<\/div>\n\t\t\t\t<\/div>\n\t\t\t\t\t<\/div>\n\t\t<\/div>\n\t\t\t\t\t<\/div>\n\t\t<\/section>\n\t\t\t\t<section class=\"elementor-section elementor-top-section elementor-element elementor-element-65e4393 elementor-section-boxed elementor-section-height-default elementor-section-height-default\" data-id=\"65e4393\" data-element_type=\"section\" data-e-type=\"section\">\n\t\t\t\t\t\t<div class=\"elementor-container elementor-column-gap-default\">\n\t\t\t\t\t<div class=\"elementor-column elementor-col-100 elementor-top-column elementor-element elementor-element-0f83959\" data-id=\"0f83959\" data-element_type=\"column\" data-e-type=\"column\">\n\t\t\t<div class=\"elementor-widget-wrap elementor-element-populated\">\n\t\t\t\t\t\t<div class=\"elementor-element elementor-element-d3a67c8 elementor-widget elementor-widget-grid\" data-id=\"d3a67c8\" data-element_type=\"widget\" data-e-type=\"widget\" data-widget_type=\"grid.default\">\n\t\t\t\t<div class=\"elementor-widget-container\">\n\t\t\t\t\t\t\t<div class=\"its--row alojamientos-recomendados\">\n\n\t\t\t<div class=\"alojamientos-recomendados-container\">\n\n\t\t\t\t\t\n\t\t\t\t\t<a href=\"https:\/\/www.parque-montroig.com\/de\/vermietung\/ferienwohnung-cambrils-tropicana-bjs-d-101394.html\" rel=\"nofollow\" style=\"width: 23%;\">\n\t\t\t\t\t\t<div class=\"apartamento-box\">\n\t\t\t\t\t\t\t<div class=\"imagen_recomendados\">\n\t\t\t\t\t\t\t\t<img decoding=\"async\" src=\"https:\/\/crs.avantio.com\/fotos\/1345570209c29af26a6c148129e4a00b480c06815b\/big16262511697c813044a2c62fa6780462a88d09c867.jpg\" alt=\"\">\n\t\t\t\t\t\t\t<\/div>\n\t\t\t\t\t\t\t<div class=\"info\">\n\t\t\t\t\t\t\t\t<div class=\"ubicacion\">\n\t\t\t\t\t\t\t\t\t<i class=\"fa-solid fa-location-dot icono-mapa\"><\/i><span class=\"ubicacion-texto\">Cambrils - Tarragona Provinz<\/span>\n\t\t\t\t\t\t\t\t<\/div>\n\t\t\t\t\t\t\t\t<H4 class=\"titulo-alojamiento\">\n\t\t\t\t\t\t\t\t\t\t\t\t\t\t\t\t\t<\/H4>\n\t\t\t\t\t\t\t\t<p class=\"precio-alojamiento\">Aus <span class=\"precio\">70.00\u20ac<\/span> pro Nacht<\/p>\n\t\t\t\t\t\t\t<\/div>\n\t\t\t\t\t\t<\/div>\n\t\t\t\t\t<\/a> \n\t\t\t\t\t\t\n\t\t\t\t\t<a href=\"https:\/\/www.parque-montroig.com\/de\/vermietung\/villa-cambrils-villa-gladiols-cambrils-102853.html\" rel=\"nofollow\" style=\"width: 23%;\">\n\t\t\t\t\t\t<div class=\"apartamento-box\">\n\t\t\t\t\t\t\t<div class=\"imagen_recomendados\">\n\t\t\t\t\t\t\t\t<img decoding=\"async\" src=\"https:\/\/crs.avantio.com\/fotos\/13494321243666bb0111329632f5af70b0946fd9e8\/big1774880807ddaa794a593279483c5dc4e83b199103.jpg\" alt=\"Villa Gladiols, La Llosa - Cambrils\">\n\t\t\t\t\t\t\t<\/div>\n\t\t\t\t\t\t\t<div class=\"info\">\n\t\t\t\t\t\t\t\t<div class=\"ubicacion\">\n\t\t\t\t\t\t\t\t\t<i class=\"fa-solid fa-location-dot icono-mapa\"><\/i><span class=\"ubicacion-texto\">Cambrils - Tarragona Provinz<\/span>\n\t\t\t\t\t\t\t\t<\/div>\n\t\t\t\t\t\t\t\t<H4 class=\"titulo-alojamiento\">\n\t\t\t\t\t\t\t\t\tVilla Gladiols, La Llosa - Cambrils\t\t\t\t\t\t\t\t<\/H4>\n\t\t\t\t\t\t\t\t<p class=\"precio-alojamiento\">Aus <span class=\"precio\">229.00\u20ac<\/span> pro Nacht<\/p>\n\t\t\t\t\t\t\t<\/div>\n\t\t\t\t\t\t<\/div>\n\t\t\t\t\t<\/a> \n\t\t\t\t\t\t\n\t\t\t\t\t<a href=\"https:\/\/www.parque-montroig.com\/de\/vermietung\/ferienhaus-cambrils-villa-magnolia-105095.html\" rel=\"nofollow\" style=\"width: 23%;\">\n\t\t\t\t\t\t<div class=\"apartamento-box\">\n\t\t\t\t\t\t\t<div class=\"imagen_recomendados\">\n\t\t\t\t\t\t\t\t<img decoding=\"async\" src=\"https:\/\/crs.avantio.com\/fotos\/1353949870f41923f17dae16e76da30505d3e0aa3b\/big1625298650d667f3d149accf88bf74e8d8c1e97c08.jpg\" alt=\"\">\n\t\t\t\t\t\t\t<\/div>\n\t\t\t\t\t\t\t<div class=\"info\">\n\t\t\t\t\t\t\t\t<div class=\"ubicacion\">\n\t\t\t\t\t\t\t\t\t<i class=\"fa-solid fa-location-dot icono-mapa\"><\/i><span class=\"ubicacion-texto\">Cambrils - Tarragona Provinz<\/span>\n\t\t\t\t\t\t\t\t<\/div>\n\t\t\t\t\t\t\t\t<H4 class=\"titulo-alojamiento\">\n\t\t\t\t\t\t\t\t\t\t\t\t\t\t\t\t\t<\/H4>\n\t\t\t\t\t\t\t\t<p class=\"precio-alojamiento\">Aus <span class=\"precio\">100.00\u20ac<\/span> pro Nacht<\/p>\n\t\t\t\t\t\t\t<\/div>\n\t\t\t\t\t\t<\/div>\n\t\t\t\t\t<\/a> \n\t\t\t\t\t\t\n\t\t\t\t\t<a href=\"https:\/\/www.parque-montroig.com\/de\/vermietung\/ferienwohnung-cambrils-itxas-lur-106590.html\" rel=\"nofollow\" style=\"width: 23%;\">\n\t\t\t\t\t\t<div class=\"apartamento-box\">\n\t\t\t\t\t\t\t<div class=\"imagen_recomendados\">\n\t\t\t\t\t\t\t\t<img decoding=\"async\" src=\"https:\/\/crs.avantio.com\/fotos\/1358351208754ca987d409466e96977c6327b46a7e\/big17513918498dd20347a5b7455c5b1fdee32c7a5a13.jpg\" alt=\"\">\n\t\t\t\t\t\t\t<\/div>\n\t\t\t\t\t\t\t<div class=\"info\">\n\t\t\t\t\t\t\t\t<div class=\"ubicacion\">\n\t\t\t\t\t\t\t\t\t<i class=\"fa-solid fa-location-dot icono-mapa\"><\/i><span class=\"ubicacion-texto\">Cambrils - Tarragona Provinz<\/span>\n\t\t\t\t\t\t\t\t<\/div>\n\t\t\t\t\t\t\t\t<H4 class=\"titulo-alojamiento\">\n\t\t\t\t\t\t\t\t\t\t\t\t\t\t\t\t\t<\/H4>\n\t\t\t\t\t\t\t\t<p class=\"precio-alojamiento\">Aus <span class=\"precio\">65.00\u20ac<\/span> pro Nacht<\/p>\n\t\t\t\t\t\t\t<\/div>\n\t\t\t\t\t\t<\/div>\n\t\t\t\t\t<\/a> \n\t\t\t\t\t\t\t\t<\/div>\n\t\t\t<\/div>\n\t\t\t\t\t\t<\/div>\n\t\t\t\t<\/div>\n\t\t\t\t\t<\/div>\n\t\t<\/div>\n\t\t\t\t\t<\/div>\n\t\t<\/section>\n\t\t\t\t<section class=\"elementor-section elementor-top-section elementor-element elementor-element-34effca elementor-section-boxed elementor-section-height-default elementor-section-height-default\" data-id=\"34effca\" data-element_type=\"section\" data-e-type=\"section\">\n\t\t\t\t\t\t<div class=\"elementor-container elementor-column-gap-default\">\n\t\t\t\t\t<div class=\"elementor-column elementor-col-100 elementor-top-column elementor-element elementor-element-5254310\" data-id=\"5254310\" data-element_type=\"column\" data-e-type=\"column\">\n\t\t\t<div class=\"elementor-widget-wrap elementor-element-populated\">\n\t\t\t\t\t\t<div class=\"elementor-element elementor-element-7706582 elementor-widget elementor-widget-heading\" data-id=\"7706582\" data-element_type=\"widget\" data-e-type=\"widget\" data-widget_type=\"heading.default\">\n\t\t\t\t<div class=\"elementor-widget-container\">\n\t\t\t\t\t<h2 class=\"elementor-heading-title elementor-size-default\">Planen Sie Ihren Aufenthalt und entdecken Sie diese einzigartige Umgebung.<\/h2>\t\t\t\t<\/div>\n\t\t\t\t<\/div>\n\t\t\t\t<div class=\"elementor-element elementor-element-82a81b4 elementor-widget elementor-widget-text-editor\" data-id=\"82a81b4\" data-element_type=\"widget\" data-e-type=\"widget\" data-widget_type=\"text-editor.default\">\n\t\t\t\t<div class=\"elementor-widget-container\">\n\t\t\t\t\t\t\t\t\t<p>Wir wissen, dass Sie den <strong>Naturpark Llaberia<\/strong> nicht mehr verlassen wollen, wenn Sie sich f\u00fcr einen Besuch entscheiden. Aus diesem Grund empfehlen wir Ihnen, Ihren Aufenthalt in unserer Unterkunft in der N\u00e4he des Naturschutzgebietes unverz\u00fcglich zu planen. Besuchen Sie unsere Unterkunft in Playa Miami und genie\u00dfen Sie die Natur in ihrer Gesamtheit sowie eine Gegend mit herrlichen Str\u00e4nden.<\/p>\t\t\t\t\t\t\t\t<\/div>\n\t\t\t\t<\/div>\n\t\t\t\t\t<\/div>\n\t\t<\/div>\n\t\t\t\t\t<\/div>\n\t\t<\/section>\n\t\t\t\t<section class=\"elementor-section elementor-top-section elementor-element elementor-element-3765ae35 elementor-section-boxed elementor-section-height-default elementor-section-height-default\" data-id=\"3765ae35\" data-element_type=\"section\" data-e-type=\"section\">\n\t\t\t\t\t\t<div class=\"elementor-container elementor-column-gap-default\">\n\t\t\t\t\t<div class=\"elementor-column elementor-col-33 elementor-top-column elementor-element elementor-element-11c2f8c0\" data-id=\"11c2f8c0\" data-element_type=\"column\" data-e-type=\"column\">\n\t\t\t<div class=\"elementor-widget-wrap elementor-element-populated\">\n\t\t\t\t\t\t<div class=\"elementor-element elementor-element-39d1c160 elementor-cta--skin-cover elementor-cta--valign-bottom elementor-animated-content elementor-bg-transform elementor-bg-transform-zoom-in elementor-widget elementor-widget-call-to-action\" data-id=\"39d1c160\" data-element_type=\"widget\" data-e-type=\"widget\" data-widget_type=\"call-to-action.default\">\n\t\t\t\t<div class=\"elementor-widget-container\">\n\t\t\t\t\t\t\t<div class=\"elementor-cta\">\n\t\t\t\t\t<div class=\"elementor-cta__bg-wrapper\">\n\t\t\t\t<div class=\"elementor-cta__bg elementor-bg\" style=\"background-image: url(https:\/\/www.parque-montroig.com\/blog\/wp-content\/uploads\/2023\/03\/parcmontroig-tiempo-clima-miami-playa-blog-600x630.jpg);\" role=\"img\" aria-label=\"Parc Montroig Tiempo Clima en Miami Playa\"><\/div>\n\t\t\t\t<div class=\"elementor-cta__bg-overlay\"><\/div>\n\t\t\t<\/div>\n\t\t\t\t\t\t\t<div class=\"elementor-cta__content\">\n\t\t\t\t\n\t\t\t\t\n\t\t\t\t\n\t\t\t\t\t\t\t\t\t<div class=\"elementor-cta__button-wrapper elementor-cta__content-item elementor-content-item elementor-animated-item--grow\">\n\t\t\t\t\t<a class=\"elementor-cta__button elementor-button elementor-size-\" href=\"https:\/\/www.parque-montroig.com\/de\/ferienwohnung-in-miami-playa\/\">\n\t\t\t\t\t\tMIAMI BEACH WOHNUNGEN\t\t\t\t\t<\/a>\n\t\t\t\t\t<\/div>\n\t\t\t\t\t\t\t<\/div>\n\t\t\t\t\t\t<\/div>\n\t\t\t\t\t\t<\/div>\n\t\t\t\t<\/div>\n\t\t\t\t\t<\/div>\n\t\t<\/div>\n\t\t\t\t<div class=\"elementor-column elementor-col-33 elementor-top-column elementor-element elementor-element-7032d051\" data-id=\"7032d051\" data-element_type=\"column\" data-e-type=\"column\">\n\t\t\t<div class=\"elementor-widget-wrap elementor-element-populated\">\n\t\t\t\t\t\t<div class=\"elementor-element elementor-element-45788ac4 elementor-cta--skin-cover elementor-cta--valign-bottom elementor-animated-content elementor-bg-transform elementor-bg-transform-zoom-in elementor-widget elementor-widget-call-to-action\" data-id=\"45788ac4\" data-element_type=\"widget\" data-e-type=\"widget\" data-widget_type=\"call-to-action.default\">\n\t\t\t\t<div class=\"elementor-widget-container\">\n\t\t\t\t\t\t\t<div class=\"elementor-cta\">\n\t\t\t\t\t<div class=\"elementor-cta__bg-wrapper\">\n\t\t\t\t<div class=\"elementor-cta__bg elementor-bg\" style=\"background-image: url(https:\/\/www.parque-montroig.com\/blog\/wp-content\/uploads\/2023\/11\/apartamento-estel-vacaciones-costa-dorada-Cambrils-1800x630.jpg);\" role=\"img\" aria-label=\"apartamento estel vacaciones costa dorada Cambrils\"><\/div>\n\t\t\t\t<div class=\"elementor-cta__bg-overlay\"><\/div>\n\t\t\t<\/div>\n\t\t\t\t\t\t\t<div class=\"elementor-cta__content\">\n\t\t\t\t\n\t\t\t\t\n\t\t\t\t\n\t\t\t\t\t\t\t\t\t<div class=\"elementor-cta__button-wrapper elementor-cta__content-item elementor-content-item elementor-animated-item--grow\">\n\t\t\t\t\t<a class=\"elementor-cta__button elementor-button elementor-size-\" href=\"https:\/\/www.parque-montroig.com\/de\/vermietung\/ferienwohnungen-cambrils-c1d73\/\">\n\t\t\t\t\t\tWOHNUNGEN IN CAMBRILS\t\t\t\t\t<\/a>\n\t\t\t\t\t<\/div>\n\t\t\t\t\t\t\t<\/div>\n\t\t\t\t\t\t<\/div>\n\t\t\t\t\t\t<\/div>\n\t\t\t\t<\/div>\n\t\t\t\t\t<\/div>\n\t\t<\/div>\n\t\t\t\t<div class=\"elementor-column elementor-col-33 elementor-top-column elementor-element elementor-element-3586a019\" data-id=\"3586a019\" data-element_type=\"column\" data-e-type=\"column\">\n\t\t\t<div class=\"elementor-widget-wrap elementor-element-populated\">\n\t\t\t\t\t\t<div class=\"elementor-element elementor-element-1d59571b elementor-cta--skin-cover elementor-cta--valign-bottom elementor-animated-content elementor-bg-transform elementor-bg-transform-zoom-in elementor-widget elementor-widget-call-to-action\" data-id=\"1d59571b\" data-element_type=\"widget\" data-e-type=\"widget\" data-widget_type=\"call-to-action.default\">\n\t\t\t\t<div class=\"elementor-widget-container\">\n\t\t\t\t\t\t\t<div class=\"elementor-cta\">\n\t\t\t\t\t<div class=\"elementor-cta__bg-wrapper\">\n\t\t\t\t<div class=\"elementor-cta__bg elementor-bg\" style=\"background-image: url(https:\/\/www.parque-montroig.com\/blog\/wp-content\/uploads\/2023\/12\/apartamentos-con-piscina-en-la-Costa-Dorada-1920x630.jpeg);\" role=\"img\" aria-label=\"apartamentos con piscina en la Costa Dorada\"><\/div>\n\t\t\t\t<div class=\"elementor-cta__bg-overlay\"><\/div>\n\t\t\t<\/div>\n\t\t\t\t\t\t\t<div class=\"elementor-cta__content\">\n\t\t\t\t\n\t\t\t\t\n\t\t\t\t\n\t\t\t\t\t\t\t\t\t<div class=\"elementor-cta__button-wrapper elementor-cta__content-item elementor-content-item elementor-animated-item--grow\">\n\t\t\t\t\t<a class=\"elementor-cta__button elementor-button elementor-size-\" href=\"https:\/\/www.parque-montroig.com\/de\/vermietung\/zu-mieten-ferienwohnungen-c1\/\">\n\t\t\t\t\t\tVERMIETUNG COSTA DORADA\t\t\t\t\t<\/a>\n\t\t\t\t\t<\/div>\n\t\t\t\t\t\t\t<\/div>\n\t\t\t\t\t\t<\/div>\n\t\t\t\t\t\t<\/div>\n\t\t\t\t<\/div>\n\t\t\t\t\t<\/div>\n\t\t<\/div>\n\t\t\t\t\t<\/div>\n\t\t<\/section>\n\t\t\t\t<\/div>\n\t\t","protected":false},"excerpt":{"rendered":"<p>Entdecken Sie einen einzigartigen Ort, der zu den 100 besten Reisezielen der Welt f\u00fcr nachhaltigen Tourismus geh\u00f6rt. Kommen Sie und besuchen Sie das Naturreservat Llaberia.<\/p>\n","protected":false},"author":3,"featured_media":2895,"comment_status":"open","ping_status":"closed","sticky":false,"template":"","format":"standard","meta":{"footnotes":""},"categories":[25,30],"tags":[],"class_list":["post-5571","post","type-post","status-publish","format-standard","has-post-thumbnail","hentry","category-la-costa-dorada-de","category-naturparks-in-tarragona"],"_links":{"self":[{"href":"https:\/\/www.parque-montroig.com\/blog\/de\/wp-json\/wp\/v2\/posts\/5571","targetHints":{"allow":["GET"]}}],"collection":[{"href":"https:\/\/www.parque-montroig.com\/blog\/de\/wp-json\/wp\/v2\/posts"}],"about":[{"href":"https:\/\/www.parque-montroig.com\/blog\/de\/wp-json\/wp\/v2\/types\/post"}],"author":[{"embeddable":true,"href":"https:\/\/www.parque-montroig.com\/blog\/de\/wp-json\/wp\/v2\/users\/3"}],"replies":[{"embeddable":true,"href":"https:\/\/www.parque-montroig.com\/blog\/de\/wp-json\/wp\/v2\/comments?post=5571"}],"version-history":[{"count":7,"href":"https:\/\/www.parque-montroig.com\/blog\/de\/wp-json\/wp\/v2\/posts\/5571\/revisions"}],"predecessor-version":[{"id":5578,"href":"https:\/\/www.parque-montroig.com\/blog\/de\/wp-json\/wp\/v2\/posts\/5571\/revisions\/5578"}],"wp:featuredmedia":[{"embeddable":true,"href":"https:\/\/www.parque-montroig.com\/blog\/de\/wp-json\/wp\/v2\/media\/2895"}],"wp:attachment":[{"href":"https:\/\/www.parque-montroig.com\/blog\/de\/wp-json\/wp\/v2\/media?parent=5571"}],"wp:term":[{"taxonomy":"category","embeddable":true,"href":"https:\/\/www.parque-montroig.com\/blog\/de\/wp-json\/wp\/v2\/categories?post=5571"},{"taxonomy":"post_tag","embeddable":true,"href":"https:\/\/www.parque-montroig.com\/blog\/de\/wp-json\/wp\/v2\/tags?post=5571"}],"curies":[{"name":"wp","href":"https:\/\/api.w.org\/{rel}","templated":true}]}}