{"id":5626,"date":"2025-04-11T13:51:45","date_gmt":"2025-04-11T11:51:45","guid":{"rendered":"https:\/\/www.parque-montroig.com\/blog\/?p=5626"},"modified":"2025-04-29T15:12:27","modified_gmt":"2025-04-29T13:12:27","slug":"entdecken-sie-das-unglaubliche-castell-de-teixells-in-cambrils","status":"publish","type":"post","link":"https:\/\/www.parque-montroig.com\/blog\/de\/entdecken-sie-das-unglaubliche-castell-de-teixells-in-cambrils\/","title":{"rendered":"Entdecken Sie das unglaubliche Castell de Teixells in Cambrils"},"content":{"rendered":"\t\t<div data-elementor-type=\"wp-post\" data-elementor-id=\"5626\" class=\"elementor elementor-5626 elementor-5529\" data-elementor-post-type=\"post\">\n\t\t\t\t\t\t<section class=\"elementor-section elementor-top-section elementor-element elementor-element-4b07af84 elementor-section-boxed elementor-section-height-default elementor-section-height-default\" data-id=\"4b07af84\" data-element_type=\"section\" data-e-type=\"section\">\n\t\t\t\t\t\t<div class=\"elementor-container elementor-column-gap-default\">\n\t\t\t\t\t<div class=\"elementor-column elementor-col-100 elementor-top-column elementor-element elementor-element-7190f22a\" data-id=\"7190f22a\" data-element_type=\"column\" data-e-type=\"column\">\n\t\t\t<div class=\"elementor-widget-wrap elementor-element-populated\">\n\t\t\t\t\t\t<div class=\"elementor-element elementor-element-13418033 elementor-widget elementor-widget-heading\" data-id=\"13418033\" data-element_type=\"widget\" data-e-type=\"widget\" data-widget_type=\"heading.default\">\n\t\t\t\t<div class=\"elementor-widget-container\">\n\t\t\t\t\t<h2 class=\"elementor-heading-title elementor-size-default\">Entdecken Sie das unglaubliche Castell de Teixells in Cambrils\n<\/h2>\t\t\t\t<\/div>\n\t\t\t\t<\/div>\n\t\t\t\t<div class=\"elementor-element elementor-element-36df2cc elementor-widget elementor-widget-text-editor\" data-id=\"36df2cc\" data-element_type=\"widget\" data-e-type=\"widget\" data-widget_type=\"text-editor.default\">\n\t\t\t\t<div class=\"elementor-widget-container\">\n\t\t\t\t\t\t\t\t\t<p>In einer weniger bekannten Ecke von Baix Camp, abseits der ausgetretenen Pfade und fernab des touristischen Trubels, befindet sich das Castell de Teixells, auch bekannt als Mas de Sant Rafael.<\/p><p style=\"font-weight: 400;\">Erwarten Sie keine Zinnen oder F\u00fchrungen: <strong>Diese l\u00e4ndliche Burg ist einer jener Orte, die man bei einem Spaziergang in aller Ruhe von au\u00dfen betrachtet<\/strong>. Es liegt in der Gemeinde Cambrils und obwohl Sie das Innere nicht besichtigen k\u00f6nnen \u2013 es ist in Privatbesitz \u2013, ist sein imposanter Anblick zwischen Feldern, Schluchten und freiem Himmel einen Besuch wert, wenn Sie in der N\u00e4he Urlaub machen.<\/p>\t\t\t\t\t\t\t\t<\/div>\n\t\t\t\t<\/div>\n\t\t\t\t\t<\/div>\n\t\t<\/div>\n\t\t\t\t\t<\/div>\n\t\t<\/section>\n\t\t\t\t<section class=\"elementor-section elementor-top-section elementor-element elementor-element-364b4b0 elementor-section-boxed elementor-section-height-default elementor-section-height-default\" data-id=\"364b4b0\" data-element_type=\"section\" data-e-type=\"section\">\n\t\t\t\t\t\t<div class=\"elementor-container elementor-column-gap-default\">\n\t\t\t\t\t<div class=\"elementor-column elementor-col-100 elementor-top-column elementor-element elementor-element-24fd140\" data-id=\"24fd140\" data-element_type=\"column\" data-e-type=\"column\">\n\t\t\t<div class=\"elementor-widget-wrap elementor-element-populated\">\n\t\t\t\t\t\t<div class=\"elementor-element elementor-element-b1c2cc4 elementor-widget elementor-widget-image\" data-id=\"b1c2cc4\" data-element_type=\"widget\" data-e-type=\"widget\" data-widget_type=\"image.default\">\n\t\t\t\t<div class=\"elementor-widget-container\">\n\t\t\t\t\t\t\t\t\t\t\t\t\t\t\t<img fetchpriority=\"high\" decoding=\"async\" width=\"1200\" height=\"637\" src=\"https:\/\/www.parque-montroig.com\/blog\/wp-content\/uploads\/2025\/04\/castell-de-teixells.jpg\" class=\"attachment-full size-full wp-image-5538\" alt=\"\" srcset=\"https:\/\/www.parque-montroig.com\/blog\/wp-content\/uploads\/2025\/04\/castell-de-teixells.jpg 1200w, https:\/\/www.parque-montroig.com\/blog\/wp-content\/uploads\/2025\/04\/castell-de-teixells-768x408.jpg 768w\" sizes=\"(max-width: 1200px) 100vw, 1200px\" \/>\t\t\t\t\t\t\t\t\t\t\t\t\t\t\t<\/div>\n\t\t\t\t<\/div>\n\t\t\t\t\t<\/div>\n\t\t<\/div>\n\t\t\t\t\t<\/div>\n\t\t<\/section>\n\t\t\t\t<section class=\"elementor-section elementor-top-section elementor-element elementor-element-2711de8 elementor-section-boxed elementor-section-height-default elementor-section-height-default\" data-id=\"2711de8\" data-element_type=\"section\" data-e-type=\"section\">\n\t\t\t\t\t\t<div class=\"elementor-container elementor-column-gap-default\">\n\t\t\t\t\t<div class=\"elementor-column elementor-col-100 elementor-top-column elementor-element elementor-element-6868de9\" data-id=\"6868de9\" data-element_type=\"column\" data-e-type=\"column\">\n\t\t\t<div class=\"elementor-widget-wrap elementor-element-populated\">\n\t\t\t\t\t\t<div class=\"elementor-element elementor-element-319385a elementor-widget elementor-widget-heading\" data-id=\"319385a\" data-element_type=\"widget\" data-e-type=\"widget\" data-widget_type=\"heading.default\">\n\t\t\t\t<div class=\"elementor-widget-container\">\n\t\t\t\t\t<h2 class=\"elementor-heading-title elementor-size-default\">Geschichte und Kuriosit\u00e4ten des Castell de Teixells\n<\/h2>\t\t\t\t<\/div>\n\t\t\t\t<\/div>\n\t\t\t\t<div class=\"elementor-element elementor-element-030c4d0 elementor-widget elementor-widget-text-editor\" data-id=\"030c4d0\" data-element_type=\"widget\" data-e-type=\"widget\" data-widget_type=\"text-editor.default\">\n\t\t\t\t<div class=\"elementor-widget-container\">\n\t\t\t\t\t\t\t\t\t<p>Obwohl es nicht in den \u00fcblichen Reisef\u00fchrern aufgef\u00fchrt ist, blickt das Castell de Teixells auf eine jahrhundertelange Geschichte zur\u00fcck. <strong>Seine \u00e4ltesten Elemente stammen aus dem 16. Jahrhundert<\/strong>, obwohl in der N\u00e4he \u00dcberreste einer mittelalterlichen M\u00fchle gefunden wurden, was auf eine noch \u00e4ltere landwirtschaftliche Nutzung hindeutet.<\/p><p>Urspr\u00fcnglich war es eine befestigte Behausung, die zur Verteidigung gegen die Piratenangriffe an der katalanischen K\u00fcste errichtet wurde. Seitdem ist es das Nervenzentrum der Region Teixells, da es in der Umgebung eine kleine Siedlung gab.<\/p><p>Seine Struktur ist schlicht, aber eindrucksvoll: <strong>Ein Geb\u00e4ude mit rechteckigem Grundriss und zwei quadratischen T\u00fcrmen, von denen einer eine Kapelle beherbergt, die dem Heiligen Rafael gewidmet ist.<\/strong><\/p><p>Im Eingang sind noch zwei Schilder mit den Initialen von Edmund Sivatte erhalten, dem Kreolen, der das Anwesen im neomittelalterlichen Stil wiederaufbauen und sogar kubanische Palmen in den Garten pflanzen lie\u00df. Und ja, er hat die Samen f\u00fcr die Palmen mitgebracht.<\/p><p>Es wird auch gesagt \u2013 und das sind nur Ger\u00fcchte \u2013, dass es eine Zeit lang ein Treffpunkt der karlistischen Bewegung vor und nach dem B\u00fcrgerkrieg war.<\/p><p>Eines der fotogensten Elemente \u2013 neben den T\u00fcrmen \u2013 ist <strong>ein Gem\u00e4lde eines Engels an der Fassade<\/strong>. Es ist von au\u00dfen zu sehen!<\/p><p style=\"font-weight: 400;\">Es handelt sich um ein Geb\u00e4ude, das im Laufe der Zeit gut erhalten geblieben ist und heute als Zweitwohnsitz genutzt wird.<\/p>\t\t\t\t\t\t\t\t<\/div>\n\t\t\t\t<\/div>\n\t\t\t\t\t<\/div>\n\t\t<\/div>\n\t\t\t\t\t<\/div>\n\t\t<\/section>\n\t\t\t\t<section class=\"elementor-section elementor-top-section elementor-element elementor-element-de3657b elementor-section-boxed elementor-section-height-default elementor-section-height-default\" data-id=\"de3657b\" data-element_type=\"section\" data-e-type=\"section\">\n\t\t\t\t\t\t<div class=\"elementor-container elementor-column-gap-default\">\n\t\t\t\t\t<div class=\"elementor-column elementor-col-50 elementor-top-column elementor-element elementor-element-c2f5bba\" data-id=\"c2f5bba\" data-element_type=\"column\" data-e-type=\"column\">\n\t\t\t<div class=\"elementor-widget-wrap elementor-element-populated\">\n\t\t\t\t\t\t<div class=\"elementor-element elementor-element-4002146 elementor-widget elementor-widget-heading\" data-id=\"4002146\" data-element_type=\"widget\" data-e-type=\"widget\" data-widget_type=\"heading.default\">\n\t\t\t\t<div class=\"elementor-widget-container\">\n\t\t\t\t\t<h2 class=\"elementor-heading-title elementor-size-default\">Anfahrt und Sehensw\u00fcrdigkeiten des Castell de Teixells\n<\/h2>\t\t\t\t<\/div>\n\t\t\t\t<\/div>\n\t\t\t\t<div class=\"elementor-element elementor-element-26ff6a9 elementor-widget elementor-widget-text-editor\" data-id=\"26ff6a9\" data-element_type=\"widget\" data-e-type=\"widget\" data-widget_type=\"text-editor.default\">\n\t\t\t\t<div class=\"elementor-widget-container\">\n\t\t\t\t\t\t\t\t\t<p>Das Castell de Teixells befindet sich in der Ortschaft Els Teixells in Cambrils in Richtung Montroig. Der Zugang erfolgt von au\u00dfen, da es sich in Privatbesitz befindet, aber Sie k\u00f6nnen es von der Stra\u00dfe aus gut bewundern. Es wird sehr h\u00e4ufig in Wander- oder Radrouten einbezogen, da sich die Gegend sowohl zum Mountainbiken als auch Stra\u00dfenradfahren eignet.<\/p><p style=\"font-weight: 400;\">Nur 150 Meter von der Burg entfernt lohnt sich ein Zwischenstopp am <strong>Pi dels Teixells, einer beeindruckenden, \u00fcber 100 Jahre alten Wei\u00dfkiefer<\/strong>, die zum Baum von lokalem und regionalem Interesse erkl\u00e4rt wurde. Obwohl er einige seiner gr\u00f6\u00dften \u00c4ste verloren hat, ist er nach wie vor ein nat\u00fcrliches Symbol der Umgebung. <strong>Mit einer H\u00f6he von mehr als 23 Metern und einer Baumkrone von fast 22 Metern ist er einer der imposantesten B\u00e4ume der Gegend.<\/strong> Dieses Ensemble aus Bauernhaus, Schlucht, Baum und Landschaft ist wie geschaffen f\u00fcr Postkartenmotive und ideal, wenn Sie einen geschichtstr\u00e4chtigen, reizvollen Ort abseits der Massen suchen.<\/p>\t\t\t\t\t\t\t\t<\/div>\n\t\t\t\t<\/div>\n\t\t\t\t\t<\/div>\n\t\t<\/div>\n\t\t\t\t<div class=\"elementor-column elementor-col-50 elementor-top-column elementor-element elementor-element-0c8549e\" data-id=\"0c8549e\" data-element_type=\"column\" data-e-type=\"column\">\n\t\t\t<div class=\"elementor-widget-wrap elementor-element-populated\">\n\t\t\t\t\t\t<div class=\"elementor-element elementor-element-13852fe elementor-widget elementor-widget-google_maps\" data-id=\"13852fe\" data-element_type=\"widget\" data-e-type=\"widget\" data-widget_type=\"google_maps.default\">\n\t\t\t\t<div class=\"elementor-widget-container\">\n\t\t\t\t\t\t\t<div class=\"elementor-custom-embed\">\n\t\t\t<iframe loading=\"lazy\"\n\t\t\t\t\tsrc=\"https:\/\/maps.google.com\/maps?q=Castell%20de%20Teixells&#038;t=m&#038;z=10&#038;output=embed&#038;iwloc=near\"\n\t\t\t\t\ttitle=\"Castell de Teixells\"\n\t\t\t\t\taria-label=\"Castell de Teixells\"\n\t\t\t><\/iframe>\n\t\t<\/div>\n\t\t\t\t\t\t<\/div>\n\t\t\t\t<\/div>\n\t\t\t\t\t<\/div>\n\t\t<\/div>\n\t\t\t\t\t<\/div>\n\t\t<\/section>\n\t\t\t\t<section class=\"elementor-section elementor-top-section elementor-element elementor-element-0fc0736 elementor-section-boxed elementor-section-height-default elementor-section-height-default\" data-id=\"0fc0736\" data-element_type=\"section\" data-e-type=\"section\">\n\t\t\t\t\t\t<div class=\"elementor-container elementor-column-gap-default\">\n\t\t\t\t\t<div class=\"elementor-column elementor-col-100 elementor-top-column elementor-element elementor-element-2634727\" data-id=\"2634727\" data-element_type=\"column\" data-e-type=\"column\">\n\t\t\t<div class=\"elementor-widget-wrap elementor-element-populated\">\n\t\t\t\t\t\t<div class=\"elementor-element elementor-element-affbed3 elementor-widget elementor-widget-heading\" data-id=\"affbed3\" data-element_type=\"widget\" data-e-type=\"widget\" data-widget_type=\"heading.default\">\n\t\t\t\t<div class=\"elementor-widget-container\">\n\t\t\t\t\t<h2 class=\"elementor-heading-title elementor-size-default\">Routen in der N\u00e4he des Castell de Teixells\n<\/h2>\t\t\t\t<\/div>\n\t\t\t\t<\/div>\n\t\t\t\t<div class=\"elementor-element elementor-element-832d6e4 elementor-widget elementor-widget-text-editor\" data-id=\"832d6e4\" data-element_type=\"widget\" data-e-type=\"widget\" data-widget_type=\"text-editor.default\">\n\t\t\t\t<div class=\"elementor-widget-container\">\n\t\t\t\t\t\t\t\t\t<p>Eine der besten M\u00f6glichkeiten, das Castell de Teixells zu besichtigen, ist der Rundweg, der durch Cambrils, Cam\u00ed de les Basasses, Parc Sam\u00e0, Mas d\u2019en Blai, ebenfalls am Castell de Teixells vorbei und zur\u00fcck nach Cambrils f\u00fchrt. <strong>Es ist eine Tour durch die Region Baix Camp, bei der Sie die l\u00e4ndliche und kulturelle Umgebung der Region genie\u00dfen k\u00f6nnen.<\/strong><\/p><p>Wenn Sie jedoch im Sommer oder an hei\u00dfen Tagen unterwegs sind, sollten Sie sich gut vorbereiten. Ein Gro\u00dfteil des Weges ist nicht schattig, daher sind Wasser, eine M\u00fctze und Sonnencreme unerl\u00e4sslich.<\/p><p>Gl\u00fccklicherweise ist einer der wichtigsten Punkte der Route der Parc Sam\u00e0, wo Sie Schatten, Brunnen und sogar eine Bar finden, in der Sie etwas trinken k\u00f6nnen.<\/p><p><strong>Der Parc Sam\u00e0 ist ein Juwel f\u00fcr sich. Der Park steht auf der Liste der St\u00e4tten von kulturellem Interesse und ist Teil der Europ\u00e4ischen Route historischer G\u00e4rten.<\/strong> Er wurde von Salvador Sam\u00e0 i Torrents, Marquis von Marianao, gef\u00f6rdert, der in diesem Raum Romantik, Modernismus und koloniale \u00c4sthetik vereinte. Der Park verf\u00fcgt \u00fcber eine Vielzahl \u00fcppiger G\u00e4rten, einen See mit H\u00e4ngebr\u00fccken, exotische Tiere und eine indische Architektur, die begeistert und \u00fcberrascht.<\/p><p style=\"font-weight: 400;\">So f\u00fchrt Sie diese Route von der intimsten und l\u00e4ndlichsten Geschichte des Castell de Teixells zur malerischen Eleganz des Parc Sam\u00e0. Eine perfekte Kombination, finden Sie nicht auch?<\/p>\t\t\t\t\t\t\t\t<\/div>\n\t\t\t\t<\/div>\n\t\t\t\t\t<\/div>\n\t\t<\/div>\n\t\t\t\t\t<\/div>\n\t\t<\/section>\n\t\t\t\t<section class=\"elementor-section elementor-top-section elementor-element elementor-element-00b6ba9 elementor-section-boxed elementor-section-height-default elementor-section-height-default\" data-id=\"00b6ba9\" data-element_type=\"section\" data-e-type=\"section\">\n\t\t\t\t\t\t<div class=\"elementor-container elementor-column-gap-default\">\n\t\t\t\t\t<div class=\"elementor-column elementor-col-100 elementor-top-column elementor-element elementor-element-a0452fd\" data-id=\"a0452fd\" data-element_type=\"column\" data-e-type=\"column\">\n\t\t\t<div class=\"elementor-widget-wrap elementor-element-populated\">\n\t\t\t\t\t\t<div class=\"elementor-element elementor-element-75e26fa elementor-widget elementor-widget-video\" data-id=\"75e26fa\" data-element_type=\"widget\" data-e-type=\"widget\" data-settings=\"{&quot;youtube_url&quot;:&quot;https:\\\/\\\/www.youtube.com\\\/watch?v=9JF8aUwkmbE&quot;,&quot;video_type&quot;:&quot;youtube&quot;,&quot;controls&quot;:&quot;yes&quot;}\" data-widget_type=\"video.default\">\n\t\t\t\t<div class=\"elementor-widget-container\">\n\t\t\t\t\t\t\t<div class=\"elementor-wrapper elementor-open-inline\">\n\t\t\t<div class=\"elementor-video\"><\/div>\t\t<\/div>\n\t\t\t\t\t\t<\/div>\n\t\t\t\t<\/div>\n\t\t\t\t\t<\/div>\n\t\t<\/div>\n\t\t\t\t\t<\/div>\n\t\t<\/section>\n\t\t\t\t<section class=\"elementor-section elementor-top-section elementor-element elementor-element-0372b3e elementor-section-boxed elementor-section-height-default elementor-section-height-default\" data-id=\"0372b3e\" data-element_type=\"section\" data-e-type=\"section\">\n\t\t\t\t\t\t<div class=\"elementor-container elementor-column-gap-default\">\n\t\t\t\t\t<div class=\"elementor-column elementor-col-100 elementor-top-column elementor-element elementor-element-0a40f41\" data-id=\"0a40f41\" data-element_type=\"column\" data-e-type=\"column\">\n\t\t\t<div class=\"elementor-widget-wrap elementor-element-populated\">\n\t\t\t\t\t\t<div class=\"elementor-element elementor-element-3dd3591 elementor-widget elementor-widget-heading\" data-id=\"3dd3591\" data-element_type=\"widget\" data-e-type=\"widget\" data-widget_type=\"heading.default\">\n\t\t\t\t<div class=\"elementor-widget-container\">\n\t\t\t\t\t<h2 class=\"elementor-heading-title elementor-size-default\">Noch ein paar Anmerkungen zur Besichtigung des Castell de Teixells\n<\/h2>\t\t\t\t<\/div>\n\t\t\t\t<\/div>\n\t\t\t\t<div class=\"elementor-element elementor-element-0cfca8d elementor-widget elementor-widget-text-editor\" data-id=\"0cfca8d\" data-element_type=\"widget\" data-e-type=\"widget\" data-widget_type=\"text-editor.default\">\n\t\t\t\t<div class=\"elementor-widget-container\">\n\t\t\t\t\t\t\t\t\t<p>Obwohl das Innere der Burg Teixells nicht besichtigt werden kann, ist sie vom Weg aus zu sehen und ist einer jener Orte, die einen Besuch wert sind, und sei es nur, um einen Moment innezuhalten und sie in Stille zu betrachten. <strong>Es ist ein fotogener Ort voller Details und aufgrund seines nat\u00fcrlichen Umfelds etwas ganz Besonderes.<\/strong><\/p><p>Wenn Sie sich f\u00fcr den Rundweg entscheiden, vermeiden Sie die Mittagsstunden im Sommer, da es auf der Strecke kaum Schatten gibt. Am besten ist es, fr\u00fch zu starten, gen\u00fcgend Wasser, etwas zu essen und Kleidung in Schichten mitzunehmen, um mehrere Kilometer zur\u00fccklegen zu k\u00f6nnen und bei Bedarf sich nach und nach ausziehen zu k\u00f6nnen.<\/p><p>Der Weg ist einfach, obwohl es einige Abschnitte auf asphaltierten Stra\u00dfen geben kann, die nicht sonderlich interessant sind. Das wird jedoch mehr als wettgemacht, wenn Sie die Burg und den Park erreichen.<\/p><p>Wenn Sie mit dem Fahrrad unterwegs sind, k\u00f6nnen Sie die Strecke in einem halben Tag zur\u00fccklegen. <strong>Und wenn Sie nur mit dem Auto vorbeifahren und sich die Burg ansehen m\u00f6chten, ist das auch m\u00f6glich!<\/strong><\/p>\t\t\t\t\t\t\t\t<\/div>\n\t\t\t\t<\/div>\n\t\t\t\t\t<\/div>\n\t\t<\/div>\n\t\t\t\t\t<\/div>\n\t\t<\/section>\n\t\t\t\t<section class=\"elementor-section elementor-top-section elementor-element elementor-element-14a3f55a elementor-section-boxed elementor-section-height-default elementor-section-height-default\" data-id=\"14a3f55a\" data-element_type=\"section\" data-e-type=\"section\">\n\t\t\t\t\t\t<div class=\"elementor-container elementor-column-gap-default\">\n\t\t\t\t\t<div class=\"elementor-column elementor-col-100 elementor-top-column elementor-element elementor-element-1fde68a1\" data-id=\"1fde68a1\" data-element_type=\"column\" data-e-type=\"column\">\n\t\t\t<div class=\"elementor-widget-wrap elementor-element-populated\">\n\t\t\t\t\t\t<div class=\"elementor-element elementor-element-43c4005e elementor-widget elementor-widget-heading\" data-id=\"43c4005e\" data-element_type=\"widget\" data-e-type=\"widget\" data-widget_type=\"heading.default\">\n\t\t\t\t<div class=\"elementor-widget-container\">\n\t\t\t\t\t<h2 class=\"elementor-heading-title elementor-size-default\">Kommen Sie also und besuchen Sie das Castell de Teixells?\n<\/h2>\t\t\t\t<\/div>\n\t\t\t\t<\/div>\n\t\t\t\t<div class=\"elementor-element elementor-element-3bbe0ed1 elementor-widget elementor-widget-text-editor\" data-id=\"3bbe0ed1\" data-element_type=\"widget\" data-e-type=\"widget\" data-widget_type=\"text-editor.default\">\n\t\t\t\t<div class=\"elementor-widget-container\">\n\t\t\t\t\t\t\t\t\t<p>Das Castell de Teixells oder Mas de Sant Rafael ist einer dieser Orte, die einem vor Augen f\u00fchren, warum es sich lohnt, sich im Landesinneren von Tarragona zu verirren. <strong>Es ist diskret, schlicht, voller Geschichte und hat den Charme dessen, was den Lauf der Zeit \u00fcberstanden hat, ohne dass es gro\u00dfer Scheinwerfer oder auff\u00e4lliger Restaurierungen bedarf.<\/strong><\/p><p>Es ist ein idealer Ort f\u00fcr Liebhaber von Wanderungen, Fotografie, l\u00e4ndlicher Architektur und den Geheimnissen der katalanischen Geschichte. Und wenn Sie es als Teil der Route besuchen, die den Parc Sam\u00e0 einschlie\u00dft, ist die Erfahrung eine der besten.<\/p><p>Vielleicht k\u00f6nnen Sie nicht durch seine Tore gehen, aber von au\u00dfen sp\u00fcren Sie bereits die Kraft seines Erbes. Wenn Sie in der Gegend von Cambrils oder Baix Camp sind, halten Sie an, schauen Sie sich um, atmen Sie durch\u00a0\u2026 und entdecken Sie das Castell de Teixells.<\/p><p style=\"font-weight: 400;\">Und wenn Sie nicht hier sind, dann nur, weil Sie nicht wollen! Bei Parc Montroig <strong>verf\u00fcgen wir \u00fcber eine Menge Unterk\u00fcnfte in der Gegend, damit Sie nach Cambrils kommen und all den Charme der Gegend genie\u00dfen k\u00f6nnen<\/strong>.<\/p>\t\t\t\t\t\t\t\t<\/div>\n\t\t\t\t<\/div>\n\t\t\t\t\t<\/div>\n\t\t<\/div>\n\t\t\t\t\t<\/div>\n\t\t<\/section>\n\t\t\t\t<section class=\"elementor-section elementor-top-section elementor-element elementor-element-2cbedd3c elementor-section-boxed elementor-section-height-default elementor-section-height-default\" data-id=\"2cbedd3c\" data-element_type=\"section\" data-e-type=\"section\">\n\t\t\t\t\t\t\t<div class=\"elementor-background-overlay\"><\/div>\n\t\t\t\t\t\t\t<div class=\"elementor-container elementor-column-gap-default\">\n\t\t\t\t\t<div class=\"elementor-column elementor-col-25 elementor-top-column elementor-element elementor-element-39695018\" data-id=\"39695018\" data-element_type=\"column\" data-e-type=\"column\">\n\t\t\t<div class=\"elementor-widget-wrap elementor-element-populated\">\n\t\t\t\t\t\t<div class=\"elementor-element elementor-element-516aff43 elementor-widget elementor-widget-image\" data-id=\"516aff43\" data-element_type=\"widget\" data-e-type=\"widget\" data-widget_type=\"image.default\">\n\t\t\t\t<div class=\"elementor-widget-container\">\n\t\t\t\t\t\t\t\t\t\t\t\t\t\t\t\t<a href=\"https:\/\/www.parque-montroig.com\/de\/vermietung\/villa-cambrils-villa-gladiols-cambrils-102853.html\">\n\t\t\t\t\t\t\t<img decoding=\"async\" width=\"1800\" height=\"1200\" src=\"https:\/\/www.parque-montroig.com\/blog\/wp-content\/uploads\/2024\/02\/Villa-gladiols.jpg\" class=\"attachment-full size-full wp-image-4422\" alt=\"Villa gladiols\" srcset=\"https:\/\/www.parque-montroig.com\/blog\/wp-content\/uploads\/2024\/02\/Villa-gladiols.jpg 1800w, https:\/\/www.parque-montroig.com\/blog\/wp-content\/uploads\/2024\/02\/Villa-gladiols-768x512.jpg 768w, https:\/\/www.parque-montroig.com\/blog\/wp-content\/uploads\/2024\/02\/Villa-gladiols-1536x1024.jpg 1536w\" sizes=\"(max-width: 1800px) 100vw, 1800px\" \/>\t\t\t\t\t\t\t\t<\/a>\n\t\t\t\t\t\t\t\t\t\t\t\t\t\t\t<\/div>\n\t\t\t\t<\/div>\n\t\t\t\t<div class=\"elementor-element elementor-element-16c5a5dd elementor-widget elementor-widget-heading\" data-id=\"16c5a5dd\" data-element_type=\"widget\" data-e-type=\"widget\" data-widget_type=\"heading.default\">\n\t\t\t\t<div class=\"elementor-widget-container\">\n\t\t\t\t\t<h3 class=\"elementor-heading-title elementor-size-default\"><a href=\"https:\/\/www.parque-montroig.com\/de\/vermietung\/villa-cambrils-villa-gladiols-cambrils-102853.html\">Villa Gladiols<\/a><\/h3>\t\t\t\t<\/div>\n\t\t\t\t<\/div>\n\t\t\t\t<div class=\"elementor-element elementor-element-5a07d563 elementor-widget elementor-widget-text-editor\" data-id=\"5a07d563\" data-element_type=\"widget\" data-e-type=\"widget\" data-widget_type=\"text-editor.default\">\n\t\t\t\t<div class=\"elementor-widget-container\">\n\t\t\t\t\t\t\t\t\t<p>Cambrils<\/p>\t\t\t\t\t\t\t\t<\/div>\n\t\t\t\t<\/div>\n\t\t\t\t<div class=\"elementor-element elementor-element-151f2648 elementor-headline--style-highlight elementor-widget elementor-widget-animated-headline\" data-id=\"151f2648\" data-element_type=\"widget\" data-e-type=\"widget\" data-settings=\"{&quot;highlighted_text&quot;:&quot;220\\u20ac\\\/Nacht&quot;,&quot;headline_style&quot;:&quot;highlight&quot;,&quot;marker&quot;:&quot;circle&quot;,&quot;loop&quot;:&quot;yes&quot;,&quot;highlight_animation_duration&quot;:1200,&quot;highlight_iteration_delay&quot;:8000}\" data-widget_type=\"animated-headline.default\">\n\t\t\t\t<div class=\"elementor-widget-container\">\n\t\t\t\t\t\t\t\t<a href=\"https:\/\/www.parque-montroig.com\/de\/vermietung\/villa-cambrils-villa-gladiols-cambrils-102853.html\">\n\n\t\t\t\t\t<div class=\"elementor-headline\">\n\t\t\t\t\t<span class=\"elementor-headline-plain-text elementor-headline-text-wrapper\">Von<\/span>\n\t\t\t\t<span class=\"elementor-headline-dynamic-wrapper elementor-headline-text-wrapper\">\n\t\t\t\t\t<span class=\"elementor-headline-dynamic-text elementor-headline-text-active\">220\u20ac\/Nacht<\/span>\n\t\t\t\t<\/span>\n\t\t\t\t<\/div>\n\t\t<\/a>\t\t\t\t<\/div>\n\t\t\t\t<\/div>\n\t\t\t\t\t<\/div>\n\t\t<\/div>\n\t\t\t\t<div class=\"elementor-column elementor-col-25 elementor-top-column elementor-element elementor-element-2ca4244c\" data-id=\"2ca4244c\" data-element_type=\"column\" data-e-type=\"column\">\n\t\t\t<div class=\"elementor-widget-wrap elementor-element-populated\">\n\t\t\t\t\t\t<div class=\"elementor-element elementor-element-2ac8b40c elementor-widget elementor-widget-image\" data-id=\"2ac8b40c\" data-element_type=\"widget\" data-e-type=\"widget\" data-widget_type=\"image.default\">\n\t\t\t\t<div class=\"elementor-widget-container\">\n\t\t\t\t\t\t\t\t\t\t\t\t\t\t\t\t<a href=\"https:\/\/www.parque-montroig.com\/de\/vermietung\/ferienwohnung-miami-playa-casa-carmen-4-by-parc-mont-roig-74487.html\">\n\t\t\t\t\t\t\t<img decoding=\"async\" width=\"2560\" height=\"1707\" src=\"https:\/\/www.parque-montroig.com\/blog\/wp-content\/uploads\/2024\/12\/casa-carmen.jpg\" class=\"attachment-full size-full wp-image-4911\" alt=\"casa carmen\" srcset=\"https:\/\/www.parque-montroig.com\/blog\/wp-content\/uploads\/2024\/12\/casa-carmen.jpg 2560w, https:\/\/www.parque-montroig.com\/blog\/wp-content\/uploads\/2024\/12\/casa-carmen-768x512.jpg 768w, https:\/\/www.parque-montroig.com\/blog\/wp-content\/uploads\/2024\/12\/casa-carmen-1536x1024.jpg 1536w, https:\/\/www.parque-montroig.com\/blog\/wp-content\/uploads\/2024\/12\/casa-carmen-2048x1366.jpg 2048w\" sizes=\"(max-width: 2560px) 100vw, 2560px\" \/>\t\t\t\t\t\t\t\t<\/a>\n\t\t\t\t\t\t\t\t\t\t\t\t\t\t\t<\/div>\n\t\t\t\t<\/div>\n\t\t\t\t<div class=\"elementor-element elementor-element-76198124 elementor-widget elementor-widget-heading\" data-id=\"76198124\" data-element_type=\"widget\" data-e-type=\"widget\" data-widget_type=\"heading.default\">\n\t\t\t\t<div class=\"elementor-widget-container\">\n\t\t\t\t\t<h3 class=\"elementor-heading-title elementor-size-default\"><a href=\"https:\/\/www.parque-montroig.com\/de\/vermietung\/ferienwohnung-miami-playa-casa-carmen-4-by-parc-mont-roig-74487.html\">Casa Carmen<\/a><\/h3>\t\t\t\t<\/div>\n\t\t\t\t<\/div>\n\t\t\t\t<div class=\"elementor-element elementor-element-7e4bd2de elementor-widget elementor-widget-text-editor\" data-id=\"7e4bd2de\" data-element_type=\"widget\" data-e-type=\"widget\" data-widget_type=\"text-editor.default\">\n\t\t\t\t<div class=\"elementor-widget-container\">\n\t\t\t\t\t\t\t\t\t<p>Cambrils<\/p>\t\t\t\t\t\t\t\t<\/div>\n\t\t\t\t<\/div>\n\t\t\t\t<div class=\"elementor-element elementor-element-5bd09653 elementor-headline--style-highlight elementor-widget elementor-widget-animated-headline\" data-id=\"5bd09653\" data-element_type=\"widget\" data-e-type=\"widget\" data-settings=\"{&quot;highlighted_text&quot;:&quot;57\\u20ac\\\/Nacht&quot;,&quot;headline_style&quot;:&quot;highlight&quot;,&quot;marker&quot;:&quot;circle&quot;,&quot;loop&quot;:&quot;yes&quot;,&quot;highlight_animation_duration&quot;:1200,&quot;highlight_iteration_delay&quot;:8000}\" data-widget_type=\"animated-headline.default\">\n\t\t\t\t<div class=\"elementor-widget-container\">\n\t\t\t\t\t\t\t\t<a href=\"https:\/\/www.parque-montroig.com\/de\/vermietung\/ferienwohnung-miami-playa-casa-carmen-4-by-parc-mont-roig-74487.html\">\n\n\t\t\t\t\t<div class=\"elementor-headline\">\n\t\t\t\t\t<span class=\"elementor-headline-plain-text elementor-headline-text-wrapper\">Von<\/span>\n\t\t\t\t<span class=\"elementor-headline-dynamic-wrapper elementor-headline-text-wrapper\">\n\t\t\t\t\t<span class=\"elementor-headline-dynamic-text elementor-headline-text-active\">57\u20ac\/Nacht<\/span>\n\t\t\t\t<\/span>\n\t\t\t\t<\/div>\n\t\t<\/a>\t\t\t\t<\/div>\n\t\t\t\t<\/div>\n\t\t\t\t\t<\/div>\n\t\t<\/div>\n\t\t\t\t<div class=\"elementor-column elementor-col-25 elementor-top-column elementor-element elementor-element-2ed7bac8\" data-id=\"2ed7bac8\" data-element_type=\"column\" data-e-type=\"column\">\n\t\t\t<div class=\"elementor-widget-wrap elementor-element-populated\">\n\t\t\t\t\t\t<div class=\"elementor-element elementor-element-131b5620 elementor-widget elementor-widget-image\" data-id=\"131b5620\" data-element_type=\"widget\" data-e-type=\"widget\" data-widget_type=\"image.default\">\n\t\t\t\t<div class=\"elementor-widget-container\">\n\t\t\t\t\t\t\t\t\t\t\t\t\t\t\t\t<a href=\"https:\/\/www.parque-montroig.com\/alquiler\/apartamento-cambrils-casa-rosales-6-in-cambrils-74492.html\">\n\t\t\t\t\t\t\t<img loading=\"lazy\" decoding=\"async\" width=\"1800\" height=\"1200\" src=\"https:\/\/www.parque-montroig.com\/blog\/wp-content\/uploads\/2023\/12\/casa-rosales-6.jpeg\" class=\"attachment-full size-full wp-image-4044\" alt=\"Casa rosales 6\" srcset=\"https:\/\/www.parque-montroig.com\/blog\/wp-content\/uploads\/2023\/12\/casa-rosales-6.jpeg 1800w, https:\/\/www.parque-montroig.com\/blog\/wp-content\/uploads\/2023\/12\/casa-rosales-6-768x512.jpeg 768w, https:\/\/www.parque-montroig.com\/blog\/wp-content\/uploads\/2023\/12\/casa-rosales-6-1536x1024.jpeg 1536w\" sizes=\"(max-width: 1800px) 100vw, 1800px\" \/>\t\t\t\t\t\t\t\t<\/a>\n\t\t\t\t\t\t\t\t\t\t\t\t\t\t\t<\/div>\n\t\t\t\t<\/div>\n\t\t\t\t<div class=\"elementor-element elementor-element-51e10941 elementor-widget elementor-widget-heading\" data-id=\"51e10941\" data-element_type=\"widget\" data-e-type=\"widget\" data-widget_type=\"heading.default\">\n\t\t\t\t<div class=\"elementor-widget-container\">\n\t\t\t\t\t<h3 class=\"elementor-heading-title elementor-size-default\"><a href=\"https:\/\/www.parque-montroig.com\/alquiler\/apartamento-cambrils-casa-rosales-6-in-cambrils-74492.html\">Casa Rosales<\/a><\/h3>\t\t\t\t<\/div>\n\t\t\t\t<\/div>\n\t\t\t\t<div class=\"elementor-element elementor-element-2b35ecae elementor-widget elementor-widget-text-editor\" data-id=\"2b35ecae\" data-element_type=\"widget\" data-e-type=\"widget\" data-widget_type=\"text-editor.default\">\n\t\t\t\t<div class=\"elementor-widget-container\">\n\t\t\t\t\t\t\t\t\t<p>Cambrils<\/p>\t\t\t\t\t\t\t\t<\/div>\n\t\t\t\t<\/div>\n\t\t\t\t<div class=\"elementor-element elementor-element-76465914 elementor-headline--style-highlight elementor-widget elementor-widget-animated-headline\" data-id=\"76465914\" data-element_type=\"widget\" data-e-type=\"widget\" data-settings=\"{&quot;highlighted_text&quot;:&quot;50\\u20ac\\\/night&quot;,&quot;headline_style&quot;:&quot;highlight&quot;,&quot;marker&quot;:&quot;circle&quot;,&quot;loop&quot;:&quot;yes&quot;,&quot;highlight_animation_duration&quot;:1200,&quot;highlight_iteration_delay&quot;:8000}\" data-widget_type=\"animated-headline.default\">\n\t\t\t\t<div class=\"elementor-widget-container\">\n\t\t\t\t\t\t\t\t<a href=\"https:\/\/www.parque-montroig.com\/alquiler\/apartamento-cambrils-casa-rosales-6-in-cambrils-74492.html\">\n\n\t\t\t\t\t<div class=\"elementor-headline\">\n\t\t\t\t\t<span class=\"elementor-headline-plain-text elementor-headline-text-wrapper\">From<\/span>\n\t\t\t\t<span class=\"elementor-headline-dynamic-wrapper elementor-headline-text-wrapper\">\n\t\t\t\t\t<span class=\"elementor-headline-dynamic-text elementor-headline-text-active\">50\u20ac\/night<\/span>\n\t\t\t\t<\/span>\n\t\t\t\t<\/div>\n\t\t<\/a>\t\t\t\t<\/div>\n\t\t\t\t<\/div>\n\t\t\t\t\t<\/div>\n\t\t<\/div>\n\t\t\t\t<div class=\"elementor-column elementor-col-25 elementor-top-column elementor-element elementor-element-1ff574b7\" data-id=\"1ff574b7\" data-element_type=\"column\" data-e-type=\"column\">\n\t\t\t<div class=\"elementor-widget-wrap elementor-element-populated\">\n\t\t\t\t\t\t<div class=\"elementor-element elementor-element-73ee4028 elementor-widget elementor-widget-image\" data-id=\"73ee4028\" data-element_type=\"widget\" data-e-type=\"widget\" data-widget_type=\"image.default\">\n\t\t\t\t<div class=\"elementor-widget-container\">\n\t\t\t\t\t\t\t\t\t\t\t\t\t\t\t\t<a href=\"https:\/\/www.parque-montroig.com\/alquiler\/villa-miami-playa-villa-oasis-costa-dorada-416804.html\">\n\t\t\t\t\t\t\t<img decoding=\"async\" src=\"https:\/\/www.parque-montroig.com\/blog\/wp-content\/uploads\/elementor\/thumbs\/villa-oasis-en-Miami-platja-qyll9urvsv4ck1p01aq23sqzcz65uendqsb9g1h1zc.jpg\" title=\"villa oasis en Miami platja\" alt=\"villa oasis en Miami platja\" loading=\"lazy\" \/>\t\t\t\t\t\t\t\t<\/a>\n\t\t\t\t\t\t\t\t\t\t\t\t\t\t\t<\/div>\n\t\t\t\t<\/div>\n\t\t\t\t<div class=\"elementor-element elementor-element-17cce8c7 elementor-widget elementor-widget-heading\" data-id=\"17cce8c7\" data-element_type=\"widget\" data-e-type=\"widget\" data-widget_type=\"heading.default\">\n\t\t\t\t<div class=\"elementor-widget-container\">\n\t\t\t\t\t<h3 class=\"elementor-heading-title elementor-size-default\"><a href=\"https:\/\/www.parque-montroig.com\/alquiler\/villa-miami-playa-villa-oasis-costa-dorada-416804.html\">Villa Oasis<\/a><\/h3>\t\t\t\t<\/div>\n\t\t\t\t<\/div>\n\t\t\t\t<div class=\"elementor-element elementor-element-544f1760 elementor-widget elementor-widget-text-editor\" data-id=\"544f1760\" data-element_type=\"widget\" data-e-type=\"widget\" data-widget_type=\"text-editor.default\">\n\t\t\t\t<div class=\"elementor-widget-container\">\n\t\t\t\t\t\t\t\t\t<p>Miami Playa<\/p>\t\t\t\t\t\t\t\t<\/div>\n\t\t\t\t<\/div>\n\t\t\t\t<div class=\"elementor-element elementor-element-3ab9a1ef elementor-headline--style-highlight elementor-widget elementor-widget-animated-headline\" data-id=\"3ab9a1ef\" data-element_type=\"widget\" data-e-type=\"widget\" data-settings=\"{&quot;highlighted_text&quot;:&quot;115\\u20ac\\\/night&quot;,&quot;headline_style&quot;:&quot;highlight&quot;,&quot;marker&quot;:&quot;circle&quot;,&quot;loop&quot;:&quot;yes&quot;,&quot;highlight_animation_duration&quot;:1200,&quot;highlight_iteration_delay&quot;:8000}\" data-widget_type=\"animated-headline.default\">\n\t\t\t\t<div class=\"elementor-widget-container\">\n\t\t\t\t\t\t\t\t<a href=\"https:\/\/www.parque-montroig.com\/alquiler\/villa-miami-playa-villa-oasis-costa-dorada-416804.html\">\n\n\t\t\t\t\t<div class=\"elementor-headline\">\n\t\t\t\t\t<span class=\"elementor-headline-plain-text elementor-headline-text-wrapper\">From<\/span>\n\t\t\t\t<span class=\"elementor-headline-dynamic-wrapper elementor-headline-text-wrapper\">\n\t\t\t\t\t<span class=\"elementor-headline-dynamic-text elementor-headline-text-active\">115\u20ac\/night<\/span>\n\t\t\t\t<\/span>\n\t\t\t\t<\/div>\n\t\t<\/a>\t\t\t\t<\/div>\n\t\t\t\t<\/div>\n\t\t\t\t\t<\/div>\n\t\t<\/div>\n\t\t\t\t\t<\/div>\n\t\t<\/section>\n\t\t\t\t<section class=\"elementor-section elementor-top-section elementor-element elementor-element-466ae524 elementor-section-boxed elementor-section-height-default elementor-section-height-default\" data-id=\"466ae524\" data-element_type=\"section\" data-e-type=\"section\">\n\t\t\t\t\t\t<div class=\"elementor-container elementor-column-gap-default\">\n\t\t\t\t\t<div class=\"elementor-column elementor-col-33 elementor-top-column elementor-element elementor-element-17071cca\" data-id=\"17071cca\" data-element_type=\"column\" data-e-type=\"column\">\n\t\t\t<div class=\"elementor-widget-wrap elementor-element-populated\">\n\t\t\t\t\t\t<div class=\"elementor-element elementor-element-40ba4064 elementor-cta--skin-cover elementor-cta--valign-bottom elementor-animated-content elementor-bg-transform elementor-bg-transform-zoom-in elementor-widget elementor-widget-call-to-action\" data-id=\"40ba4064\" data-element_type=\"widget\" data-e-type=\"widget\" data-widget_type=\"call-to-action.default\">\n\t\t\t\t<div class=\"elementor-widget-container\">\n\t\t\t\t\t\t\t<div class=\"elementor-cta\">\n\t\t\t\t\t<div class=\"elementor-cta__bg-wrapper\">\n\t\t\t\t<div class=\"elementor-cta__bg elementor-bg\" style=\"background-image: url(https:\/\/www.parque-montroig.com\/blog\/wp-content\/uploads\/2023\/03\/parcmontroig-tiempo-clima-miami-playa-blog-600x630.jpg);\" role=\"img\" aria-label=\"Parc Montroig Tiempo Clima en Miami Playa\"><\/div>\n\t\t\t\t<div class=\"elementor-cta__bg-overlay\"><\/div>\n\t\t\t<\/div>\n\t\t\t\t\t\t\t<div class=\"elementor-cta__content\">\n\t\t\t\t\n\t\t\t\t\n\t\t\t\t\n\t\t\t\t\t\t\t\t\t<div class=\"elementor-cta__button-wrapper elementor-cta__content-item elementor-content-item elementor-animated-item--grow\">\n\t\t\t\t\t<a class=\"elementor-cta__button elementor-button elementor-size-\" href=\"https:\/\/www.parque-montroig.com\/de\/ferienwohnung-in-miami-playa\/\">\n\t\t\t\t\t\tMIAMI BEACH WOHNUNGEN\t\t\t\t\t<\/a>\n\t\t\t\t\t<\/div>\n\t\t\t\t\t\t\t<\/div>\n\t\t\t\t\t\t<\/div>\n\t\t\t\t\t\t<\/div>\n\t\t\t\t<\/div>\n\t\t\t\t\t<\/div>\n\t\t<\/div>\n\t\t\t\t<div class=\"elementor-column elementor-col-33 elementor-top-column elementor-element elementor-element-a98547a\" data-id=\"a98547a\" data-element_type=\"column\" data-e-type=\"column\">\n\t\t\t<div class=\"elementor-widget-wrap elementor-element-populated\">\n\t\t\t\t\t\t<div class=\"elementor-element elementor-element-622dcfdf elementor-cta--skin-cover elementor-cta--valign-bottom elementor-animated-content elementor-bg-transform elementor-bg-transform-zoom-in elementor-widget elementor-widget-call-to-action\" data-id=\"622dcfdf\" data-element_type=\"widget\" data-e-type=\"widget\" data-widget_type=\"call-to-action.default\">\n\t\t\t\t<div class=\"elementor-widget-container\">\n\t\t\t\t\t\t\t<div class=\"elementor-cta\">\n\t\t\t\t\t<div class=\"elementor-cta__bg-wrapper\">\n\t\t\t\t<div class=\"elementor-cta__bg elementor-bg\" style=\"background-image: url(https:\/\/www.parque-montroig.com\/blog\/wp-content\/uploads\/2023\/11\/apartamento-estel-vacaciones-costa-dorada-Cambrils-1800x630.jpg);\" role=\"img\" aria-label=\"apartamento estel vacaciones costa dorada Cambrils\"><\/div>\n\t\t\t\t<div class=\"elementor-cta__bg-overlay\"><\/div>\n\t\t\t<\/div>\n\t\t\t\t\t\t\t<div class=\"elementor-cta__content\">\n\t\t\t\t\n\t\t\t\t\n\t\t\t\t\n\t\t\t\t\t\t\t\t\t<div class=\"elementor-cta__button-wrapper elementor-cta__content-item elementor-content-item elementor-animated-item--grow\">\n\t\t\t\t\t<a class=\"elementor-cta__button elementor-button elementor-size-\" href=\"https:\/\/www.parque-montroig.com\/de\/vermietung\/ferienwohnungen-cambrils-c1d73\/\">\n\t\t\t\t\t\tWOHNUNGEN IN CAMBRILS\t\t\t\t\t<\/a>\n\t\t\t\t\t<\/div>\n\t\t\t\t\t\t\t<\/div>\n\t\t\t\t\t\t<\/div>\n\t\t\t\t\t\t<\/div>\n\t\t\t\t<\/div>\n\t\t\t\t\t<\/div>\n\t\t<\/div>\n\t\t\t\t<div class=\"elementor-column elementor-col-33 elementor-top-column elementor-element elementor-element-7bfc85bb\" data-id=\"7bfc85bb\" data-element_type=\"column\" data-e-type=\"column\">\n\t\t\t<div class=\"elementor-widget-wrap elementor-element-populated\">\n\t\t\t\t\t\t<div class=\"elementor-element elementor-element-26d1c066 elementor-cta--skin-cover elementor-cta--valign-bottom elementor-animated-content elementor-bg-transform elementor-bg-transform-zoom-in elementor-widget elementor-widget-call-to-action\" data-id=\"26d1c066\" data-element_type=\"widget\" data-e-type=\"widget\" data-widget_type=\"call-to-action.default\">\n\t\t\t\t<div class=\"elementor-widget-container\">\n\t\t\t\t\t\t\t<div class=\"elementor-cta\">\n\t\t\t\t\t<div class=\"elementor-cta__bg-wrapper\">\n\t\t\t\t<div class=\"elementor-cta__bg elementor-bg\" style=\"background-image: url(https:\/\/www.parque-montroig.com\/blog\/wp-content\/uploads\/2023\/12\/apartamentos-con-piscina-en-la-Costa-Dorada-1920x630.jpeg);\" role=\"img\" aria-label=\"apartamentos con piscina en la Costa Dorada\"><\/div>\n\t\t\t\t<div class=\"elementor-cta__bg-overlay\"><\/div>\n\t\t\t<\/div>\n\t\t\t\t\t\t\t<div class=\"elementor-cta__content\">\n\t\t\t\t\n\t\t\t\t\n\t\t\t\t\n\t\t\t\t\t\t\t\t\t<div class=\"elementor-cta__button-wrapper elementor-cta__content-item elementor-content-item elementor-animated-item--grow\">\n\t\t\t\t\t<a class=\"elementor-cta__button elementor-button elementor-size-\" href=\"https:\/\/www.parque-montroig.com\/de\/vermietung\/zu-mieten-ferienwohnungen-c1\/\">\n\t\t\t\t\t\tVERMIETUNG COSTA DORADA\t\t\t\t\t<\/a>\n\t\t\t\t\t<\/div>\n\t\t\t\t\t\t\t<\/div>\n\t\t\t\t\t\t<\/div>\n\t\t\t\t\t\t<\/div>\n\t\t\t\t<\/div>\n\t\t\t\t\t<\/div>\n\t\t<\/div>\n\t\t\t\t\t<\/div>\n\t\t<\/section>\n\t\t\t\t<\/div>\n\t\t","protected":false},"excerpt":{"rendered":"<p>Entdecken Sie das unglaubliche Castell de Teixells in Cambrils In einer weniger bekannten Ecke von Baix Camp, abseits der ausgetretenen&#8230;<\/p>\n","protected":false},"author":3,"featured_media":5542,"comment_status":"open","ping_status":"closed","sticky":false,"template":"","format":"standard","meta":{"footnotes":""},"categories":[2],"tags":[],"class_list":["post-5626","post","type-post","status-publish","format-standard","has-post-thumbnail","hentry","category-unkategorisiert"],"_links":{"self":[{"href":"https:\/\/www.parque-montroig.com\/blog\/de\/wp-json\/wp\/v2\/posts\/5626","targetHints":{"allow":["GET"]}}],"collection":[{"href":"https:\/\/www.parque-montroig.com\/blog\/de\/wp-json\/wp\/v2\/posts"}],"about":[{"href":"https:\/\/www.parque-montroig.com\/blog\/de\/wp-json\/wp\/v2\/types\/post"}],"author":[{"embeddable":true,"href":"https:\/\/www.parque-montroig.com\/blog\/de\/wp-json\/wp\/v2\/users\/3"}],"replies":[{"embeddable":true,"href":"https:\/\/www.parque-montroig.com\/blog\/de\/wp-json\/wp\/v2\/comments?post=5626"}],"version-history":[{"count":7,"href":"https:\/\/www.parque-montroig.com\/blog\/de\/wp-json\/wp\/v2\/posts\/5626\/revisions"}],"predecessor-version":[{"id":5648,"href":"https:\/\/www.parque-montroig.com\/blog\/de\/wp-json\/wp\/v2\/posts\/5626\/revisions\/5648"}],"wp:featuredmedia":[{"embeddable":true,"href":"https:\/\/www.parque-montroig.com\/blog\/de\/wp-json\/wp\/v2\/media\/5542"}],"wp:attachment":[{"href":"https:\/\/www.parque-montroig.com\/blog\/de\/wp-json\/wp\/v2\/media?parent=5626"}],"wp:term":[{"taxonomy":"category","embeddable":true,"href":"https:\/\/www.parque-montroig.com\/blog\/de\/wp-json\/wp\/v2\/categories?post=5626"},{"taxonomy":"post_tag","embeddable":true,"href":"https:\/\/www.parque-montroig.com\/blog\/de\/wp-json\/wp\/v2\/tags?post=5626"}],"curies":[{"name":"wp","href":"https:\/\/api.w.org\/{rel}","templated":true}]}}