{"id":6213,"date":"2020-03-24T12:17:23","date_gmt":"2020-03-24T11:17:23","guid":{"rendered":"https:\/\/www.parque-montroig.com\/blog\/?p=6213"},"modified":"2026-04-29T11:37:38","modified_gmt":"2026-04-29T09:37:38","slug":"hafen-von-cambrils","status":"publish","type":"post","link":"https:\/\/www.parque-montroig.com\/blog\/de\/hafen-von-cambrils\/","title":{"rendered":"Der Hafen von Cambrils in Tarragona"},"content":{"rendered":"\t\t<div data-elementor-type=\"wp-post\" data-elementor-id=\"6213\" class=\"elementor elementor-6213 elementor-432\" data-elementor-post-type=\"post\">\n\t\t\t\t\t\t<section class=\"elementor-section elementor-top-section elementor-element elementor-element-936f5a4 elementor-section-boxed elementor-section-height-default elementor-section-height-default\" data-id=\"936f5a4\" data-element_type=\"section\" data-e-type=\"section\">\n\t\t\t\t\t\t<div class=\"elementor-container elementor-column-gap-default\">\n\t\t\t\t\t<div class=\"elementor-column elementor-col-100 elementor-top-column elementor-element elementor-element-243a42a\" data-id=\"243a42a\" data-element_type=\"column\" data-e-type=\"column\">\n\t\t\t<div class=\"elementor-widget-wrap elementor-element-populated\">\n\t\t\t\t\t\t<div class=\"elementor-element elementor-element-880879d elementor-widget elementor-widget-text-editor\" data-id=\"880879d\" data-element_type=\"widget\" data-e-type=\"widget\" data-widget_type=\"text-editor.default\">\n\t\t\t\t<div class=\"elementor-widget-container\">\n\t\t\t\t\t\t\t\t\t<p>Der <strong>Hafen von Cambrils<\/strong> in Tarragona ist zweifellos einer der bekanntesten an der Costa Dorada. Diese Enklave ist nicht nur ein Anlegepunkt, sondern die Seele des Ortes. Der Hafen von Cambrils besteht aus zwei klar abgegrenzten Bereichen: einem Fischerhafen mit jahrtausendealter Tradition und einem modernen, dynamischen Sporthafen. Strategisch g\u00fcnstig im Golf von Sant Jordi, zwischen Salou und Hospitalet de L&#8217;Infant gelegen, ist der Hafen von Cambrils ein Muss f\u00fcr jeden Touristen.   <\/p><p>Wenn Sie Ihren Aufenthalt planen, vergessen Sie nicht, einen Blick auf diese Optionen f\u00fcr <a class=\"ng-star-inserted\" href=\"https:\/\/www.parque-montroig.com\/blog\/de\/urlaub-in-cambrils-buchen-sie-ihre-perfekte-unterkunft\/\" target=\"_blank\" rel=\"noopener\">Ferien in Cambrils zu werfen und Ihre perfekte Unterkunft zu buchen<\/a>.<\/p>\t\t\t\t\t\t\t\t<\/div>\n\t\t\t\t<\/div>\n\t\t\t\t\t<\/div>\n\t\t<\/div>\n\t\t\t\t\t<\/div>\n\t\t<\/section>\n\t\t\t\t<section class=\"elementor-section elementor-top-section elementor-element elementor-element-ffcd5be elementor-section-boxed elementor-section-height-default elementor-section-height-default\" data-id=\"ffcd5be\" data-element_type=\"section\" data-e-type=\"section\">\n\t\t\t\t\t\t<div class=\"elementor-container elementor-column-gap-default\">\n\t\t\t\t\t<div class=\"elementor-column elementor-col-100 elementor-top-column elementor-element elementor-element-212998f\" data-id=\"212998f\" data-element_type=\"column\" data-e-type=\"column\">\n\t\t\t<div class=\"elementor-widget-wrap elementor-element-populated\">\n\t\t\t\t\t\t<div class=\"elementor-element elementor-element-587feb9 elementor-widget elementor-widget-video\" data-id=\"587feb9\" data-element_type=\"widget\" data-e-type=\"widget\" data-settings=\"{&quot;youtube_url&quot;:&quot;https:\\\/\\\/youtu.be\\\/Uo2Y_dzrQkc&quot;,&quot;video_type&quot;:&quot;youtube&quot;,&quot;controls&quot;:&quot;yes&quot;}\" data-widget_type=\"video.default\">\n\t\t\t\t<div class=\"elementor-widget-container\">\n\t\t\t\t\t\t\t<div class=\"elementor-wrapper elementor-open-inline\">\n\t\t\t<div class=\"elementor-video\"><\/div>\t\t<\/div>\n\t\t\t\t\t\t<\/div>\n\t\t\t\t<\/div>\n\t\t\t\t\t<\/div>\n\t\t<\/div>\n\t\t\t\t\t<\/div>\n\t\t<\/section>\n\t\t\t\t<section class=\"elementor-section elementor-top-section elementor-element elementor-element-1b794a0 elementor-section-boxed elementor-section-height-default elementor-section-height-default\" data-id=\"1b794a0\" data-element_type=\"section\" data-e-type=\"section\">\n\t\t\t\t\t\t<div class=\"elementor-container elementor-column-gap-default\">\n\t\t\t\t\t<div class=\"elementor-column elementor-col-100 elementor-top-column elementor-element elementor-element-4c3ff62\" data-id=\"4c3ff62\" data-element_type=\"column\" data-e-type=\"column\">\n\t\t\t<div class=\"elementor-widget-wrap elementor-element-populated\">\n\t\t\t\t\t\t<div class=\"elementor-element elementor-element-7ae8698 elementor-widget elementor-widget-heading\" data-id=\"7ae8698\" data-element_type=\"widget\" data-e-type=\"widget\" data-widget_type=\"heading.default\">\n\t\t\t\t<div class=\"elementor-widget-container\">\n\t\t\t\t\t<h2 class=\"elementor-heading-title elementor-size-default\">Der Sporthafen von Cambrils in Tarragona<\/h2>\t\t\t\t<\/div>\n\t\t\t\t<\/div>\n\t\t\t\t<div class=\"elementor-element elementor-element-553517d elementor-widget elementor-widget-text-editor\" data-id=\"553517d\" data-element_type=\"widget\" data-e-type=\"widget\" data-widget_type=\"text-editor.default\">\n\t\t\t\t<div class=\"elementor-widget-container\">\n\t\t\t\t\t\t\t\t\t<p>Der Yachtclub ist f\u00fcr die Verwaltung des Sporthafens von Cambrils zust\u00e4ndig, der \u00fcber mehr als 400 hochwertige Liegepl\u00e4tze verf\u00fcgt. Dieser Bereich des Hafens von Cambrils ist ein Zentrum der Aktivit\u00e4t und bietet Dienstleistungen f\u00fcr Segler und Besucher:   <\/p><ul><li data-path-to-node=\"9,0,0\"><b data-path-to-node=\"9,0,0\" data-index-in-node=\"0\">Einrichtungen:<\/b> Er verf\u00fcgt \u00fcber eine Trockenmarina, eine Werft, eine Tankstelle und modernste Wartungsdienste.<\/li><li data-path-to-node=\"9,1,0\"><b data-path-to-node=\"9,1,0\" data-index-in-node=\"0\">Gastronomie:<\/b> Es gibt ein eigenes Restaurant mit einer spektakul\u00e4ren Terrasse. Es ist der ideale Ort im Hafen von Cambrils, um einen Aperitif mit Blick auf das Fischerdorf zu genie\u00dfen oder die lokale K\u00fcche in entspannter Atmosph\u00e4re zu probieren. <\/li><li data-path-to-node=\"9,2,0\"><b data-path-to-node=\"9,2,0\" data-index-in-node=\"0\">Segelschule:<\/b> F\u00fcr die Kleinsten bietet der Hafen von Cambrils eine der besten Segelschulen im Mittelmeer mit Einf\u00fchrungs- und Fortgeschrittenenkursen.<\/li><li data-path-to-node=\"9,3,0\"><b data-path-to-node=\"9,3,0\" data-index-in-node=\"0\">Veranstaltungen:<\/b> In den Sommermonaten ist die Atmosph\u00e4re im Hafen von Cambrils dank Regatten, Angelwettbewerben und Wassershows unvergleichlich.<\/li><\/ul><p data-path-to-node=\"10\">Um diese Aktivit\u00e4ten optimal zu nutzen, entscheiden sich viele Besucher f\u00fcr die <a class=\"ng-star-inserted\" href=\"https:\/\/www.parque-montroig.com\/blog\/alquiler-apartamentos-cambrils-primera-linea-playa\/\" target=\"_blank\" rel=\"noopener\">Miete von Apartments in Cambrils direkt am Strand<\/a>, nur wenige Schritte vom Geschehen im Hafen von Cambrils entfernt.<\/p>\t\t\t\t\t\t\t\t<\/div>\n\t\t\t\t<\/div>\n\t\t\t\t<div class=\"elementor-element elementor-element-c5625c7 elementor-blockquote--skin-border elementor-widget elementor-widget-blockquote\" data-id=\"c5625c7\" data-element_type=\"widget\" data-e-type=\"widget\" data-widget_type=\"blockquote.default\">\n\t\t\t\t<div class=\"elementor-widget-container\">\n\t\t\t\t\t\t\t<blockquote class=\"elementor-blockquote\">\n\t\t\t<p class=\"elementor-blockquote__content\">\n\t\t\t\tDer Hafen verf\u00fcgt \u00fcber mehr als 500 Liegepl\u00e4tze und ist mit modernen Einrichtungen ausgestattet, um den Komfort und die Sicherheit der Segler zu gew\u00e4hrleisten.\t\t\t<\/p>\n\t\t\t\t\t<\/blockquote>\n\t\t\t\t\t\t<\/div>\n\t\t\t\t<\/div>\n\t\t\t\t\t<\/div>\n\t\t<\/div>\n\t\t\t\t\t<\/div>\n\t\t<\/section>\n\t\t\t\t<section class=\"elementor-section elementor-top-section elementor-element elementor-element-0e3eb74 elementor-section-boxed elementor-section-height-default elementor-section-height-default\" data-id=\"0e3eb74\" data-element_type=\"section\" data-e-type=\"section\">\n\t\t\t\t\t\t<div class=\"elementor-container elementor-column-gap-default\">\n\t\t\t\t\t<div class=\"elementor-column elementor-col-100 elementor-top-column elementor-element elementor-element-36b1ab8\" data-id=\"36b1ab8\" data-element_type=\"column\" data-e-type=\"column\">\n\t\t\t<div class=\"elementor-widget-wrap elementor-element-populated\">\n\t\t\t\t\t\t<div class=\"elementor-element elementor-element-0f535f9 elementor-widget elementor-widget-gallery\" data-id=\"0f535f9\" data-element_type=\"widget\" data-e-type=\"widget\" data-settings=\"{&quot;columns&quot;:3,&quot;lazyload&quot;:&quot;yes&quot;,&quot;gallery_layout&quot;:&quot;grid&quot;,&quot;columns_tablet&quot;:2,&quot;columns_mobile&quot;:1,&quot;gap&quot;:{&quot;unit&quot;:&quot;px&quot;,&quot;size&quot;:10,&quot;sizes&quot;:[]},&quot;gap_tablet&quot;:{&quot;unit&quot;:&quot;px&quot;,&quot;size&quot;:10,&quot;sizes&quot;:[]},&quot;gap_mobile&quot;:{&quot;unit&quot;:&quot;px&quot;,&quot;size&quot;:10,&quot;sizes&quot;:[]},&quot;link_to&quot;:&quot;file&quot;,&quot;aspect_ratio&quot;:&quot;3:2&quot;,&quot;overlay_background&quot;:&quot;yes&quot;,&quot;content_hover_animation&quot;:&quot;fade-in&quot;}\" data-widget_type=\"gallery.default\">\n\t\t\t\t<div class=\"elementor-widget-container\">\n\t\t\t\t\t\t\t<div class=\"elementor-gallery__container\">\n\t\t\t\t\t\t\t<a class=\"e-gallery-item elementor-gallery-item elementor-animated-content\" href=\"https:\/\/www.parque-montroig.com\/blog\/wp-content\/uploads\/2020\/03\/puerto-de-cambrils-005.jpg\" data-elementor-open-lightbox=\"yes\" data-elementor-lightbox-slideshow=\"0f535f9\" data-elementor-lightbox-title=\"puerto-de-cambrils-005\" data-elementor-lightbox-description=\"Puerto de Cambrils\" data-e-action-hash=\"#elementor-action%3Aaction%3Dlightbox%26settings%3DeyJpZCI6MTIzMSwidXJsIjoiaHR0cHM6XC9cL3d3dy5wYXJxdWUtbW9udHJvaWcuY29tXC9ibG9nXC93cC1jb250ZW50XC91cGxvYWRzXC8yMDIwXC8wM1wvcHVlcnRvLWRlLWNhbWJyaWxzLTAwNS5qcGciLCJzbGlkZXNob3ciOiIwZjUzNWY5In0%3D\">\n\t\t\t\t\t<div class=\"e-gallery-image elementor-gallery-item__image\" data-thumbnail=\"https:\/\/www.parque-montroig.com\/blog\/wp-content\/uploads\/2020\/03\/puerto-de-cambrils-005-768x512.jpg\" data-width=\"751\" data-height=\"501\" aria-label=\"Puerto de Cambrils\" role=\"img\" ><\/div>\n\t\t\t\t\t\t\t\t\t\t\t<div class=\"elementor-gallery-item__overlay\"><\/div>\n\t\t\t\t\t\t\t\t\t\t\t\t\t\t<\/a>\n\t\t\t\t\t\t\t<a class=\"e-gallery-item elementor-gallery-item elementor-animated-content\" href=\"https:\/\/www.parque-montroig.com\/blog\/wp-content\/uploads\/2023\/05\/vista-puerto-cambrils.jpg\" data-elementor-open-lightbox=\"yes\" data-elementor-lightbox-slideshow=\"0f535f9\" data-elementor-lightbox-title=\"vista-puerto-cambrils\" data-elementor-lightbox-description=\"Vista del puerto de cambrils\" data-e-action-hash=\"#elementor-action%3Aaction%3Dlightbox%26settings%3DeyJpZCI6MjU5MCwidXJsIjoiaHR0cHM6XC9cL3d3dy5wYXJxdWUtbW9udHJvaWcuY29tXC9ibG9nXC93cC1jb250ZW50XC91cGxvYWRzXC8yMDIzXC8wNVwvdmlzdGEtcHVlcnRvLWNhbWJyaWxzLmpwZyIsInNsaWRlc2hvdyI6IjBmNTM1ZjkifQ%3D%3D\">\n\t\t\t\t\t<div class=\"e-gallery-image elementor-gallery-item__image\" data-thumbnail=\"https:\/\/www.parque-montroig.com\/blog\/wp-content\/uploads\/2023\/05\/vista-puerto-cambrils.jpg\" data-width=\"600\" data-height=\"400\" aria-label=\"Vista del puerto de cambrils\" role=\"img\" ><\/div>\n\t\t\t\t\t\t\t\t\t\t\t<div class=\"elementor-gallery-item__overlay\"><\/div>\n\t\t\t\t\t\t\t\t\t\t\t\t\t\t<\/a>\n\t\t\t\t\t\t\t<a class=\"e-gallery-item elementor-gallery-item elementor-animated-content\" href=\"https:\/\/www.parque-montroig.com\/blog\/wp-content\/uploads\/2020\/03\/puerto-de-cambrils-002.jpg\" data-elementor-open-lightbox=\"yes\" data-elementor-lightbox-slideshow=\"0f535f9\" data-elementor-lightbox-title=\"puerto-de-cambrils-002\" data-elementor-lightbox-description=\"Puerto deportivo de Cambrils\" data-e-action-hash=\"#elementor-action%3Aaction%3Dlightbox%26settings%3DeyJpZCI6MTExOSwidXJsIjoiaHR0cHM6XC9cL3d3dy5wYXJxdWUtbW9udHJvaWcuY29tXC9ibG9nXC93cC1jb250ZW50XC91cGxvYWRzXC8yMDIwXC8wM1wvcHVlcnRvLWRlLWNhbWJyaWxzLTAwMi5qcGciLCJzbGlkZXNob3ciOiIwZjUzNWY5In0%3D\">\n\t\t\t\t\t<div class=\"e-gallery-image elementor-gallery-item__image\" data-thumbnail=\"https:\/\/www.parque-montroig.com\/blog\/wp-content\/uploads\/2020\/03\/puerto-de-cambrils-002-768x512.jpg\" data-width=\"751\" data-height=\"501\" aria-label=\"Puerto de Cambrils\" role=\"img\" ><\/div>\n\t\t\t\t\t\t\t\t\t\t\t<div class=\"elementor-gallery-item__overlay\"><\/div>\n\t\t\t\t\t\t\t\t\t\t\t\t\t\t<\/a>\n\t\t\t\t\t<\/div>\n\t\t\t\t\t<\/div>\n\t\t\t\t<\/div>\n\t\t\t\t\t<\/div>\n\t\t<\/div>\n\t\t\t\t\t<\/div>\n\t\t<\/section>\n\t\t\t\t<section class=\"elementor-section elementor-top-section elementor-element elementor-element-25dc311 elementor-section-boxed elementor-section-height-default elementor-section-height-default\" data-id=\"25dc311\" data-element_type=\"section\" data-e-type=\"section\">\n\t\t\t\t\t\t<div class=\"elementor-container elementor-column-gap-default\">\n\t\t\t\t\t<div class=\"elementor-column elementor-col-100 elementor-top-column elementor-element elementor-element-424eaaa\" data-id=\"424eaaa\" data-element_type=\"column\" data-e-type=\"column\">\n\t\t\t<div class=\"elementor-widget-wrap elementor-element-populated\">\n\t\t\t\t\t\t<div class=\"elementor-element elementor-element-4b3ae34 elementor-widget elementor-widget-heading\" data-id=\"4b3ae34\" data-element_type=\"widget\" data-e-type=\"widget\" data-widget_type=\"heading.default\">\n\t\t\t\t<div class=\"elementor-widget-container\">\n\t\t\t\t\t<h2 class=\"elementor-heading-title elementor-size-default\">Der Fischerhafen von Cambrils: Lebendige Tradition<\/h2>\t\t\t\t<\/div>\n\t\t\t\t<\/div>\n\t\t\t\t<div class=\"elementor-element elementor-element-813c6f6 elementor-widget elementor-widget-text-editor\" data-id=\"813c6f6\" data-element_type=\"widget\" data-e-type=\"widget\" data-widget_type=\"text-editor.default\">\n\t\t\t\t<div class=\"elementor-widget-container\">\n\t\t\t\t\t\t\t\t\t<p data-path-to-node=\"12\">Ein Besuch des Fischereigebiets des <b data-path-to-node=\"12\" data-index-in-node=\"29\">Hafens von Cambrils<\/b> ist eine Reise zu den Wurzeln dieses Fischerdorfes. Es ist eine lehrreiche und spannende Aktivit\u00e4t f\u00fcr die ganze Familie, die es erm\u00f6glicht, einen historischen Beruf hautnah kennenzulernen. <\/p><ul><li data-path-to-node=\"13,0,0\"><b data-path-to-node=\"13,0,0\" data-index-in-node=\"0\">Ankunft der Boote:<\/b> Jeden Tag, von Montag bis Freitag gegen 16:00 Uhr, kann man die Einfahrt der Fischerboote in den Hafen von Cambrils beobachten, ein unglaubliches visuelles Spektakel.<\/li><li data-path-to-node=\"13,1,0\"><b data-path-to-node=\"13,1,0\" data-index-in-node=\"0\">Die Fischb\u00f6rse:<\/b> Eine einzigartige Gelegenheit, mehr \u00fcber die Fisch- und Meeresfr\u00fcchtesorten zu erfahren, die in den Gew\u00e4ssern nahe dem Hafen von Cambrils gefangen werden.<\/li><li data-path-to-node=\"13,2,0\"><b data-path-to-node=\"13,2,0\" data-index-in-node=\"0\">Die Leuchtt\u00fcrme:<\/b> Sie d\u00fcrfen nicht abreisen, ohne den gr\u00fcnen Leuchtturm (im Sportbereich des Hafens von Cambrils) und den roten Leuchtturm (am Ende des Fischerkais) besucht zu haben.<\/li><li data-path-to-node=\"13,3,0\"><b data-path-to-node=\"13,3,0\" data-index-in-node=\"0\">Sonnenunterg\u00e4nge:<\/b> Die Aussicht von den Leuchtt\u00fcrmen des Hafens von Cambrils w\u00e4hrend des Sonnenuntergangs ist wahrscheinlich die beste des Ortes.<\/li><\/ul><p data-path-to-node=\"14\">Wenn Sie mehr \u00fcber die K\u00fcste rund um dieses Gebiet erfahren m\u00f6chten, lesen Sie unseren Beitrag \u00fcber den <a class=\"ng-star-inserted\" href=\"https:\/\/www.parque-montroig.com\/blog\/de\/playa-cambrils-2\/\" target=\"_blank\" rel=\"noopener\">Strand von Cambrils<\/a> und entdecken Sie, wo Sie in der N\u00e4he des Hafens von Cambrils am besten baden k\u00f6nnen.<\/p>\t\t\t\t\t\t\t\t<\/div>\n\t\t\t\t<\/div>\n\t\t\t\t\t<\/div>\n\t\t<\/div>\n\t\t\t\t\t<\/div>\n\t\t<\/section>\n\t\t\t\t<section class=\"elementor-section elementor-top-section elementor-element elementor-element-4759c4e elementor-section-boxed elementor-section-height-default elementor-section-height-default\" data-id=\"4759c4e\" data-element_type=\"section\" data-e-type=\"section\">\n\t\t\t\t\t\t<div class=\"elementor-container elementor-column-gap-default\">\n\t\t\t\t\t<div class=\"elementor-column elementor-col-100 elementor-top-column elementor-element elementor-element-f21b75d\" data-id=\"f21b75d\" data-element_type=\"column\" data-e-type=\"column\">\n\t\t\t<div class=\"elementor-widget-wrap elementor-element-populated\">\n\t\t\t\t\t\t<div class=\"elementor-element elementor-element-312a010 elementor-widget elementor-widget-heading\" data-id=\"312a010\" data-element_type=\"widget\" data-e-type=\"widget\" data-widget_type=\"heading.default\">\n\t\t\t\t<div class=\"elementor-widget-container\">\n\t\t\t\t\t<h2 class=\"elementor-heading-title elementor-size-default\">Wie erreicht man den Hafen von Cambrils?<\/h2>\t\t\t\t<\/div>\n\t\t\t\t<\/div>\n\t\t\t\t<div class=\"elementor-element elementor-element-b0f49ae elementor-widget elementor-widget-text-editor\" data-id=\"b0f49ae\" data-element_type=\"widget\" data-e-type=\"widget\" data-widget_type=\"text-editor.default\">\n\t\t\t\t<div class=\"elementor-widget-container\">\n\t\t\t\t\t\t\t\t\t<p data-path-to-node=\"16\">Die Anreise zum Hafen von Cambrils ist dank seiner hervorragenden Landverbindungen \u00e4u\u00dferst einfach:<\/p><ul><li data-path-to-node=\"17,0,0\"><b data-path-to-node=\"17,0,0\" data-index-in-node=\"0\">Mit dem Auto:<\/b> Von Barcelona aus nehmen Sie die AP-7 (Ausfahrt 37). Nach der Einfahrt in den Ort m\u00fcssen Sie nur den Schildern zum Hafen von Cambrils folgen. Die Fahrt dauert etwa 1 Stunde und 30 Minuten.  <\/li><li data-path-to-node=\"17,1,0\"><b data-path-to-node=\"17,1,0\" data-index-in-node=\"0\">Mit \u00f6ffentlichen Verkehrsmitteln:<\/b> Es gibt h\u00e4ufige Zug- und Busverbindungen vom Bahnhof Sants in Barcelona. Nach der Ankunft am Zielbahnhof ist der Hafen von Cambrils nur 15 Gehminuten entfernt. <\/li><\/ul><p data-path-to-node=\"18\">Zweifellos bietet der Hafen von Cambrils eine liebenswerte M\u00f6glichkeit, Zeit mit der Familie zu verbringen. Und wenn Sie nach einem Spaziergang durch den Hafen Hunger bekommen, empfehlen wir Ihnen, unseren F\u00fchrer zu den <a class=\"ng-star-inserted\" href=\"https:\/\/www.parque-montroig.com\/blog\/de\/besten-restaurants-in-cambrils\/\" target=\"_blank\" rel=\"noopener\">Restaurants in Cambrils<\/a> zu lesen, um Ihr Erlebnis abzurunden. <\/p>\t\t\t\t\t\t\t\t<\/div>\n\t\t\t\t<\/div>\n\t\t\t\t\t<\/div>\n\t\t<\/div>\n\t\t\t\t\t<\/div>\n\t\t<\/section>\n\t\t\t\t<section class=\"elementor-section elementor-top-section elementor-element elementor-element-b48ac13 elementor-section-boxed elementor-section-height-default elementor-section-height-default\" data-id=\"b48ac13\" data-element_type=\"section\" data-e-type=\"section\">\n\t\t\t\t\t\t<div class=\"elementor-container elementor-column-gap-default\">\n\t\t\t\t\t<div class=\"elementor-column elementor-col-100 elementor-top-column elementor-element elementor-element-7b73325\" data-id=\"7b73325\" data-element_type=\"column\" data-e-type=\"column\">\n\t\t\t<div class=\"elementor-widget-wrap elementor-element-populated\">\n\t\t\t\t\t\t<div class=\"elementor-element elementor-element-bfd39a4 elementor-widget elementor-widget-text-editor\" data-id=\"bfd39a4\" data-element_type=\"widget\" data-e-type=\"widget\" data-widget_type=\"text-editor.default\">\n\t\t\t\t<div class=\"elementor-widget-container\">\n\t\t\t\t\t\t\t\t\t<p>Zweifellos bietet der <strong>Hafen von Cambrils<\/strong> eine liebenswerte M\u00f6glichkeit, eine gute Zeit mit der Familie zu verbringen und etwas mehr \u00fcber die Lebensweise dieses Fischerdorfes zu erfahren.<\/p>\t\t\t\t\t\t\t\t<\/div>\n\t\t\t\t<\/div>\n\t\t\t\t<div class=\"elementor-element elementor-element-4d973fc elementor-widget elementor-widget-heading\" data-id=\"4d973fc\" data-element_type=\"widget\" data-e-type=\"widget\" data-widget_type=\"heading.default\">\n\t\t\t\t<div class=\"elementor-widget-container\">\n\t\t\t\t\t<h2 class=\"elementor-heading-title elementor-size-default\">Alles \u00fcber Ihren Besuch im Hafen von Cambrils<\/h2>\t\t\t\t<\/div>\n\t\t\t\t<\/div>\n\t\t\t\t<div class=\"elementor-element elementor-element-12c5afe elementor-widget elementor-widget-accordion\" data-id=\"12c5afe\" data-element_type=\"widget\" data-e-type=\"widget\" data-widget_type=\"accordion.default\">\n\t\t\t\t<div class=\"elementor-widget-container\">\n\t\t\t\t\t\t\t<div class=\"elementor-accordion\">\n\t\t\t\t\t\t\t<div class=\"elementor-accordion-item\">\n\t\t\t\t\t<div id=\"elementor-tab-title-1961\" class=\"elementor-tab-title\" data-tab=\"1\" role=\"button\" aria-controls=\"elementor-tab-content-1961\" aria-expanded=\"false\">\n\t\t\t\t\t\t\t\t\t\t\t\t\t<span class=\"elementor-accordion-icon elementor-accordion-icon-left\" aria-hidden=\"true\">\n\t\t\t\t\t\t\t\t\t\t\t\t\t\t\t<span class=\"elementor-accordion-icon-closed\"><i class=\"fas fa-plus\"><\/i><\/span>\n\t\t\t\t\t\t\t\t<span class=\"elementor-accordion-icon-opened\"><i class=\"fas fa-minus\"><\/i><\/span>\n\t\t\t\t\t\t\t\t\t\t\t\t\t\t<\/span>\n\t\t\t\t\t\t\t\t\t\t\t\t<a class=\"elementor-accordion-title\" tabindex=\"0\">Welche sportlichen Aktivit\u00e4ten bietet der Hafen von Cambrils f\u00fcr Kinder?<\/a>\n\t\t\t\t\t<\/div>\n\t\t\t\t\t<div id=\"elementor-tab-content-1961\" class=\"elementor-tab-content elementor-clearfix\" data-tab=\"1\" role=\"region\" aria-labelledby=\"elementor-tab-title-1961\"><p data-path-to-node=\"22\">Der Hafen von Cambrils zeichnet sich durch seine anerkannte Segelschule aus, in der Kinder Sommerkurse belegen k\u00f6nnen. Dar\u00fcber hinaus werden im Hafen von Cambrils Kinderregatten und Einf\u00fchrungsaktivit\u00e4ten in Paddle-Surfen und Kajakfahren organisiert. <\/p>\n<\/div>\n\t\t\t\t<\/div>\n\t\t\t\t\t\t\t<div class=\"elementor-accordion-item\">\n\t\t\t\t\t<div id=\"elementor-tab-title-1962\" class=\"elementor-tab-title\" data-tab=\"2\" role=\"button\" aria-controls=\"elementor-tab-content-1962\" aria-expanded=\"false\">\n\t\t\t\t\t\t\t\t\t\t\t\t\t<span class=\"elementor-accordion-icon elementor-accordion-icon-left\" aria-hidden=\"true\">\n\t\t\t\t\t\t\t\t\t\t\t\t\t\t\t<span class=\"elementor-accordion-icon-closed\"><i class=\"fas fa-plus\"><\/i><\/span>\n\t\t\t\t\t\t\t\t<span class=\"elementor-accordion-icon-opened\"><i class=\"fas fa-minus\"><\/i><\/span>\n\t\t\t\t\t\t\t\t\t\t\t\t\t\t<\/span>\n\t\t\t\t\t\t\t\t\t\t\t\t<a class=\"elementor-accordion-title\" tabindex=\"0\">Wann kommen die Fischerboote im Hafen von Cambrils an?<\/a>\n\t\t\t\t\t<\/div>\n\t\t\t\t\t<div id=\"elementor-tab-content-1962\" class=\"elementor-tab-content elementor-clearfix\" data-tab=\"2\" role=\"region\" aria-labelledby=\"elementor-tab-title-1962\"><p data-path-to-node=\"24\">Die Fischerboote kehren von Montag bis Freitag, normalerweise gegen 16:00 Uhr, in den Hafen von Cambrils zur\u00fcck. Dies ist der perfekte Zeitpunkt, um die Fischb\u00f6rse des Hafens von Cambrils zu besuchen und frischen Fisch zu sehen. <\/p>\n<h3 data-path-to-node=\"25\"> <\/h3>\n<\/div>\n\t\t\t\t<\/div>\n\t\t\t\t\t\t\t<div class=\"elementor-accordion-item\">\n\t\t\t\t\t<div id=\"elementor-tab-title-1963\" class=\"elementor-tab-title\" data-tab=\"3\" role=\"button\" aria-controls=\"elementor-tab-content-1963\" aria-expanded=\"false\">\n\t\t\t\t\t\t\t\t\t\t\t\t\t<span class=\"elementor-accordion-icon elementor-accordion-icon-left\" aria-hidden=\"true\">\n\t\t\t\t\t\t\t\t\t\t\t\t\t\t\t<span class=\"elementor-accordion-icon-closed\"><i class=\"fas fa-plus\"><\/i><\/span>\n\t\t\t\t\t\t\t\t<span class=\"elementor-accordion-icon-opened\"><i class=\"fas fa-minus\"><\/i><\/span>\n\t\t\t\t\t\t\t\t\t\t\t\t\t\t<\/span>\n\t\t\t\t\t\t\t\t\t\t\t\t<a class=\"elementor-accordion-title\" tabindex=\"0\">Kann man im Hafen von Cambrils essen?<\/a>\n\t\t\t\t\t<\/div>\n\t\t\t\t\t<div id=\"elementor-tab-content-1963\" class=\"elementor-tab-content elementor-clearfix\" data-tab=\"3\" role=\"region\" aria-labelledby=\"elementor-tab-title-1963\"><p data-path-to-node=\"26\">Ja, der Yachtclub des Hafens von Cambrils verf\u00fcgt \u00fcber ein eigenes Restaurant mit lokaler K\u00fcche. Dar\u00fcber hinaus finden Sie in der Umgebung des Hafens von Cambrils eines der besten gastronomischen Angebote der Costa Dorada. <\/p>\n<h3 data-path-to-node=\"27\"> <\/h3>\n<\/div>\n\t\t\t\t<\/div>\n\t\t\t\t\t\t\t<div class=\"elementor-accordion-item\">\n\t\t\t\t\t<div id=\"elementor-tab-title-1964\" class=\"elementor-tab-title\" data-tab=\"4\" role=\"button\" aria-controls=\"elementor-tab-content-1964\" aria-expanded=\"false\">\n\t\t\t\t\t\t\t\t\t\t\t\t\t<span class=\"elementor-accordion-icon elementor-accordion-icon-left\" aria-hidden=\"true\">\n\t\t\t\t\t\t\t\t\t\t\t\t\t\t\t<span class=\"elementor-accordion-icon-closed\"><i class=\"fas fa-plus\"><\/i><\/span>\n\t\t\t\t\t\t\t\t<span class=\"elementor-accordion-icon-opened\"><i class=\"fas fa-minus\"><\/i><\/span>\n\t\t\t\t\t\t\t\t\t\t\t\t\t\t<\/span>\n\t\t\t\t\t\t\t\t\t\t\t\t<a class=\"elementor-accordion-title\" tabindex=\"0\">Wie weit ist der Hafen von Cambrils von den Str\u00e4nden entfernt?<\/a>\n\t\t\t\t\t<\/div>\n\t\t\t\t\t<div id=\"elementor-tab-content-1964\" class=\"elementor-tab-content elementor-clearfix\" data-tab=\"4\" role=\"region\" aria-labelledby=\"elementor-tab-title-1964\"><div class=\"container\">\n<div id=\"model-response-message-contentr_fa51545e4dd0d0be\" class=\"markdown markdown-main-panel enable-updated-hr-color\" dir=\"ltr\" aria-live=\"polite\" aria-busy=\"false\">\n<p data-path-to-node=\"30\">Der Hafen von Cambrils ist in den Stadtkern integriert und von Str\u00e4nden umgeben. Auf beiden Seiten des Hafens von Cambrils beginnen kilometerlange feine Sandstr\u00e4nde, ideal f\u00fcr Familien. <\/p>\n<\/div>\n<\/div>\n<h3 data-path-to-node=\"27\"> <\/h3>\n<\/div>\n\t\t\t\t<\/div>\n\t\t\t\t\t\t\t\t<\/div>\n\t\t\t\t\t\t<\/div>\n\t\t\t\t<\/div>\n\t\t\t\t\t<\/div>\n\t\t<\/div>\n\t\t\t\t\t<\/div>\n\t\t<\/section>\n\t\t\t\t<section class=\"elementor-section elementor-top-section elementor-element elementor-element-128078f1 elementor-section-boxed elementor-section-height-default elementor-section-height-default\" data-id=\"128078f1\" data-element_type=\"section\" data-e-type=\"section\">\n\t\t\t\t\t\t<div class=\"elementor-container elementor-column-gap-default\">\n\t\t\t\t\t<div class=\"elementor-column elementor-col-25 elementor-top-column elementor-element elementor-element-a70087d\" data-id=\"a70087d\" data-element_type=\"column\" data-e-type=\"column\">\n\t\t\t<div class=\"elementor-widget-wrap elementor-element-populated\">\n\t\t\t\t\t\t<div class=\"elementor-element elementor-element-73279a66 elementor-align-center elementor-widget elementor-widget-button\" data-id=\"73279a66\" data-element_type=\"widget\" data-e-type=\"widget\" data-widget_type=\"button.default\">\n\t\t\t\t<div class=\"elementor-widget-container\">\n\t\t\t\t\t\t\t\t\t<div class=\"elementor-button-wrapper\">\n\t\t\t\t\t<a class=\"elementor-button elementor-button-link elementor-size-sm\" href=\"https:\/\/www.parque-montroig.com\/de\/urlaub-unterkunft-in-cambrils\/\">\n\t\t\t\t\t\t<span class=\"elementor-button-content-wrapper\">\n\t\t\t\t\t\t\t\t\t<span class=\"elementor-button-text\">Unterk\u00fcnfte in Cambrils<\/span>\n\t\t\t\t\t<\/span>\n\t\t\t\t\t<\/a>\n\t\t\t\t<\/div>\n\t\t\t\t\t\t\t\t<\/div>\n\t\t\t\t<\/div>\n\t\t\t\t\t<\/div>\n\t\t<\/div>\n\t\t\t\t<div class=\"elementor-column elementor-col-25 elementor-top-column elementor-element elementor-element-3a4ba15b\" data-id=\"3a4ba15b\" data-element_type=\"column\" data-e-type=\"column\">\n\t\t\t<div class=\"elementor-widget-wrap elementor-element-populated\">\n\t\t\t\t\t\t<div class=\"elementor-element elementor-element-2074bf34 elementor-align-center elementor-widget elementor-widget-button\" data-id=\"2074bf34\" data-element_type=\"widget\" data-e-type=\"widget\" data-widget_type=\"button.default\">\n\t\t\t\t<div class=\"elementor-widget-container\">\n\t\t\t\t\t\t\t\t\t<div class=\"elementor-button-wrapper\">\n\t\t\t\t\t<a class=\"elementor-button elementor-button-link elementor-size-sm\" href=\"https:\/\/www.parque-montroig.com\/de\/mietwohnungen-in-cambrils\/\">\n\t\t\t\t\t\t<span class=\"elementor-button-content-wrapper\">\n\t\t\t\t\t\t\t\t\t<span class=\"elementor-button-text\">Ferienwohnungen in Cambrils<\/span>\n\t\t\t\t\t<\/span>\n\t\t\t\t\t<\/a>\n\t\t\t\t<\/div>\n\t\t\t\t\t\t\t\t<\/div>\n\t\t\t\t<\/div>\n\t\t\t\t\t<\/div>\n\t\t<\/div>\n\t\t\t\t<div class=\"elementor-column elementor-col-25 elementor-top-column elementor-element elementor-element-7b77ebf1\" data-id=\"7b77ebf1\" data-element_type=\"column\" data-e-type=\"column\">\n\t\t\t<div class=\"elementor-widget-wrap elementor-element-populated\">\n\t\t\t\t\t\t<div class=\"elementor-element elementor-element-5ee1690d elementor-align-center elementor-widget elementor-widget-button\" data-id=\"5ee1690d\" data-element_type=\"widget\" data-e-type=\"widget\" data-widget_type=\"button.default\">\n\t\t\t\t<div class=\"elementor-widget-container\">\n\t\t\t\t\t\t\t\t\t<div class=\"elementor-button-wrapper\">\n\t\t\t\t\t<a class=\"elementor-button elementor-button-link elementor-size-sm\" href=\"https:\/\/www.parque-montroig.com\/de\/vermietung\/ferienhauser-cambrils-c19d73\/\">\n\t\t\t\t\t\t<span class=\"elementor-button-content-wrapper\">\n\t\t\t\t\t\t\t\t\t<span class=\"elementor-button-text\">H\u00e4user in Cambrils<\/span>\n\t\t\t\t\t<\/span>\n\t\t\t\t\t<\/a>\n\t\t\t\t<\/div>\n\t\t\t\t\t\t\t\t<\/div>\n\t\t\t\t<\/div>\n\t\t\t\t\t<\/div>\n\t\t<\/div>\n\t\t\t\t<div class=\"elementor-column elementor-col-25 elementor-top-column elementor-element elementor-element-aa67abf\" data-id=\"aa67abf\" data-element_type=\"column\" data-e-type=\"column\">\n\t\t\t<div class=\"elementor-widget-wrap elementor-element-populated\">\n\t\t\t\t\t\t<div class=\"elementor-element elementor-element-dc97518 elementor-align-center elementor-widget elementor-widget-button\" data-id=\"dc97518\" data-element_type=\"widget\" data-e-type=\"widget\" data-widget_type=\"button.default\">\n\t\t\t\t<div class=\"elementor-widget-container\">\n\t\t\t\t\t\t\t\t\t<div class=\"elementor-button-wrapper\">\n\t\t\t\t\t<a class=\"elementor-button elementor-button-link elementor-size-sm\" href=\"https:\/\/www.parque-montroig.com\/de\/vermietung\/villen-cambrils-c2d73\/\">\n\t\t\t\t\t\t<span class=\"elementor-button-content-wrapper\">\n\t\t\t\t\t\t\t\t\t<span class=\"elementor-button-text\">Villen und Chalets in Cambrils<\/span>\n\t\t\t\t\t<\/span>\n\t\t\t\t\t<\/a>\n\t\t\t\t<\/div>\n\t\t\t\t\t\t\t\t<\/div>\n\t\t\t\t<\/div>\n\t\t\t\t\t<\/div>\n\t\t<\/div>\n\t\t\t\t\t<\/div>\n\t\t<\/section>\n\t\t\t\t<\/div>\n\t\t","protected":false},"excerpt":{"rendered":"<p>Der Hafen von Cambrils in Tarragona ist zweifellos einer der bekanntesten an der Costa Dorada. Diese Enklave ist nicht nur&#8230;<\/p>\n","protected":false},"author":2,"featured_media":2585,"comment_status":"open","ping_status":"closed","sticky":false,"template":"","format":"standard","meta":{"footnotes":""},"categories":[25,43,20],"tags":[156,158,157],"class_list":["post-6213","post","type-post","status-publish","format-standard","has-post-thumbnail","hentry","category-la-costa-dorada-de","category-was-zu-sehen-an-der-costa-dorada","category-zu-sehen-und-zu-tun-in-cambrils","tag-cambrils","tag-cambrils-tarragona","tag-hafen-cambrils"],"_links":{"self":[{"href":"https:\/\/www.parque-montroig.com\/blog\/de\/wp-json\/wp\/v2\/posts\/6213","targetHints":{"allow":["GET"]}}],"collection":[{"href":"https:\/\/www.parque-montroig.com\/blog\/de\/wp-json\/wp\/v2\/posts"}],"about":[{"href":"https:\/\/www.parque-montroig.com\/blog\/de\/wp-json\/wp\/v2\/types\/post"}],"author":[{"embeddable":true,"href":"https:\/\/www.parque-montroig.com\/blog\/de\/wp-json\/wp\/v2\/users\/2"}],"replies":[{"embeddable":true,"href":"https:\/\/www.parque-montroig.com\/blog\/de\/wp-json\/wp\/v2\/comments?post=6213"}],"version-history":[{"count":4,"href":"https:\/\/www.parque-montroig.com\/blog\/de\/wp-json\/wp\/v2\/posts\/6213\/revisions"}],"predecessor-version":[{"id":6218,"href":"https:\/\/www.parque-montroig.com\/blog\/de\/wp-json\/wp\/v2\/posts\/6213\/revisions\/6218"}],"wp:featuredmedia":[{"embeddable":true,"href":"https:\/\/www.parque-montroig.com\/blog\/de\/wp-json\/wp\/v2\/media\/2585"}],"wp:attachment":[{"href":"https:\/\/www.parque-montroig.com\/blog\/de\/wp-json\/wp\/v2\/media?parent=6213"}],"wp:term":[{"taxonomy":"category","embeddable":true,"href":"https:\/\/www.parque-montroig.com\/blog\/de\/wp-json\/wp\/v2\/categories?post=6213"},{"taxonomy":"post_tag","embeddable":true,"href":"https:\/\/www.parque-montroig.com\/blog\/de\/wp-json\/wp\/v2\/tags?post=6213"}],"curies":[{"name":"wp","href":"https:\/\/api.w.org\/{rel}","templated":true}]}}