{"id":6233,"date":"2023-03-20T09:06:48","date_gmt":"2023-03-20T08:06:48","guid":{"rendered":"https:\/\/www.parque-montroig.com\/blog\/el-tiempo-en-miami-playa\/"},"modified":"2026-04-29T12:57:09","modified_gmt":"2026-04-29T10:57:09","slug":"wetter-in-miami-playa","status":"publish","type":"post","link":"https:\/\/www.parque-montroig.com\/blog\/de\/wetter-in-miami-playa\/","title":{"rendered":"Wetter in Miami Playa: Der komplette Leitfaden f\u00fcr Temperaturen und Jahreszeiten"},"content":{"rendered":"\t\t<div data-elementor-type=\"wp-post\" data-elementor-id=\"6233\" class=\"elementor elementor-6233 elementor-1793\" data-elementor-post-type=\"post\">\n\t\t\t\t\t\t<section class=\"elementor-section elementor-top-section elementor-element elementor-element-6992b00 elementor-section-boxed elementor-section-height-default elementor-section-height-default\" data-id=\"6992b00\" data-element_type=\"section\" data-e-type=\"section\">\n\t\t\t\t\t\t<div class=\"elementor-container elementor-column-gap-default\">\n\t\t\t\t\t<div class=\"elementor-column elementor-col-100 elementor-top-column elementor-element elementor-element-dbe8c47\" data-id=\"dbe8c47\" data-element_type=\"column\" data-e-type=\"column\">\n\t\t\t<div class=\"elementor-widget-wrap elementor-element-populated\">\n\t\t\t\t\t\t<div class=\"elementor-element elementor-element-676db22 elementor-view-default elementor-widget elementor-widget-icon\" data-id=\"676db22\" data-element_type=\"widget\" data-e-type=\"widget\" data-widget_type=\"icon.default\">\n\t\t\t\t<div class=\"elementor-widget-container\">\n\t\t\t\t\t\t\t<div class=\"elementor-icon-wrapper\">\n\t\t\t<div class=\"elementor-icon\">\n\t\t\t<i aria-hidden=\"true\" class=\"fas fa-sun\"><\/i>\t\t\t<\/div>\n\t\t<\/div>\n\t\t\t\t\t\t<\/div>\n\t\t\t\t<\/div>\n\t\t\t\t<div class=\"elementor-element elementor-element-c3031a0 elementor-widget elementor-widget-text-editor\" data-id=\"c3031a0\" data-element_type=\"widget\" data-e-type=\"widget\" data-widget_type=\"text-editor.default\">\n\t\t\t\t<div class=\"elementor-widget-container\">\n\t\t\t\t\t\t\t\t\t<p data-path-to-node=\"3\"><span class=\"\">Das <\/span>wetter in Miami Playa<span class=\"\"> geh\u00f6rt zu den stabilsten und beliebtesten im gesamten Mittelmeerraum.<\/span><span class=\"\"> Jedes Jahr str\u00f6men tausende Touristen in diesen Ort,<\/span><span class=\"\"> um die Sonne und nat\u00fcrlich das Meer in einer privilegierten Umgebung zu genie\u00dfen.<\/span><span class=\"\"> Im Folgenden werfen wir einen detaillierten Blick darauf,<\/span><span class=\"\"> wie das <\/span>wetter in Miami Playa<span class=\"\"> jede Jahreszeit beeinflusst,<\/span><span class=\"\"> damit Sie Ihren Urlaub perfekt planen k\u00f6nnen.<\/span><\/p>\t\t\t\t\t\t\t\t<\/div>\n\t\t\t\t<\/div>\n\t\t\t\t\t<\/div>\n\t\t<\/div>\n\t\t\t\t\t<\/div>\n\t\t<\/section>\n\t\t\t\t<section class=\"elementor-section elementor-top-section elementor-element elementor-element-8a6f402 elementor-section-boxed elementor-section-height-default elementor-section-height-default\" data-id=\"8a6f402\" data-element_type=\"section\" data-e-type=\"section\">\n\t\t\t\t\t\t<div class=\"elementor-container elementor-column-gap-default\">\n\t\t\t\t\t<div class=\"elementor-column elementor-col-100 elementor-top-column elementor-element elementor-element-18ae85d\" data-id=\"18ae85d\" data-element_type=\"column\" data-e-type=\"column\">\n\t\t\t<div class=\"elementor-widget-wrap elementor-element-populated\">\n\t\t\t\t\t\t<div class=\"elementor-element elementor-element-a33cf85 elementor-widget elementor-widget-grid\" data-id=\"a33cf85\" data-element_type=\"widget\" data-e-type=\"widget\" data-widget_type=\"grid.default\">\n\t\t\t\t<div class=\"elementor-widget-container\">\n\t\t\t\t\t\t\t<div class=\"its--row alojamientos-recomendados\">\n\n\t\t\t<div class=\"alojamientos-recomendados-container\">\n\n\t\t\t\t\t\n\t\t\t\t\t<a href=\"https:\/\/www.parque-montroig.com\/de\/vermietung\/ferienwohnung-miami-playa-villa-adriana-b-a102-parc-mont-roig-118447.html\" rel=\"nofollow\" style=\"width: 23%;\">\n\t\t\t\t\t\t<div class=\"apartamento-box\">\n\t\t\t\t\t\t\t<div class=\"imagen_recomendados\">\n\t\t\t\t\t\t\t\t<img decoding=\"async\" src=\"https:\/\/crs.avantio.com\/fotos\/2\/1389802966e221970aa95b6dbf2468eb87f3a8333a\/big1463581999c3e3dfd9c55e17479baa40d4c8cb5ad4.jpg\" alt=\"Villa Adriana B A102, apartamento en Parc Mont-roig \">\n\t\t\t\t\t\t\t<\/div>\n\t\t\t\t\t\t\t<div class=\"info\">\n\t\t\t\t\t\t\t\t<div class=\"ubicacion\">\n\t\t\t\t\t\t\t\t\t<i class=\"fa-solid fa-location-dot icono-mapa\"><\/i><span class=\"ubicacion-texto\">Miami Playa - Tarragona Provinz<\/span>\n\t\t\t\t\t\t\t\t<\/div>\n\t\t\t\t\t\t\t\t<H4 class=\"titulo-alojamiento\">\n\t\t\t\t\t\t\t\t\tVilla Adriana B A102, apartamento en Parc Mont-roig \t\t\t\t\t\t\t\t<\/H4>\n\t\t\t\t\t\t\t\t<p class=\"precio-alojamiento\">Aus <span class=\"precio\">48.00\u20ac<\/span> pro Nacht<\/p>\n\t\t\t\t\t\t\t<\/div>\n\t\t\t\t\t\t<\/div>\n\t\t\t\t\t<\/a> \n\t\t\t\t\t\t\n\t\t\t\t\t<a href=\"https:\/\/www.parque-montroig.com\/de\/vermietung\/ferienwohnung-miami-playa-villa-adriana-c-a204-parc-mont-roig-118450.html\" rel=\"nofollow\" style=\"width: 23%;\">\n\t\t\t\t\t\t<div class=\"apartamento-box\">\n\t\t\t\t\t\t\t<div class=\"imagen_recomendados\">\n\t\t\t\t\t\t\t\t<img decoding=\"async\" src=\"https:\/\/crs.avantio.com\/fotos\/2\/13898037114109857b841d3d4e09ed4aeb0d804cbb\/big171325913594af6aeecf00849481d5bef9800ca8d4.jpg\" alt=\"Villa Adriana C 204, apartamento en Parc Mont-roig\">\n\t\t\t\t\t\t\t<\/div>\n\t\t\t\t\t\t\t<div class=\"info\">\n\t\t\t\t\t\t\t\t<div class=\"ubicacion\">\n\t\t\t\t\t\t\t\t\t<i class=\"fa-solid fa-location-dot icono-mapa\"><\/i><span class=\"ubicacion-texto\">Miami Playa - Tarragona Provinz<\/span>\n\t\t\t\t\t\t\t\t<\/div>\n\t\t\t\t\t\t\t\t<H4 class=\"titulo-alojamiento\">\n\t\t\t\t\t\t\t\t\tVilla Adriana C 204, apartamento en Parc Mont-roig\t\t\t\t\t\t\t\t<\/H4>\n\t\t\t\t\t\t\t\t<p class=\"precio-alojamiento\">Aus <span class=\"precio\">52.00\u20ac<\/span> pro Nacht<\/p>\n\t\t\t\t\t\t\t<\/div>\n\t\t\t\t\t\t<\/div>\n\t\t\t\t\t<\/a> \n\t\t\t\t\t\t\n\t\t\t\t\t<a href=\"https:\/\/www.parque-montroig.com\/de\/vermietung\/ferienwohnung-miami-playa-guardamar-124677.html\" rel=\"nofollow\" style=\"width: 23%;\">\n\t\t\t\t\t\t<div class=\"apartamento-box\">\n\t\t\t\t\t\t\t<div class=\"imagen_recomendados\">\n\t\t\t\t\t\t\t\t<img decoding=\"async\" src=\"https:\/\/crs.avantio.com\/fotos\/2\/1404491475d566722c023319637f82665e3afd8ee4\/big17133658870375c709a74f90abb2f03ebec71daa6b.jpg\" alt=\"\">\n\t\t\t\t\t\t\t<\/div>\n\t\t\t\t\t\t\t<div class=\"info\">\n\t\t\t\t\t\t\t\t<div class=\"ubicacion\">\n\t\t\t\t\t\t\t\t\t<i class=\"fa-solid fa-location-dot icono-mapa\"><\/i><span class=\"ubicacion-texto\">Miami Playa - Tarragona Provinz<\/span>\n\t\t\t\t\t\t\t\t<\/div>\n\t\t\t\t\t\t\t\t<H4 class=\"titulo-alojamiento\">\n\t\t\t\t\t\t\t\t\t\t\t\t\t\t\t\t\t<\/H4>\n\t\t\t\t\t\t\t\t<p class=\"precio-alojamiento\">Aus <span class=\"precio\">64.75\u20ac<\/span> pro Nacht<\/p>\n\t\t\t\t\t\t\t<\/div>\n\t\t\t\t\t\t<\/div>\n\t\t\t\t\t<\/a> \n\t\t\t\t\t\t\n\t\t\t\t\t<a href=\"https:\/\/www.parque-montroig.com\/de\/vermietung\/ferienhaus-miami-playa-casa-chiqui-miami-playa-126245.html\" rel=\"nofollow\" style=\"width: 23%;\">\n\t\t\t\t\t\t<div class=\"apartamento-box\">\n\t\t\t\t\t\t\t<div class=\"imagen_recomendados\">\n\t\t\t\t\t\t\t\t<img decoding=\"async\" src=\"https:\/\/crs.avantio.com\/fotos\/2\/1411119748de32476ede9cd0073ba17a4a966ad54d\/big14593490468d5f00d58af339e36c97251dccb95332.jpg\" alt=\"Casa Chiqui, Costa Zefir\">\n\t\t\t\t\t\t\t<\/div>\n\t\t\t\t\t\t\t<div class=\"info\">\n\t\t\t\t\t\t\t\t<div class=\"ubicacion\">\n\t\t\t\t\t\t\t\t\t<i class=\"fa-solid fa-location-dot icono-mapa\"><\/i><span class=\"ubicacion-texto\">Miami Playa - Tarragona Provinz<\/span>\n\t\t\t\t\t\t\t\t<\/div>\n\t\t\t\t\t\t\t\t<H4 class=\"titulo-alojamiento\">\n\t\t\t\t\t\t\t\t\tCasa Chiqui, Costa Zefir\t\t\t\t\t\t\t\t<\/H4>\n\t\t\t\t\t\t\t\t<p class=\"precio-alojamiento\">Aus <span class=\"precio\">50.00\u20ac<\/span> pro Nacht<\/p>\n\t\t\t\t\t\t\t<\/div>\n\t\t\t\t\t\t<\/div>\n\t\t\t\t\t<\/a> \n\t\t\t\t\t\t\t\t<\/div>\n\t\t\t<\/div>\n\t\t\t\t\t\t<\/div>\n\t\t\t\t<\/div>\n\t\t\t\t\t<\/div>\n\t\t<\/div>\n\t\t\t\t\t<\/div>\n\t\t<\/section>\n\t\t\t\t<section class=\"elementor-section elementor-top-section elementor-element elementor-element-1c17401 elementor-section-boxed elementor-section-height-default elementor-section-height-default\" data-id=\"1c17401\" data-element_type=\"section\" data-e-type=\"section\">\n\t\t\t\t\t\t<div class=\"elementor-container elementor-column-gap-default\">\n\t\t\t\t\t<div class=\"elementor-column elementor-col-100 elementor-top-column elementor-element elementor-element-92c32b4\" data-id=\"92c32b4\" data-element_type=\"column\" data-e-type=\"column\">\n\t\t\t<div class=\"elementor-widget-wrap elementor-element-populated\">\n\t\t\t\t\t\t<div class=\"elementor-element elementor-element-9997666 elementor-widget elementor-widget-spacer\" data-id=\"9997666\" data-element_type=\"widget\" data-e-type=\"widget\" data-widget_type=\"spacer.default\">\n\t\t\t\t<div class=\"elementor-widget-container\">\n\t\t\t\t\t\t\t<div class=\"elementor-spacer\">\n\t\t\t<div class=\"elementor-spacer-inner\"><\/div>\n\t\t<\/div>\n\t\t\t\t\t\t<\/div>\n\t\t\t\t<\/div>\n\t\t\t\t<div class=\"elementor-element elementor-element-14728e5 elementor-widget elementor-widget-heading\" data-id=\"14728e5\" data-element_type=\"widget\" data-e-type=\"widget\" data-widget_type=\"heading.default\">\n\t\t\t\t<div class=\"elementor-widget-container\">\n\t\t\t\t\t<h2 class=\"elementor-heading-title elementor-size-default\">Das Wetter in Miami Playa im Winter<\/h2>\t\t\t\t<\/div>\n\t\t\t\t<\/div>\n\t\t\t\t<div class=\"elementor-element elementor-element-d48c706 elementor-widget elementor-widget-text-editor\" data-id=\"d48c706\" data-element_type=\"widget\" data-e-type=\"widget\" data-widget_type=\"text-editor.default\">\n\t\t\t\t<div class=\"elementor-widget-container\">\n\t\t\t\t\t\t\t\t\t<p data-path-to-node=\"6\">Die Wintermonate sind zwar die k\u00fchlsten des Jahres, aber \u00fcberraschend hell. Dank dem <b data-path-to-node=\"6\" data-index-in-node=\"85\">wetter in miami playa<\/b> sinken die Temperaturen nur selten unter den Gefrierpunkt, was Outdoor-Aktivit\u00e4ten sogar im Januar erm\u00f6glicht.<\/p>\n<ul>\n<li data-path-to-node=\"7,0,0\"><b data-path-to-node=\"7,0,0\" data-index-in-node=\"0\">Milde Temperaturen:<\/b> In der Regel finden Sie sonnige Tage mit H\u00f6chstwerten zwischen <b data-path-to-node=\"7,0,0\" data-index-in-node=\"83\">14 und 16 \u00b0C<\/b>. An den w\u00e4rmsten Tagen kann das Thermometer mittags bis zu 20 \u00b0C erreichen.<\/li>\n<li data-path-to-node=\"7,1,0\"><b data-path-to-node=\"7,1,0\" data-index-in-node=\"0\">Wenig Regen:<\/b> Niederschl\u00e4ge sind sehr selten. Der Durchschnitt liegt bei knapp 30 Litern pro Quadratmeter, was sicherstellt, dass Ihre Spazierg\u00e4nge an den <a class=\"ng-star-inserted\" href=\"https:\/\/www.parque-montroig.com\/blog\/de\/miami-playa-2\/\" target=\"_blank\" rel=\"noopener\">Str\u00e4nden und Buchten von Miami Playa<\/a> nicht unterbrochen werden.<\/li>\n<li data-path-to-node=\"7,2,0\"><b data-path-to-node=\"7,2,0\" data-index-in-node=\"0\">Das Meer im Winter:<\/b> Das Mittelmeer beh\u00e4lt eine Temperatur von etwa 13-14 \u00b0C bei. Wassersportler k\u00f6nnen mit einem geeigneten Neoprenanzug die absolute Ruhe des Meeres genie\u00dfen.<\/li>\n<\/ul>\t\t\t\t\t\t\t\t<\/div>\n\t\t\t\t<\/div>\n\t\t\t\t\t<\/div>\n\t\t<\/div>\n\t\t\t\t\t<\/div>\n\t\t<\/section>\n\t\t\t\t<section class=\"elementor-section elementor-top-section elementor-element elementor-element-3546d76 elementor-hidden-mobile elementor-section-boxed elementor-section-height-default elementor-section-height-default\" data-id=\"3546d76\" data-element_type=\"section\" data-e-type=\"section\">\n\t\t\t\t\t\t<div class=\"elementor-container elementor-column-gap-default\">\n\t\t\t\t\t<div class=\"elementor-column elementor-col-33 elementor-top-column elementor-element elementor-element-3353b09\" data-id=\"3353b09\" data-element_type=\"column\" data-e-type=\"column\">\n\t\t\t<div class=\"elementor-widget-wrap elementor-element-populated\">\n\t\t\t\t\t\t<div class=\"elementor-element elementor-element-32bb57c elementor-widget elementor-widget-image\" data-id=\"32bb57c\" data-element_type=\"widget\" data-e-type=\"widget\" data-widget_type=\"image.default\">\n\t\t\t\t<div class=\"elementor-widget-container\">\n\t\t\t\t\t\t\t\t\t\t\t\t\t\t\t<img fetchpriority=\"high\" decoding=\"async\" width=\"600\" height=\"630\" src=\"https:\/\/www.parque-montroig.com\/blog\/wp-content\/uploads\/2023\/03\/parcmontroig-tiempo-clima-miami-playa-blog-600x630.jpg\" class=\"attachment-large size-large wp-image-1836\" alt=\"Wetter in miami playa\" \/>\t\t\t\t\t\t\t\t\t\t\t\t\t\t\t<\/div>\n\t\t\t\t<\/div>\n\t\t\t\t<section class=\"elementor-section elementor-inner-section elementor-element elementor-element-147e676 elementor-section-boxed elementor-section-height-default elementor-section-height-default\" data-id=\"147e676\" data-element_type=\"section\" data-e-type=\"section\">\n\t\t\t\t\t\t<div class=\"elementor-container elementor-column-gap-default\">\n\t\t\t\t\t<div class=\"elementor-column elementor-col-100 elementor-inner-column elementor-element elementor-element-ec60d7e\" data-id=\"ec60d7e\" data-element_type=\"column\" data-e-type=\"column\">\n\t\t\t<div class=\"elementor-widget-wrap elementor-element-populated\">\n\t\t\t\t\t\t<div class=\"elementor-element elementor-element-9111240 elementor-align-center elementor-widget elementor-widget-button\" data-id=\"9111240\" data-element_type=\"widget\" data-e-type=\"widget\" data-widget_type=\"button.default\">\n\t\t\t\t<div class=\"elementor-widget-container\">\n\t\t\t\t\t\t\t\t\t<div class=\"elementor-button-wrapper\">\n\t\t\t\t\t<a class=\"elementor-button elementor-button-link elementor-size-sm\" href=\"https:\/\/www.parque-montroig.com\/de\/ferienunterkuenfte-in-miami-platja\/\">\n\t\t\t\t\t\t<span class=\"elementor-button-content-wrapper\">\n\t\t\t\t\t\t\t\t\t<span class=\"elementor-button-text\">Unterkunft Miami Playa<\/span>\n\t\t\t\t\t<\/span>\n\t\t\t\t\t<\/a>\n\t\t\t\t<\/div>\n\t\t\t\t\t\t\t\t<\/div>\n\t\t\t\t<\/div>\n\t\t\t\t\t<\/div>\n\t\t<\/div>\n\t\t\t\t\t<\/div>\n\t\t<\/section>\n\t\t\t\t\t<\/div>\n\t\t<\/div>\n\t\t\t\t<div class=\"elementor-column elementor-col-66 elementor-top-column elementor-element elementor-element-d2bd18d\" data-id=\"d2bd18d\" data-element_type=\"column\" data-e-type=\"column\">\n\t\t\t<div class=\"elementor-widget-wrap elementor-element-populated\">\n\t\t\t\t\t\t<div class=\"elementor-element elementor-element-2f5fe88 elementor-widget elementor-widget-heading\" data-id=\"2f5fe88\" data-element_type=\"widget\" data-e-type=\"widget\" data-widget_type=\"heading.default\">\n\t\t\t\t<div class=\"elementor-widget-container\">\n\t\t\t\t\t<h2 class=\"elementor-heading-title elementor-size-default\">Das Wetter in Miami Playa im Fr\u00fchling<\/h2>\t\t\t\t<\/div>\n\t\t\t\t<\/div>\n\t\t\t\t<div class=\"elementor-element elementor-element-852fa48 elementor-widget elementor-widget-text-editor\" data-id=\"852fa48\" data-element_type=\"widget\" data-e-type=\"widget\" data-widget_type=\"text-editor.default\">\n\t\t\t\t<div class=\"elementor-widget-container\">\n\t\t\t\t\t\t\t\t\t<p data-path-to-node=\"9\">Der Fr\u00fchling ist eine magische \u00dcbergangszeit, in der das <b data-path-to-node=\"9\" data-index-in-node=\"57\">wetter in miami playa<\/b> seine lebendigste Seite zeigt. Es ist die Zeit, in der die Natur der Costa Dorada erwacht.<\/p>\n<ul>\n<li data-path-to-node=\"10,0,0\"><b data-path-to-node=\"10,0,0\" data-index-in-node=\"0\">Steigende Temperaturen:<\/b> Im April liegen die H\u00f6chstwerte bereits bei etwa 24-25 \u00b0C. Bis Juni erreicht die Atmosph\u00e4re locker <b data-path-to-node=\"10,0,0\" data-index-in-node=\"123\">30 \u00b0C<\/b>.<\/li>\n<li data-path-to-node=\"10,1,0\"><b data-path-to-node=\"10,1,0\" data-index-in-node=\"0\">Ausflug zum Ebro-Delta:<\/b> Da das <b data-path-to-node=\"10,1,0\" data-index-in-node=\"31\">wetter in miami playa<\/b> im Fr\u00fchling noch nicht dr\u00fcckend hei\u00df ist, ist das Radfahren durch die Reisfelder im <b data-path-to-node=\"10,1,0\" data-index-in-node=\"137\">Ebro-Delta<\/b> ein unschlagbares Erlebnis.<\/li>\n<li data-path-to-node=\"10,2,0\"><b data-path-to-node=\"10,2,0\" data-index-in-node=\"0\">Erstes Baden:<\/b> Im Mai erreicht das Wasser 18 \u00b0C, was die ersten Spr\u00fcnge ins k\u00fchle Nass in der Bucht Cala Sirenes in Miami Platja erm\u00f6glicht.<\/li>\n<\/ul>\t\t\t\t\t\t\t\t<\/div>\n\t\t\t\t<\/div>\n\t\t\t\t\t<\/div>\n\t\t<\/div>\n\t\t\t\t\t<\/div>\n\t\t<\/section>\n\t\t\t\t<section class=\"elementor-section elementor-top-section elementor-element elementor-element-cffeb0c elementor-hidden-desktop elementor-hidden-tablet elementor-section-boxed elementor-section-height-default elementor-section-height-default\" data-id=\"cffeb0c\" data-element_type=\"section\" data-e-type=\"section\">\n\t\t\t\t\t\t<div class=\"elementor-container elementor-column-gap-default\">\n\t\t\t\t\t<div class=\"elementor-column elementor-col-50 elementor-top-column elementor-element elementor-element-1c196f0\" data-id=\"1c196f0\" data-element_type=\"column\" data-e-type=\"column\">\n\t\t\t<div class=\"elementor-widget-wrap elementor-element-populated\">\n\t\t\t\t\t\t<div class=\"elementor-element elementor-element-464ba88 elementor-widget elementor-widget-heading\" data-id=\"464ba88\" data-element_type=\"widget\" data-e-type=\"widget\" data-widget_type=\"heading.default\">\n\t\t\t\t<div class=\"elementor-widget-container\">\n\t\t\t\t\t<h2 class=\"elementor-heading-title elementor-size-default\">La meteo de Miami Platja en primavera\n<\/h2>\t\t\t\t<\/div>\n\t\t\t\t<\/div>\n\t\t\t\t<div class=\"elementor-element elementor-element-ee8ca48 elementor-widget elementor-widget-text-editor\" data-id=\"ee8ca48\" data-element_type=\"widget\" data-e-type=\"widget\" data-widget_type=\"text-editor.default\">\n\t\t\t\t<div class=\"elementor-widget-container\">\n\t\t\t\t\t\t\t\t\t<p><span style=\"font-weight: 400;\">El<\/span><b> tiempo en Miami Platja<\/b><span style=\"font-weight: 400;\"> en los meses de primavera tiende a ser, por lo general, m\u00e1s inestable. Con la llegada del calor, la presencia de nubes es bastante frecuente. En abril y mayo,<\/span><b> las precipitaciones suelen rondar los 35 o 40 litros por metro cuadrado en estos meses<\/b><span style=\"font-weight: 400;\">. Una cifra que si bien es un poco m\u00e1s elevada que en invierno, tampoco resulta excesiva. Cuando llega junio, la bajada de la humedad ambiental viene acompa\u00f1ada de una escasa presencia de precipitaciones.<\/span><\/p><p><span style=\"font-weight: 400;\">Los d\u00edas de <\/span><b>temperaturas agradables<\/b><span style=\"font-weight: 400;\">, por otro lado, ser\u00e1n mucho m\u00e1s habituales en esta estaci\u00f3n. No en vano, la primavera ayuda a que los term\u00f3metros suban varios grados. Asimismo, los d\u00edas ser\u00e1n m\u00e1s largos y amanecer\u00e1 mucho m\u00e1s temprano que en los meses invernales. En abril, <\/span><a href=\"https:\/\/www.parque-montroig.com\/alquiler-de-apartamentos-en-miami-playa\/\"><span style=\"font-weight: 400;\">Miami Playa<\/span><\/a><span style=\"font-weight: 400;\"> cuenta con valores entre <\/span><b>24 y 25 \u00b0C de m\u00e1xima<\/b><span style=\"font-weight: 400;\">; en junio, es muy f\u00e1cil que se alcancen los 30 \u00b0C. Sin duda, temperaturas perfectas para que te refresques en el Mediterr\u00e1neo.<\/span><\/p><p><span style=\"font-weight: 400;\">Durante el mes de abril, el mar seguir\u00e1 estando bastante fresco, pero su temperatura ir\u00e1 en aumento seg\u00fan se acerque al periodo estival. Probablemente, en mayo ya podr\u00e1s ba\u00f1arte sin neopreno, ya que <\/span><b>la temperatura del agua rondar\u00e1 los 18 \u00b0C<\/b><span style=\"font-weight: 400;\">. En junio, los valores habituales llegan a los 22 \u00b0C.<\/span><\/p>\t\t\t\t\t\t\t\t<\/div>\n\t\t\t\t<\/div>\n\t\t\t\t\t<\/div>\n\t\t<\/div>\n\t\t\t\t<div class=\"elementor-column elementor-col-50 elementor-top-column elementor-element elementor-element-be3b047\" data-id=\"be3b047\" data-element_type=\"column\" data-e-type=\"column\">\n\t\t\t<div class=\"elementor-widget-wrap elementor-element-populated\">\n\t\t\t\t\t\t<div class=\"elementor-element elementor-element-cd41665 elementor-widget elementor-widget-image\" data-id=\"cd41665\" data-element_type=\"widget\" data-e-type=\"widget\" data-widget_type=\"image.default\">\n\t\t\t\t<div class=\"elementor-widget-container\">\n\t\t\t\t\t\t\t\t\t\t\t\t\t\t\t<img fetchpriority=\"high\" decoding=\"async\" width=\"600\" height=\"630\" src=\"https:\/\/www.parque-montroig.com\/blog\/wp-content\/uploads\/2023\/03\/parcmontroig-tiempo-clima-miami-playa-blog-600x630.jpg\" class=\"attachment-large size-large wp-image-1836\" alt=\"Wetter in miami playa\" \/>\t\t\t\t\t\t\t\t\t\t\t\t\t\t\t<\/div>\n\t\t\t\t<\/div>\n\t\t\t\t<div class=\"elementor-element elementor-element-ee111ea elementor-align-center elementor-widget elementor-widget-button\" data-id=\"ee111ea\" data-element_type=\"widget\" data-e-type=\"widget\" data-widget_type=\"button.default\">\n\t\t\t\t<div class=\"elementor-widget-container\">\n\t\t\t\t\t\t\t\t\t<div class=\"elementor-button-wrapper\">\n\t\t\t\t\t<a class=\"elementor-button elementor-button-link elementor-size-sm\" href=\"https:\/\/www.parque-montroig.com\/alquiler\/alquileres-miami-playa-d188\/\">\n\t\t\t\t\t\t<span class=\"elementor-button-content-wrapper\">\n\t\t\t\t\t\t\t\t\t<span class=\"elementor-button-text\">Alojamientos en Miami Playa <\/span>\n\t\t\t\t\t<\/span>\n\t\t\t\t\t<\/a>\n\t\t\t\t<\/div>\n\t\t\t\t\t\t\t\t<\/div>\n\t\t\t\t<\/div>\n\t\t\t\t\t<\/div>\n\t\t<\/div>\n\t\t\t\t\t<\/div>\n\t\t<\/section>\n\t\t\t\t<section class=\"elementor-section elementor-top-section elementor-element elementor-element-b3b05c6 elementor-section-boxed elementor-section-height-default elementor-section-height-default\" data-id=\"b3b05c6\" data-element_type=\"section\" data-e-type=\"section\">\n\t\t\t\t\t\t<div class=\"elementor-container elementor-column-gap-default\">\n\t\t\t\t\t<div class=\"elementor-column elementor-col-50 elementor-top-column elementor-element elementor-element-3e57d66\" data-id=\"3e57d66\" data-element_type=\"column\" data-e-type=\"column\">\n\t\t\t<div class=\"elementor-widget-wrap elementor-element-populated\">\n\t\t\t\t\t\t<div class=\"elementor-element elementor-element-c80f087 elementor-widget elementor-widget-heading\" data-id=\"c80f087\" data-element_type=\"widget\" data-e-type=\"widget\" data-widget_type=\"heading.default\">\n\t\t\t\t<div class=\"elementor-widget-container\">\n\t\t\t\t\t<h2 class=\"elementor-heading-title elementor-size-default\">Was sagt die AEMET \u00fcber das Sommerwetter?<\/h2>\t\t\t\t<\/div>\n\t\t\t\t<\/div>\n\t\t\t\t<div class=\"elementor-element elementor-element-cc6507d elementor-widget elementor-widget-text-editor\" data-id=\"cc6507d\" data-element_type=\"widget\" data-e-type=\"widget\" data-widget_type=\"text-editor.default\">\n\t\t\t\t<div class=\"elementor-widget-container\">\n\t\t\t\t\t\t\t\t\t<p data-path-to-node=\"12\">Laut den historischen Aufzeichnungen der AEMET ist das <b data-path-to-node=\"12\" data-index-in-node=\"55\">wetter in miami playa<\/b> im Sommer am g\u00fcnstigsten f\u00fcr Sonnenanbeter. Die Tage sind extrem lang und atmosph\u00e4rische Stabilit\u00e4t ist die Regel.<\/p>\n<ul>\n<li data-path-to-node=\"13,0,0\"><b data-path-to-node=\"13,0,0\" data-index-in-node=\"0\">Tropische N\u00e4chte:<\/b> Die n\u00e4chtlichen Temperaturen sinken selten unter <b data-path-to-node=\"13,0,0\" data-index-in-node=\"67\">20 \u00b0C<\/b>, was dazu einl\u00e4dt, auf Terrassen zu speisen und die Meeresbrise zu genie\u00dfen.<\/li>\n<li data-path-to-node=\"13,1,0\"><b data-path-to-node=\"13,1,0\" data-index-in-node=\"0\">Warmes Wasser:<\/b> Mit Werten zwischen 25 und 26 \u00b0C wird der <a class=\"ng-star-inserted\" href=\"https:\/\/www.parque-montroig.com\/blog\/de\/playa-cristal-miami-playa-ein-geheimes-paradies-an-der-costa-dorada\/\" target=\"_blank\" rel=\"noopener\">Strand Playa Cristal in Miami Playa<\/a> zu einem nat\u00fcrlichen Pool. Dies ist die Hauptzeit f\u00fcr <a class=\"ng-star-inserted\" href=\"https:\/\/www.parque-montroig.com\/blog\/de\/sommeraktivitaten-miami-platja\/\" target=\"_blank\" rel=\"noopener\">Sommeraktivit\u00e4ten in Miami Playa<\/a>.<\/li>\n<li data-path-to-node=\"13,2,0\"><b data-path-to-node=\"13,2,0\" data-index-in-node=\"0\">Pro-Tipp:<\/b> Die UV-Indizes sind sehr hoch. Wir empfehlen, die Mittagsstunden in den <a class=\"ng-star-inserted\" href=\"https:\/\/www.parque-montroig.com\/blog\/de\/playa-cristal-miami-playa-ein-geheimes-paradies-an-der-costa-dorada\/\" target=\"_blank\" rel=\"noopener\">Panorama-Buchten von Miami Playa<\/a> zu verbringen.<\/li>\n<\/ul>\t\t\t\t\t\t\t\t<\/div>\n\t\t\t\t<\/div>\n\t\t\t\t\t<\/div>\n\t\t<\/div>\n\t\t\t\t<div class=\"elementor-column elementor-col-50 elementor-top-column elementor-element elementor-element-8a9f5d2\" data-id=\"8a9f5d2\" data-element_type=\"column\" data-e-type=\"column\">\n\t\t\t<div class=\"elementor-widget-wrap elementor-element-populated\">\n\t\t\t\t\t\t<div class=\"elementor-element elementor-element-2a1c681 elementor-widget elementor-widget-image\" data-id=\"2a1c681\" data-element_type=\"widget\" data-e-type=\"widget\" data-widget_type=\"image.default\">\n\t\t\t\t<div class=\"elementor-widget-container\">\n\t\t\t\t\t\t\t\t\t\t\t\t\t\t\t<img decoding=\"async\" width=\"751\" height=\"490\" src=\"https:\/\/www.parque-montroig.com\/blog\/wp-content\/uploads\/2023\/03\/miami-playa-tarragona-el-tiempo-965x630.jpg\" class=\"attachment-large size-large wp-image-1821\" alt=\"wetter in miami playa\" \/>\t\t\t\t\t\t\t\t\t\t\t\t\t\t\t<\/div>\n\t\t\t\t<\/div>\n\t\t\t\t\t<\/div>\n\t\t<\/div>\n\t\t\t\t\t<\/div>\n\t\t<\/section>\n\t\t\t\t<section class=\"elementor-section elementor-top-section elementor-element elementor-element-5d82340 elementor-section-boxed elementor-section-height-default elementor-section-height-default\" data-id=\"5d82340\" data-element_type=\"section\" data-e-type=\"section\">\n\t\t\t\t\t\t<div class=\"elementor-container elementor-column-gap-default\">\n\t\t\t\t\t<div class=\"elementor-column elementor-col-100 elementor-top-column elementor-element elementor-element-4d3b17a\" data-id=\"4d3b17a\" data-element_type=\"column\" data-e-type=\"column\">\n\t\t\t<div class=\"elementor-widget-wrap elementor-element-populated\">\n\t\t\t\t\t\t<div class=\"elementor-element elementor-element-14b0b72 elementor-widget elementor-widget-heading\" data-id=\"14b0b72\" data-element_type=\"widget\" data-e-type=\"widget\" data-widget_type=\"heading.default\">\n\t\t\t\t<div class=\"elementor-widget-container\">\n\t\t\t\t\t<h2 class=\"elementor-heading-title elementor-size-default\">Wie ist der Herbst in Miami Playa?<\/h2>\t\t\t\t<\/div>\n\t\t\t\t<\/div>\n\t\t\t\t<div class=\"elementor-element elementor-element-8f94bdd elementor-widget elementor-widget-text-editor\" data-id=\"8f94bdd\" data-element_type=\"widget\" data-e-type=\"widget\" data-widget_type=\"text-editor.default\">\n\t\t\t\t<div class=\"elementor-widget-container\">\n\t\t\t\t\t\t\t\t\t<p data-path-to-node=\"15\">Der Herbst gilt f\u00fcr viele als die beste Reisezeit. Das <b data-path-to-node=\"15\" data-index-in-node=\"55\">wetter in miami playa<\/b> zeigt sich in dieser Saison von seiner mildesten Seite, mit warmen Tagen und einer angenehmen Meerestemperatur.<\/p>\n<ul>\n<li data-path-to-node=\"16,0,0\"><b data-path-to-node=\"16,0,0\" data-index-in-node=\"0\">Milde W\u00e4rme:<\/b> Im Oktober und November liegen die Temperaturen oft noch bei angenehmen <b data-path-to-node=\"16,0,0\" data-index-in-node=\"85\">25 \u00b0C<\/b>. Es ist die Zeit des &#8222;Altweibersommers&#8220;, in der man die Sonne ohne die extreme Hitze des Augusts genie\u00dfen kann.<\/li>\n<li data-path-to-node=\"16,1,0\"><b data-path-to-node=\"16,1,0\" data-index-in-node=\"0\">Badespa\u00df im Herbst:<\/b> Das Meer speichert die W\u00e4rme des Sommers. Mit Temperaturen zwischen 18 und 22 \u00b0C ist das Baden in der Bucht Cala Sirenes in Miami Platja bis weit in den Oktober hinein problemlos m\u00f6glich.<\/li>\n<li data-path-to-node=\"16,2,0\"><b data-path-to-node=\"16,2,0\" data-index-in-node=\"0\">Niederschl\u00e4ge:<\/b> Statistisch gesehen ist dies die feuchteste Zeit des Jahres, aber die Regenschauer sind meist kurz und heftig, gefolgt von strahlendem Sonnenschein.<\/li>\n<\/ul>\t\t\t\t\t\t\t\t<\/div>\n\t\t\t\t<\/div>\n\t\t\t\t\t<\/div>\n\t\t<\/div>\n\t\t\t\t\t<\/div>\n\t\t<\/section>\n\t\t\t\t<section class=\"elementor-section elementor-top-section elementor-element elementor-element-d6d6eb5 elementor-section-boxed elementor-section-height-default elementor-section-height-default\" data-id=\"d6d6eb5\" data-element_type=\"section\" data-e-type=\"section\">\n\t\t\t\t\t\t<div class=\"elementor-container elementor-column-gap-default\">\n\t\t\t\t\t<div class=\"elementor-column elementor-col-100 elementor-top-column elementor-element elementor-element-be6bc77\" data-id=\"be6bc77\" data-element_type=\"column\" data-e-type=\"column\">\n\t\t\t<div class=\"elementor-widget-wrap elementor-element-populated\">\n\t\t\t\t\t\t<div class=\"elementor-element elementor-element-d45d2f0 elementor-widget elementor-widget-image\" data-id=\"d45d2f0\" data-element_type=\"widget\" data-e-type=\"widget\" data-widget_type=\"image.default\">\n\t\t\t\t<div class=\"elementor-widget-container\">\n\t\t\t\t\t\t\t\t\t\t\t\t\t\t\t<img decoding=\"async\" width=\"1080\" height=\"400\" src=\"https:\/\/www.parque-montroig.com\/blog\/wp-content\/uploads\/2023\/03\/meteo-miami-playa-costa-dorada.jpg\" class=\"attachment-full size-full wp-image-1876\" alt=\"wetter miami playa\" srcset=\"https:\/\/www.parque-montroig.com\/blog\/wp-content\/uploads\/2023\/03\/meteo-miami-playa-costa-dorada.jpg 1080w, https:\/\/www.parque-montroig.com\/blog\/wp-content\/uploads\/2023\/03\/meteo-miami-playa-costa-dorada-768x284.jpg 768w\" sizes=\"(max-width: 1080px) 100vw, 1080px\" \/>\t\t\t\t\t\t\t\t\t\t\t\t\t\t\t<\/div>\n\t\t\t\t<\/div>\n\t\t\t\t\t<\/div>\n\t\t<\/div>\n\t\t\t\t\t<\/div>\n\t\t<\/section>\n\t\t\t\t<section class=\"elementor-section elementor-top-section elementor-element elementor-element-a73b68e elementor-section-boxed elementor-section-height-default elementor-section-height-default\" data-id=\"a73b68e\" data-element_type=\"section\" data-e-type=\"section\">\n\t\t\t\t\t\t<div class=\"elementor-container elementor-column-gap-default\">\n\t\t\t\t\t<div class=\"elementor-column elementor-col-100 elementor-top-column elementor-element elementor-element-2da6b27\" data-id=\"2da6b27\" data-element_type=\"column\" data-e-type=\"column\">\n\t\t\t<div class=\"elementor-widget-wrap elementor-element-populated\">\n\t\t\t\t\t\t<div class=\"elementor-element elementor-element-0204f5d elementor-widget elementor-widget-heading\" data-id=\"0204f5d\" data-element_type=\"widget\" data-e-type=\"widget\" data-widget_type=\"heading.default\">\n\t\t\t\t<div class=\"elementor-widget-container\">\n\t\t\t\t\t<h2 class=\"elementor-heading-title elementor-size-default\">Das Wetter an der Costa Dorada: von Alcanar bis Calafell<\/h2>\t\t\t\t<\/div>\n\t\t\t\t<\/div>\n\t\t\t\t<div class=\"elementor-element elementor-element-f80bc69 elementor-widget elementor-widget-text-editor\" data-id=\"f80bc69\" data-element_type=\"widget\" data-e-type=\"widget\" data-widget_type=\"text-editor.default\">\n\t\t\t\t<div class=\"elementor-widget-container\">\n\t\t\t\t\t\t\t\t\t<p data-path-to-node=\"18\">Das <b data-path-to-node=\"18\" data-index-in-node=\"4\">wetter in miami playa<\/b> ist Teil eines privilegierten \u00d6kosystems an der gesamten Costa Dorada. Von Alcanar bis Calafell bietet die K\u00fcste von Tarragona mehr als <b data-path-to-node=\"18\" data-index-in-node=\"162\">300 Sonnentage pro Jahr<\/b>.<\/p>\n<ul data-path-to-node=\"19\">\n<li>\n<p data-path-to-node=\"19,0,0\"><b data-path-to-node=\"19,0,0\" data-index-in-node=\"0\">Nat\u00fcrlicher Schutz:<\/b> Miami Playa ist durch das Llaberia-Gebirge gesch\u00fctzt. Dieses Relief wirkt wie ein Schutzschild gegen kalte Nordwinde, wodurch das <b data-path-to-node=\"19,0,0\" data-index-in-node=\"150\">wetter in miami playa<\/b> etwas w\u00e4rmer und trockener ist als in benachbarten Gebieten.<\/p>\n<\/li>\n<\/ul>\t\t\t\t\t\t\t\t<\/div>\n\t\t\t\t<\/div>\n\t\t\t\t\t<\/div>\n\t\t<\/div>\n\t\t\t\t\t<\/div>\n\t\t<\/section>\n\t\t\t\t<section class=\"elementor-section elementor-top-section elementor-element elementor-element-152dba9 elementor-section-boxed elementor-section-height-default elementor-section-height-default\" data-id=\"152dba9\" data-element_type=\"section\" data-e-type=\"section\">\n\t\t\t\t\t\t<div class=\"elementor-container elementor-column-gap-default\">\n\t\t\t\t\t<div class=\"elementor-column elementor-col-100 elementor-top-column elementor-element elementor-element-9ef18bb\" data-id=\"9ef18bb\" data-element_type=\"column\" data-e-type=\"column\">\n\t\t\t<div class=\"elementor-widget-wrap elementor-element-populated\">\n\t\t\t\t\t\t<div class=\"elementor-element elementor-element-8eaab1f elementor-widget elementor-widget-heading\" data-id=\"8eaab1f\" data-element_type=\"widget\" data-e-type=\"widget\" data-widget_type=\"heading.default\">\n\t\t\t\t<div class=\"elementor-widget-container\">\n\t\t\t\t\t<h2 class=\"elementor-heading-title elementor-size-default\">Empfohlene Aktivit\u00e4ten basierend auf dem wetter in miami playa<\/h2>\t\t\t\t<\/div>\n\t\t\t\t<\/div>\n\t\t\t\t<div class=\"elementor-element elementor-element-43b8791 elementor-widget elementor-widget-text-editor\" data-id=\"43b8791\" data-element_type=\"widget\" data-e-type=\"widget\" data-widget_type=\"text-editor.default\">\n\t\t\t\t<div class=\"elementor-widget-container\">\n\t\t\t\t\t\t\t\t\t<p data-path-to-node=\"18\">Das <b data-path-to-node=\"18\" data-index-in-node=\"4\">wetter in miami playa<\/b> ist Ihr bester Verb\u00fcndeter bei der Planung Ihres Freizeitprogramms. Je nach Vorhersage gibt es ideale Optionen:<\/p>\n<ul>\n<li data-path-to-node=\"19,0,0\"><b data-path-to-node=\"19,0,0\" data-index-in-node=\"0\">Sonnige Tage (Sommer):<\/b> Die Windstille am Morgen ist perfekt f\u00fcr Wassersport. Mieten Sie ein Kajak oder versuchen Sie Stand-up-Paddling in den <a class=\"ng-star-inserted\" href=\"https:\/\/www.parque-montroig.com\/blog\/de\/playa-cristal-miami-playa-ein-geheimes-paradies-an-der-costa-dorada\/\" target=\"_blank\" rel=\"noopener\" data-wplink-edit=\"true\">Panorama-Buchten von Miami Playa<\/a>.<\/li>\n<li data-path-to-node=\"19,1,0\"><b data-path-to-node=\"19,1,0\" data-index-in-node=\"0\">Milde Tage (Fr\u00fchling\/Herbst):<\/b> Das <b data-path-to-node=\"19,1,0\" data-index-in-node=\"34\">wetter in miami playa<\/b> l\u00e4dt in diesen Jahreszeiten zur Bewegung ein. Es ist die beste Zeit f\u00fcr Radtouren entlang der Promenade oder Wanderungen zur <a class=\"ng-star-inserted\" href=\"https:\/\/www.parque-montroig.com\/blog\/de\/playa-cristal-miami-playa-ein-geheimes-paradies-an-der-costa-dorada\/\" target=\"_blank\" rel=\"noopener\" data-wplink-edit=\"true\">Strand Playa Cristal in Miami Playa<\/a>.<\/li>\n<li data-path-to-node=\"19,2,0\"><b data-path-to-node=\"19,2,0\" data-index-in-node=\"0\">K\u00fchlere oder bew\u00f6lkte Tage:<\/b> Nutzen Sie das Wetter f\u00fcr kulturelle Besuche ohne Hitze. Ein Ausflug zum Centre Mir\u00f3 in Mont-roig oder ein Einkaufsbummel in den lokalen Gesch\u00e4ften sind exzellente Pl\u00e4ne, wenn das <b data-path-to-node=\"19,2,0\" data-index-in-node=\"208\">wetter in miami playa<\/b> mal nicht zum Baden einl\u00e4dt.<\/li>\n<\/ul>\t\t\t\t\t\t\t\t<\/div>\n\t\t\t\t<\/div>\n\t\t\t\t\t<\/div>\n\t\t<\/div>\n\t\t\t\t\t<\/div>\n\t\t<\/section>\n\t\t\t\t<section class=\"elementor-section elementor-top-section elementor-element elementor-element-82a7e95 elementor-section-boxed elementor-section-height-default elementor-section-height-default\" data-id=\"82a7e95\" data-element_type=\"section\" data-e-type=\"section\">\n\t\t\t\t\t\t<div class=\"elementor-container elementor-column-gap-default\">\n\t\t\t\t\t<div class=\"elementor-column elementor-col-33 elementor-top-column elementor-element elementor-element-56d1c70\" data-id=\"56d1c70\" data-element_type=\"column\" data-e-type=\"column\">\n\t\t\t<div class=\"elementor-widget-wrap elementor-element-populated\">\n\t\t\t\t\t\t<div class=\"elementor-element elementor-element-5f5f157 elementor-align-center elementor-widget elementor-widget-button\" data-id=\"5f5f157\" data-element_type=\"widget\" data-e-type=\"widget\" data-widget_type=\"button.default\">\n\t\t\t\t<div class=\"elementor-widget-container\">\n\t\t\t\t\t\t\t\t\t<div class=\"elementor-button-wrapper\">\n\t\t\t\t\t<a class=\"elementor-button elementor-button-link elementor-size-sm\" href=\"https:\/\/www.parque-montroig.com\/de\/ferienunterkuenfte-in-miami-platja\/\">\n\t\t\t\t\t\t<span class=\"elementor-button-content-wrapper\">\n\t\t\t\t\t\t\t\t\t<span class=\"elementor-button-text\">Unterkunft Miami Playa<\/span>\n\t\t\t\t\t<\/span>\n\t\t\t\t\t<\/a>\n\t\t\t\t<\/div>\n\t\t\t\t\t\t\t\t<\/div>\n\t\t\t\t<\/div>\n\t\t\t\t\t<\/div>\n\t\t<\/div>\n\t\t\t\t<div class=\"elementor-column elementor-col-33 elementor-top-column elementor-element elementor-element-326c45e\" data-id=\"326c45e\" data-element_type=\"column\" data-e-type=\"column\">\n\t\t\t<div class=\"elementor-widget-wrap elementor-element-populated\">\n\t\t\t\t\t\t<div class=\"elementor-element elementor-element-45491c4 elementor-align-center elementor-widget elementor-widget-button\" data-id=\"45491c4\" data-element_type=\"widget\" data-e-type=\"widget\" data-widget_type=\"button.default\">\n\t\t\t\t<div class=\"elementor-widget-container\">\n\t\t\t\t\t\t\t\t\t<div class=\"elementor-button-wrapper\">\n\t\t\t\t\t<a class=\"elementor-button elementor-button-link elementor-size-sm\" href=\"https:\/\/www.parque-montroig.com\/alquiler\/villas-miami-playa-c2d188\/\">\n\t\t\t\t\t\t<span class=\"elementor-button-content-wrapper\">\n\t\t\t\t\t\t\t\t\t<span class=\"elementor-button-text\">Chalets y Villas en Miami Playa<\/span>\n\t\t\t\t\t<\/span>\n\t\t\t\t\t<\/a>\n\t\t\t\t<\/div>\n\t\t\t\t\t\t\t\t<\/div>\n\t\t\t\t<\/div>\n\t\t\t\t\t<\/div>\n\t\t<\/div>\n\t\t\t\t<div class=\"elementor-column elementor-col-33 elementor-top-column elementor-element elementor-element-1381862\" data-id=\"1381862\" data-element_type=\"column\" data-e-type=\"column\">\n\t\t\t<div class=\"elementor-widget-wrap elementor-element-populated\">\n\t\t\t\t\t\t<div class=\"elementor-element elementor-element-0279563 elementor-align-center elementor-widget elementor-widget-button\" data-id=\"0279563\" data-element_type=\"widget\" data-e-type=\"widget\" data-widget_type=\"button.default\">\n\t\t\t\t<div class=\"elementor-widget-container\">\n\t\t\t\t\t\t\t\t\t<div class=\"elementor-button-wrapper\">\n\t\t\t\t\t<a class=\"elementor-button elementor-button-link elementor-size-sm\" href=\"https:\/\/www.parque-montroig.com\/alquiler-de-apartamentos-en-miami-playa\/\">\n\t\t\t\t\t\t<span class=\"elementor-button-content-wrapper\">\n\t\t\t\t\t\t\t\t\t<span class=\"elementor-button-text\">Apartamentos  Miami Playa<\/span>\n\t\t\t\t\t<\/span>\n\t\t\t\t\t<\/a>\n\t\t\t\t<\/div>\n\t\t\t\t\t\t\t\t<\/div>\n\t\t\t\t<\/div>\n\t\t\t\t\t<\/div>\n\t\t<\/div>\n\t\t\t\t\t<\/div>\n\t\t<\/section>\n\t\t\t\t<section class=\"elementor-section elementor-top-section elementor-element elementor-element-b002aab elementor-section-boxed elementor-section-height-default elementor-section-height-default\" data-id=\"b002aab\" data-element_type=\"section\" data-e-type=\"section\">\n\t\t\t\t\t\t<div class=\"elementor-container elementor-column-gap-default\">\n\t\t\t\t\t<div class=\"elementor-column elementor-col-100 elementor-top-column elementor-element elementor-element-6ad7696\" data-id=\"6ad7696\" data-element_type=\"column\" data-e-type=\"column\">\n\t\t\t<div class=\"elementor-widget-wrap elementor-element-populated\">\n\t\t\t\t\t\t<div class=\"elementor-element elementor-element-3680a0b elementor-widget elementor-widget-heading\" data-id=\"3680a0b\" data-element_type=\"widget\" data-e-type=\"widget\" data-widget_type=\"heading.default\">\n\t\t\t\t<div class=\"elementor-widget-container\">\n\t\t\t\t\t<h2 class=\"elementor-heading-title elementor-size-default\">FAQs: H\u00e4ufig gestellte Fragen zum wetter in miami playa<\/h2>\t\t\t\t<\/div>\n\t\t\t\t<\/div>\n\t\t\t\t<div class=\"elementor-element elementor-element-b9367d6 elementor-view-default elementor-widget elementor-widget-icon\" data-id=\"b9367d6\" data-element_type=\"widget\" data-e-type=\"widget\" data-widget_type=\"icon.default\">\n\t\t\t\t<div class=\"elementor-widget-container\">\n\t\t\t\t\t\t\t<div class=\"elementor-icon-wrapper\">\n\t\t\t<a class=\"elementor-icon\" href=\"https:\/\/www.parque-montroig.com\/alquiler\/alquileres-miami-playa-d188\/\">\n\t\t\t<i aria-hidden=\"true\" class=\"fas fa-house-user\"><\/i>\t\t\t<\/a>\n\t\t<\/div>\n\t\t\t\t\t\t<\/div>\n\t\t\t\t<\/div>\n\t\t\t\t<div class=\"elementor-element elementor-element-eb64ad1 elementor-widget elementor-widget-accordion\" data-id=\"eb64ad1\" data-element_type=\"widget\" data-e-type=\"widget\" data-widget_type=\"accordion.default\">\n\t\t\t\t<div class=\"elementor-widget-container\">\n\t\t\t\t\t\t\t<div class=\"elementor-accordion\">\n\t\t\t\t\t\t\t<div class=\"elementor-accordion-item\">\n\t\t\t\t\t<div id=\"elementor-tab-title-2461\" class=\"elementor-tab-title\" data-tab=\"1\" role=\"button\" aria-controls=\"elementor-tab-content-2461\" aria-expanded=\"false\">\n\t\t\t\t\t\t\t\t\t\t\t\t\t<span class=\"elementor-accordion-icon elementor-accordion-icon-left\" aria-hidden=\"true\">\n\t\t\t\t\t\t\t\t\t\t\t\t\t\t\t<span class=\"elementor-accordion-icon-closed\"><i class=\"fas fa-plus\"><\/i><\/span>\n\t\t\t\t\t\t\t\t<span class=\"elementor-accordion-icon-opened\"><i class=\"fas fa-minus\"><\/i><\/span>\n\t\t\t\t\t\t\t\t\t\t\t\t\t\t<\/span>\n\t\t\t\t\t\t\t\t\t\t\t\t<a class=\"elementor-accordion-title\" tabindex=\"0\">Ist das wetter in miami playa im Sommer f\u00fcr Babys geeignet?<\/a>\n\t\t\t\t\t<\/div>\n\t\t\t\t\t<div id=\"elementor-tab-content-2461\" class=\"elementor-tab-content elementor-clearfix\" data-tab=\"1\" role=\"region\" aria-labelledby=\"elementor-tab-title-2461\"><p data-path-to-node=\"22,0,0\">Ja, die Meeresbrise, die das <b data-path-to-node=\"22,0,0\" data-index-in-node=\"89\">wetter in miami playa<\/b> bietet, verhindert stehende Hitze.<\/p>\n<p data-path-to-node=\"22,1,0\">\u00a0<\/p><\/div>\n\t\t\t\t<\/div>\n\t\t\t\t\t\t\t<div class=\"elementor-accordion-item\">\n\t\t\t\t\t<div id=\"elementor-tab-title-2462\" class=\"elementor-tab-title\" data-tab=\"2\" role=\"button\" aria-controls=\"elementor-tab-content-2462\" aria-expanded=\"false\">\n\t\t\t\t\t\t\t\t\t\t\t\t\t<span class=\"elementor-accordion-icon elementor-accordion-icon-left\" aria-hidden=\"true\">\n\t\t\t\t\t\t\t\t\t\t\t\t\t\t\t<span class=\"elementor-accordion-icon-closed\"><i class=\"fas fa-plus\"><\/i><\/span>\n\t\t\t\t\t\t\t\t<span class=\"elementor-accordion-icon-opened\"><i class=\"fas fa-minus\"><\/i><\/span>\n\t\t\t\t\t\t\t\t\t\t\t\t\t\t<\/span>\n\t\t\t\t\t\t\t\t\t\t\t\t<a class=\"elementor-accordion-title\" tabindex=\"0\">Wann ist die beste Zeit, um Regen zu vermeiden?<\/a>\n\t\t\t\t\t<\/div>\n\t\t\t\t\t<div id=\"elementor-tab-content-2462\" class=\"elementor-tab-content elementor-clearfix\" data-tab=\"2\" role=\"region\" aria-labelledby=\"elementor-tab-title-2462\"><p data-path-to-node=\"22,1,0\">Juni, Juli und August sind laut den Aufzeichnungen zum <b data-path-to-node=\"22,1,0\" data-index-in-node=\"103\">wetter in miami playa<\/b> die trockensten Monate.<\/p><\/div>\n\t\t\t\t<\/div>\n\t\t\t\t\t\t\t<div class=\"elementor-accordion-item\">\n\t\t\t\t\t<div id=\"elementor-tab-title-2463\" class=\"elementor-tab-title\" data-tab=\"3\" role=\"button\" aria-controls=\"elementor-tab-content-2463\" aria-expanded=\"false\">\n\t\t\t\t\t\t\t\t\t\t\t\t\t<span class=\"elementor-accordion-icon elementor-accordion-icon-left\" aria-hidden=\"true\">\n\t\t\t\t\t\t\t\t\t\t\t\t\t\t\t<span class=\"elementor-accordion-icon-closed\"><i class=\"fas fa-plus\"><\/i><\/span>\n\t\t\t\t\t\t\t\t<span class=\"elementor-accordion-icon-opened\"><i class=\"fas fa-minus\"><\/i><\/span>\n\t\t\t\t\t\t\t\t\t\t\t\t\t\t<\/span>\n\t\t\t\t\t\t\t\t\t\t\t\t<a class=\"elementor-accordion-title\" tabindex=\"0\">Welche Kleidung sollte ich f\u00fcr das wetter in miami playa einpacken?<\/a>\n\t\t\t\t\t<\/div>\n\t\t\t\t\t<div id=\"elementor-tab-content-2463\" class=\"elementor-tab-content elementor-clearfix\" data-tab=\"3\" role=\"region\" aria-labelledby=\"elementor-tab-title-2463\"><p data-path-to-node=\"22,2,0\">Im Sommer leichte Kleidung. Im Fr\u00fchling und Herbst empfehlen wir den &#8222;Zwiebellook&#8220;, da das <b data-path-to-node=\"22,2,0\" data-index-in-node=\"159\">wetter in miami playa<\/b> warme Tage, aber k\u00fchle N\u00e4chte am Meer bietet.<\/p>\n<p data-path-to-node=\"26,4,0\">\u00a0<\/p><\/div>\n\t\t\t\t<\/div>\n\t\t\t\t\t\t\t<div class=\"elementor-accordion-item\">\n\t\t\t\t\t<div id=\"elementor-tab-title-2464\" class=\"elementor-tab-title\" data-tab=\"4\" role=\"button\" aria-controls=\"elementor-tab-content-2464\" aria-expanded=\"false\">\n\t\t\t\t\t\t\t\t\t\t\t\t\t<span class=\"elementor-accordion-icon elementor-accordion-icon-left\" aria-hidden=\"true\">\n\t\t\t\t\t\t\t\t\t\t\t\t\t\t\t<span class=\"elementor-accordion-icon-closed\"><i class=\"fas fa-plus\"><\/i><\/span>\n\t\t\t\t\t\t\t\t<span class=\"elementor-accordion-icon-opened\"><i class=\"fas fa-minus\"><\/i><\/span>\n\t\t\t\t\t\t\t\t\t\t\t\t\t\t<\/span>\n\t\t\t\t\t\t\t\t\t\t\t\t<a class=\"elementor-accordion-title\" tabindex=\"0\">In welchem Monat ist das Wasser am w\u00e4rmsten?<\/a>\n\t\t\t\t\t<\/div>\n\t\t\t\t\t<div id=\"elementor-tab-content-2464\" class=\"elementor-tab-content elementor-clearfix\" data-tab=\"4\" role=\"region\" aria-labelledby=\"elementor-tab-title-2464\"><div class=\"container\">\n<div id=\"model-response-message-contentr_0ca42100312a0be7\" class=\"markdown markdown-main-panel enable-updated-hr-color\" dir=\"ltr\" aria-live=\"polite\" aria-busy=\"false\">\n<div class=\"container\">\n<div id=\"model-response-message-contentr_feb329edb09821f2\" class=\"markdown markdown-main-panel enable-updated-hr-color\" dir=\"ltr\" aria-live=\"polite\" aria-busy=\"false\">\n<p data-path-to-node=\"22,3,0\">Der August ist der Spitzenmonat, aber dank dem <b data-path-to-node=\"22,3,0\" data-index-in-node=\"92\">wetter in miami playa<\/b> bleibt das Wasser auch im September oft \u00fcber 24 \u00b0C.<\/p>\n<\/div>\n<\/div>\n<\/div>\n<\/div>\n<p data-path-to-node=\"26,4,0\">\u00a0<\/p><\/div>\n\t\t\t\t<\/div>\n\t\t\t\t\t\t\t\t<\/div>\n\t\t\t\t\t\t<\/div>\n\t\t\t\t<\/div>\n\t\t\t\t\t<\/div>\n\t\t<\/div>\n\t\t\t\t\t<\/div>\n\t\t<\/section>\n\t\t\t\t<\/div>\n\t\t","protected":false},"excerpt":{"rendered":"<p>Das wetter in Miami Playa geh\u00f6rt zu den stabilsten und beliebtesten im gesamten Mittelmeerraum. Jedes Jahr str\u00f6men tausende Touristen in&#8230;<\/p>\n","protected":false},"author":3,"featured_media":1883,"comment_status":"open","ping_status":"closed","sticky":false,"template":"","format":"standard","meta":{"footnotes":""},"categories":[151,25,36],"tags":[],"class_list":["post-6233","post","type-post","status-publish","format-standard","has-post-thumbnail","hentry","category-die-costa-dorada","category-la-costa-dorada-de","category-was-zu-sehen-in-miami-playa"],"_links":{"self":[{"href":"https:\/\/www.parque-montroig.com\/blog\/de\/wp-json\/wp\/v2\/posts\/6233","targetHints":{"allow":["GET"]}}],"collection":[{"href":"https:\/\/www.parque-montroig.com\/blog\/de\/wp-json\/wp\/v2\/posts"}],"about":[{"href":"https:\/\/www.parque-montroig.com\/blog\/de\/wp-json\/wp\/v2\/types\/post"}],"author":[{"embeddable":true,"href":"https:\/\/www.parque-montroig.com\/blog\/de\/wp-json\/wp\/v2\/users\/3"}],"replies":[{"embeddable":true,"href":"https:\/\/www.parque-montroig.com\/blog\/de\/wp-json\/wp\/v2\/comments?post=6233"}],"version-history":[{"count":5,"href":"https:\/\/www.parque-montroig.com\/blog\/de\/wp-json\/wp\/v2\/posts\/6233\/revisions"}],"predecessor-version":[{"id":6242,"href":"https:\/\/www.parque-montroig.com\/blog\/de\/wp-json\/wp\/v2\/posts\/6233\/revisions\/6242"}],"wp:featuredmedia":[{"embeddable":true,"href":"https:\/\/www.parque-montroig.com\/blog\/de\/wp-json\/wp\/v2\/media\/1883"}],"wp:attachment":[{"href":"https:\/\/www.parque-montroig.com\/blog\/de\/wp-json\/wp\/v2\/media?parent=6233"}],"wp:term":[{"taxonomy":"category","embeddable":true,"href":"https:\/\/www.parque-montroig.com\/blog\/de\/wp-json\/wp\/v2\/categories?post=6233"},{"taxonomy":"post_tag","embeddable":true,"href":"https:\/\/www.parque-montroig.com\/blog\/de\/wp-json\/wp\/v2\/tags?post=6233"}],"curies":[{"name":"wp","href":"https:\/\/api.w.org\/{rel}","templated":true}]}}