{"id":785,"date":"2020-12-29T10:50:58","date_gmt":"2020-12-29T09:50:58","guid":{"rendered":"https:\/\/www.parque-montroig.com\/blog\/?p=785"},"modified":"2020-12-29T12:09:43","modified_gmt":"2020-12-29T11:09:43","slug":"tarragona-amphitheater","status":"publish","type":"post","link":"https:\/\/www.parque-montroig.com\/blog\/de\/tarragona-amphitheater\/","title":{"rendered":"Entdecken Sie das Tarragona Amphitheater mit dem Parc Mont-roig"},"content":{"rendered":"\n<p>Hinter der Stadtmauer erhebt sich das Amphitheater von Tarragona, ein Weltkulturerbe, das Ende des 2. Jahrhunderts n. Chr. Erbaut wurde und sp\u00e4ter im 3. Jahrhundert n. Chr. reformiert wurde. Das Amphitheater misst 109,5 x 86,5 Meter und bietet Platz f\u00fcr ca. 14.000 Zuschauer.<\/p>\n\n\n\n<h3 class=\"wp-block-heading\">Historische Shows<\/h3>\n\n\n\n<p>Im Amphitheater von Tarragona fanden alle Arten von Shows statt, wie Gladiatorenk\u00e4mpfe oder Tierk\u00e4mpfe sowie sportliche Ausstellungen, Jagden und andere grausamere Veranstaltungen, die Ihnen sicherlich erkl\u00e4rt werden, wenn Sie das Amphitheater mit einem F\u00fchrer besuchen. W\u00e4hrend der hei\u00dfesten Tage wurde ein riesiges Zelt aufgestellt, um die Zuschauer vor der Sonne zu sch\u00fctzen. Unter der Arena, in der die Shows stattfanden, befanden sich die Keller, die mit Gabelstaplern, die mit einem System aus Riemenscheiben und Gegengewichten arbeiteten, die K\u00e4fige mit den Tieren, Gladiatoren oder den verschiedenen szenografischen Elementen der Show anhoben. Im Nationalen Arch\u00e4ologischen Museum von Tarragona befindet sich ein Freskengem\u00e4lde, das der G\u00f6ttin Nemesis des Amphitheaters gewidmet ist. Es schm\u00fcckte die kleine Kapelle, die der Anrufung dieser G\u00f6ttin gewidmet war, von der angenommen wurde, dass sie die Gladiatoren besch\u00fctzt.<\/p>\n\n\n\n<h3 class=\"wp-block-heading\">Der Niedergang des Tarragona Amphitheaters<\/h3>\n\n\n\n<p>W\u00e4hrend des 5. Jahrhunderts und aufgrund des Aufstiegs der Religionspolitik w\u00e4hrend der ersten christlichen Kaiser verlor das Amphitheater allm\u00e4hlich seine urspr\u00fcnglichen Funktionen. 100 Jahre sp\u00e4ter wurde aus seinen Steinen eine christliche Basilika gebaut.<\/p>\n\n\n\n<h3 class=\"wp-block-heading\">Die ganze Familie ins Amphitheater<\/h3>\n\n\n\n<p>Das Amphitheater ist ein wichtiger Bestandteil der verschiedenen r\u00f6mischen Routen, die f\u00fcr die ganze Familie zur Verf\u00fcgung stehen. Es ist eines der wichtigsten historischen Geb\u00e4ude in der Stadt Tarragona. Es bietet Ihnen allen die Gelegenheit, sich mit Ihren Kindern \u00fcber die Anf\u00e4nge des Lebens dieser fantastischen mediterranen Stadt zu informieren. Vom Parc Mont-Roig aus bieten wir Ihnen Apartments, H\u00e4user und Villen zur Miete in der N\u00e4he der Stadt Tarragona in den Gemeinden Cambrils, Miami Playa, Salou und Mont-Roig del Camp, nur wenige Autominuten von Tarragona entfernt und viel ruhiger und erschwinglicher als in der Stadt.<\/p>\n\n\n\n<div style=\"height:20px\" aria-hidden=\"true\" class=\"wp-block-spacer\"><\/div>\n\n\n\n<figure class=\"wp-block-image size-large is-resized\"><img decoding=\"async\" src=\"https:\/\/www.parque-montroig.com\/blog\/wp-content\/uploads\/2020\/12\/Logo-Feder-1.jpeg\" alt=\"Logo Feder\" class=\"wp-image-736\" width=\"186\" height=\"88\"\/><\/figure>\n\n\n\n<p style=\"font-size:10px\">Parc Mont-roig, SL, war ein Beg\u00fcnstigter des Europ\u00e4ischen Fonds f\u00fcr regionale Entwicklung, dessen Ziel es ist, die Wettbewerbsf\u00e4higkeit von KMU zu verbessern, und dank dessen es einen internationalen Plan f\u00fcr digitales Marketing auf den Weg brachte, um seine Online-Positionierung auf ausl\u00e4ndischen M\u00e4rkten im Jahr 2021 zu f\u00f6rdern. Hierzu wurde das XPANDE DIGITAL-Programm der Handelskammer Reus verwendet. Ein Weg, Europa zu machen<\/p>\n","protected":false},"excerpt":{"rendered":"<p>Hinter der Stadtmauer erhebt sich das Amphitheater von Tarragona, ein Weltkulturerbe, das Ende des 2. Jahrhunderts n. Chr. Erbaut wurde&#8230;<\/p>\n","protected":false},"author":2,"featured_media":787,"comment_status":"open","ping_status":"closed","sticky":false,"template":"","format":"standard","meta":{"footnotes":""},"categories":[51],"tags":[],"class_list":["post-785","post","type-post","status-publish","format-standard","has-post-thumbnail","hentry","category-tarragona-stadt"],"_links":{"self":[{"href":"https:\/\/www.parque-montroig.com\/blog\/de\/wp-json\/wp\/v2\/posts\/785","targetHints":{"allow":["GET"]}}],"collection":[{"href":"https:\/\/www.parque-montroig.com\/blog\/de\/wp-json\/wp\/v2\/posts"}],"about":[{"href":"https:\/\/www.parque-montroig.com\/blog\/de\/wp-json\/wp\/v2\/types\/post"}],"author":[{"embeddable":true,"href":"https:\/\/www.parque-montroig.com\/blog\/de\/wp-json\/wp\/v2\/users\/2"}],"replies":[{"embeddable":true,"href":"https:\/\/www.parque-montroig.com\/blog\/de\/wp-json\/wp\/v2\/comments?post=785"}],"version-history":[{"count":3,"href":"https:\/\/www.parque-montroig.com\/blog\/de\/wp-json\/wp\/v2\/posts\/785\/revisions"}],"predecessor-version":[{"id":825,"href":"https:\/\/www.parque-montroig.com\/blog\/de\/wp-json\/wp\/v2\/posts\/785\/revisions\/825"}],"wp:featuredmedia":[{"embeddable":true,"href":"https:\/\/www.parque-montroig.com\/blog\/de\/wp-json\/wp\/v2\/media\/787"}],"wp:attachment":[{"href":"https:\/\/www.parque-montroig.com\/blog\/de\/wp-json\/wp\/v2\/media?parent=785"}],"wp:term":[{"taxonomy":"category","embeddable":true,"href":"https:\/\/www.parque-montroig.com\/blog\/de\/wp-json\/wp\/v2\/categories?post=785"},{"taxonomy":"post_tag","embeddable":true,"href":"https:\/\/www.parque-montroig.com\/blog\/de\/wp-json\/wp\/v2\/tags?post=785"}],"curies":[{"name":"wp","href":"https:\/\/api.w.org\/{rel}","templated":true}]}}