{"id":869,"date":"2021-01-02T11:45:30","date_gmt":"2021-01-02T10:45:30","guid":{"rendered":"https:\/\/www.parque-montroig.com\/blog\/?p=869"},"modified":"2021-01-02T11:48:11","modified_gmt":"2021-01-02T10:48:11","slug":"balcon-del-mediterraneo","status":"publish","type":"post","link":"https:\/\/www.parque-montroig.com\/blog\/de\/balcon-del-mediterraneo\/","title":{"rendered":"Genie\u00dfen Sie die unglaubliche Aussicht auf den Balc\u00f3n del Mediterr\u00e1neo"},"content":{"rendered":"\n<p>El Balc\u00f3n del Mediterr\u00e1neo ist einer der emblematischsten und bekanntesten Aussichtspunkte des ganzen Landes. T\u00e4glich passieren Hunderte von Menschen, sowohl Einheimische aus der Stadt Tarragona als auch Touristen. Die unglaubliche Aussicht, 40 Meter \u00fcber dem Meeresspiegel, erm\u00f6glicht Ihnen einen spektakul\u00e4ren Blick auf das Meer und die K\u00fcste der Stadt. Auf der einen Seite haben wir den Hafen von Tarragona und auf der anderen das r\u00f6mische Amphitheater.<\/p>\n\n\n\n<p>In der N\u00e4he des Aussichtspunkts befindet sich auch eine Statue, die dem ber\u00fchmten Admiral Roger de Lluria gewidmet ist, dem siegreichsten der Armada Reial w\u00e4hrend der Regierungszeit von Pere III. &#8222;Dem Gro\u00dfen&#8220;.<\/p>\n\n\n\n<p>Eine der Kuriosit\u00e4ten des Ortes ist, dass es obligatorisch ist, wenn Sie am Balc\u00f3n del Mediterr\u00e1neo ankommen, m\u00fcssen Sie das schmiedeeiserne Gel\u00e4nder ber\u00fchren. Diese Tradition kommt vom Ausdruck &#8222;Tocar ferro&#8220;, was bedeutet, Eisen zu ber\u00fchren, was auf Spanisch &#8222;Holz ber\u00fchren&#8220; bedeutet, und auf diese Weise werden wir f\u00fcr den Rest unseres Lebens Gl\u00fcck haben!<\/p>\n\n\n\n<p>Der Balc\u00f3n del Mediterr\u00e1neo ist ein kurzer Besuch, den Sie in jede der aufregenden historischen Routen der Stadt wie die R\u00f6merroute integrieren k\u00f6nnen.<\/p>\n\n\n\n<p>Wenn Sie ein Wochenende oder einen Urlaub in Tarragona verbringen und die Geschichte, Kultur und Gastronomie genie\u00dfen m\u00f6chten, helfen wir Ihnen vom Parc Mont-Roig, die f\u00fcr Sie am besten geeignete Unterkunft zu finden, die Ihren Bed\u00fcrfnissen und Vorlieben entspricht. Wir vermieten Ferienwohnungen, Ferienh\u00e4user und Ferienvillas am Meer. Sie k\u00f6nnen uns \u00fcber das Formular oder direkt in unseren B\u00fcros kontaktieren. Wir helfen Ihnen gerne weiter!<\/p>\n\n\n\n<div style=\"height:20px\" aria-hidden=\"true\" class=\"wp-block-spacer\"><\/div>\n\n\n\n<figure class=\"wp-block-image size-large is-resized\"><img decoding=\"async\" src=\"https:\/\/www.parque-montroig.com\/blog\/wp-content\/uploads\/2020\/12\/Logo-Feder-1.jpeg\" alt=\"Logo Feder\" class=\"wp-image-736\" width=\"176\" height=\"83\"\/><\/figure>\n\n\n\n<p style=\"font-size:10px\">Parc Mont-roig, SL, war ein Beg\u00fcnstigter des Europ\u00e4ischen Fonds f\u00fcr regionale Entwicklung, dessen Ziel es ist, die Wettbewerbsf\u00e4higkeit von KMU zu verbessern, und dank dessen es einen internationalen Plan f\u00fcr digitales Marketing auf den Weg brachte, um seine Online-Positionierung auf ausl\u00e4ndischen M\u00e4rkten im Jahr 2021 zu f\u00f6rdern. Hierzu wurde das XPANDE DIGITAL-Programm der Handelskammer Reus verwendet. Ein Weg, Europa zu machen.<\/p>\n","protected":false},"excerpt":{"rendered":"<p>El Balc\u00f3n del Mediterr\u00e1neo ist einer der emblematischsten und bekanntesten Aussichtspunkte des ganzen Landes. T\u00e4glich passieren Hunderte von Menschen, sowohl&#8230;<\/p>\n","protected":false},"author":2,"featured_media":289,"comment_status":"open","ping_status":"closed","sticky":false,"template":"","format":"standard","meta":{"footnotes":""},"categories":[52,51,48],"tags":[],"class_list":["post-869","post","type-post","status-publish","format-standard","has-post-thumbnail","hentry","category-tarragona-mit-kindern","category-tarragona-stadt","category-was-zu-tun-und-zu-sehen-in-tarragona"],"_links":{"self":[{"href":"https:\/\/www.parque-montroig.com\/blog\/de\/wp-json\/wp\/v2\/posts\/869","targetHints":{"allow":["GET"]}}],"collection":[{"href":"https:\/\/www.parque-montroig.com\/blog\/de\/wp-json\/wp\/v2\/posts"}],"about":[{"href":"https:\/\/www.parque-montroig.com\/blog\/de\/wp-json\/wp\/v2\/types\/post"}],"author":[{"embeddable":true,"href":"https:\/\/www.parque-montroig.com\/blog\/de\/wp-json\/wp\/v2\/users\/2"}],"replies":[{"embeddable":true,"href":"https:\/\/www.parque-montroig.com\/blog\/de\/wp-json\/wp\/v2\/comments?post=869"}],"version-history":[{"count":2,"href":"https:\/\/www.parque-montroig.com\/blog\/de\/wp-json\/wp\/v2\/posts\/869\/revisions"}],"predecessor-version":[{"id":871,"href":"https:\/\/www.parque-montroig.com\/blog\/de\/wp-json\/wp\/v2\/posts\/869\/revisions\/871"}],"wp:featuredmedia":[{"embeddable":true,"href":"https:\/\/www.parque-montroig.com\/blog\/de\/wp-json\/wp\/v2\/media\/289"}],"wp:attachment":[{"href":"https:\/\/www.parque-montroig.com\/blog\/de\/wp-json\/wp\/v2\/media?parent=869"}],"wp:term":[{"taxonomy":"category","embeddable":true,"href":"https:\/\/www.parque-montroig.com\/blog\/de\/wp-json\/wp\/v2\/categories?post=869"},{"taxonomy":"post_tag","embeddable":true,"href":"https:\/\/www.parque-montroig.com\/blog\/de\/wp-json\/wp\/v2\/tags?post=869"}],"curies":[{"name":"wp","href":"https:\/\/api.w.org\/{rel}","templated":true}]}}