{"id":883,"date":"2021-01-02T11:59:09","date_gmt":"2021-01-02T10:59:09","guid":{"rendered":"https:\/\/www.parque-montroig.com\/blog\/?p=883"},"modified":"2021-01-02T11:59:27","modified_gmt":"2021-01-02T10:59:27","slug":"tarragona-markt","status":"publish","type":"post","link":"https:\/\/www.parque-montroig.com\/blog\/de\/tarragona-markt\/","title":{"rendered":"Entdecken Sie den modernistischen Tarragona-Markt mit dem Parc Mont-Roig"},"content":{"rendered":"\n<p>Der Tarragona-Hallenmarkt an der Plaza de Corsini ist ebenfalls ein modernistisches Geb\u00e4ude, das Symbol des lokalen Handels in der Innenstadt.<\/p>\n\n\n\n<p>Das modernistische Geb\u00e4ude wurde vom Architekten Josep M. Pujol de Barber\u00e0 entworfen und 1915 eingeweiht. Der Umbau wurde 2017 abgeschlossen und ist derzeit die wichtigste \u00f6ffentliche Arbeit in der Stadt Tarragona. Bei der Umgestaltung wurde ein gro\u00dfer Teil der urspr\u00fcnglichen Struktur respektiert. Ein Jahrhundert nach seiner Er\u00f6ffnung hat der modernistische Markt heute dekorative Motive, schmiedeeiserne S\u00e4ulen und Metallb\u00e4nder, ohne die urspr\u00fcngliche Abdeckung zu vergessen.<\/p>\n\n\n\n<p>Der sch\u00f6ne Markt hat eine Gesamtfl\u00e4che von 22.000 Quadratmetern, von denen rund 9.000 f\u00fcr die Logistik bestimmt sind, so dass Verk\u00e4ufer und Arbeiter das Be- und Entladen unter den besten Bedingungen und ohne Unannehmlichkeiten in der Nachbarschaft durchf\u00fchren k\u00f6nnen. Mit 16 Fleisch- und Wurstwarengesch\u00e4ften, 10 Fisch-, 8 Obst- und Gem\u00fcsel\u00e4den und 6 salzigen Fischen, N\u00fcssen und Riegeln dient dieser sch\u00f6ne zentrale Markt als wichtigster lokaler Handelspunkt f\u00fcr die Stadt Tarragona. Es hat auch einen eigenen Parkplatz mit 330 Stellpl\u00e4tzen f\u00fcr Fahrzeuge.<\/p>\n\n\n\n<p>Obwohl die Hauptattraktion von Tarragona die r\u00f6mischen \u00dcberreste sind, ist der Markt ein obligatorischer Zwischenstopp, um den Puls der Stadt zu messen und die typische katalanische Moderne des fr\u00fchen 20. Jahrhunderts zu bestaunen. Er ist ein perfekter Plan f\u00fcr die ganze Familie.<\/p>\n\n\n\n<p>Wenn Sie Ihren Urlaub an der Costa Dorada und Tarragona organisieren m\u00f6chten, helfen wir Ihnen vom Parc Mont-Roig mit allem, was Sie brauchen, besonders wenn Sie eine Unterkunft suchen, bieten wir Ihnen die am besten geeigneten Ferienwohnungen, Ferienh\u00e4user und Villas mit Pool f\u00fcr Ihre Bed\u00fcrfnisse. Sie k\u00f6nnen uns \u00fcber das Formular kontaktieren oder unsere B\u00fcros direkt anrufen. Wir helfen Ihnen gerne weiter!<\/p>\n\n\n\n<div style=\"height:20px\" aria-hidden=\"true\" class=\"wp-block-spacer\"><\/div>\n\n\n\n<figure class=\"wp-block-image size-large is-resized\"><img decoding=\"async\" src=\"https:\/\/www.parque-montroig.com\/blog\/wp-content\/uploads\/2020\/12\/Logo-Feder-1.jpeg\" alt=\"Logo Feder\" class=\"wp-image-736\" width=\"176\" height=\"83\"\/><\/figure>\n\n\n\n<p style=\"font-size:10px\">Parc Mont-roig, SL, war ein Beg\u00fcnstigter des Europ\u00e4ischen Fonds f\u00fcr regionale Entwicklung, dessen Ziel es ist, die Wettbewerbsf\u00e4higkeit von KMU zu verbessern, und dank dessen es einen internationalen Plan f\u00fcr digitales Marketing auf den Weg brachte, um seine Online-Positionierung auf ausl\u00e4ndischen M\u00e4rkten im Jahr 2021 zu f\u00f6rdern. Hierzu wurde das XPANDE DIGITAL-Programm der Handelskammer Reus verwendet. Ein Weg, Europa zu machen.<\/p>\n","protected":false},"excerpt":{"rendered":"<p>Der Tarragona-Hallenmarkt an der Plaza de Corsini ist ebenfalls ein modernistisches Geb\u00e4ude, das Symbol des lokalen Handels in der Innenstadt&#8230;.<\/p>\n","protected":false},"author":2,"featured_media":885,"comment_status":"open","ping_status":"closed","sticky":false,"template":"","format":"standard","meta":{"footnotes":""},"categories":[52,51,43],"tags":[],"class_list":["post-883","post","type-post","status-publish","format-standard","has-post-thumbnail","hentry","category-tarragona-mit-kindern","category-tarragona-stadt","category-was-zu-sehen-an-der-costa-dorada"],"_links":{"self":[{"href":"https:\/\/www.parque-montroig.com\/blog\/de\/wp-json\/wp\/v2\/posts\/883","targetHints":{"allow":["GET"]}}],"collection":[{"href":"https:\/\/www.parque-montroig.com\/blog\/de\/wp-json\/wp\/v2\/posts"}],"about":[{"href":"https:\/\/www.parque-montroig.com\/blog\/de\/wp-json\/wp\/v2\/types\/post"}],"author":[{"embeddable":true,"href":"https:\/\/www.parque-montroig.com\/blog\/de\/wp-json\/wp\/v2\/users\/2"}],"replies":[{"embeddable":true,"href":"https:\/\/www.parque-montroig.com\/blog\/de\/wp-json\/wp\/v2\/comments?post=883"}],"version-history":[{"count":1,"href":"https:\/\/www.parque-montroig.com\/blog\/de\/wp-json\/wp\/v2\/posts\/883\/revisions"}],"predecessor-version":[{"id":884,"href":"https:\/\/www.parque-montroig.com\/blog\/de\/wp-json\/wp\/v2\/posts\/883\/revisions\/884"}],"wp:featuredmedia":[{"embeddable":true,"href":"https:\/\/www.parque-montroig.com\/blog\/de\/wp-json\/wp\/v2\/media\/885"}],"wp:attachment":[{"href":"https:\/\/www.parque-montroig.com\/blog\/de\/wp-json\/wp\/v2\/media?parent=883"}],"wp:term":[{"taxonomy":"category","embeddable":true,"href":"https:\/\/www.parque-montroig.com\/blog\/de\/wp-json\/wp\/v2\/categories?post=883"},{"taxonomy":"post_tag","embeddable":true,"href":"https:\/\/www.parque-montroig.com\/blog\/de\/wp-json\/wp\/v2\/tags?post=883"}],"curies":[{"name":"wp","href":"https:\/\/api.w.org\/{rel}","templated":true}]}}