{"id":895,"date":"2021-01-04T11:42:38","date_gmt":"2021-01-04T10:42:38","guid":{"rendered":"https:\/\/www.parque-montroig.com\/blog\/?p=895"},"modified":"2021-01-04T11:42:40","modified_gmt":"2021-01-04T10:42:40","slug":"el-vendrell","status":"publish","type":"post","link":"https:\/\/www.parque-montroig.com\/blog\/de\/el-vendrell\/","title":{"rendered":"El Vendrell"},"content":{"rendered":"\n<p>El Vendrell ist eine Gemeinde an der Costa Dorada, voller M\u00f6glichkeiten, mit der Familie zu genie\u00dfen, kulturelle Pl\u00e4ne, aufregende Aktivit\u00e4ten und wundersch\u00f6ne Str\u00e4nde.<\/p>\n\n\n\n<h3 class=\"wp-block-heading\">Pau Casals<\/h3>\n\n\n\n<p>Wie viele von Ihnen wissen, ist El Vendrell der Geburtsort des ber\u00fchmten Musikers Pau Casals. In dieser Gemeinde k\u00f6nnen Sie die gro\u00dfen Errungenschaften auf dem Gebiet der Musik und seine unglaubliche Arbeit zur Verteidigung von Frieden und Menschenrechten entdecken. Besuchen Sie das Museum von Pau Casals, um die Figur des bedeutenden Musikers hautnah zu erleben.<\/p>\n\n\n\n<h3 class=\"wp-block-heading\">Atemberaubende Str\u00e4nde<\/h3>\n\n\n\n<p>Wenn Sie nach guten Str\u00e4nden suchen, finden Sie diese in El Vendrell. An der K\u00fcste gibt es drei fantastische Str\u00e4nde, n\u00e4mlich Coma-Ruga, Sant Salvador und El Franc\u00e0s. Alle drei haben sehr gute Bewertungen und Dienstleistungen. Das Wetter begleitet normalerweise das ganze Jahr \u00fcber, perfekt um mehr als 7 Kilometer Strand zu genie\u00dfen. Auf halbem Weg zwischen den Str\u00e4nden von Coma-ruga und Sant Salvador befindet sich das Puerto Deportivo, eine Installation, die dem nautischen Sport gewidmet ist. Wenn Sie Anf\u00e4nger sind, machen Sie sich keine Sorgen, es gibt eine Segelschule und verschiedene Aktivit\u00e4ten.<\/p>\n\n\n\n<h3 class=\"wp-block-heading\">Diver Parc L\u00fadic<\/h3>\n\n\n\n<p>F\u00fcr die j\u00fcngsten Familienmitglieder finden Sie neben dem Strand von Sant Salvador in dem kleinen Wald die Einrichtungen des Diver Parc L\u00fadic. Ein idealer Ort, um mit den Kleinen abzuh\u00e4ngen, wo es vier Abenteuerstrecken f\u00fcr Kinder jeden Alters gibt. Ihre Kinder werden einen unvergesslichen Tag voller Spa\u00df und Emotionen verbringen, wenn sie an den Kiefern h\u00e4ngen und Herausforderungen meistern.<\/p>\n\n\n\n<h3 class=\"wp-block-heading\">Karting Vendrell<\/h3>\n\n\n\n<p>Wenn Sie Geschwindigkeitsliebhaber sind, empfehlen wir einen Besuch im Karting Vendrell. Karting liegt am Rande der Stadt und bietet eine Portion Adrenalin f\u00fcr Erwachsene und Kinder. Messen Sie sich mit Ihren Kindern und haben Sie eine gute Zeit auf vier R\u00e4dern.<\/p>\n\n\n\n<div style=\"height:20px\" aria-hidden=\"true\" class=\"wp-block-spacer\"><\/div>\n\n\n\n<figure class=\"wp-block-image size-large is-resized\"><img decoding=\"async\" src=\"https:\/\/www.parque-montroig.com\/blog\/wp-content\/uploads\/2020\/12\/Logo-Feder-1.jpeg\" alt=\"Logo Feder\" class=\"wp-image-736\" width=\"176\" height=\"83\"\/><\/figure>\n\n\n\n<p style=\"font-size:10px\">Parc Mont-roig, SL, war ein Beg\u00fcnstigter des Europ\u00e4ischen Fonds f\u00fcr regionale Entwicklung, dessen Ziel es ist, die Wettbewerbsf\u00e4higkeit von KMU zu verbessern, und dank dessen es einen internationalen Plan f\u00fcr digitales Marketing auf den Weg brachte, um seine Online-Positionierung auf ausl\u00e4ndischen M\u00e4rkten im Jahr 2021 zu f\u00f6rdern. Hierzu wurde das XPANDE DIGITAL-Programm der Handelskammer Reus verwendet. Ein Weg, Europa zu machen.<\/p>\n","protected":false},"excerpt":{"rendered":"<p>El Vendrell ist eine Gemeinde an der Costa Dorada, voller M\u00f6glichkeiten, mit der Familie zu genie\u00dfen, kulturelle Pl\u00e4ne, aufregende Aktivit\u00e4ten&#8230;<\/p>\n","protected":false},"author":2,"featured_media":892,"comment_status":"open","ping_status":"closed","sticky":false,"template":"","format":"standard","meta":{"footnotes":""},"categories":[25],"tags":[],"class_list":["post-895","post","type-post","status-publish","format-standard","has-post-thumbnail","hentry","category-la-costa-dorada-de"],"_links":{"self":[{"href":"https:\/\/www.parque-montroig.com\/blog\/de\/wp-json\/wp\/v2\/posts\/895","targetHints":{"allow":["GET"]}}],"collection":[{"href":"https:\/\/www.parque-montroig.com\/blog\/de\/wp-json\/wp\/v2\/posts"}],"about":[{"href":"https:\/\/www.parque-montroig.com\/blog\/de\/wp-json\/wp\/v2\/types\/post"}],"author":[{"embeddable":true,"href":"https:\/\/www.parque-montroig.com\/blog\/de\/wp-json\/wp\/v2\/users\/2"}],"replies":[{"embeddable":true,"href":"https:\/\/www.parque-montroig.com\/blog\/de\/wp-json\/wp\/v2\/comments?post=895"}],"version-history":[{"count":1,"href":"https:\/\/www.parque-montroig.com\/blog\/de\/wp-json\/wp\/v2\/posts\/895\/revisions"}],"predecessor-version":[{"id":896,"href":"https:\/\/www.parque-montroig.com\/blog\/de\/wp-json\/wp\/v2\/posts\/895\/revisions\/896"}],"wp:featuredmedia":[{"embeddable":true,"href":"https:\/\/www.parque-montroig.com\/blog\/de\/wp-json\/wp\/v2\/media\/892"}],"wp:attachment":[{"href":"https:\/\/www.parque-montroig.com\/blog\/de\/wp-json\/wp\/v2\/media?parent=895"}],"wp:term":[{"taxonomy":"category","embeddable":true,"href":"https:\/\/www.parque-montroig.com\/blog\/de\/wp-json\/wp\/v2\/categories?post=895"},{"taxonomy":"post_tag","embeddable":true,"href":"https:\/\/www.parque-montroig.com\/blog\/de\/wp-json\/wp\/v2\/tags?post=895"}],"curies":[{"name":"wp","href":"https:\/\/api.w.org\/{rel}","templated":true}]}}