{"id":5015,"date":"2024-12-18T10:33:21","date_gmt":"2024-12-18T09:33:21","guid":{"rendered":"https:\/\/www.parque-montroig.com\/blog\/?p=5015"},"modified":"2024-12-20T15:12:33","modified_gmt":"2024-12-20T14:12:33","slug":"cursa-4-termes","status":"publish","type":"post","link":"https:\/\/www.parque-montroig.com\/blog\/en\/cursa-4-termes\/","title":{"rendered":"Discover the Cursa 4 Termes: A Unique Event in Mont-roig del Camp"},"content":{"rendered":"\t\t<div data-elementor-type=\"wp-post\" data-elementor-id=\"5015\" class=\"elementor elementor-5015 elementor-4939\" data-elementor-post-type=\"post\">\n\t\t\t\t\t\t<section class=\"elementor-section elementor-top-section elementor-element elementor-element-580edd5d elementor-section-boxed elementor-section-height-default elementor-section-height-default\" data-id=\"580edd5d\" data-element_type=\"section\" data-e-type=\"section\">\n\t\t\t\t\t\t<div class=\"elementor-container elementor-column-gap-default\">\n\t\t\t\t\t<div class=\"elementor-column elementor-col-100 elementor-top-column elementor-element elementor-element-366382a5\" data-id=\"366382a5\" data-element_type=\"column\" data-e-type=\"column\">\n\t\t\t<div class=\"elementor-widget-wrap elementor-element-populated\">\n\t\t\t\t\t\t<div class=\"elementor-element elementor-element-48ddbbfb elementor-widget elementor-widget-heading\" data-id=\"48ddbbfb\" data-element_type=\"widget\" data-e-type=\"widget\" data-widget_type=\"heading.default\">\n\t\t\t\t<div class=\"elementor-widget-container\">\n\t\t\t\t\t<h2 class=\"elementor-heading-title elementor-size-default\">Discover the Cursa 4 Termes: A Unique Event in Mont-roig del Camp<\/h2>\t\t\t\t<\/div>\n\t\t\t\t<\/div>\n\t\t\t\t<div class=\"elementor-element elementor-element-41983fcf elementor-widget elementor-widget-text-editor\" data-id=\"41983fcf\" data-element_type=\"widget\" data-e-type=\"widget\" data-widget_type=\"text-editor.default\">\n\t\t\t\t<div class=\"elementor-widget-container\">\n\t\t\t\t\t\t\t\t\t<p><span style=\"font-weight: 400;\">The Cursa 4 Termes is much more than just a race; it\u2019s <\/span><b>a sporting event that combines physical effort, stunning landscapes, and a legendary cultural tradition<\/b><span style=\"font-weight: 400;\">. Its name, &#8220;4 Termes,&#8221; refers to the four municipal districts it crosses along its route, showcasing the incredible diversity and natural beauty of the region.<\/span><\/p><p><span style=\"font-weight: 400;\">Whether you&#8217;re a seasoned runner or a sports enthusiast, this race is for you. Let\u2019s dive into all the details!<\/span><\/p>\t\t\t\t\t\t\t\t<\/div>\n\t\t\t\t<\/div>\n\t\t\t\t\t<\/div>\n\t\t<\/div>\n\t\t\t\t\t<\/div>\n\t\t<\/section>\n\t\t\t\t<section class=\"elementor-section elementor-top-section elementor-element elementor-element-10a849b elementor-section-boxed elementor-section-height-default elementor-section-height-default\" data-id=\"10a849b\" data-element_type=\"section\" data-e-type=\"section\">\n\t\t\t\t\t\t<div class=\"elementor-container elementor-column-gap-default\">\n\t\t\t\t\t<div class=\"elementor-column elementor-col-100 elementor-top-column elementor-element elementor-element-d0c3bab\" data-id=\"d0c3bab\" data-element_type=\"column\" data-e-type=\"column\">\n\t\t\t<div class=\"elementor-widget-wrap elementor-element-populated\">\n\t\t\t\t\t\t<div class=\"elementor-element elementor-element-60a0e1b elementor-widget elementor-widget-heading\" data-id=\"60a0e1b\" data-element_type=\"widget\" data-e-type=\"widget\" data-widget_type=\"heading.default\">\n\t\t\t\t<div class=\"elementor-widget-container\">\n\t\t\t\t\t<h2 class=\"elementor-heading-title elementor-size-default\">History and Tradition of the Cursa 4 Termes in Mont-roig\n<\/h2>\t\t\t\t<\/div>\n\t\t\t\t<\/div>\n\t\t\t\t<div class=\"elementor-element elementor-element-1fe7c55 elementor-widget elementor-widget-text-editor\" data-id=\"1fe7c55\" data-element_type=\"widget\" data-e-type=\"widget\" data-widget_type=\"text-editor.default\">\n\t\t\t\t<div class=\"elementor-widget-container\">\n\t\t\t\t\t\t\t\t\t<p><a href=\"https:\/\/www.cursa4termes.com\/\" target=\"_blank\" rel=\"noopener\"><span style=\"font-weight: 400;\">The Cursa 4 Termes<\/span><\/a><span style=\"font-weight: 400;\"> began as a local initiative to promote sports and showcase the breathtaking landscapes of Mont-roig and its surroundings. Over the years, it has steadily gained recognition and has become <\/span><b>one of the most prominent events in the region<\/b><span style=\"font-weight: 400;\">. It now attracts not just local runners or participants from Catalonia, but also competitors from further afield.<\/span><\/p><p><span style=\"font-weight: 400;\">Since its inaugural edition, the race has maintained a perfect balance between tradition and modernity. Each route of the Cursa 4 Termes passes through some of the most spectacular landscapes in Mont-roig del Camp, combining rural paths, mountain trails, and urban stretches.<\/span><\/p>\t\t\t\t\t\t\t\t<\/div>\n\t\t\t\t<\/div>\n\t\t\t\t\t<\/div>\n\t\t<\/div>\n\t\t\t\t\t<\/div>\n\t\t<\/section>\n\t\t\t\t<section class=\"elementor-section elementor-top-section elementor-element elementor-element-3565178 elementor-section-boxed elementor-section-height-default elementor-section-height-default\" data-id=\"3565178\" data-element_type=\"section\" data-e-type=\"section\">\n\t\t\t\t\t\t<div class=\"elementor-container elementor-column-gap-default\">\n\t\t\t\t\t<div class=\"elementor-column elementor-col-100 elementor-top-column elementor-element elementor-element-aebfebc\" data-id=\"aebfebc\" data-element_type=\"column\" data-e-type=\"column\">\n\t\t\t<div class=\"elementor-widget-wrap elementor-element-populated\">\n\t\t\t\t\t\t<div class=\"elementor-element elementor-element-007a8a0 elementor-widget elementor-widget-video\" data-id=\"007a8a0\" data-element_type=\"widget\" data-e-type=\"widget\" data-settings=\"{&quot;youtube_url&quot;:&quot;https:\\\/\\\/www.youtube.com\\\/watch?v=6pLulCHkJs0&quot;,&quot;video_type&quot;:&quot;youtube&quot;,&quot;controls&quot;:&quot;yes&quot;}\" data-widget_type=\"video.default\">\n\t\t\t\t<div class=\"elementor-widget-container\">\n\t\t\t\t\t\t\t<div class=\"elementor-wrapper elementor-open-inline\">\n\t\t\t<div class=\"elementor-video\"><\/div>\t\t<\/div>\n\t\t\t\t\t\t<\/div>\n\t\t\t\t<\/div>\n\t\t\t\t\t<\/div>\n\t\t<\/div>\n\t\t\t\t\t<\/div>\n\t\t<\/section>\n\t\t\t\t<section class=\"elementor-section elementor-top-section elementor-element elementor-element-c70d6c3 elementor-section-boxed elementor-section-height-default elementor-section-height-default\" data-id=\"c70d6c3\" data-element_type=\"section\" data-e-type=\"section\">\n\t\t\t\t\t\t<div class=\"elementor-container elementor-column-gap-default\">\n\t\t\t\t\t<div class=\"elementor-column elementor-col-100 elementor-top-column elementor-element elementor-element-e4fa915\" data-id=\"e4fa915\" data-element_type=\"column\" data-e-type=\"column\">\n\t\t\t<div class=\"elementor-widget-wrap elementor-element-populated\">\n\t\t\t\t\t\t<div class=\"elementor-element elementor-element-0dfa9c9 elementor-widget elementor-widget-heading\" data-id=\"0dfa9c9\" data-element_type=\"widget\" data-e-type=\"widget\" data-widget_type=\"heading.default\">\n\t\t\t\t<div class=\"elementor-widget-container\">\n\t\t\t\t\t<h2 class=\"elementor-heading-title elementor-size-default\">Race Routes and Main Features\n<\/h2>\t\t\t\t<\/div>\n\t\t\t\t<\/div>\n\t\t\t\t<div class=\"elementor-element elementor-element-9cc6cc6 elementor-widget elementor-widget-text-editor\" data-id=\"9cc6cc6\" data-element_type=\"widget\" data-e-type=\"widget\" data-widget_type=\"text-editor.default\">\n\t\t\t\t<div class=\"elementor-widget-container\">\n\t\t\t\t\t\t\t\t\t<p><span style=\"font-weight: 400;\">The 2025 edition of the Cursa 4 Termes promises to be one of the most thrilling yet. Here\u2019s everything you need to know about what awaits you.<\/span><\/p><p><b>The event will take place on 9 February 2025<\/b><span style=\"font-weight: 400;\">, offering multiple categories to cater to all levels, from short distances for beginners to a full marathon for experienced runners. Let\u2019s explore the options:<\/span><\/p>\t\t\t\t\t\t\t\t<\/div>\n\t\t\t\t<\/div>\n\t\t\t\t\t<\/div>\n\t\t<\/div>\n\t\t\t\t\t<\/div>\n\t\t<\/section>\n\t\t\t\t<section class=\"elementor-section elementor-top-section elementor-element elementor-element-d64a735 elementor-section-boxed elementor-section-height-default elementor-section-height-default\" data-id=\"d64a735\" data-element_type=\"section\" data-e-type=\"section\">\n\t\t\t\t\t\t<div class=\"elementor-container elementor-column-gap-default\">\n\t\t\t\t\t<div class=\"elementor-column elementor-col-50 elementor-top-column elementor-element elementor-element-50a439a\" data-id=\"50a439a\" data-element_type=\"column\" data-e-type=\"column\">\n\t\t\t<div class=\"elementor-widget-wrap elementor-element-populated\">\n\t\t\t\t\t\t<div class=\"elementor-element elementor-element-382fdb76 elementor-widget elementor-widget-heading\" data-id=\"382fdb76\" data-element_type=\"widget\" data-e-type=\"widget\" data-widget_type=\"heading.default\">\n\t\t\t\t<div class=\"elementor-widget-container\">\n\t\t\t\t\t<h3 class=\"elementor-heading-title elementor-size-default\">Marathon<\/h3>\t\t\t\t<\/div>\n\t\t\t\t<\/div>\n\t\t\t\t<div class=\"elementor-element elementor-element-457870e elementor-widget elementor-widget-text-editor\" data-id=\"457870e\" data-element_type=\"widget\" data-e-type=\"widget\" data-widget_type=\"text-editor.default\">\n\t\t\t\t<div class=\"elementor-widget-container\">\n\t\t\t\t\t\t\t\t\t<p><span style=\"font-weight: 400;\">If you&#8217;re up for a real challenge, this is a test that will leave you speechless. Imagine running through landmarks like the Castle of Escornalbou, the &#8220;Zegama of Mont-roig,&#8221; and the Crests, with the stunning Areny area as your backdrop. Brace yourself for <\/span><b>47 kilometres and 2,400 metres of elevation gain<\/b><span style=\"font-weight: 400;\">, a demanding yet breathtaking course. Forests, fast tracks, technical segments, and mountains such as Puig de Cabrafiga, the Sierra de Llaberia, and La Mola de Colldejou will bear witness to your courage. Are you ready for this epic adventure?<\/span><\/p>\t\t\t\t\t\t\t\t<\/div>\n\t\t\t\t<\/div>\n\t\t\t\t\t<\/div>\n\t\t<\/div>\n\t\t\t\t<div class=\"elementor-column elementor-col-50 elementor-top-column elementor-element elementor-element-2b4114e\" data-id=\"2b4114e\" data-element_type=\"column\" data-e-type=\"column\">\n\t\t\t<div class=\"elementor-widget-wrap elementor-element-populated\">\n\t\t\t\t\t\t<div class=\"elementor-element elementor-element-9d507b7 elementor-widget elementor-widget-heading\" data-id=\"9d507b7\" data-element_type=\"widget\" data-e-type=\"widget\" data-widget_type=\"heading.default\">\n\t\t\t\t<div class=\"elementor-widget-container\">\n\t\t\t\t\t<h3 class=\"elementor-heading-title elementor-size-default\">Trail<\/h3>\t\t\t\t<\/div>\n\t\t\t\t<\/div>\n\t\t\t\t<div class=\"elementor-element elementor-element-6f76e30 elementor-widget elementor-widget-text-editor\" data-id=\"6f76e30\" data-element_type=\"widget\" data-e-type=\"widget\" data-widget_type=\"text-editor.default\">\n\t\t\t\t<div class=\"elementor-widget-container\">\n\t\t\t\t\t\t\t\t\t<p><span style=\"font-weight: 400;\">Looking for something shorter but equally exhilarating? The <\/span><b>25-kilometre Trail<\/b><span style=\"font-weight: 400;\"> is perfect for you. Starting in the charming village of Pratdip, this circuit mixes the best of the previous edition with new features like the Crests, the Areny, and restored paths leading through the Barranco de la Mina de las Mu\u00f1ecas. <\/span><b>With 1,200 metres of positive elevation gain and 1,345 metres of descent<\/b><span style=\"font-weight: 400;\">, you\u2019ll encounter all sorts of terrain\u2014forests, rocky areas, and technical sections to challenge your mountain running skills. Are you up for it?<\/span><\/p>\t\t\t\t\t\t\t\t<\/div>\n\t\t\t\t<\/div>\n\t\t\t\t\t<\/div>\n\t\t<\/div>\n\t\t\t\t\t<\/div>\n\t\t<\/section>\n\t\t\t\t<section class=\"elementor-section elementor-top-section elementor-element elementor-element-cf24523 elementor-section-boxed elementor-section-height-default elementor-section-height-default\" data-id=\"cf24523\" data-element_type=\"section\" data-e-type=\"section\">\n\t\t\t\t\t\t<div class=\"elementor-container elementor-column-gap-default\">\n\t\t\t\t\t<div class=\"elementor-column elementor-col-33 elementor-top-column elementor-element elementor-element-252e636\" data-id=\"252e636\" data-element_type=\"column\" data-e-type=\"column\">\n\t\t\t<div class=\"elementor-widget-wrap elementor-element-populated\">\n\t\t\t\t\t\t<div class=\"elementor-element elementor-element-de1b474 elementor-widget elementor-widget-heading\" data-id=\"de1b474\" data-element_type=\"widget\" data-e-type=\"widget\" data-widget_type=\"heading.default\">\n\t\t\t\t<div class=\"elementor-widget-container\">\n\t\t\t\t\t<h3 class=\"elementor-heading-title elementor-size-default\">Cadets<\/h3>\t\t\t\t<\/div>\n\t\t\t\t<\/div>\n\t\t\t\t<div class=\"elementor-element elementor-element-b2e9ae1 elementor-widget elementor-widget-text-editor\" data-id=\"b2e9ae1\" data-element_type=\"widget\" data-e-type=\"widget\" data-widget_type=\"text-editor.default\">\n\t\t\t\t<div class=\"elementor-widget-container\">\n\t\t\t\t\t\t\t\t\t<p><span style=\"font-weight: 400;\">If you\u2019re new to mountain races and have a competitive spirit, this exclusive Cadets circuit is your chance to shine. <\/span><b>With 10 kilometres and 360 metres of elevation gain<\/b><span style=\"font-weight: 400;\">, the route starts fast, but don\u2019t be fooled! From kilometre 3, things get serious. You\u2019ll ascend to Roca del Pag\u00e8s, cross the Crests, and explore the Areny. The route also takes you past the Ermita de la Mare de D\u00e9u de la Roca and the Barranco de la Mina de las Mu\u00f1ecas. How about kicking off your season with this gem?<\/span><\/p>\t\t\t\t\t\t\t\t<\/div>\n\t\t\t\t<\/div>\n\t\t\t\t\t<\/div>\n\t\t<\/div>\n\t\t\t\t<div class=\"elementor-column elementor-col-33 elementor-top-column elementor-element elementor-element-0fd6f1c\" data-id=\"0fd6f1c\" data-element_type=\"column\" data-e-type=\"column\">\n\t\t\t<div class=\"elementor-widget-wrap elementor-element-populated\">\n\t\t\t\t\t\t<div class=\"elementor-element elementor-element-4a3d5d1 elementor-widget elementor-widget-heading\" data-id=\"4a3d5d1\" data-element_type=\"widget\" data-e-type=\"widget\" data-widget_type=\"heading.default\">\n\t\t\t\t<div class=\"elementor-widget-container\">\n\t\t\t\t\t<h3 class=\"elementor-heading-title elementor-size-default\">Express<\/h3>\t\t\t\t<\/div>\n\t\t\t\t<\/div>\n\t\t\t\t<div class=\"elementor-element elementor-element-b398efe elementor-widget elementor-widget-text-editor\" data-id=\"b398efe\" data-element_type=\"widget\" data-e-type=\"widget\" data-widget_type=\"text-editor.default\">\n\t\t\t\t<div class=\"elementor-widget-container\">\n\t\t\t\t\t\t\t\t\t<p><span style=\"font-weight: 400;\">If short but intense races are your thing, the Express category is for you. Covering <\/span><b>14 kilometres with 460 metres of elevation gain<\/b><span style=\"font-weight: 400;\">, this fast yet demanding route is full of ascents and descents to test your mettle. This year\u2019s edition includes passes through the Crests, the Areny, and a thrilling final stretch through the Barranco de la Mina de las Mu\u00f1ecas. It\u2019s perfect for both beginners and seasoned runners who want to push themselves. Get ready for an adrenaline-packed challenge!<\/span><\/p>\t\t\t\t\t\t\t\t<\/div>\n\t\t\t\t<\/div>\n\t\t\t\t\t<\/div>\n\t\t<\/div>\n\t\t\t\t<div class=\"elementor-column elementor-col-33 elementor-top-column elementor-element elementor-element-160c8d6\" data-id=\"160c8d6\" data-element_type=\"column\" data-e-type=\"column\">\n\t\t\t<div class=\"elementor-widget-wrap elementor-element-populated\">\n\t\t\t\t\t\t<div class=\"elementor-element elementor-element-0ae1577 elementor-widget elementor-widget-heading\" data-id=\"0ae1577\" data-element_type=\"widget\" data-e-type=\"widget\" data-widget_type=\"heading.default\">\n\t\t\t\t<div class=\"elementor-widget-container\">\n\t\t\t\t\t<h3 class=\"elementor-heading-title elementor-size-default\">Hiking (Caminada)<\/h3>\t\t\t\t<\/div>\n\t\t\t\t<\/div>\n\t\t\t\t<div class=\"elementor-element elementor-element-faa2854 elementor-widget elementor-widget-text-editor\" data-id=\"faa2854\" data-element_type=\"widget\" data-e-type=\"widget\" data-widget_type=\"text-editor.default\">\n\t\t\t\t<div class=\"elementor-widget-container\">\n\t\t\t\t\t\t\t\t\t<p><span style=\"font-weight: 400;\">If you prefer to soak in the scenery at a more relaxed pace, the Caminada is ideal. Covering <\/span><b>16 kilometres with more descent than ascent<\/b><span style=\"font-weight: 400;\">\u2014about 380 metres positive and 725 metres negative\u2014the route starts in the lovely village of Colldejou and ends in Mont-roig del Camp.<\/span><\/p><p><span style=\"font-weight: 400;\">Along the way, you\u2019ll traverse magical trails, ascend Gallina Cega, and marvel at the rock formations that inspired Gaud\u00ed. You\u2019ll also enjoy stunning views from the Castle of Escornalbou. It\u2019s a must for nature lovers!<\/span><\/p>\t\t\t\t\t\t\t\t<\/div>\n\t\t\t\t<\/div>\n\t\t\t\t\t<\/div>\n\t\t<\/div>\n\t\t\t\t\t<\/div>\n\t\t<\/section>\n\t\t\t\t<section class=\"elementor-section elementor-top-section elementor-element elementor-element-3046ace elementor-section-boxed elementor-section-height-default elementor-section-height-default\" data-id=\"3046ace\" data-element_type=\"section\" data-e-type=\"section\">\n\t\t\t\t\t\t<div class=\"elementor-container elementor-column-gap-default\">\n\t\t\t\t\t<div class=\"elementor-column elementor-col-100 elementor-top-column elementor-element elementor-element-ec80a7a\" data-id=\"ec80a7a\" data-element_type=\"column\" data-e-type=\"column\">\n\t\t\t<div class=\"elementor-widget-wrap elementor-element-populated\">\n\t\t\t\t\t\t<div class=\"elementor-element elementor-element-e1ce2e8 elementor-cta--skin-cover elementor-cta--valign-bottom elementor-animated-content elementor-widget elementor-widget-call-to-action\" data-id=\"e1ce2e8\" data-element_type=\"widget\" data-e-type=\"widget\" data-widget_type=\"call-to-action.default\">\n\t\t\t\t<div class=\"elementor-widget-container\">\n\t\t\t\t\t\t\t<div class=\"elementor-cta\">\n\t\t\t\t\t<div class=\"elementor-cta__bg-wrapper\">\n\t\t\t\t<div class=\"elementor-cta__bg elementor-bg\" style=\"background-image: url(https:\/\/www.parque-montroig.com\/blog\/wp-content\/uploads\/2024\/12\/cursa4termes-1600x630.jpg);\" role=\"img\" aria-label=\"cursa4termes\"><\/div>\n\t\t\t\t<div class=\"elementor-cta__bg-overlay\"><\/div>\n\t\t\t<\/div>\n\t\t\t\t\t\t\t<div class=\"elementor-cta__content\">\n\t\t\t\t\n\t\t\t\t\n\t\t\t\t\n\t\t\t\t\t\t\t\t\t<div class=\"elementor-cta__button-wrapper elementor-cta__content-item elementor-content-item elementor-animated-item--grow\">\n\t\t\t\t\t<a class=\"elementor-cta__button elementor-button elementor-size-\" href=\"https:\/\/www.cursa4termes.com\/\" target=\"_blank\" rel=\"noopener\">\n\t\t\t\t\t\tCursa 4 Termes\t\t\t\t\t<\/a>\n\t\t\t\t\t<\/div>\n\t\t\t\t\t\t\t<\/div>\n\t\t\t\t\t\t<\/div>\n\t\t\t\t\t\t<\/div>\n\t\t\t\t<\/div>\n\t\t\t\t\t<\/div>\n\t\t<\/div>\n\t\t\t\t\t<\/div>\n\t\t<\/section>\n\t\t\t\t<section class=\"elementor-section elementor-top-section elementor-element elementor-element-7c46e19 elementor-section-boxed elementor-section-height-default elementor-section-height-default\" data-id=\"7c46e19\" data-element_type=\"section\" data-e-type=\"section\">\n\t\t\t\t\t\t<div class=\"elementor-container elementor-column-gap-default\">\n\t\t\t\t\t<div class=\"elementor-column elementor-col-100 elementor-top-column elementor-element elementor-element-c8d6c04\" data-id=\"c8d6c04\" data-element_type=\"column\" data-e-type=\"column\">\n\t\t\t<div class=\"elementor-widget-wrap elementor-element-populated\">\n\t\t\t\t\t\t<div class=\"elementor-element elementor-element-9898b31 elementor-widget elementor-widget-heading\" data-id=\"9898b31\" data-element_type=\"widget\" data-e-type=\"widget\" data-widget_type=\"heading.default\">\n\t\t\t\t<div class=\"elementor-widget-container\">\n\t\t\t\t\t<h2 class=\"elementor-heading-title elementor-size-default\">Tips for Participating in the Cursa 4 Termes<\/h2>\t\t\t\t<\/div>\n\t\t\t\t<\/div>\n\t\t\t\t<div class=\"elementor-element elementor-element-223f249 elementor-widget elementor-widget-text-editor\" data-id=\"223f249\" data-element_type=\"widget\" data-e-type=\"widget\" data-widget_type=\"text-editor.default\">\n\t\t\t\t<div class=\"elementor-widget-container\">\n\t\t\t\t\t\t\t\t\t<p><span style=\"font-weight: 400;\">If you\u2019re signed up for the Cursa 4 Termes, it\u2019s time to get prepared! <\/span><b>Train on terrain similar to the course to get familiar with the challenges, and adjust your diet in the weeks leading up to the race to optimise performance.<\/b><\/p><p><span style=\"font-weight: 400;\">Equip yourself with trail-running shoes with good grip and comfortable clothing suited to February\u2019s variable weather. Most importantly, avoid intense training in the final week and <\/span><b>ensure you\u2019re well-rested before the big day.<\/b><\/p><p><span style=\"font-weight: 400;\">If you\u2019re not competing, don\u2019t worry\u2014<\/span><b>there\u2019s plenty for spectators too!<\/b><span style=\"font-weight: 400;\"> Enjoy the accompanying programme featuring a sports fair with local products like oils and sweets, hiking tours to iconic spots such as the Ermita de la Mare de D\u00e9u de la Roca, live Catalan music performances, workshops, and children\u2019s activities. You can also explore Mont-roig del Camp on guided tours or relax at its scenic viewpoints.<\/span><\/p><p><span style=\"font-weight: 400;\">Are you in?<\/span><\/p>\t\t\t\t\t\t\t\t<\/div>\n\t\t\t\t<\/div>\n\t\t\t\t\t<\/div>\n\t\t<\/div>\n\t\t\t\t\t<\/div>\n\t\t<\/section>\n\t\t\t\t<section class=\"elementor-section elementor-top-section elementor-element elementor-element-6235a471 elementor-section-boxed elementor-section-height-default elementor-section-height-default\" data-id=\"6235a471\" data-element_type=\"section\" data-e-type=\"section\">\n\t\t\t\t\t\t<div class=\"elementor-container elementor-column-gap-default\">\n\t\t\t\t\t<div class=\"elementor-column elementor-col-100 elementor-top-column elementor-element elementor-element-3f22e6ff\" data-id=\"3f22e6ff\" data-element_type=\"column\" data-e-type=\"column\">\n\t\t\t<div class=\"elementor-widget-wrap elementor-element-populated\">\n\t\t\t\t\t\t<div class=\"elementor-element elementor-element-51456ad7 elementor-widget elementor-widget-heading\" data-id=\"51456ad7\" data-element_type=\"widget\" data-e-type=\"widget\" data-widget_type=\"heading.default\">\n\t\t\t\t<div class=\"elementor-widget-container\">\n\t\t\t\t\t<h2 class=\"elementor-heading-title elementor-size-default\">The Cursa 4 Termes: More Than Just a Race<\/h2>\t\t\t\t<\/div>\n\t\t\t\t<\/div>\n\t\t\t\t<div class=\"elementor-element elementor-element-76c14b0b elementor-widget elementor-widget-text-editor\" data-id=\"76c14b0b\" data-element_type=\"widget\" data-e-type=\"widget\" data-widget_type=\"text-editor.default\">\n\t\t\t\t<div class=\"elementor-widget-container\">\n\t\t\t\t\t\t\t\t\t<p><span style=\"font-weight: 400;\">The Cursa 4 Termes is a celebration that dates back to 2013, growing year by year without losing its connection to nature, tradition, and sports. The 2025 edition will be no exception.<\/span><\/p><p><b>Whether you choose to compete as a runner or simply soak in the atmosphere, you\u2019ll want to be well-rested to fully enjoy the event.<\/b><span style=\"font-weight: 400;\"> The best way to ensure this is by staying in comfortable, clean, and cosy accommodation where you can relax before and after the race.<\/span><\/p><p><span style=\"font-weight: 400;\">We may not be able to run the marathon for you, but we can help you find the perfect place to stay. Visit <\/span><a href=\"https:\/\/www.parque-montroig.com\/\"><span style=\"font-weight: 400;\">our website<\/span><\/a><span style=\"font-weight: 400;\"> to book your ideal accommodation.<\/span><\/p><p><span style=\"font-weight: 400;\">Don\u2019t think twice\u2014save the date and lace up your shoes because the 2025 Cursa 4 Termes is waiting to welcome you!<\/span><\/p>\t\t\t\t\t\t\t\t<\/div>\n\t\t\t\t<\/div>\n\t\t\t\t\t<\/div>\n\t\t<\/div>\n\t\t\t\t\t<\/div>\n\t\t<\/section>\n\t\t\t\t<section class=\"elementor-section elementor-top-section elementor-element elementor-element-54c93ca elementor-section-boxed elementor-section-height-default elementor-section-height-default\" data-id=\"54c93ca\" data-element_type=\"section\" data-e-type=\"section\">\n\t\t\t\t\t\t<div class=\"elementor-container elementor-column-gap-default\">\n\t\t\t\t\t<div class=\"elementor-column elementor-col-33 elementor-top-column elementor-element elementor-element-4facb50d\" data-id=\"4facb50d\" data-element_type=\"column\" data-e-type=\"column\">\n\t\t\t<div class=\"elementor-widget-wrap elementor-element-populated\">\n\t\t\t\t\t\t<div class=\"elementor-element elementor-element-40e18171 elementor-align-center elementor-widget elementor-widget-button\" data-id=\"40e18171\" data-element_type=\"widget\" data-e-type=\"widget\" data-widget_type=\"button.default\">\n\t\t\t\t<div class=\"elementor-widget-container\">\n\t\t\t\t\t\t\t\t\t<div class=\"elementor-button-wrapper\">\n\t\t\t\t\t<a class=\"elementor-button elementor-button-link elementor-size-sm\" href=\"https:\/\/www.parque-montroig.com\/en\/rentals\/holidays-rentals-apartments-c1\/\">\n\t\t\t\t\t\t<span class=\"elementor-button-content-wrapper\">\n\t\t\t\t\t\t\t\t\t<span class=\"elementor-button-text\">Apartments Costa Dorada<\/span>\n\t\t\t\t\t<\/span>\n\t\t\t\t\t<\/a>\n\t\t\t\t<\/div>\n\t\t\t\t\t\t\t\t<\/div>\n\t\t\t\t<\/div>\n\t\t\t\t\t<\/div>\n\t\t<\/div>\n\t\t\t\t<div class=\"elementor-column elementor-col-33 elementor-top-column elementor-element elementor-element-151f30cf\" data-id=\"151f30cf\" data-element_type=\"column\" data-e-type=\"column\">\n\t\t\t<div class=\"elementor-widget-wrap elementor-element-populated\">\n\t\t\t\t\t\t<div class=\"elementor-element elementor-element-20f565cf elementor-align-center elementor-widget elementor-widget-button\" data-id=\"20f565cf\" data-element_type=\"widget\" data-e-type=\"widget\" data-widget_type=\"button.default\">\n\t\t\t\t<div class=\"elementor-widget-container\">\n\t\t\t\t\t\t\t\t\t<div class=\"elementor-button-wrapper\">\n\t\t\t\t\t<a class=\"elementor-button elementor-button-link elementor-size-sm\" href=\"https:\/\/www.parque-montroig.com\/en\/rentals\/holidays-rentals-houses-c19\/\">\n\t\t\t\t\t\t<span class=\"elementor-button-content-wrapper\">\n\t\t\t\t\t\t\t\t\t<span class=\"elementor-button-text\">Holiday Houses Costa Dorada<\/span>\n\t\t\t\t\t<\/span>\n\t\t\t\t\t<\/a>\n\t\t\t\t<\/div>\n\t\t\t\t\t\t\t\t<\/div>\n\t\t\t\t<\/div>\n\t\t\t\t\t<\/div>\n\t\t<\/div>\n\t\t\t\t<div class=\"elementor-column elementor-col-33 elementor-top-column elementor-element elementor-element-71d92613\" data-id=\"71d92613\" data-element_type=\"column\" data-e-type=\"column\">\n\t\t\t<div class=\"elementor-widget-wrap elementor-element-populated\">\n\t\t\t\t\t\t<div class=\"elementor-element elementor-element-69429725 elementor-align-center elementor-widget elementor-widget-button\" data-id=\"69429725\" data-element_type=\"widget\" data-e-type=\"widget\" data-widget_type=\"button.default\">\n\t\t\t\t<div class=\"elementor-widget-container\">\n\t\t\t\t\t\t\t\t\t<div class=\"elementor-button-wrapper\">\n\t\t\t\t\t<a class=\"elementor-button elementor-button-link elementor-size-sm\" href=\"https:\/\/www.parque-montroig.com\/en\/rentals\/holidays-rentals-villas-c2\">\n\t\t\t\t\t\t<span class=\"elementor-button-content-wrapper\">\n\t\t\t\t\t\t\t\t\t<span class=\"elementor-button-text\">Villas Costa Dorada<\/span>\n\t\t\t\t\t<\/span>\n\t\t\t\t\t<\/a>\n\t\t\t\t<\/div>\n\t\t\t\t\t\t\t\t<\/div>\n\t\t\t\t<\/div>\n\t\t\t\t\t<\/div>\n\t\t<\/div>\n\t\t\t\t\t<\/div>\n\t\t<\/section>\n\t\t\t\t<\/div>\n\t\t","protected":false},"excerpt":{"rendered":"<p>Discover the Cursa 4 Termes: A Unique Event in Mont-roig del Camp The Cursa 4 Termes is much more than&#8230;<\/p>\n","protected":false},"author":3,"featured_media":5008,"comment_status":"open","ping_status":"closed","sticky":false,"template":"","format":"standard","meta":{"footnotes":""},"categories":[4],"tags":[],"class_list":["post-5015","post","type-post","status-publish","format-standard","has-post-thumbnail","hentry","category-costa-dorada"],"_links":{"self":[{"href":"https:\/\/www.parque-montroig.com\/blog\/en\/wp-json\/wp\/v2\/posts\/5015","targetHints":{"allow":["GET"]}}],"collection":[{"href":"https:\/\/www.parque-montroig.com\/blog\/en\/wp-json\/wp\/v2\/posts"}],"about":[{"href":"https:\/\/www.parque-montroig.com\/blog\/en\/wp-json\/wp\/v2\/types\/post"}],"author":[{"embeddable":true,"href":"https:\/\/www.parque-montroig.com\/blog\/en\/wp-json\/wp\/v2\/users\/3"}],"replies":[{"embeddable":true,"href":"https:\/\/www.parque-montroig.com\/blog\/en\/wp-json\/wp\/v2\/comments?post=5015"}],"version-history":[{"count":12,"href":"https:\/\/www.parque-montroig.com\/blog\/en\/wp-json\/wp\/v2\/posts\/5015\/revisions"}],"predecessor-version":[{"id":5038,"href":"https:\/\/www.parque-montroig.com\/blog\/en\/wp-json\/wp\/v2\/posts\/5015\/revisions\/5038"}],"wp:featuredmedia":[{"embeddable":true,"href":"https:\/\/www.parque-montroig.com\/blog\/en\/wp-json\/wp\/v2\/media\/5008"}],"wp:attachment":[{"href":"https:\/\/www.parque-montroig.com\/blog\/en\/wp-json\/wp\/v2\/media?parent=5015"}],"wp:term":[{"taxonomy":"category","embeddable":true,"href":"https:\/\/www.parque-montroig.com\/blog\/en\/wp-json\/wp\/v2\/categories?post=5015"},{"taxonomy":"post_tag","embeddable":true,"href":"https:\/\/www.parque-montroig.com\/blog\/en\/wp-json\/wp\/v2\/tags?post=5015"}],"curies":[{"name":"wp","href":"https:\/\/api.w.org\/{rel}","templated":true}]}}