{"id":1059,"date":"2021-01-14T13:51:55","date_gmt":"2021-01-14T12:51:55","guid":{"rendered":"https:\/\/www.parque-montroig.com\/blog\/?p=1059"},"modified":"2021-01-14T13:51:59","modified_gmt":"2021-01-14T12:51:59","slug":"tarragone-romaine","status":"publish","type":"post","link":"https:\/\/www.parque-montroig.com\/blog\/fr\/tarragone-romaine\/","title":{"rendered":"Tarragone romaine: un voyage dans le pass\u00e9 imp\u00e9rial de la ville"},"content":{"rendered":"\n<p>Tarragone est une ville au pass\u00e9 \u00e9troitement li\u00e9 \u00e0 la culture et \u00e0 l&rsquo;architecture romaines, la ville met \u00e0 la disposition de tous les visiteurs diff\u00e9rents vestiges de la c\u00e9l\u00e8bre p\u00e9riode romaine qui a eu un tel impact sur le d\u00e9veloppement de la p\u00e9ninsule ib\u00e9rique.<\/p>\n\n\n\n<p>Dans le but de faire conna\u00eetre l&rsquo;histoire de la ville, l&rsquo;itin\u00e9raire pour d\u00e9couvrir la Tarragone romaine il y a pr\u00e8s de 2000 ans est parfait pour une journ\u00e9e culturelle passionnante pour toute la famille, au cours de laquelle adultes et enfants appr\u00e9cieront s\u00fbrement le large Site arch\u00e9ologique de Tarraco qui a \u00e9t\u00e9 d\u00e9clar\u00e9 site du patrimoine mondial par l&rsquo;UNESCO en 2000.<\/p>\n\n\n\n<h3 class=\"wp-block-heading\">La route romaine de Tarragone<\/h3>\n\n\n\n<p>Le premier arr\u00eat sur la route devrait \u00eatre le mus\u00e9e d&rsquo;histoire de Tarragone, o\u00f9 vous pouvez trouver le mod\u00e8le informatif qui repr\u00e9sente avec pr\u00e9cision le moment o\u00f9 Tarraco a appr\u00e9ci\u00e9 sa splendeur et son apog\u00e9e maximal, nous parlons du IIe si\u00e8cle apr\u00e8s JC. De cette fa\u00e7on, vous pouvez avoir une id\u00e9e g\u00e9n\u00e9rale des points d&rsquo;int\u00e9r\u00eat suivants que vous pouvez visiter.<\/p>\n\n\n\n<h3 class=\"wp-block-heading\">La muraille<\/h3>\n\n\n\n<p>Si nous suivons l&rsquo;itin\u00e9raire de mani\u00e8re organique, le prochain arr\u00eat est les murs, qui, au deuxi\u00e8me si\u00e8cle avant JC. ils d\u00e9limitent le p\u00e9rim\u00e8tre urbain. \u00c0 l&rsquo;heure actuelle, environ 1 100 m\u00e8tres sur les 3 500 m\u00e8tres qu&rsquo;il avait \u00e0 l&rsquo;origine sont conserv\u00e9s en bon \u00e9tat. Le plus int\u00e9ressant et dans le meilleur \u00e9tat du mur est dans la promenade arch\u00e9ologique, o\u00f9 vous pouvez trouver diff\u00e9rentes toiles en parfait \u00e9tat. Vous visiterez \u00e9galement deux des six poternes et la porte d&rsquo;acc\u00e8s \u00e0 la circulation routi\u00e8re ainsi que les trois tours aux r\u00e9formes m\u00e9di\u00e9vales, celle de Minerve en particulier, qui contient la plus ancienne sculpture et inscription romaine de la p\u00e9ninsule ib\u00e9rique.<\/p>\n\n\n\n<h3 class=\"wp-block-heading\">Le temple<\/h3>\n\n\n\n<p>Ensuite, vous pouvez visiter le temple, construit pendant la seconde moiti\u00e9 du 1er si\u00e8cle apr\u00e8s JC. Avec le forum provincial et le cirque et une superficie de 7,5 hectares, c&rsquo;est le plus grand complexe du genre dans tout le monde romain. Du portique qui entoure le temple, il reste encore des vestiges dans le clo\u00eetre de la cath\u00e9drale.<\/p>\n\n\n\n<h3 class=\"wp-block-heading\">Forum provincial<\/h3>\n\n\n\n<p>L&rsquo;int\u00e9rieur du forum \u00e9tait orn\u00e9 de jardins et de diverses statues, dont de nombreux pi\u00e9destaux inscrits subsistent encore aujourd&rsquo;hui, comme dans la rue Merceria. De m\u00eame, vous pouvez visiter diff\u00e9rents vestiges de portiques \u00e0 diff\u00e9rents endroits de la ville.<\/p>\n\n\n\n<h3 class=\"wp-block-heading\">Mus\u00e9e arch\u00e9ologique national<\/h3>\n\n\n\n<p>Construit au XIXe si\u00e8cle, c&rsquo;\u00e9tait l&rsquo;union de deux mus\u00e9es, il s&rsquo;agit de la Soci\u00e9t\u00e9 arch\u00e9ologique de Tarraconense et de la Commission des monuments. Le mus\u00e9e contient une incroyable et pr\u00e9cieuse collection de vestiges romains, dont nous pouvons mettre en \u00e9vidence des sculptures, des inscriptions, des mosa\u00efques, des c\u00e9ramiques, etc., tous de la ville de Tarragone et de ses environs.<\/p>\n\n\n\n<h3 class=\"wp-block-heading\">Le cirque<\/h3>\n\n\n\n<p>C&rsquo;est l&rsquo;un des cirques romains les mieux conserv\u00e9s de toute l&rsquo;Europe, o\u00f9 ils ont jou\u00e9 des courses de chars, qui pouvaient \u00eatre de deux ou quatre chevaux. Vous pouvez visiter l&rsquo;extr\u00e9mit\u00e9 est, la fa\u00e7ade monumentale et les gradins. Il est situ\u00e9 sur la Rambla Vella.<\/p>\n\n\n\n<h3 class=\"wp-block-heading\">Amphith\u00e9\u00e2tre romain<\/h3>\n\n\n\n<p>Des combats de gladiadiores, des b\u00eates sauvages et des ex\u00e9cutions publiques ont eu lieu dans l&rsquo;amphith\u00e9\u00e2tre. Construit au d\u00e9but du IIe si\u00e8cle apr\u00e8s JC et r\u00e9form\u00e9 en l&rsquo;an 221, comme l&rsquo;indique l&rsquo;inscription de 140 m\u00e8tres, la plus longue de tout l&rsquo;Empire.<\/p>\n\n\n\n<h3 class=\"wp-block-heading\">Forum local<\/h3>\n\n\n\n<p>\u00c0 l&rsquo;\u00e9poque, c&rsquo;\u00e9tait le centre de la vie civique. Celui-ci a \u00e9t\u00e9 d\u00e9truit au XIXe si\u00e8cle et il ne reste que la basilique, structur\u00e9e comme un b\u00e2timent \u00e0 trois nefs.<\/p>\n\n\n\n<h3 class=\"wp-block-heading\">Th\u00e9\u00e2tre<\/h3>\n\n\n\n<p>Le th\u00e9\u00e2tre a \u00e9t\u00e9 construit \u00e0 l&rsquo;\u00e9poque d&rsquo;Auguste sur d&rsquo;anciens entrep\u00f4ts portuaires. Il a \u00e9t\u00e9 r\u00e9nov\u00e9 et enrichi de statues de marbre au IIe si\u00e8cle apr\u00e8s JC. et au 3\u00e8me si\u00e8cle apr\u00e8s JC il a \u00e9t\u00e9 compl\u00e8tement abandonn\u00e9, comme un bon th\u00e9\u00e2tre, dans cette sc\u00e8ne des spectacles ont eu lieu.<\/p>\n\n\n\n<h3 class=\"wp-block-heading\">N\u00e9cropole pal\u00e9ochr\u00e9tienne<\/h3>\n\n\n\n<p>Au milieu du IIIe si\u00e8cle apr\u00e8s JC un cimeti\u00e8re a \u00e9t\u00e9 form\u00e9 qui s&rsquo;est consid\u00e9rablement d\u00e9velopp\u00e9 \u00e0 partir de l&rsquo;inhumation des restes de San Fructuoso. Les chr\u00e9tiens de l&rsquo;\u00e9poque ont transform\u00e9 sa tombe en sanctuaire et au 5\u00e8me si\u00e8cle apr\u00e8s JC. Deux basiliques ont \u00e9t\u00e9 construites avec diff\u00e9rents b\u00e2timents et de nombreuses tombes. Actuellement, vous pouvez visiter la zone de la n\u00e9cropole pal\u00e9ochr\u00e9tienne et une autre zone dans le sous-sol d&rsquo;un centre commercial.<\/p>\n\n\n\n<h3 class=\"wp-block-heading\">Aqueduc romain<\/h3>\n\n\n\n<p>Construit au 1er si\u00e8cle, cet aqueduc a \u00e9t\u00e9 con\u00e7u pour alimenter la ville de Tarraco en eau de la rivi\u00e8re Francol\u00ed. La partie la plus int\u00e9ressante et la plus spectaculaire qui a \u00e9t\u00e9 pr\u00e9serv\u00e9e mesure environ 217 m\u00e8tres de long et 26 m\u00e8tres de haut afin de sauver la vall\u00e9e naturelle. Il est \u00e9galement connu sous le nom de \u00abPont del Diable\u00bb ou \u00abaqueduc des Ferreres\u00bb.<\/p>\n\n\n\n<h3 class=\"wp-block-heading\">Tour des Scipions<\/h3>\n\n\n\n<p>\u00c0 seulement 6 kilom\u00e8tres de Tarragone, le monument s\u00e9pulcral a \u00e9t\u00e9 construit au 1er si\u00e8cle apr\u00e8s JC. avec de grandes pierres de taille et un plan carr\u00e9. Ce monument \u00e0 ciel ouvert est compos\u00e9 de trois corps superpos\u00e9s.<\/p>\n\n\n\n<h3 class=\"wp-block-heading\">Carri\u00e8re de M\u00e8dol<\/h3>\n\n\n\n<p>C&rsquo;est la carri\u00e8re la plus spectaculaire de toutes dans laquelle les Romains ont extrait des pierres de diff\u00e9rentes qualit\u00e9s pour la construction des b\u00e2timents de la ville. Gr\u00e2ce \u00e0 la v\u00e9g\u00e9tation qui a occup\u00e9 les lieux au fil des ans, la carri\u00e8re est un bel endroit \u00e0 visiter.<\/p>\n\n\n\n<p>Si vous souhaitez une location de vacances pour pouvoir effectuer cette passionnante route romaine de Tarragone, n&rsquo;h\u00e9sitez pas \u00e0 nous contacter via le formulaire de contact ou en appelant directement nos bureaux, nous serons ravis de vous aider.<\/p>\n\n\n\n<div style=\"height:20px\" aria-hidden=\"true\" class=\"wp-block-spacer\"><\/div>\n\n\n\n<figure class=\"wp-block-image size-large is-resized\"><img decoding=\"async\" src=\"https:\/\/www.parque-montroig.com\/blog\/wp-content\/uploads\/2020\/12\/Logo-Feder-1.jpeg\" alt=\"Logo Feder\" class=\"wp-image-735\" width=\"176\" height=\"83\"\/><\/figure>\n\n\n\n<p style=\"font-size:10px\">Parc Mont-roig SL ha sido beneficiaria del Fondo Europeo de Desarrollo Regional cuyo objetivo es mejorar la competitividad de las Pymes y gracias al cual ha puesto en marcha un Plan de Marketing Digital Internacional con el objetivo de mejorar su posicionamiento online en mercados exteriores durante el a\u00f1o 2021. Para ello ha contado con el apoyo del Programa XPANDE DIGITAL de la C\u00e1mara de Comercio de Reus.<br>\u00ab\u00a0Una manera de hacer Europa\u00a0\u00bb.<\/p>\n","protected":false},"excerpt":{"rendered":"<p>Tarragone est une ville au pass\u00e9 \u00e9troitement li\u00e9 \u00e0 la culture et \u00e0 l&rsquo;architecture romaines, la ville met \u00e0 la&#8230;<\/p>\n","protected":false},"author":2,"featured_media":1062,"comment_status":"open","ping_status":"closed","sticky":false,"template":"","format":"standard","meta":{"footnotes":""},"categories":[50,46],"tags":[],"class_list":["post-1059","post","type-post","status-publish","format-standard","has-post-thumbnail","hentry","category-la-ville-de-tarragone","category-que-voir-et-faire-a-tarragone"],"_links":{"self":[{"href":"https:\/\/www.parque-montroig.com\/blog\/fr\/wp-json\/wp\/v2\/posts\/1059","targetHints":{"allow":["GET"]}}],"collection":[{"href":"https:\/\/www.parque-montroig.com\/blog\/fr\/wp-json\/wp\/v2\/posts"}],"about":[{"href":"https:\/\/www.parque-montroig.com\/blog\/fr\/wp-json\/wp\/v2\/types\/post"}],"author":[{"embeddable":true,"href":"https:\/\/www.parque-montroig.com\/blog\/fr\/wp-json\/wp\/v2\/users\/2"}],"replies":[{"embeddable":true,"href":"https:\/\/www.parque-montroig.com\/blog\/fr\/wp-json\/wp\/v2\/comments?post=1059"}],"version-history":[{"count":2,"href":"https:\/\/www.parque-montroig.com\/blog\/fr\/wp-json\/wp\/v2\/posts\/1059\/revisions"}],"predecessor-version":[{"id":1061,"href":"https:\/\/www.parque-montroig.com\/blog\/fr\/wp-json\/wp\/v2\/posts\/1059\/revisions\/1061"}],"wp:featuredmedia":[{"embeddable":true,"href":"https:\/\/www.parque-montroig.com\/blog\/fr\/wp-json\/wp\/v2\/media\/1062"}],"wp:attachment":[{"href":"https:\/\/www.parque-montroig.com\/blog\/fr\/wp-json\/wp\/v2\/media?parent=1059"}],"wp:term":[{"taxonomy":"category","embeddable":true,"href":"https:\/\/www.parque-montroig.com\/blog\/fr\/wp-json\/wp\/v2\/categories?post=1059"},{"taxonomy":"post_tag","embeddable":true,"href":"https:\/\/www.parque-montroig.com\/blog\/fr\/wp-json\/wp\/v2\/tags?post=1059"}],"curies":[{"name":"wp","href":"https:\/\/api.w.org\/{rel}","templated":true}]}}