{"id":1072,"date":"2021-01-14T14:02:05","date_gmt":"2021-01-14T13:02:05","guid":{"rendered":"https:\/\/www.parque-montroig.com\/blog\/?p=1072"},"modified":"2022-10-04T14:58:34","modified_gmt":"2022-10-04T12:58:34","slug":"torredembarra","status":"publish","type":"post","link":"https:\/\/www.parque-montroig.com\/blog\/fr\/torredembarra\/","title":{"rendered":"D\u00e9couvrez la belle commune de Torredembarra avec le Parc Mont-Roig"},"content":{"rendered":"\n<p>Torredembarra est situ\u00e9 \u00e0 10 kilom\u00e8tres de Tarragone et \u00e0 70 kilom\u00e8tres de Barcelone. Bien desservi gr\u00e2ce au port, \u00e0 la gare de Renfe et \u00e0 l&rsquo;autoroute. Il a une offre vari\u00e9e pour les visiteurs qui veulent conna\u00eetre la culture, la paix et la tranquillit\u00e9 qui se respirent dans l&rsquo;environnement et go\u00fbter la gastronomie locale, et bien s\u00fbr, les magnifiques plages.<\/p>\n\n\n\n<h3 class=\"wp-block-heading\">Le festival principal de Torredembarra<\/h3>\n\n\n\n<p>Fin ao\u00fbt, se d\u00e9roule le principal festival en l&rsquo;honneur de Santa Rosalia, qui dure jusqu&rsquo;au 4 septembre. Lors de ce festival, la population locale occupe le devant de la sc\u00e8ne, o\u00f9 les d\u00e9fil\u00e9s et les concerts en plein air se distinguent. Petits et grands sortent dans la rue avec les d\u00e9mons et le dragon appel\u00e9 \u00abLa Virgili\u00bb. Vous pouvez observer des danses culturelles typiques telles que le Ball de Bastons, le Ball de Pastorets ou le Ball de Cavallets, entre autres.<\/p>\n\n\n\n<p>L&rsquo;offre gastronomique est riche et vari\u00e9e, les restaurants de la r\u00e9gion basent leur cuisine sur les plats de fruits de mer et la tradition culinaire du lieu, transmise aux g\u00e9n\u00e9rations actuelles, par exemple, les rago\u00fbts de poisson pr\u00e9par\u00e9s par les p\u00eacheurs d&rsquo;antan.<\/p>\n\n\n\n<h3 class=\"wp-block-heading\">Plage de Torredembarra<\/h3>\n\n\n\n<p>La plage de Torredembara est l&rsquo;attraction principale. Unique gr\u00e2ce \u00e0 ses caract\u00e9ristiques et ses ressources naturelles et paysag\u00e8res. Toutes les plages ont le drapeau bleu et le badge de gestion environnementale EMAS et Ecoplayas. Ils sont au total 7 kilom\u00e8tres s\u00e9par\u00e9s en 4 plages.<\/p>\n\n\n\n<p>Le paysage m\u00e9diterran\u00e9en s&rsquo;impose, alliant les couleurs olive, l&rsquo;or de la plage et le gris du rocher d\u00e9nud\u00e9. Le mythique phare de Torredembara, le dernier phare construit en Espagne, le plus haut de Catalogne, se fond dans les environs. Les conditions architecturales en ont fait l&rsquo;une des grandes revendications de la commune.<\/p>\n\n\n\n<div style=\"height:20px\" aria-hidden=\"true\" class=\"wp-block-spacer\"><\/div>\n\n\n\n<figure class=\"wp-block-image size-large is-resized\"><img decoding=\"async\" src=\"https:\/\/www.parque-montroig.com\/blog\/wp-content\/uploads\/2020\/12\/Logo-Feder-1.jpeg\" alt=\"Logo Feder\" class=\"wp-image-735\" width=\"173\" height=\"82\"\/><\/figure>\n\n\n\n<p style=\"font-size:10px\">Parc Mont-roig SL ha sido beneficiaria del Fondo Europeo de Desarrollo Regional cuyo objetivo es mejorar la competitividad de las Pymes y gracias al cual ha puesto en marcha un Plan de Marketing Digital Internacional con el objetivo de mejorar su posicionamiento online en mercados exteriores durante el a\u00f1o 2021. Para ello ha contado con el apoyo del Programa XPANDE DIGITAL de la C\u00e1mara de Comercio de Reus.<br>\u00ab\u00a0Una manera de hacer Europa\u00a0\u00bb.<\/p>\n","protected":false},"excerpt":{"rendered":"<p>Torredembarra est situ\u00e9 \u00e0 10 kilom\u00e8tres de Tarragone et \u00e0 70 kilom\u00e8tres de Barcelone. Bien desservi gr\u00e2ce au port, \u00e0&#8230;<\/p>\n","protected":false},"author":2,"featured_media":1614,"comment_status":"open","ping_status":"closed","sticky":false,"template":"","format":"standard","meta":{"footnotes":""},"categories":[26],"tags":[],"class_list":["post-1072","post","type-post","status-publish","format-standard","has-post-thumbnail","hentry","category-la-costa-dorada-fr"],"_links":{"self":[{"href":"https:\/\/www.parque-montroig.com\/blog\/fr\/wp-json\/wp\/v2\/posts\/1072","targetHints":{"allow":["GET"]}}],"collection":[{"href":"https:\/\/www.parque-montroig.com\/blog\/fr\/wp-json\/wp\/v2\/posts"}],"about":[{"href":"https:\/\/www.parque-montroig.com\/blog\/fr\/wp-json\/wp\/v2\/types\/post"}],"author":[{"embeddable":true,"href":"https:\/\/www.parque-montroig.com\/blog\/fr\/wp-json\/wp\/v2\/users\/2"}],"replies":[{"embeddable":true,"href":"https:\/\/www.parque-montroig.com\/blog\/fr\/wp-json\/wp\/v2\/comments?post=1072"}],"version-history":[{"count":2,"href":"https:\/\/www.parque-montroig.com\/blog\/fr\/wp-json\/wp\/v2\/posts\/1072\/revisions"}],"predecessor-version":[{"id":1618,"href":"https:\/\/www.parque-montroig.com\/blog\/fr\/wp-json\/wp\/v2\/posts\/1072\/revisions\/1618"}],"wp:featuredmedia":[{"embeddable":true,"href":"https:\/\/www.parque-montroig.com\/blog\/fr\/wp-json\/wp\/v2\/media\/1614"}],"wp:attachment":[{"href":"https:\/\/www.parque-montroig.com\/blog\/fr\/wp-json\/wp\/v2\/media?parent=1072"}],"wp:term":[{"taxonomy":"category","embeddable":true,"href":"https:\/\/www.parque-montroig.com\/blog\/fr\/wp-json\/wp\/v2\/categories?post=1072"},{"taxonomy":"post_tag","embeddable":true,"href":"https:\/\/www.parque-montroig.com\/blog\/fr\/wp-json\/wp\/v2\/tags?post=1072"}],"curies":[{"name":"wp","href":"https:\/\/api.w.org\/{rel}","templated":true}]}}