{"id":2876,"date":"2023-05-22T13:37:25","date_gmt":"2023-05-22T11:37:25","guid":{"rendered":"https:\/\/www.parque-montroig.com\/blog\/?p=2876"},"modified":"2023-06-01T17:21:08","modified_gmt":"2023-06-01T15:21:08","slug":"le-climat-sur-la-costa-dorada","status":"publish","type":"post","link":"https:\/\/www.parque-montroig.com\/blog\/fr\/le-climat-sur-la-costa-dorada\/","title":{"rendered":"Le climat sur la Costa Dorada"},"content":{"rendered":"\t\t<div data-elementor-type=\"wp-post\" data-elementor-id=\"2876\" class=\"elementor elementor-2876 elementor-2764\" data-elementor-post-type=\"post\">\n\t\t\t\t\t\t<section class=\"elementor-section elementor-top-section elementor-element elementor-element-37718d15 elementor-section-boxed elementor-section-height-default elementor-section-height-default\" data-id=\"37718d15\" data-element_type=\"section\" data-e-type=\"section\">\n\t\t\t\t\t\t<div class=\"elementor-container elementor-column-gap-default\">\n\t\t\t\t\t<div class=\"elementor-column elementor-col-100 elementor-top-column elementor-element elementor-element-4be212b5\" data-id=\"4be212b5\" data-element_type=\"column\" data-e-type=\"column\">\n\t\t\t<div class=\"elementor-widget-wrap elementor-element-populated\">\n\t\t\t\t\t\t<div class=\"elementor-element elementor-element-7117f411 elementor-widget__width-initial elementor-widget elementor-widget-heading\" data-id=\"7117f411\" data-element_type=\"widget\" data-e-type=\"widget\" data-widget_type=\"heading.default\">\n\t\t\t\t<div class=\"elementor-widget-container\">\n\t\t\t\t\t<h2 class=\"elementor-heading-title elementor-size-default\">Le climat de la Costa Dorada est-il bon toute l'ann\u00e9e ?<\/h2>\t\t\t\t<\/div>\n\t\t\t\t<\/div>\n\t\t\t\t<div class=\"elementor-element elementor-element-15a3c0ba elementor-widget elementor-widget-text-editor\" data-id=\"15a3c0ba\" data-element_type=\"widget\" data-e-type=\"widget\" data-widget_type=\"text-editor.default\">\n\t\t\t\t<div class=\"elementor-widget-container\">\n\t\t\t\t\t\t\t\t\t<p><span style=\"font-weight: 400;\">Le <\/span><b>climat sur la Costa Dorada<\/b><span style=\"font-weight: 400;\"> est tr\u00e8s paisible toute l\u2019ann\u00e9e. De par sa localisation dans la province de Tarragone et gr\u00e2ce \u00e0 son offre touristique tr\u00e8s vaste, cette r\u00e9gion de la M\u00e9diterran\u00e9e est un lieu id\u00e9al pour passer des vacances uniques.<\/span><\/p>\t\t\t\t\t\t\t\t<\/div>\n\t\t\t\t<\/div>\n\t\t\t\t\t<\/div>\n\t\t<\/div>\n\t\t\t\t\t<\/div>\n\t\t<\/section>\n\t\t\t\t<section class=\"elementor-section elementor-top-section elementor-element elementor-element-1387957 elementor-section-boxed elementor-section-height-default elementor-section-height-default\" data-id=\"1387957\" data-element_type=\"section\" data-e-type=\"section\">\n\t\t\t\t\t\t<div class=\"elementor-container elementor-column-gap-default\">\n\t\t\t\t\t<div class=\"elementor-column elementor-col-100 elementor-top-column elementor-element elementor-element-14542f2\" data-id=\"14542f2\" data-element_type=\"column\" data-e-type=\"column\">\n\t\t\t<div class=\"elementor-widget-wrap elementor-element-populated\">\n\t\t\t\t\t\t<div class=\"elementor-element elementor-element-6d5fead elementor-widget elementor-widget-heading\" data-id=\"6d5fead\" data-element_type=\"widget\" data-e-type=\"widget\" data-widget_type=\"heading.default\">\n\t\t\t\t<div class=\"elementor-widget-container\">\n\t\t\t\t\t<h2 class=\"elementor-heading-title elementor-size-default\">Le climat sur la Costa Dorada : d\u2019Alcanar \u00e0 Calafell\n\n<\/h2>\t\t\t\t<\/div>\n\t\t\t\t<\/div>\n\t\t\t\t<div class=\"elementor-element elementor-element-eb2b2d2 elementor-widget elementor-widget-text-editor\" data-id=\"eb2b2d2\" data-element_type=\"widget\" data-e-type=\"widget\" data-widget_type=\"text-editor.default\">\n\t\t\t\t<div class=\"elementor-widget-container\">\n\t\t\t\t\t\t\t\t\t<p><span style=\"font-weight: 400;\">Le delta de l\u2019\u00c8bre est le point le d\u00e9part de cette c\u00f4te qui prend fin \u00e0 l\u2019embouchure du fleuve Foix. La <\/span><b>grande vari\u00e9t\u00e9 de villages<\/b><span style=\"font-weight: 400;\"> entre les deux vous assure de vivre un s\u00e9jour inoubliable. Il s\u2019agit sans aucun doute d\u2019un cadre incomparable pour profiter au maximum de votre temps de loisirs.<\/span><\/p><p><span style=\"font-family: var( --e-global-typography-text-font-family ), Sans-serif; background-color: transparent;\">Deltebre, situ\u00e9 au c\u0153ur du <\/span><b style=\"font-family: var( --e-global-typography-text-font-family ), Sans-serif; background-color: transparent;\">parc naturel du Delta de l\u2019\u00c8bre<\/b><span style=\"font-family: var( --e-global-typography-text-font-family ), Sans-serif; background-color: transparent;\">, en est l\u2019un des meilleurs exemples. Contemplez la nature dans toute sa splendeur, d\u00e9couvrez certaines esp\u00e8ces d\u2019oiseaux aquatiques et passez des moments formidables sur ce site in\u00e9gal\u00e9.<\/span><\/p>\t\t\t\t\t\t\t\t<\/div>\n\t\t\t\t<\/div>\n\t\t\t\t\t<\/div>\n\t\t<\/div>\n\t\t\t\t\t<\/div>\n\t\t<\/section>\n\t\t\t\t<section class=\"elementor-section elementor-top-section elementor-element elementor-element-801c9f4 elementor-section-boxed elementor-section-height-default elementor-section-height-default\" data-id=\"801c9f4\" data-element_type=\"section\" data-e-type=\"section\">\n\t\t\t\t\t\t<div class=\"elementor-container elementor-column-gap-default\">\n\t\t\t\t\t<div class=\"elementor-column elementor-col-50 elementor-top-column elementor-element elementor-element-2592aa2\" data-id=\"2592aa2\" data-element_type=\"column\" data-e-type=\"column\">\n\t\t\t<div class=\"elementor-widget-wrap elementor-element-populated\">\n\t\t\t\t\t\t<div class=\"elementor-element elementor-element-b8ba241 elementor-widget elementor-widget-text-editor\" data-id=\"b8ba241\" data-element_type=\"widget\" data-e-type=\"widget\" data-widget_type=\"text-editor.default\">\n\t\t\t\t<div class=\"elementor-widget-container\">\n\t\t\t\t\t\t\t\t\t<p><span style=\"font-weight: 400;\">Si vous souhaitez profiter de vos vacances pour cr\u00e9er de nouvelles amiti\u00e9s, pour savourer les journ\u00e9es ensoleill\u00e9es et vous d\u00e9lecter de la brise marine, les communes comme <\/span><a href=\"https:\/\/www.parque-montroig.com\/alquiler\/alquileres-cambrils-d73\/\"><span style=\"font-weight: 400;\">Cambrils<\/span><\/a><span style=\"font-weight: 400;\"> repr\u00e9sentent une excellente option. Si vous pr\u00e9f\u00e9rez toutefois voyager en famille et vous d\u00e9lecter de la gastronomie locale, <\/span><a href=\"https:\/\/www.parque-montroig.com\/alquiler\/alquileres-miami-playa-d188\/\"><span style=\"font-weight: 400;\">Miami Playa<\/span><\/a><span style=\"font-weight: 400;\"> est la destination id\u00e9ale.<\/span><\/p><p><span style=\"color: var( --e-global-color-text ); font-family: var( --e-global-typography-text-font-family ), Sans-serif; background-color: transparent;\">La Costa Dorada est \u00e9galement une excellente option pour vous rendre \u00e0 PortAventura World, qui se situe entre Salou et Vilaseca. Ce parc d\u2019attractions est consid\u00e9r\u00e9 comme l\u2019un des plus attrayants du pays. Vous y d\u00e9couvrirez toutes sortes d\u2019attractions diff\u00e9rentes. Ferrari Land, d\u00e9di\u00e9e \u00e0 la <\/span><b style=\"color: var( --e-global-color-text ); font-family: var( --e-global-typography-text-font-family ), Sans-serif; background-color: transparent;\">c\u00e9l\u00e8bre marque de voitures<\/b><span style=\"color: var( --e-global-color-text ); font-family: var( --e-global-typography-text-font-family ), Sans-serif; background-color: transparent;\">, est l\u2019une des plus populaires. Si vous pr\u00e9f\u00e9rez toutefois vous rafra\u00eechir, le Caribe Aquatic Park vous ravira.<\/span><\/p>\t\t\t\t\t\t\t\t<\/div>\n\t\t\t\t<\/div>\n\t\t\t\t\t<\/div>\n\t\t<\/div>\n\t\t\t\t<div class=\"elementor-column elementor-col-50 elementor-top-column elementor-element elementor-element-00a4f5e\" data-id=\"00a4f5e\" data-element_type=\"column\" data-e-type=\"column\">\n\t\t\t<div class=\"elementor-widget-wrap elementor-element-populated\">\n\t\t\t\t\t\t<div class=\"elementor-element elementor-element-146b76a elementor-widget elementor-widget-image\" data-id=\"146b76a\" data-element_type=\"widget\" data-e-type=\"widget\" data-widget_type=\"image.default\">\n\t\t\t\t<div class=\"elementor-widget-container\">\n\t\t\t\t\t\t\t\t\t\t\t\t\t\t\t<img fetchpriority=\"high\" decoding=\"async\" width=\"700\" height=\"400\" src=\"https:\/\/www.parque-montroig.com\/blog\/wp-content\/uploads\/2023\/05\/costa-dorada-nublado.jpg\" class=\"attachment-large size-large wp-image-2774\" alt=\"costa dorada nublado\" \/>\t\t\t\t\t\t\t\t\t\t\t\t\t\t\t<\/div>\n\t\t\t\t<\/div>\n\t\t\t\t\t<\/div>\n\t\t<\/div>\n\t\t\t\t\t<\/div>\n\t\t<\/section>\n\t\t\t\t<section class=\"elementor-section elementor-top-section elementor-element elementor-element-541a1826 elementor-section-boxed elementor-section-height-default elementor-section-height-default\" data-id=\"541a1826\" data-element_type=\"section\" data-e-type=\"section\">\n\t\t\t\t\t\t<div class=\"elementor-container elementor-column-gap-default\">\n\t\t\t\t\t<div class=\"elementor-column elementor-col-100 elementor-top-column elementor-element elementor-element-3d9ca718\" data-id=\"3d9ca718\" data-element_type=\"column\" data-e-type=\"column\">\n\t\t\t<div class=\"elementor-widget-wrap elementor-element-populated\">\n\t\t\t\t\t\t<div class=\"elementor-element elementor-element-00641d5 elementor-widget elementor-widget-text-editor\" data-id=\"00641d5\" data-element_type=\"widget\" data-e-type=\"widget\" data-widget_type=\"text-editor.default\">\n\t\t\t\t<div class=\"elementor-widget-container\">\n\t\t\t\t\t\t\t\t\t<p>\u00a0<\/p><p><span style=\"font-weight: 400;\">Dans tous les cas, vous profiterez de conditions climatiques privil\u00e9gi\u00e9es, avec des temp\u00e9ratures tr\u00e8s agr\u00e9ables, dans l\u2019une des zones les plus ensoleill\u00e9es de la c\u00f4te m\u00e9diterran\u00e9enne.<\/span><\/p>\t\t\t\t\t\t\t\t<\/div>\n\t\t\t\t<\/div>\n\t\t\t\t\t<\/div>\n\t\t<\/div>\n\t\t\t\t\t<\/div>\n\t\t<\/section>\n\t\t\t\t<section class=\"elementor-section elementor-top-section elementor-element elementor-element-d6137f7 elementor-section-boxed elementor-section-height-default elementor-section-height-default\" data-id=\"d6137f7\" data-element_type=\"section\" data-e-type=\"section\">\n\t\t\t\t\t\t<div class=\"elementor-container elementor-column-gap-default\">\n\t\t\t\t\t<div class=\"elementor-column elementor-col-100 elementor-top-column elementor-element elementor-element-ea80ab7\" data-id=\"ea80ab7\" data-element_type=\"column\" data-e-type=\"column\">\n\t\t\t<div class=\"elementor-widget-wrap elementor-element-populated\">\n\t\t\t\t\t\t<div class=\"elementor-element elementor-element-d8f5dbc elementor-widget elementor-widget-heading\" data-id=\"d8f5dbc\" data-element_type=\"widget\" data-e-type=\"widget\" data-widget_type=\"heading.default\">\n\t\t\t\t<div class=\"elementor-widget-container\">\n\t\t\t\t\t<h2 class=\"elementor-heading-title elementor-size-default\">Saison froide et saison chaude sur la Costa Dorada.\n<\/h2>\t\t\t\t<\/div>\n\t\t\t\t<\/div>\n\t\t\t\t<div class=\"elementor-element elementor-element-b9a1091 elementor-widget elementor-widget-text-editor\" data-id=\"b9a1091\" data-element_type=\"widget\" data-e-type=\"widget\" data-widget_type=\"text-editor.default\">\n\t\t\t\t<div class=\"elementor-widget-container\">\n\t\t\t\t\t\t\t\t\t<p><span style=\"font-weight: 400;\">La <\/span><b>Costa Dorada b\u00e9n\u00e9ficie d\u2019un climat chaud<\/b><span style=\"font-weight: 400;\"> pratiquement toute l\u2019ann\u00e9e. De fait, si vous appr\u00e9ciez les bains rafra\u00eechissants \u00e0 la mer comme en piscine, les mois d\u2019avril \u00e0 novembre constituent la p\u00e9riode id\u00e9ale pour en profiter. Comme vous pouvez le constater, la fen\u00eatre est tr\u00e8s large. En effet, les temp\u00e9ratures maximales de la r\u00e9gion d\u00e9passent les 20\u00a0degr\u00e9s d\u00e8s le printemps. Au mois d\u2019ao\u00fbt, ces chiffres atteignent leurs valeurs les plus \u00e9lev\u00e9es, et il est fr\u00e9quent de voir le mercure grimper l\u00e9g\u00e8rement au-del\u00e0 des 30\u00a0degr\u00e9s.<\/span><\/p><p><span style=\"font-family: var( --e-global-typography-text-font-family ), Sans-serif; background-color: transparent;\">Les temp\u00e9ratures nocturnes durant ces mois sont \u00e9galement tr\u00e8s douces. Pour vous donner une id\u00e9e, <\/span><b style=\"font-family: var( --e-global-typography-text-font-family ), Sans-serif; background-color: transparent;\">il est rare qu\u2019un jour de printemps ne d\u00e9bute en dessous des 10\u00a0degr\u00e9s. <\/b><span style=\"font-family: var( --e-global-typography-text-font-family ), Sans-serif; background-color: transparent;\">En \u00e9t\u00e9, la brise nocturne rafra\u00eechissante vous invite \u00e0 vous promener en tout confort \u00e0 toute heure, avec des temp\u00e9ratures minimales autour des 17 ou 20\u00a0degr\u00e9s.<\/span><\/p><p><span style=\"font-weight: 400;\">Durant l\u2019hiver, la situation ne varie pas beaucoup non plus. Janvier est g\u00e9n\u00e9ralement le mois le plus froid de l\u2019ann\u00e9e, et le mercure ne descend que tr\u00e8s rarement sous les 14\u00a0degr\u00e9s de moyenne. Les minimales se situent aux alentours des 5\u00a0degr\u00e9s la nuit. \u00c0 ce sujet, d\u00e9cembre et f\u00e9vrier sont tr\u00e8s similaires. Les <\/span><b>pr\u00e9cipitations sont l\u00e9g\u00e8rement plus \u00e9lev\u00e9es \u00e0 cette \u00e9poque<\/b><span style=\"font-weight: 400;\"> que le reste de l\u2019ann\u00e9e, bien que les journ\u00e9es nuageuses restent extr\u00eamement rares dans la r\u00e9gions.<\/span><\/p>\t\t\t\t\t\t\t\t<\/div>\n\t\t\t\t<\/div>\n\t\t\t\t\t<\/div>\n\t\t<\/div>\n\t\t\t\t\t<\/div>\n\t\t<\/section>\n\t\t\t\t<section class=\"elementor-section elementor-top-section elementor-element elementor-element-248c8f4 elementor-section-boxed elementor-section-height-default elementor-section-height-default\" data-id=\"248c8f4\" data-element_type=\"section\" data-e-type=\"section\">\n\t\t\t\t\t\t<div class=\"elementor-container elementor-column-gap-default\">\n\t\t\t\t\t<div class=\"elementor-column elementor-col-100 elementor-top-column elementor-element elementor-element-af85636\" data-id=\"af85636\" data-element_type=\"column\" data-e-type=\"column\">\n\t\t\t<div class=\"elementor-widget-wrap elementor-element-populated\">\n\t\t\t\t\t\t<div class=\"elementor-element elementor-element-63a241d elementor-widget elementor-widget-heading\" data-id=\"63a241d\" data-element_type=\"widget\" data-e-type=\"widget\" data-widget_type=\"heading.default\">\n\t\t\t\t<div class=\"elementor-widget-container\">\n\t\t\t\t\t<h2 class=\"elementor-heading-title elementor-size-default\">La meilleure saison pour visiter la Costa Dorada\n<\/h2>\t\t\t\t<\/div>\n\t\t\t\t<\/div>\n\t\t\t\t<div class=\"elementor-element elementor-element-4f3a0d0 elementor-widget elementor-widget-text-editor\" data-id=\"4f3a0d0\" data-element_type=\"widget\" data-e-type=\"widget\" data-widget_type=\"text-editor.default\">\n\t\t\t\t<div class=\"elementor-widget-container\">\n\t\t\t\t\t\t\t\t\t<p><b>Juillet et ao\u00fbt<\/b><span style=\"font-weight: 400;\"> sont des mois de grande affluence. Le climat est tr\u00e8s favorable pendant la p\u00e9riode estivale, durant laquelle de nombreuses attractions sont propos\u00e9es aux touristes. Les jours sont plus longs, en particulier au d\u00e9but de l\u2019\u00e9t\u00e9, et vous permettent de profiter de longues journ\u00e9es de soleil et de plage. Il convient \u00e9galement de souligner que les jours de pluie sont rares \u00e0 cette p\u00e9riode de l\u2019ann\u00e9e, et cette garantie d\u2019avoir du beau temps est une motivation suppl\u00e9mentaire pour d\u00e9couvrir la r\u00e9gion. Somme toute, ce temps stable vous offre la tranquillit\u00e9 d\u2019esprit parfaite pour programmer vos vacances d\u2019\u00e9t\u00e9 sans risquer de mauvaises surprises.<\/span><\/p>\t\t\t\t\t\t\t\t<\/div>\n\t\t\t\t<\/div>\n\t\t\t\t\t<\/div>\n\t\t<\/div>\n\t\t\t\t\t<\/div>\n\t\t<\/section>\n\t\t\t\t<section class=\"elementor-section elementor-top-section elementor-element elementor-element-30e3be5 elementor-section-boxed elementor-section-height-default elementor-section-height-default\" data-id=\"30e3be5\" data-element_type=\"section\" data-e-type=\"section\">\n\t\t\t\t\t\t<div class=\"elementor-container elementor-column-gap-default\">\n\t\t\t\t\t<div class=\"elementor-column elementor-col-50 elementor-top-column elementor-element elementor-element-1de0d85\" data-id=\"1de0d85\" data-element_type=\"column\" data-e-type=\"column\">\n\t\t\t<div class=\"elementor-widget-wrap elementor-element-populated\">\n\t\t\t\t\t\t<div class=\"elementor-element elementor-element-b0be3cc elementor-widget elementor-widget-image\" data-id=\"b0be3cc\" data-element_type=\"widget\" data-e-type=\"widget\" data-widget_type=\"image.default\">\n\t\t\t\t<div class=\"elementor-widget-container\">\n\t\t\t\t\t\t\t\t\t\t\t\t\t\t\t<img decoding=\"async\" width=\"700\" height=\"400\" src=\"https:\/\/www.parque-montroig.com\/blog\/wp-content\/uploads\/2023\/05\/costa-dorada-sol.jpg\" class=\"attachment-large size-large wp-image-2778\" alt=\"costa dorada sol\" \/>\t\t\t\t\t\t\t\t\t\t\t\t\t\t\t<\/div>\n\t\t\t\t<\/div>\n\t\t\t\t\t<\/div>\n\t\t<\/div>\n\t\t\t\t<div class=\"elementor-column elementor-col-50 elementor-top-column elementor-element elementor-element-d045eb0\" data-id=\"d045eb0\" data-element_type=\"column\" data-e-type=\"column\">\n\t\t\t<div class=\"elementor-widget-wrap elementor-element-populated\">\n\t\t\t\t\t\t<div class=\"elementor-element elementor-element-ffa95db elementor-widget elementor-widget-text-editor\" data-id=\"ffa95db\" data-element_type=\"widget\" data-e-type=\"widget\" data-widget_type=\"text-editor.default\">\n\t\t\t\t<div class=\"elementor-widget-container\">\n\t\t\t\t\t\t\t\t\t<p><span style=\"font-weight: 400;\">Toutefois, si vous cherchez plut\u00f4t \u00e0 explorer la nature, faire de longues promenades en campagne et photographier le paysage, alors le printemps et l\u2019automne sont les meilleures p\u00e9riodes. C\u2019est en effet seulement durant ces saisons que vous aurez <\/span><b>l\u2019opportunit\u00e9 d\u2019apercevoir de nombreux oiseaux migrateurs<\/b><span style=\"font-weight: 400;\">, qui volent sous d\u2019autres latitudes le reste de l\u2019ann\u00e9e. De m\u00eame, la fr\u00e9quentation touristique diminue au printemps et \u00e0 l\u2019automne, et vous aurez ainsi l\u2019occasion unique de visiter la r\u00e9gion en toute tranquillit\u00e9. Les plages offrent encore \u00e0 ces p\u00e9riodes un cadre parfait pour se reposer et d\u00e9connecter de la vie quotidienne, et le climat reste tr\u00e8s agr\u00e9able. Vous trouverez sous ce lien <\/span><a href=\"https:\/\/www.eltiempo.es\/tarragona.html\" target=\"_blank\" rel=\"noopener\"><span style=\"font-weight: 400;\">la m\u00e9t\u00e9o en temps r\u00e9el<\/span><\/a><span style=\"font-weight: 400;\"> de la r\u00e9gion.<\/span><\/p>\t\t\t\t\t\t\t\t<\/div>\n\t\t\t\t<\/div>\n\t\t\t\t\t<\/div>\n\t\t<\/div>\n\t\t\t\t\t<\/div>\n\t\t<\/section>\n\t\t\t\t<section class=\"elementor-section elementor-top-section elementor-element elementor-element-df1d5d9 elementor-section-boxed elementor-section-height-default elementor-section-height-default\" data-id=\"df1d5d9\" data-element_type=\"section\" data-e-type=\"section\">\n\t\t\t\t\t\t<div class=\"elementor-container elementor-column-gap-default\">\n\t\t\t\t\t<div class=\"elementor-column elementor-col-100 elementor-top-column elementor-element elementor-element-c394ae8\" data-id=\"c394ae8\" data-element_type=\"column\" data-e-type=\"column\">\n\t\t\t<div class=\"elementor-widget-wrap elementor-element-populated\">\n\t\t\t\t\t\t<div class=\"elementor-element elementor-element-3150d85 elementor-widget elementor-widget-heading\" data-id=\"3150d85\" data-element_type=\"widget\" data-e-type=\"widget\" data-widget_type=\"heading.default\">\n\t\t\t\t<div class=\"elementor-widget-container\">\n\t\t\t\t\t<h2 class=\"elementor-heading-title elementor-size-default\">Le climat sur la Costa Dorada est une merveille\n<\/h2>\t\t\t\t<\/div>\n\t\t\t\t<\/div>\n\t\t\t\t<div class=\"elementor-element elementor-element-88b636f elementor-widget elementor-widget-text-editor\" data-id=\"88b636f\" data-element_type=\"widget\" data-e-type=\"widget\" data-widget_type=\"text-editor.default\">\n\t\t\t\t<div class=\"elementor-widget-container\">\n\t\t\t\t\t\t\t\t\t<p><span style=\"font-weight: 400;\">Comme vous pouvez le constater, le <\/span><b>climat sur la Costa Dorada<\/b><span style=\"font-weight: 400;\"> ainsi que ses villages superbes et h\u00e9t\u00e9roclites vous offrent la meilleure combinaison pour vous relaxer sur la c\u00f4te, fl\u00e2ner au soleil et profiter de vos jours de repos au bord de l\u2019eau. Sans aucun doute l\u2019environnement parfait pour vivre une exp\u00e9rience des plus satisfaisantes. <\/span><a href=\"https:\/\/www.parque-montroig.com\"><span style=\"font-weight: 400;\">N\u2019attendez plus et r\u00e9servez votre s\u00e9jour&nbsp;!<\/span><\/a><\/p>\t\t\t\t\t\t\t\t<\/div>\n\t\t\t\t<\/div>\n\t\t\t\t\t<\/div>\n\t\t<\/div>\n\t\t\t\t\t<\/div>\n\t\t<\/section>\n\t\t\t\t<section class=\"elementor-section elementor-top-section elementor-element elementor-element-34b101d8 elementor-section-boxed elementor-section-height-default elementor-section-height-default\" data-id=\"34b101d8\" data-element_type=\"section\" data-e-type=\"section\">\n\t\t\t\t\t\t<div class=\"elementor-container elementor-column-gap-default\">\n\t\t\t\t\t<div class=\"elementor-column elementor-col-33 elementor-top-column elementor-element elementor-element-44bbd29d\" data-id=\"44bbd29d\" data-element_type=\"column\" data-e-type=\"column\">\n\t\t\t<div class=\"elementor-widget-wrap elementor-element-populated\">\n\t\t\t\t\t\t<div class=\"elementor-element elementor-element-761d88c3 elementor-align-center elementor-widget elementor-widget-button\" data-id=\"761d88c3\" data-element_type=\"widget\" data-e-type=\"widget\" data-widget_type=\"button.default\">\n\t\t\t\t<div class=\"elementor-widget-container\">\n\t\t\t\t\t\t\t\t\t<div class=\"elementor-button-wrapper\">\n\t\t\t\t\t<a class=\"elementor-button elementor-button-link elementor-size-sm\" href=\"https:\/\/www.parque-montroig.com\/fr\/location\/location-appartements-c1\/\">\n\t\t\t\t\t\t<span class=\"elementor-button-content-wrapper\">\n\t\t\t\t\t\t\t\t\t<span class=\"elementor-button-text\">Appartement Costa Dorada<\/span>\n\t\t\t\t\t<\/span>\n\t\t\t\t\t<\/a>\n\t\t\t\t<\/div>\n\t\t\t\t\t\t\t\t<\/div>\n\t\t\t\t<\/div>\n\t\t\t\t\t<\/div>\n\t\t<\/div>\n\t\t\t\t<div class=\"elementor-column elementor-col-33 elementor-top-column elementor-element elementor-element-74257440\" data-id=\"74257440\" data-element_type=\"column\" data-e-type=\"column\">\n\t\t\t<div class=\"elementor-widget-wrap elementor-element-populated\">\n\t\t\t\t\t\t<div class=\"elementor-element elementor-element-31d4041d elementor-align-center elementor-widget elementor-widget-button\" data-id=\"31d4041d\" data-element_type=\"widget\" data-e-type=\"widget\" data-widget_type=\"button.default\">\n\t\t\t\t<div class=\"elementor-widget-container\">\n\t\t\t\t\t\t\t\t\t<div class=\"elementor-button-wrapper\">\n\t\t\t\t\t<a class=\"elementor-button elementor-button-link elementor-size-sm\" href=\"https:\/\/www.parque-montroig.com\/fr\/location\/location-maisons-c19\/\">\n\t\t\t\t\t\t<span class=\"elementor-button-content-wrapper\">\n\t\t\t\t\t\t\t\t\t<span class=\"elementor-button-text\">Maison Costa Dorada<\/span>\n\t\t\t\t\t<\/span>\n\t\t\t\t\t<\/a>\n\t\t\t\t<\/div>\n\t\t\t\t\t\t\t\t<\/div>\n\t\t\t\t<\/div>\n\t\t\t\t\t<\/div>\n\t\t<\/div>\n\t\t\t\t<div class=\"elementor-column elementor-col-33 elementor-top-column elementor-element elementor-element-7b428bba\" data-id=\"7b428bba\" data-element_type=\"column\" data-e-type=\"column\">\n\t\t\t<div class=\"elementor-widget-wrap elementor-element-populated\">\n\t\t\t\t\t\t<div class=\"elementor-element elementor-element-5cf451b elementor-align-center elementor-widget elementor-widget-button\" data-id=\"5cf451b\" data-element_type=\"widget\" data-e-type=\"widget\" data-widget_type=\"button.default\">\n\t\t\t\t<div class=\"elementor-widget-container\">\n\t\t\t\t\t\t\t\t\t<div class=\"elementor-button-wrapper\">\n\t\t\t\t\t<a class=\"elementor-button elementor-button-link elementor-size-sm\" href=\"https:\/\/www.parque-montroig.com\/fr\/location\/villas-tarragone-costa-dorada-c2z13\/\">\n\t\t\t\t\t\t<span class=\"elementor-button-content-wrapper\">\n\t\t\t\t\t\t\t\t\t<span class=\"elementor-button-text\">Villas Costa Dorada<\/span>\n\t\t\t\t\t<\/span>\n\t\t\t\t\t<\/a>\n\t\t\t\t<\/div>\n\t\t\t\t\t\t\t\t<\/div>\n\t\t\t\t<\/div>\n\t\t\t\t\t<\/div>\n\t\t<\/div>\n\t\t\t\t\t<\/div>\n\t\t<\/section>\n\t\t\t\t<\/div>\n\t\t","protected":false},"excerpt":{"rendered":"<p>Le climat de la Costa Dorada est-il bon toute l&rsquo;ann\u00e9e ? Le climat sur la Costa Dorada est tr\u00e8s paisible&#8230;<\/p>\n","protected":false},"author":3,"featured_media":2770,"comment_status":"open","ping_status":"closed","sticky":false,"template":"","format":"standard","meta":{"footnotes":""},"categories":[27,26],"tags":[],"class_list":["post-2876","post","type-post","status-publish","format-standard","has-post-thumbnail","hentry","category-la-costa-dorada-en","category-la-costa-dorada-fr"],"_links":{"self":[{"href":"https:\/\/www.parque-montroig.com\/blog\/fr\/wp-json\/wp\/v2\/posts\/2876","targetHints":{"allow":["GET"]}}],"collection":[{"href":"https:\/\/www.parque-montroig.com\/blog\/fr\/wp-json\/wp\/v2\/posts"}],"about":[{"href":"https:\/\/www.parque-montroig.com\/blog\/fr\/wp-json\/wp\/v2\/types\/post"}],"author":[{"embeddable":true,"href":"https:\/\/www.parque-montroig.com\/blog\/fr\/wp-json\/wp\/v2\/users\/3"}],"replies":[{"embeddable":true,"href":"https:\/\/www.parque-montroig.com\/blog\/fr\/wp-json\/wp\/v2\/comments?post=2876"}],"version-history":[{"count":4,"href":"https:\/\/www.parque-montroig.com\/blog\/fr\/wp-json\/wp\/v2\/posts\/2876\/revisions"}],"predecessor-version":[{"id":2880,"href":"https:\/\/www.parque-montroig.com\/blog\/fr\/wp-json\/wp\/v2\/posts\/2876\/revisions\/2880"}],"wp:featuredmedia":[{"embeddable":true,"href":"https:\/\/www.parque-montroig.com\/blog\/fr\/wp-json\/wp\/v2\/media\/2770"}],"wp:attachment":[{"href":"https:\/\/www.parque-montroig.com\/blog\/fr\/wp-json\/wp\/v2\/media?parent=2876"}],"wp:term":[{"taxonomy":"category","embeddable":true,"href":"https:\/\/www.parque-montroig.com\/blog\/fr\/wp-json\/wp\/v2\/categories?post=2876"},{"taxonomy":"post_tag","embeddable":true,"href":"https:\/\/www.parque-montroig.com\/blog\/fr\/wp-json\/wp\/v2\/tags?post=2876"}],"curies":[{"name":"wp","href":"https:\/\/api.w.org\/{rel}","templated":true}]}}