{"id":4221,"date":"2024-01-30T10:53:24","date_gmt":"2024-01-30T09:53:24","guid":{"rendered":"https:\/\/www.parque-montroig.com\/blog\/?p=4221"},"modified":"2024-01-30T15:52:12","modified_gmt":"2024-01-30T14:52:12","slug":"trouvez-votre-appartement-estivaux-ideal-sur-la-costa-dorada","status":"publish","type":"post","link":"https:\/\/www.parque-montroig.com\/blog\/fr\/trouvez-votre-appartement-estivaux-ideal-sur-la-costa-dorada\/","title":{"rendered":"Trouvez votre appartement estivaux id\u00e9al sur la Costa Dorada"},"content":{"rendered":"\t\t<div data-elementor-type=\"wp-post\" data-elementor-id=\"4221\" class=\"elementor elementor-4221 elementor-4178\" data-elementor-post-type=\"post\">\n\t\t\t\t\t\t<section class=\"elementor-section elementor-top-section elementor-element elementor-element-3f3f99af elementor-section-boxed elementor-section-height-default elementor-section-height-default\" data-id=\"3f3f99af\" data-element_type=\"section\" data-e-type=\"section\">\n\t\t\t\t\t\t<div class=\"elementor-container elementor-column-gap-default\">\n\t\t\t\t\t<div class=\"elementor-column elementor-col-100 elementor-top-column elementor-element elementor-element-e002eec\" data-id=\"e002eec\" data-element_type=\"column\" data-e-type=\"column\">\n\t\t\t<div class=\"elementor-widget-wrap elementor-element-populated\">\n\t\t\t\t\t\t<div class=\"elementor-element elementor-element-1194b095 elementor-widget elementor-widget-text-editor\" data-id=\"1194b095\" data-element_type=\"widget\" data-e-type=\"widget\" data-widget_type=\"text-editor.default\">\n\t\t\t\t<div class=\"elementor-widget-container\">\n\t\t\t\t\t\t\t\t\t<p>Bienvenue sur les rivages ensoleill\u00e9s de la c\u00e9l\u00e8bre Costa Dorada, en Espagne, o\u00f9 les appartements estivaux offrent un m\u00e9lange in\u00e9gal\u00e9 <strong>de luxe, de confort et de beaut\u00e9<\/strong>. Nich\u00e9e au c\u0153ur de ce paradis m\u00e9diterran\u00e9en, la r\u00e9servation d&rsquo;un appartement estivaux Costa Dorada est plus qu&rsquo;un simple lieu de s\u00e9jour ; c&rsquo;est le <strong>point de d\u00e9part d&rsquo;une exp\u00e9rience de vacances m\u00e9morable<\/strong>.<\/p><p>Que vous soyez \u00e0 la recherche d&rsquo;une retraite paisible ou d&rsquo;une escapade aventureuse sur la c\u00f4te, ces appartements exquis constituent le point de d\u00e9part id\u00e9al pour explorer la culture vibrante, les paysages \u00e9poustouflants et les <strong>plages immacul\u00e9es de la Costa Dorada<\/strong>.<\/p><p>Rejoignez-nous pour d\u00e9couvrir l&rsquo;\u00e9l\u00e9gance, les \u00e9quipements et le charme unique des appartements estivaux, votre <strong>destination id\u00e9ale pour une escapade espagnole inoubliable<\/strong>.<\/p>\t\t\t\t\t\t\t\t<\/div>\n\t\t\t\t<\/div>\n\t\t\t\t\t<\/div>\n\t\t<\/div>\n\t\t\t\t\t<\/div>\n\t\t<\/section>\n\t\t\t\t<section class=\"elementor-section elementor-top-section elementor-element elementor-element-31b2894b elementor-section-boxed elementor-section-height-default elementor-section-height-default\" data-id=\"31b2894b\" data-element_type=\"section\" data-e-type=\"section\">\n\t\t\t\t\t\t<div class=\"elementor-container elementor-column-gap-default\">\n\t\t\t\t\t<div class=\"elementor-column elementor-col-100 elementor-top-column elementor-element elementor-element-6780cd8e\" data-id=\"6780cd8e\" data-element_type=\"column\" data-e-type=\"column\">\n\t\t\t<div class=\"elementor-widget-wrap elementor-element-populated\">\n\t\t\t\t\t\t<div class=\"elementor-element elementor-element-2a5fe7fe elementor-widget__width-initial elementor-widget elementor-widget-heading\" data-id=\"2a5fe7fe\" data-element_type=\"widget\" data-e-type=\"widget\" data-widget_type=\"heading.default\">\n\t\t\t\t<div class=\"elementor-widget-container\">\n\t\t\t\t\t<h2 class=\"elementor-heading-title elementor-size-small\"><span><p dir=\"ltr\" style=\"line-height:1.38;margin-top:0pt;margin-bottom:0pt\"><span style=\"font-size: 35px;background-color: transparent;font-family: Raleway, sans-serif\">D\u00e9couvrez les appartements estivaux : Votre porte d'entr\u00e9e vers le charme de la Costa Dorada\n<\/span><span style=\"font-size: 35px;background-color: transparent;font-family: Raleway, sans-serif\"><\/span><\/p><\/span><\/h2>\t\t\t\t<\/div>\n\t\t\t\t<\/div>\n\t\t\t\t<div class=\"elementor-element elementor-element-193086b2 elementor-widget elementor-widget-image\" data-id=\"193086b2\" data-element_type=\"widget\" data-e-type=\"widget\" data-widget_type=\"image.default\">\n\t\t\t\t<div class=\"elementor-widget-container\">\n\t\t\t\t\t\t\t\t\t\t\t\t\t\t\t<img fetchpriority=\"high\" decoding=\"async\" width=\"1920\" height=\"650\" src=\"https:\/\/www.parque-montroig.com\/blog\/wp-content\/uploads\/2023\/11\/Vacaciones-en-la-Costa-dorada-1.jpg\" class=\"attachment-full size-full wp-image-3824\" alt=\"\" srcset=\"https:\/\/www.parque-montroig.com\/blog\/wp-content\/uploads\/2023\/11\/Vacaciones-en-la-Costa-dorada-1.jpg 1920w, https:\/\/www.parque-montroig.com\/blog\/wp-content\/uploads\/2023\/11\/Vacaciones-en-la-Costa-dorada-1-768x260.jpg 768w, https:\/\/www.parque-montroig.com\/blog\/wp-content\/uploads\/2023\/11\/Vacaciones-en-la-Costa-dorada-1-1536x520.jpg 1536w\" sizes=\"(max-width: 1920px) 100vw, 1920px\" \/>\t\t\t\t\t\t\t\t\t\t\t\t\t\t\t<\/div>\n\t\t\t\t<\/div>\n\t\t\t\t<div class=\"elementor-element elementor-element-155f12f7 elementor-widget elementor-widget-text-editor\" data-id=\"155f12f7\" data-element_type=\"widget\" data-e-type=\"widget\" data-widget_type=\"text-editor.default\">\n\t\t\t\t<div class=\"elementor-widget-container\">\n\t\t\t\t\t\t\t\t\t<p>Profitez de la vibrante saison estivale \u00e0 la Costa Dorada, o\u00f9 la chaleur du soleil et la beaut\u00e9 du littoral m\u00e9diterran\u00e9en s&rsquo;unissent pour cr\u00e9er<strong> une exp\u00e9rience inoubliable<\/strong>.<\/p><p>\u00c0 cette \u00e9poque de l&rsquo;ann\u00e9e, la Costa Dorada se transforme en un paradis de plages dor\u00e9es, de festivals anim\u00e9s et d&rsquo;aventures en plein air.<\/p><p>La saison estivale est l&rsquo;occasion id\u00e9ale de s&rsquo;immerger dans la culture locale, de savourer la cuisine de saison et d&rsquo;explorer les merveilles naturelles de la r\u00e9gion. Que vous recherchiez une retraite paisible \u00e0 la plage ou des vacances pleines d&rsquo;action, la Costa Dorada <strong>pendant les mois d&rsquo;\u00e9t\u00e9 offre quelque chose pour tout le monde<\/strong>.<\/p><p>Laissez le charme de la Costa Dorada \u00eatre la toile de fond de vos plus beaux souvenirs cet \u00e9t\u00e9.<\/p>\t\t\t\t\t\t\t\t<\/div>\n\t\t\t\t<\/div>\n\t\t\t\t<div class=\"elementor-element elementor-element-42c2f7b6 elementor-widget elementor-widget-heading\" data-id=\"42c2f7b6\" data-element_type=\"widget\" data-e-type=\"widget\" data-widget_type=\"heading.default\">\n\t\t\t\t<div class=\"elementor-widget-container\">\n\t\t\t\t\t<h2 class=\"elementor-heading-title elementor-size-default\">Profitez du charme ensoleill\u00e9 de la Costa Dorada : Des s\u00e9jours d'\u00e9t\u00e9 confortables et abordables\n<\/h2>\t\t\t\t<\/div>\n\t\t\t\t<\/div>\n\t\t\t\t<div class=\"elementor-element elementor-element-11770aef elementor-widget__width-inherit elementor-widget elementor-widget-text-editor\" data-id=\"11770aef\" data-element_type=\"widget\" data-e-type=\"widget\" data-widget_type=\"text-editor.default\">\n\t\t\t\t<div class=\"elementor-widget-container\">\n\t\t\t\t\t\t\t\t\t<p>D\u00e9couvrez la joie de la saison estivale \u00e0 Costa Dorada, o\u00f9 nos appartements offrent une retraite id\u00e9ale pour ceux qui recherchent une<strong> escapade estivale abordable et confortable<\/strong>.<\/p><p>La p\u00e9riode estivale \u00e0 Costa Dorada est synonyme de <strong>journ\u00e9es ensoleill\u00e9es et d&rsquo;un style de vie m\u00e9diterran\u00e9en d\u00e9contract\u00e9<\/strong>. Ces appartements sont parfaitement situ\u00e9s pour vous permettre de vous impr\u00e9gner de l&rsquo;atmosph\u00e8re vibrante de la C\u00f4te d&rsquo;Or pendant cette p\u00e9riode anim\u00e9e de l&rsquo;ann\u00e9e.<\/p><p>Qu&rsquo;il s&rsquo;agisse de se pr\u00e9lasser sur les belles plages, d&rsquo;explorer la culture locale ou simplement d&rsquo;appr\u00e9cier le rythme de vie d\u00e9contract\u00e9, nos appartements estivaux de la Costa Dorada constituent le <strong>point de d\u00e9part id\u00e9al pour des vacances d\u00e9licieuses et rentables<\/strong>.<\/p>\t\t\t\t\t\t\t\t<\/div>\n\t\t\t\t<\/div>\n\t\t\t\t<div class=\"elementor-element elementor-element-267e6b69 elementor-widget elementor-widget-heading\" data-id=\"267e6b69\" data-element_type=\"widget\" data-e-type=\"widget\" data-widget_type=\"heading.default\">\n\t\t\t\t<div class=\"elementor-widget-container\">\n\t\t\t\t\t<h2 class=\"elementor-heading-title elementor-size-default\">D\u00e9couvrez nos appartements d'\u00e9t\u00e9 recommand\u00e9s \u00e0 Costa Dorada\n\n<\/h2>\t\t\t\t<\/div>\n\t\t\t\t<\/div>\n\t\t\t\t\t<\/div>\n\t\t<\/div>\n\t\t\t\t\t<\/div>\n\t\t<\/section>\n\t\t\t\t<section class=\"elementor-section elementor-top-section elementor-element elementor-element-28014dc8 elementor-section-boxed elementor-section-height-default elementor-section-height-default\" data-id=\"28014dc8\" data-element_type=\"section\" data-e-type=\"section\">\n\t\t\t\t\t\t<div class=\"elementor-container elementor-column-gap-default\">\n\t\t\t\t\t<div class=\"elementor-column elementor-col-100 elementor-top-column elementor-element elementor-element-79a3b06a\" data-id=\"79a3b06a\" data-element_type=\"column\" data-e-type=\"column\">\n\t\t\t<div class=\"elementor-widget-wrap elementor-element-populated\">\n\t\t\t\t\t\t<div class=\"elementor-element elementor-element-225646a0 elementor-widget elementor-widget-text-editor\" data-id=\"225646a0\" data-element_type=\"widget\" data-e-type=\"widget\" data-widget_type=\"text-editor.default\">\n\t\t\t\t<div class=\"elementor-widget-container\">\n\t\t\t\t\t\t\t\t\t<p>Avec l&rsquo;arriv\u00e9e de la saison estivale, le choix d&rsquo;un bon logement est crucial pour des vacances parfaites sur la Costa Dorada. Nous avons soigneusement s\u00e9lectionn\u00e9 une gamme d&rsquo;appartements d&rsquo;\u00e9t\u00e9 qui allient confort, commodit\u00e9 et prix abordable, <strong>afin que votre s\u00e9jour soit le plus agr\u00e9able possible<\/strong>.<\/p><p>Ces appartements sont id\u00e9alement situ\u00e9s pour vous permettre d&rsquo;<strong>acc\u00e9der facilement \u00e0 ce que la Costa Dorada a de mieux \u00e0 offrir<\/strong>.<\/p><p>Que vous voyagiez en famille, en couple ou en solo, nos appartements estivaux recommand\u00e9s r\u00e9pondent \u00e0 tous les besoins et pr\u00e9f\u00e9rences, <strong>rendant votre exp\u00e9rience de la Costa Dorada \u00e0 la fois m\u00e9morable et confortable.<\/strong><\/p>\t\t\t\t\t\t\t\t<\/div>\n\t\t\t\t<\/div>\n\t\t\t\t\t<\/div>\n\t\t<\/div>\n\t\t\t\t\t<\/div>\n\t\t<\/section>\n\t\t\t\t<section class=\"elementor-section elementor-top-section elementor-element elementor-element-3db9c568 elementor-section-boxed elementor-section-height-default elementor-section-height-default\" data-id=\"3db9c568\" data-element_type=\"section\" data-e-type=\"section\">\n\t\t\t\t\t\t\t<div class=\"elementor-background-overlay\"><\/div>\n\t\t\t\t\t\t\t<div class=\"elementor-container elementor-column-gap-default\">\n\t\t\t\t\t<div class=\"elementor-column elementor-col-50 elementor-top-column elementor-element elementor-element-5ea1aa39\" data-id=\"5ea1aa39\" data-element_type=\"column\" data-e-type=\"column\">\n\t\t\t<div class=\"elementor-widget-wrap elementor-element-populated\">\n\t\t\t\t\t\t<div class=\"elementor-element elementor-element-7a395b10 elementor-widget elementor-widget-image\" data-id=\"7a395b10\" data-element_type=\"widget\" data-e-type=\"widget\" data-widget_type=\"image.default\">\n\t\t\t\t<div class=\"elementor-widget-container\">\n\t\t\t\t\t\t\t\t\t\t\t\t\t\t\t\t<a href=\"https:\/\/www.parque-montroig.com\/fr\/location\/appartement-miami-playa-apartamento-las-calas-147661.html\">\n\t\t\t\t\t\t\t<img decoding=\"async\" width=\"2560\" height=\"1707\" src=\"https:\/\/www.parque-montroig.com\/blog\/wp-content\/uploads\/2024\/01\/apartment-las-calas-costa-dorada.jpg\" class=\"attachment-full size-full wp-image-4185\" alt=\"apartment las calas costa dorada\" srcset=\"https:\/\/www.parque-montroig.com\/blog\/wp-content\/uploads\/2024\/01\/apartment-las-calas-costa-dorada.jpg 2560w, https:\/\/www.parque-montroig.com\/blog\/wp-content\/uploads\/2024\/01\/apartment-las-calas-costa-dorada-768x512.jpg 768w, https:\/\/www.parque-montroig.com\/blog\/wp-content\/uploads\/2024\/01\/apartment-las-calas-costa-dorada-1536x1024.jpg 1536w, https:\/\/www.parque-montroig.com\/blog\/wp-content\/uploads\/2024\/01\/apartment-las-calas-costa-dorada-2048x1366.jpg 2048w\" sizes=\"(max-width: 2560px) 100vw, 2560px\" \/>\t\t\t\t\t\t\t\t<\/a>\n\t\t\t\t\t\t\t\t\t\t\t\t\t\t\t<\/div>\n\t\t\t\t<\/div>\n\t\t\t\t\t<\/div>\n\t\t<\/div>\n\t\t\t\t<div class=\"elementor-column elementor-col-50 elementor-top-column elementor-element elementor-element-4f270bae\" data-id=\"4f270bae\" data-element_type=\"column\" data-e-type=\"column\">\n\t\t\t<div class=\"elementor-widget-wrap elementor-element-populated\">\n\t\t\t\t\t\t<div class=\"elementor-element elementor-element-2fd120fa elementor-widget elementor-widget-heading\" data-id=\"2fd120fa\" data-element_type=\"widget\" data-e-type=\"widget\" data-widget_type=\"heading.default\">\n\t\t\t\t<div class=\"elementor-widget-container\">\n\t\t\t\t\t<h3 class=\"elementor-heading-title elementor-size-default\">Appartement las Calas\n<\/h3>\t\t\t\t<\/div>\n\t\t\t\t<\/div>\n\t\t\t\t<div class=\"elementor-element elementor-element-51f87ad7 elementor-widget__width-initial elementor-widget elementor-widget-text-editor\" data-id=\"51f87ad7\" data-element_type=\"widget\" data-e-type=\"widget\" data-widget_type=\"text-editor.default\">\n\t\t\t\t<div class=\"elementor-widget-container\">\n\t\t\t\t\t\t\t\t\t<p>Bel appartement \u00e0 Miami Playa avec 2 chambres et une capacit\u00e9 de 6 personnes.<\/p><p>Situ\u00e9 sur le front de mer, avec un grand balcon donnant sur la mer, la piscine et le jardin.<\/p>\t\t\t\t\t\t\t\t<\/div>\n\t\t\t\t<\/div>\n\t\t\t\t<div class=\"elementor-element elementor-element-539490e5 elementor-align-center elementor-widget elementor-widget-button\" data-id=\"539490e5\" data-element_type=\"widget\" data-e-type=\"widget\" data-widget_type=\"button.default\">\n\t\t\t\t<div class=\"elementor-widget-container\">\n\t\t\t\t\t\t\t\t\t<div class=\"elementor-button-wrapper\">\n\t\t\t\t\t<a class=\"elementor-button elementor-button-link elementor-size-sm\" href=\"https:\/\/www.parque-montroig.com\/fr\/location\/appartement-miami-playa-apartamento-las-calas-147661.html\">\n\t\t\t\t\t\t<span class=\"elementor-button-content-wrapper\">\n\t\t\t\t\t\t\t\t\t<span class=\"elementor-button-text\">Voir l'appartement<\/span>\n\t\t\t\t\t<\/span>\n\t\t\t\t\t<\/a>\n\t\t\t\t<\/div>\n\t\t\t\t\t\t\t\t<\/div>\n\t\t\t\t<\/div>\n\t\t\t\t\t<\/div>\n\t\t<\/div>\n\t\t\t\t\t<\/div>\n\t\t<\/section>\n\t\t\t\t<section class=\"elementor-section elementor-top-section elementor-element elementor-element-316fc2a elementor-section-boxed elementor-section-height-default elementor-section-height-default\" data-id=\"316fc2a\" data-element_type=\"section\" data-e-type=\"section\">\n\t\t\t\t\t\t<div class=\"elementor-container elementor-column-gap-default\">\n\t\t\t\t\t<div class=\"elementor-column elementor-col-100 elementor-top-column elementor-element elementor-element-6a63c192\" data-id=\"6a63c192\" data-element_type=\"column\" data-e-type=\"column\">\n\t\t\t<div class=\"elementor-widget-wrap elementor-element-populated\">\n\t\t\t\t\t\t<div class=\"elementor-element elementor-element-5bb71837 elementor-widget-divider--view-line elementor-widget elementor-widget-divider\" data-id=\"5bb71837\" data-element_type=\"widget\" data-e-type=\"widget\" data-widget_type=\"divider.default\">\n\t\t\t\t<div class=\"elementor-widget-container\">\n\t\t\t\t\t\t\t<div class=\"elementor-divider\">\n\t\t\t<span class=\"elementor-divider-separator\">\n\t\t\t\t\t\t<\/span>\n\t\t<\/div>\n\t\t\t\t\t\t<\/div>\n\t\t\t\t<\/div>\n\t\t\t\t\t<\/div>\n\t\t<\/div>\n\t\t\t\t\t<\/div>\n\t\t<\/section>\n\t\t\t\t<section class=\"elementor-section elementor-top-section elementor-element elementor-element-75ad96dc elementor-section-boxed elementor-section-height-default elementor-section-height-default\" data-id=\"75ad96dc\" data-element_type=\"section\" data-e-type=\"section\">\n\t\t\t\t\t\t\t<div class=\"elementor-background-overlay\"><\/div>\n\t\t\t\t\t\t\t<div class=\"elementor-container elementor-column-gap-default\">\n\t\t\t\t\t<div class=\"elementor-column elementor-col-50 elementor-top-column elementor-element elementor-element-31af58f1\" data-id=\"31af58f1\" data-element_type=\"column\" data-e-type=\"column\">\n\t\t\t<div class=\"elementor-widget-wrap elementor-element-populated\">\n\t\t\t\t\t\t<div class=\"elementor-element elementor-element-86d1531 elementor-widget elementor-widget-image\" data-id=\"86d1531\" data-element_type=\"widget\" data-e-type=\"widget\" data-widget_type=\"image.default\">\n\t\t\t\t<div class=\"elementor-widget-container\">\n\t\t\t\t\t\t\t\t\t\t\t\t\t\t\t\t<a href=\"https:\/\/www.parque-montroig.com\/fr\/location\/appartement-miami-playa-apartamento-gavines-miami-playa-381925.html\">\n\t\t\t\t\t\t\t<img decoding=\"async\" width=\"2560\" height=\"1707\" src=\"https:\/\/www.parque-montroig.com\/blog\/wp-content\/uploads\/2024\/01\/apartment-gavines-costa-dorada.jpg\" class=\"attachment-full size-full wp-image-4189\" alt=\"apartment gavines costa dorada\" srcset=\"https:\/\/www.parque-montroig.com\/blog\/wp-content\/uploads\/2024\/01\/apartment-gavines-costa-dorada.jpg 2560w, https:\/\/www.parque-montroig.com\/blog\/wp-content\/uploads\/2024\/01\/apartment-gavines-costa-dorada-768x512.jpg 768w, https:\/\/www.parque-montroig.com\/blog\/wp-content\/uploads\/2024\/01\/apartment-gavines-costa-dorada-1536x1024.jpg 1536w, https:\/\/www.parque-montroig.com\/blog\/wp-content\/uploads\/2024\/01\/apartment-gavines-costa-dorada-2048x1366.jpg 2048w\" sizes=\"(max-width: 2560px) 100vw, 2560px\" \/>\t\t\t\t\t\t\t\t<\/a>\n\t\t\t\t\t\t\t\t\t\t\t\t\t\t\t<\/div>\n\t\t\t\t<\/div>\n\t\t\t\t\t<\/div>\n\t\t<\/div>\n\t\t\t\t<div class=\"elementor-column elementor-col-50 elementor-top-column elementor-element elementor-element-1d41649b\" data-id=\"1d41649b\" data-element_type=\"column\" data-e-type=\"column\">\n\t\t\t<div class=\"elementor-widget-wrap elementor-element-populated\">\n\t\t\t\t\t\t<div class=\"elementor-element elementor-element-eb96e53 elementor-widget elementor-widget-heading\" data-id=\"eb96e53\" data-element_type=\"widget\" data-e-type=\"widget\" data-widget_type=\"heading.default\">\n\t\t\t\t<div class=\"elementor-widget-container\">\n\t\t\t\t\t<h3 class=\"elementor-heading-title elementor-size-default\">Apartment Gavines \n<\/h3>\t\t\t\t<\/div>\n\t\t\t\t<\/div>\n\t\t\t\t<div class=\"elementor-element elementor-element-65a33150 elementor-widget__width-initial elementor-widget elementor-widget-text-editor\" data-id=\"65a33150\" data-element_type=\"widget\" data-e-type=\"widget\" data-widget_type=\"text-editor.default\">\n\t\t\t\t<div class=\"elementor-widget-container\">\n\t\t\t\t\t\t\t\t\t<p>L&rsquo;appartement de location de vacances \u00e0 Miami Playa dispose de 2 chambres \u00e0 coucher et peut accueillir 5 personnes.<\/p><p>Cet appartement moderne et confortable dispose d&rsquo;une piscine commune et d&rsquo;une piscine pour enfants et se trouve juste \u00e0 c\u00f4t\u00e9 de la plage.<\/p>\t\t\t\t\t\t\t\t<\/div>\n\t\t\t\t<\/div>\n\t\t\t\t<div class=\"elementor-element elementor-element-18be6aa5 elementor-align-center elementor-widget elementor-widget-button\" data-id=\"18be6aa5\" data-element_type=\"widget\" data-e-type=\"widget\" data-widget_type=\"button.default\">\n\t\t\t\t<div class=\"elementor-widget-container\">\n\t\t\t\t\t\t\t\t\t<div class=\"elementor-button-wrapper\">\n\t\t\t\t\t<a class=\"elementor-button elementor-button-link elementor-size-sm\" href=\"https:\/\/www.parque-montroig.com\/fr\/location\/appartement-miami-playa-apartamento-gavines-miami-playa-381925.html\">\n\t\t\t\t\t\t<span class=\"elementor-button-content-wrapper\">\n\t\t\t\t\t\t\t\t\t<span class=\"elementor-button-text\">Voir l'appartement<\/span>\n\t\t\t\t\t<\/span>\n\t\t\t\t\t<\/a>\n\t\t\t\t<\/div>\n\t\t\t\t\t\t\t\t<\/div>\n\t\t\t\t<\/div>\n\t\t\t\t\t<\/div>\n\t\t<\/div>\n\t\t\t\t\t<\/div>\n\t\t<\/section>\n\t\t\t\t<section class=\"elementor-section elementor-top-section elementor-element elementor-element-3b7e9f5 elementor-section-boxed elementor-section-height-default elementor-section-height-default\" data-id=\"3b7e9f5\" data-element_type=\"section\" data-e-type=\"section\">\n\t\t\t\t\t\t<div class=\"elementor-container elementor-column-gap-default\">\n\t\t\t\t\t<div class=\"elementor-column elementor-col-100 elementor-top-column elementor-element elementor-element-699d772a\" data-id=\"699d772a\" data-element_type=\"column\" data-e-type=\"column\">\n\t\t\t<div class=\"elementor-widget-wrap elementor-element-populated\">\n\t\t\t\t\t\t<div class=\"elementor-element elementor-element-41d22ffd elementor-widget-divider--view-line elementor-widget elementor-widget-divider\" data-id=\"41d22ffd\" data-element_type=\"widget\" data-e-type=\"widget\" data-widget_type=\"divider.default\">\n\t\t\t\t<div class=\"elementor-widget-container\">\n\t\t\t\t\t\t\t<div class=\"elementor-divider\">\n\t\t\t<span class=\"elementor-divider-separator\">\n\t\t\t\t\t\t<\/span>\n\t\t<\/div>\n\t\t\t\t\t\t<\/div>\n\t\t\t\t<\/div>\n\t\t\t\t\t<\/div>\n\t\t<\/div>\n\t\t\t\t\t<\/div>\n\t\t<\/section>\n\t\t\t\t<section class=\"elementor-section elementor-top-section elementor-element elementor-element-2315f6e7 elementor-section-boxed elementor-section-height-default elementor-section-height-default\" data-id=\"2315f6e7\" data-element_type=\"section\" data-e-type=\"section\">\n\t\t\t\t\t\t\t<div class=\"elementor-background-overlay\"><\/div>\n\t\t\t\t\t\t\t<div class=\"elementor-container elementor-column-gap-default\">\n\t\t\t\t\t<div class=\"elementor-column elementor-col-50 elementor-top-column elementor-element elementor-element-11b9bce1\" data-id=\"11b9bce1\" data-element_type=\"column\" data-e-type=\"column\">\n\t\t\t<div class=\"elementor-widget-wrap elementor-element-populated\">\n\t\t\t\t\t\t<div class=\"elementor-element elementor-element-7d3b92ea elementor-widget elementor-widget-image\" data-id=\"7d3b92ea\" data-element_type=\"widget\" data-e-type=\"widget\" data-widget_type=\"image.default\">\n\t\t\t\t<div class=\"elementor-widget-container\">\n\t\t\t\t\t\t\t\t\t\t\t\t\t\t\t\t<a href=\"https:\/\/www.parque-montroig.com\/fr\/location\/appartement-miami-playa-apartamento-mar-i-cel-14-408403.html\">\n\t\t\t\t\t\t\t<img loading=\"lazy\" decoding=\"async\" width=\"2560\" height=\"1707\" src=\"https:\/\/www.parque-montroig.com\/blog\/wp-content\/uploads\/2024\/01\/Apartment-mar-i-cel-costa-dorada.jpg\" class=\"attachment-full size-full wp-image-4193\" alt=\"Apartment mar i cel costa dorada\" srcset=\"https:\/\/www.parque-montroig.com\/blog\/wp-content\/uploads\/2024\/01\/Apartment-mar-i-cel-costa-dorada.jpg 2560w, https:\/\/www.parque-montroig.com\/blog\/wp-content\/uploads\/2024\/01\/Apartment-mar-i-cel-costa-dorada-768x512.jpg 768w, https:\/\/www.parque-montroig.com\/blog\/wp-content\/uploads\/2024\/01\/Apartment-mar-i-cel-costa-dorada-1536x1024.jpg 1536w, https:\/\/www.parque-montroig.com\/blog\/wp-content\/uploads\/2024\/01\/Apartment-mar-i-cel-costa-dorada-2048x1366.jpg 2048w\" sizes=\"(max-width: 2560px) 100vw, 2560px\" \/>\t\t\t\t\t\t\t\t<\/a>\n\t\t\t\t\t\t\t\t\t\t\t\t\t\t\t<\/div>\n\t\t\t\t<\/div>\n\t\t\t\t\t<\/div>\n\t\t<\/div>\n\t\t\t\t<div class=\"elementor-column elementor-col-50 elementor-top-column elementor-element elementor-element-6a4be80d\" data-id=\"6a4be80d\" data-element_type=\"column\" data-e-type=\"column\">\n\t\t\t<div class=\"elementor-widget-wrap elementor-element-populated\">\n\t\t\t\t\t\t<div class=\"elementor-element elementor-element-4925d2ab elementor-widget elementor-widget-heading\" data-id=\"4925d2ab\" data-element_type=\"widget\" data-e-type=\"widget\" data-widget_type=\"heading.default\">\n\t\t\t\t<div class=\"elementor-widget-container\">\n\t\t\t\t\t<h3 class=\"elementor-heading-title elementor-size-default\">Apartment Mar i Cel \n<\/h3>\t\t\t\t<\/div>\n\t\t\t\t<\/div>\n\t\t\t\t<div class=\"elementor-element elementor-element-25aea1cc elementor-widget__width-initial elementor-widget elementor-widget-text-editor\" data-id=\"25aea1cc\" data-element_type=\"widget\" data-e-type=\"widget\" data-widget_type=\"text-editor.default\">\n\t\t\t\t<div class=\"elementor-widget-container\">\n\t\t\t\t\t\t\t\t\t<p>L&rsquo;appartement \u00e0 Miami Playa a 2 chambres \u00e0 coucher et peut accueillir 5 personnes.<\/p><p>Il est situ\u00e9 dans un quartier familial, \u00e0 proximit\u00e9 de la mer.<\/p>\t\t\t\t\t\t\t\t<\/div>\n\t\t\t\t<\/div>\n\t\t\t\t<div class=\"elementor-element elementor-element-3e54236e elementor-align-center elementor-widget elementor-widget-button\" data-id=\"3e54236e\" data-element_type=\"widget\" data-e-type=\"widget\" data-widget_type=\"button.default\">\n\t\t\t\t<div class=\"elementor-widget-container\">\n\t\t\t\t\t\t\t\t\t<div class=\"elementor-button-wrapper\">\n\t\t\t\t\t<a class=\"elementor-button elementor-button-link elementor-size-sm\" href=\"https:\/\/www.parque-montroig.com\/fr\/location\/appartement-miami-playa-apartamento-mar-i-cel-14-408403.html\">\n\t\t\t\t\t\t<span class=\"elementor-button-content-wrapper\">\n\t\t\t\t\t\t\t\t\t<span class=\"elementor-button-text\">Voir l'appartement<\/span>\n\t\t\t\t\t<\/span>\n\t\t\t\t\t<\/a>\n\t\t\t\t<\/div>\n\t\t\t\t\t\t\t\t<\/div>\n\t\t\t\t<\/div>\n\t\t\t\t\t<\/div>\n\t\t<\/div>\n\t\t\t\t\t<\/div>\n\t\t<\/section>\n\t\t\t\t<section class=\"elementor-section elementor-top-section elementor-element elementor-element-1c9abbb5 elementor-section-boxed elementor-section-height-default elementor-section-height-default\" data-id=\"1c9abbb5\" data-element_type=\"section\" data-e-type=\"section\">\n\t\t\t\t\t\t<div class=\"elementor-container elementor-column-gap-default\">\n\t\t\t\t\t<div class=\"elementor-column elementor-col-100 elementor-top-column elementor-element elementor-element-116d1177\" data-id=\"116d1177\" data-element_type=\"column\" data-e-type=\"column\">\n\t\t\t<div class=\"elementor-widget-wrap elementor-element-populated\">\n\t\t\t\t\t\t<div class=\"elementor-element elementor-element-1ccb2b96 elementor-widget-divider--view-line elementor-widget elementor-widget-divider\" data-id=\"1ccb2b96\" data-element_type=\"widget\" data-e-type=\"widget\" data-widget_type=\"divider.default\">\n\t\t\t\t<div class=\"elementor-widget-container\">\n\t\t\t\t\t\t\t<div class=\"elementor-divider\">\n\t\t\t<span class=\"elementor-divider-separator\">\n\t\t\t\t\t\t<\/span>\n\t\t<\/div>\n\t\t\t\t\t\t<\/div>\n\t\t\t\t<\/div>\n\t\t\t\t\t<\/div>\n\t\t<\/div>\n\t\t\t\t\t<\/div>\n\t\t<\/section>\n\t\t\t\t<section class=\"elementor-section elementor-top-section elementor-element elementor-element-21db4fb7 elementor-section-boxed elementor-section-height-default elementor-section-height-default\" data-id=\"21db4fb7\" data-element_type=\"section\" data-e-type=\"section\">\n\t\t\t\t\t\t\t<div class=\"elementor-background-overlay\"><\/div>\n\t\t\t\t\t\t\t<div class=\"elementor-container elementor-column-gap-default\">\n\t\t\t\t\t<div class=\"elementor-column elementor-col-50 elementor-top-column elementor-element elementor-element-6580bd3c\" data-id=\"6580bd3c\" data-element_type=\"column\" data-e-type=\"column\">\n\t\t\t<div class=\"elementor-widget-wrap elementor-element-populated\">\n\t\t\t\t\t\t<div class=\"elementor-element elementor-element-471bafb0 elementor-widget elementor-widget-image\" data-id=\"471bafb0\" data-element_type=\"widget\" data-e-type=\"widget\" data-widget_type=\"image.default\">\n\t\t\t\t<div class=\"elementor-widget-container\">\n\t\t\t\t\t\t\t\t\t\t\t\t\t\t\t\t<a href=\"https:\/\/www.parque-montroig.com\/fr\/location\/appartement-cambrils-coral-360711.html\">\n\t\t\t\t\t\t\t<img loading=\"lazy\" decoding=\"async\" width=\"2048\" height=\"1365\" src=\"https:\/\/www.parque-montroig.com\/blog\/wp-content\/uploads\/2024\/01\/coral-apartment-costa-dorada.jpg\" class=\"attachment-full size-full wp-image-4197\" alt=\"coral apartment costa dorada\" srcset=\"https:\/\/www.parque-montroig.com\/blog\/wp-content\/uploads\/2024\/01\/coral-apartment-costa-dorada.jpg 2048w, https:\/\/www.parque-montroig.com\/blog\/wp-content\/uploads\/2024\/01\/coral-apartment-costa-dorada-768x512.jpg 768w, https:\/\/www.parque-montroig.com\/blog\/wp-content\/uploads\/2024\/01\/coral-apartment-costa-dorada-1536x1024.jpg 1536w\" sizes=\"(max-width: 2048px) 100vw, 2048px\" \/>\t\t\t\t\t\t\t\t<\/a>\n\t\t\t\t\t\t\t\t\t\t\t\t\t\t\t<\/div>\n\t\t\t\t<\/div>\n\t\t\t\t\t<\/div>\n\t\t<\/div>\n\t\t\t\t<div class=\"elementor-column elementor-col-50 elementor-top-column elementor-element elementor-element-25c87d2c\" data-id=\"25c87d2c\" data-element_type=\"column\" data-e-type=\"column\">\n\t\t\t<div class=\"elementor-widget-wrap elementor-element-populated\">\n\t\t\t\t\t\t<div class=\"elementor-element elementor-element-482fd986 elementor-widget elementor-widget-heading\" data-id=\"482fd986\" data-element_type=\"widget\" data-e-type=\"widget\" data-widget_type=\"heading.default\">\n\t\t\t\t<div class=\"elementor-widget-container\">\n\t\t\t\t\t<h3 class=\"elementor-heading-title elementor-size-default\">Coral<\/h3>\t\t\t\t<\/div>\n\t\t\t\t<\/div>\n\t\t\t\t<div class=\"elementor-element elementor-element-27ddbe5c elementor-widget__width-initial elementor-widget elementor-widget-text-editor\" data-id=\"27ddbe5c\" data-element_type=\"widget\" data-e-type=\"widget\" data-widget_type=\"text-editor.default\">\n\t\t\t\t<div class=\"elementor-widget-container\">\n\t\t\t\t\t\t\t\t\t<p>Fantastique appartement dans le centre de Cambrils avec de belles vues sur la mer.<\/p><p>L&rsquo;appartement Coral dispose de 3 chambres doubles avec lits doubles et d&rsquo;une salle de bain avec douche.<\/p>\t\t\t\t\t\t\t\t<\/div>\n\t\t\t\t<\/div>\n\t\t\t\t<div class=\"elementor-element elementor-element-626ee9ca elementor-align-center elementor-widget elementor-widget-button\" data-id=\"626ee9ca\" data-element_type=\"widget\" data-e-type=\"widget\" data-widget_type=\"button.default\">\n\t\t\t\t<div class=\"elementor-widget-container\">\n\t\t\t\t\t\t\t\t\t<div class=\"elementor-button-wrapper\">\n\t\t\t\t\t<a class=\"elementor-button elementor-button-link elementor-size-sm\" href=\"https:\/\/www.parque-montroig.com\/fr\/location\/appartement-cambrils-coral-360711.html\">\n\t\t\t\t\t\t<span class=\"elementor-button-content-wrapper\">\n\t\t\t\t\t\t\t\t\t<span class=\"elementor-button-text\">Voir l'appartement<\/span>\n\t\t\t\t\t<\/span>\n\t\t\t\t\t<\/a>\n\t\t\t\t<\/div>\n\t\t\t\t\t\t\t\t<\/div>\n\t\t\t\t<\/div>\n\t\t\t\t\t<\/div>\n\t\t<\/div>\n\t\t\t\t\t<\/div>\n\t\t<\/section>\n\t\t\t\t<section class=\"elementor-section elementor-top-section elementor-element elementor-element-5c8427cf elementor-section-boxed elementor-section-height-default elementor-section-height-default\" data-id=\"5c8427cf\" data-element_type=\"section\" data-e-type=\"section\">\n\t\t\t\t\t\t<div class=\"elementor-container elementor-column-gap-default\">\n\t\t\t\t\t<div class=\"elementor-column elementor-col-100 elementor-top-column elementor-element elementor-element-573151be\" data-id=\"573151be\" data-element_type=\"column\" data-e-type=\"column\">\n\t\t\t<div class=\"elementor-widget-wrap elementor-element-populated\">\n\t\t\t\t\t\t<div class=\"elementor-element elementor-element-1eda0b49 elementor-widget elementor-widget-heading\" data-id=\"1eda0b49\" data-element_type=\"widget\" data-e-type=\"widget\" data-widget_type=\"heading.default\">\n\t\t\t\t<div class=\"elementor-widget-container\">\n\t\t\t\t\t<h2 class=\"elementor-heading-title elementor-size-default\"><h2 data-elementor-setting-key=\"title\" data-pen-placeholder=\"Teclea aqu\u00ed...\"><font color=\"#393e47\"><span style=\"font-size: 35px;font-weight: 100\">R\u00e9servez votre prochain appartement d'\u00e9t\u00e9 sur la Costa Dorada avec Parc Montroig \n\n<\/span><\/font><span style=\"color: var( --e-global-color-primary );font-family: var( --e-global-typography-primary-font-family ), Sans-serif;font-size: 14px;font-weight: var( --e-global-typography-primary-font-weight )\"><\/span><font color=\"#393e47\"><span style=\"font-size: 35px;font-weight: 100\"><br><\/span><\/font><\/h2><\/h2>\t\t\t\t<\/div>\n\t\t\t\t<\/div>\n\t\t\t\t\t<\/div>\n\t\t<\/div>\n\t\t\t\t\t<\/div>\n\t\t<\/section>\n\t\t\t\t<section class=\"elementor-section elementor-top-section elementor-element elementor-element-3944c740 elementor-section-boxed elementor-section-height-default elementor-section-height-default\" data-id=\"3944c740\" data-element_type=\"section\" data-e-type=\"section\">\n\t\t\t\t\t\t<div class=\"elementor-container elementor-column-gap-default\">\n\t\t\t\t\t<div class=\"elementor-column elementor-col-100 elementor-top-column elementor-element elementor-element-5df915db\" data-id=\"5df915db\" data-element_type=\"column\" data-e-type=\"column\">\n\t\t\t<div class=\"elementor-widget-wrap elementor-element-populated\">\n\t\t\t\t\t\t<div class=\"elementor-element elementor-element-bfbb024 elementor-widget elementor-widget-text-editor\" data-id=\"bfbb024\" data-element_type=\"widget\" data-e-type=\"widget\" data-widget_type=\"text-editor.default\">\n\t\t\t\t<div class=\"elementor-widget-container\">\n\t\t\t\t\t\t\t\t\t<p>Planifier votre escapade estivale sur la Costa Dorada n&rsquo;a jamais \u00e9t\u00e9 aussi facile. Avec Parc Montroig, vous pouvez trouver et r\u00e9server l&rsquo;appartement estival id\u00e9al, <strong>adapt\u00e9 \u00e0 vos pr\u00e9f\u00e9rences et \u00e0 votre budget<\/strong>.<\/p><p>Notre s\u00e9lection d&rsquo;appartements vous assure que vous ne r\u00e9servez pas seulement un lieu de s\u00e9jour, <strong>mais une exp\u00e9rience \u00e0 ch\u00e9rir<\/strong>.<\/p><p>Des options familiales aux retraites douillettes pour les couples, le Parc Montroig offre une gamme vari\u00e9e d&rsquo;h\u00e9bergements pour r\u00e9pondre \u00e0 vos <strong>besoins en mati\u00e8re de vacances d&rsquo;\u00e9t\u00e9<\/strong>.<\/p><p>R\u00e9servez d\u00e8s maintenant et pr\u00e9parez-vous \u00e0 vous immerger dans la beaut\u00e9 et les loisirs de la Costa Dorada, en sachant que <strong>l&rsquo;appartement d&rsquo;\u00e9t\u00e9 id\u00e9al vous attend au Parc Montroig<\/strong>.<\/p>\t\t\t\t\t\t\t\t<\/div>\n\t\t\t\t<\/div>\n\t\t\t\t\t<\/div>\n\t\t<\/div>\n\t\t\t\t\t<\/div>\n\t\t<\/section>\n\t\t\t\t<section class=\"elementor-section elementor-top-section elementor-element elementor-element-23e0a001 elementor-section-boxed elementor-section-height-default elementor-section-height-default\" data-id=\"23e0a001\" data-element_type=\"section\" data-e-type=\"section\">\n\t\t\t\t\t\t<div class=\"elementor-container elementor-column-gap-default\">\n\t\t\t\t\t<div class=\"elementor-column elementor-col-33 elementor-top-column elementor-element elementor-element-d6396ae\" data-id=\"d6396ae\" data-element_type=\"column\" data-e-type=\"column\">\n\t\t\t<div class=\"elementor-widget-wrap elementor-element-populated\">\n\t\t\t\t\t\t<div class=\"elementor-element elementor-element-400e3610 elementor-align-center elementor-widget elementor-widget-button\" data-id=\"400e3610\" data-element_type=\"widget\" data-e-type=\"widget\" data-widget_type=\"button.default\">\n\t\t\t\t<div class=\"elementor-widget-container\">\n\t\t\t\t\t\t\t\t\t<div class=\"elementor-button-wrapper\">\n\t\t\t\t\t<a class=\"elementor-button elementor-button-link elementor-size-sm\" href=\"https:\/\/www.parque-montroig.com\/fr\/location\/location-appartements-c1\/\" target=\"_blank\">\n\t\t\t\t\t\t<span class=\"elementor-button-content-wrapper\">\n\t\t\t\t\t\t\t\t\t<span class=\"elementor-button-text\">Locations Costa Dorada<\/span>\n\t\t\t\t\t<\/span>\n\t\t\t\t\t<\/a>\n\t\t\t\t<\/div>\n\t\t\t\t\t\t\t\t<\/div>\n\t\t\t\t<\/div>\n\t\t\t\t\t<\/div>\n\t\t<\/div>\n\t\t\t\t<div class=\"elementor-column elementor-col-33 elementor-top-column elementor-element elementor-element-5b04cd31\" data-id=\"5b04cd31\" data-element_type=\"column\" data-e-type=\"column\">\n\t\t\t<div class=\"elementor-widget-wrap elementor-element-populated\">\n\t\t\t\t\t\t<div class=\"elementor-element elementor-element-7d128aab elementor-align-center elementor-widget elementor-widget-button\" data-id=\"7d128aab\" data-element_type=\"widget\" data-e-type=\"widget\" data-widget_type=\"button.default\">\n\t\t\t\t<div class=\"elementor-widget-container\">\n\t\t\t\t\t\t\t\t\t<div class=\"elementor-button-wrapper\">\n\t\t\t\t\t<a class=\"elementor-button elementor-button-link elementor-size-sm\" href=\"https:\/\/www.parque-montroig.com\/fr\/location\/location-villas-c2\/\" target=\"_blank\">\n\t\t\t\t\t\t<span class=\"elementor-button-content-wrapper\">\n\t\t\t\t\t\t\t\t\t<span class=\"elementor-button-text\">Villas Costa Dorada<\/span>\n\t\t\t\t\t<\/span>\n\t\t\t\t\t<\/a>\n\t\t\t\t<\/div>\n\t\t\t\t\t\t\t\t<\/div>\n\t\t\t\t<\/div>\n\t\t\t\t\t<\/div>\n\t\t<\/div>\n\t\t\t\t<div class=\"elementor-column elementor-col-33 elementor-top-column elementor-element elementor-element-65631f6d\" data-id=\"65631f6d\" data-element_type=\"column\" data-e-type=\"column\">\n\t\t\t<div class=\"elementor-widget-wrap elementor-element-populated\">\n\t\t\t\t\t\t<div class=\"elementor-element elementor-element-2406ee2a elementor-align-center elementor-widget elementor-widget-button\" data-id=\"2406ee2a\" data-element_type=\"widget\" data-e-type=\"widget\" data-widget_type=\"button.default\">\n\t\t\t\t<div class=\"elementor-widget-container\">\n\t\t\t\t\t\t\t\t\t<div class=\"elementor-button-wrapper\">\n\t\t\t\t\t<a class=\"elementor-button elementor-button-link elementor-size-sm\" href=\"https:\/\/www.parque-montroig.com\/fr\/location\/location-maisons-c19\/\">\n\t\t\t\t\t\t<span class=\"elementor-button-content-wrapper\">\n\t\t\t\t\t\t\t\t\t<span class=\"elementor-button-text\">Maisons Costa Dorada<\/span>\n\t\t\t\t\t<\/span>\n\t\t\t\t\t<\/a>\n\t\t\t\t<\/div>\n\t\t\t\t\t\t\t\t<\/div>\n\t\t\t\t<\/div>\n\t\t\t\t\t<\/div>\n\t\t<\/div>\n\t\t\t\t\t<\/div>\n\t\t<\/section>\n\t\t\t\t<\/div>\n\t\t","protected":false},"excerpt":{"rendered":"<p>Nos appartements estivaux offrent un m\u00e9lange in\u00e9gal\u00e9 de luxe, de confort et de beaut\u00e9 pittoresque.<\/p>\n","protected":false},"author":3,"featured_media":4180,"comment_status":"open","ping_status":"closed","sticky":false,"template":"","format":"standard","meta":{"footnotes":""},"categories":[26],"tags":[120],"class_list":["post-4221","post","type-post","status-publish","format-standard","has-post-thumbnail","hentry","category-la-costa-dorada-fr","tag-costa-dorada-3"],"_links":{"self":[{"href":"https:\/\/www.parque-montroig.com\/blog\/fr\/wp-json\/wp\/v2\/posts\/4221","targetHints":{"allow":["GET"]}}],"collection":[{"href":"https:\/\/www.parque-montroig.com\/blog\/fr\/wp-json\/wp\/v2\/posts"}],"about":[{"href":"https:\/\/www.parque-montroig.com\/blog\/fr\/wp-json\/wp\/v2\/types\/post"}],"author":[{"embeddable":true,"href":"https:\/\/www.parque-montroig.com\/blog\/fr\/wp-json\/wp\/v2\/users\/3"}],"replies":[{"embeddable":true,"href":"https:\/\/www.parque-montroig.com\/blog\/fr\/wp-json\/wp\/v2\/comments?post=4221"}],"version-history":[{"count":11,"href":"https:\/\/www.parque-montroig.com\/blog\/fr\/wp-json\/wp\/v2\/posts\/4221\/revisions"}],"predecessor-version":[{"id":4233,"href":"https:\/\/www.parque-montroig.com\/blog\/fr\/wp-json\/wp\/v2\/posts\/4221\/revisions\/4233"}],"wp:featuredmedia":[{"embeddable":true,"href":"https:\/\/www.parque-montroig.com\/blog\/fr\/wp-json\/wp\/v2\/media\/4180"}],"wp:attachment":[{"href":"https:\/\/www.parque-montroig.com\/blog\/fr\/wp-json\/wp\/v2\/media?parent=4221"}],"wp:term":[{"taxonomy":"category","embeddable":true,"href":"https:\/\/www.parque-montroig.com\/blog\/fr\/wp-json\/wp\/v2\/categories?post=4221"},{"taxonomy":"post_tag","embeddable":true,"href":"https:\/\/www.parque-montroig.com\/blog\/fr\/wp-json\/wp\/v2\/tags?post=4221"}],"curies":[{"name":"wp","href":"https:\/\/api.w.org\/{rel}","templated":true}]}}