{"id":4657,"date":"2024-05-13T10:44:31","date_gmt":"2024-05-13T08:44:31","guid":{"rendered":"https:\/\/www.parque-montroig.com\/blog\/?p=4657"},"modified":"2024-05-20T11:39:09","modified_gmt":"2024-05-20T09:39:09","slug":"montagnes-prades","status":"publish","type":"post","link":"https:\/\/www.parque-montroig.com\/blog\/fr\/montagnes-prades\/","title":{"rendered":"Les montagnes de Prades, un tr\u00e9sor naturel en Catalogne"},"content":{"rendered":"\t\t<div data-elementor-type=\"wp-post\" data-elementor-id=\"4657\" class=\"elementor elementor-4657 elementor-4628\" data-elementor-post-type=\"post\">\n\t\t\t\t\t\t<section class=\"elementor-section elementor-top-section elementor-element elementor-element-24949113 elementor-section-boxed elementor-section-height-default elementor-section-height-default\" data-id=\"24949113\" data-element_type=\"section\" data-e-type=\"section\">\n\t\t\t\t\t\t<div class=\"elementor-container elementor-column-gap-default\">\n\t\t\t\t\t<div class=\"elementor-column elementor-col-100 elementor-top-column elementor-element elementor-element-7074aedf\" data-id=\"7074aedf\" data-element_type=\"column\" data-e-type=\"column\">\n\t\t\t<div class=\"elementor-widget-wrap elementor-element-populated\">\n\t\t\t\t\t\t<div class=\"elementor-element elementor-element-1f91d903 elementor-widget elementor-widget-heading\" data-id=\"1f91d903\" data-element_type=\"widget\" data-e-type=\"widget\" data-widget_type=\"heading.default\">\n\t\t\t\t<div class=\"elementor-widget-container\">\n\t\t\t\t\t<h2 class=\"elementor-heading-title elementor-size-default\">Les montagnes de Prades, un tr\u00e9sor naturel en Catalogne<\/h2>\t\t\t\t<\/div>\n\t\t\t\t<\/div>\n\t\t\t\t<div class=\"elementor-element elementor-element-770efefe elementor-widget elementor-widget-text-editor\" data-id=\"770efefe\" data-element_type=\"widget\" data-e-type=\"widget\" data-widget_type=\"text-editor.default\">\n\t\t\t\t<div class=\"elementor-widget-container\">\n\t\t\t\t\t\t\t\t\t<p>Les montagnes de Prades sont un espace naturel tr\u00e8s appr\u00e9ci\u00e9 des Catalans et des touristes du monde entier. Il s&rsquo;agit d&rsquo;une <b>cha\u00eene de montagnes situ\u00e9e dans la province de Tarragone.<\/b> Elle se compose de plusieurs sommets, de vall\u00e9es profondes, de falaises tr\u00e8s abruptes, de quelques plateaux et de nombreuses for\u00eats, le tout avec des paysages et une biodiversit\u00e9 sans pareil. Vous ne verrez rien de tel nulle part ailleurs.<\/p><p>Les sommets les plus \u00e9lev\u00e9s avoisinent les 1 000 m\u00e8tres, comme le Pico Mola \u00e0 1 063 m\u00e8tres, le pic rocheux de la Roca Corbatera \u00e0 1 163 m\u00e8tres ou, le fleuron de la couronne, le Pico de la Baltasana avec un d\u00e9nivel\u00e9 total de 1 203 m\u00e8tres.<\/p>\t\t\t\t\t\t\t\t<\/div>\n\t\t\t\t<\/div>\n\t\t\t\t\t<\/div>\n\t\t<\/div>\n\t\t\t\t\t<\/div>\n\t\t<\/section>\n\t\t\t\t<section class=\"elementor-section elementor-top-section elementor-element elementor-element-ef9c24a elementor-section-boxed elementor-section-height-default elementor-section-height-default\" data-id=\"ef9c24a\" data-element_type=\"section\" data-e-type=\"section\">\n\t\t\t\t\t\t<div class=\"elementor-container elementor-column-gap-default\">\n\t\t\t\t\t<div class=\"elementor-column elementor-col-100 elementor-top-column elementor-element elementor-element-4f450fc\" data-id=\"4f450fc\" data-element_type=\"column\" data-e-type=\"column\">\n\t\t\t<div class=\"elementor-widget-wrap elementor-element-populated\">\n\t\t\t\t\t\t<div class=\"elementor-element elementor-element-986e31c elementor-widget elementor-widget-heading\" data-id=\"986e31c\" data-element_type=\"widget\" data-e-type=\"widget\" data-widget_type=\"heading.default\">\n\t\t\t\t<div class=\"elementor-widget-container\">\n\t\t\t\t\t<h2 class=\"elementor-heading-title elementor-size-default\">L'immense flore et faune des montagnes de Prades<\/h2>\t\t\t\t<\/div>\n\t\t\t\t<\/div>\n\t\t\t\t<div class=\"elementor-element elementor-element-43511d1 elementor-widget elementor-widget-text-editor\" data-id=\"43511d1\" data-element_type=\"widget\" data-e-type=\"widget\" data-widget_type=\"text-editor.default\">\n\t\t\t\t<div class=\"elementor-widget-container\">\n\t\t\t\t\t\t\t\t\t<p>Dans les montagnes de Prades, \u00e0 Tarragone, on peut trouver un nombre infini d&rsquo;esp\u00e8ces d&rsquo;arbres, bien que les <b>pins, les ch\u00eanes verts et les ch\u00eanes<\/b>, tr\u00e8s typiques des for\u00eats m\u00e9diterran\u00e9ennes, pr\u00e9dominent. On y trouve \u00e9galement des <b>arbustes aromatiques tels que la lavande, le thym et le romarin<\/b> et, au printemps, les montagnes de Prades regorgent de <b>fleurs sauvages telles que les orchid\u00e9es, les violettes et les jonquilles.<\/b><\/p><p>Cette grande vari\u00e9t\u00e9 de flore fait que de nombreux mammif\u00e8res, oiseaux, reptiles et insectes choisissent les montagnes des Prades comme leur habitat id\u00e9al. Il est possible d\u2019y voir<strong>des cerfs, des \u00e9cureuils ou des renards<\/strong>. Ainsi que des sangliers ou des blaireaux.<\/p><p>En raison de la pr\u00e9sence d&rsquo;une for\u00eat dense, de nombreux oiseaux tels que les<b> aigles, les vautours et les faucons <\/b>choisissent \u00e9galement les montagnes de Prades pour nicher. Si vous \u00e9tiez un oiseau, ne le feriez-vous pas ?<\/p><p>Elles abritent \u00e9galement un certain nombre de reptiles et d&rsquo;amphibiens plus faciles \u00e0 observer, comme les <b>serpents, les l\u00e9zards et les salamandres.<\/b> Et en ce qui concerne les insectes ? Il y en a beaucoup, surtout au cours de l&rsquo;\u00e9t\u00e9.\u00a0Des <strong>Papillons, abeilles, col\u00e9opt\u00e8res et bien d&rsquo;autres<\/strong>.<\/p>\t\t\t\t\t\t\t\t<\/div>\n\t\t\t\t<\/div>\n\t\t\t\t\t<\/div>\n\t\t<\/div>\n\t\t\t\t\t<\/div>\n\t\t<\/section>\n\t\t\t\t<section class=\"elementor-section elementor-top-section elementor-element elementor-element-a576460 elementor-section-boxed elementor-section-height-default elementor-section-height-default\" data-id=\"a576460\" data-element_type=\"section\" data-e-type=\"section\">\n\t\t\t\t\t\t<div class=\"elementor-container elementor-column-gap-default\">\n\t\t\t\t\t<div class=\"elementor-column elementor-col-100 elementor-top-column elementor-element elementor-element-51150e4\" data-id=\"51150e4\" data-element_type=\"column\" data-e-type=\"column\">\n\t\t\t<div class=\"elementor-widget-wrap elementor-element-populated\">\n\t\t\t\t\t\t<div class=\"elementor-element elementor-element-01bdce5 elementor-widget elementor-widget-image\" data-id=\"01bdce5\" data-element_type=\"widget\" data-e-type=\"widget\" data-widget_type=\"image.default\">\n\t\t\t\t<div class=\"elementor-widget-container\">\n\t\t\t\t\t\t\t\t\t\t\t\t\t\t\t<img fetchpriority=\"high\" decoding=\"async\" width=\"1200\" height=\"600\" src=\"https:\/\/www.parque-montroig.com\/blog\/wp-content\/uploads\/2024\/05\/Montanas-de-Prades-barranco.jpg\" class=\"attachment-full size-full wp-image-4641\" alt=\"Montanas-de-Prades-barranco\" srcset=\"https:\/\/www.parque-montroig.com\/blog\/wp-content\/uploads\/2024\/05\/Montanas-de-Prades-barranco.jpg 1200w, https:\/\/www.parque-montroig.com\/blog\/wp-content\/uploads\/2024\/05\/Montanas-de-Prades-barranco-768x384.jpg 768w\" sizes=\"(max-width: 1200px) 100vw, 1200px\" \/>\t\t\t\t\t\t\t\t\t\t\t\t\t\t\t<\/div>\n\t\t\t\t<\/div>\n\t\t\t\t\t<\/div>\n\t\t<\/div>\n\t\t\t\t\t<\/div>\n\t\t<\/section>\n\t\t\t\t<section class=\"elementor-section elementor-top-section elementor-element elementor-element-3dfbe33 elementor-section-boxed elementor-section-height-default elementor-section-height-default\" data-id=\"3dfbe33\" data-element_type=\"section\" data-e-type=\"section\">\n\t\t\t\t\t\t<div class=\"elementor-container elementor-column-gap-default\">\n\t\t\t\t\t<div class=\"elementor-column elementor-col-100 elementor-top-column elementor-element elementor-element-dc807d7\" data-id=\"dc807d7\" data-element_type=\"column\" data-e-type=\"column\">\n\t\t\t<div class=\"elementor-widget-wrap elementor-element-populated\">\n\t\t\t\t\t\t<div class=\"elementor-element elementor-element-744a695 elementor-widget elementor-widget-heading\" data-id=\"744a695\" data-element_type=\"widget\" data-e-type=\"widget\" data-widget_type=\"heading.default\">\n\t\t\t\t<div class=\"elementor-widget-container\">\n\t\t\t\t\t<h2 class=\"elementor-heading-title elementor-size-default\">Les meilleurs itin\u00e9raires de randonn\u00e9e, villages et points de vue se trouvent dans les montagnes de Prades<\/h2>\t\t\t\t<\/div>\n\t\t\t\t<\/div>\n\t\t\t\t<div class=\"elementor-element elementor-element-e172c68 elementor-widget elementor-widget-text-editor\" data-id=\"e172c68\" data-element_type=\"widget\" data-e-type=\"widget\" data-widget_type=\"text-editor.default\">\n\t\t\t\t<div class=\"elementor-widget-container\">\n\t\t\t\t\t\t\t\t\t<p style=\"font-weight: 400\">Pour conna\u00eetre toute la faune et la flore mentionn\u00e9es ci-dessus, l&rsquo;id\u00e9al est de s&rsquo;immerger totalement dans la montagne, ce que vous pouvez faire gr\u00e2ce \u00e0 l&rsquo;un de ces itin\u00e9raires.<\/p>\t\t\t\t\t\t\t\t<\/div>\n\t\t\t\t<\/div>\n\t\t\t\t\t<\/div>\n\t\t<\/div>\n\t\t\t\t\t<\/div>\n\t\t<\/section>\n\t\t\t\t<section class=\"elementor-section elementor-top-section elementor-element elementor-element-03bdd08 elementor-section-boxed elementor-section-height-default elementor-section-height-default\" data-id=\"03bdd08\" data-element_type=\"section\" data-e-type=\"section\">\n\t\t\t\t\t\t<div class=\"elementor-container elementor-column-gap-default\">\n\t\t\t\t\t<div class=\"elementor-column elementor-col-50 elementor-top-column elementor-element elementor-element-730fccc\" data-id=\"730fccc\" data-element_type=\"column\" data-e-type=\"column\">\n\t\t\t<div class=\"elementor-widget-wrap elementor-element-populated\">\n\t\t\t\t\t\t<div class=\"elementor-element elementor-element-9399e33 elementor-widget elementor-widget-heading\" data-id=\"9399e33\" data-element_type=\"widget\" data-e-type=\"widget\" data-widget_type=\"heading.default\">\n\t\t\t\t<div class=\"elementor-widget-container\">\n\t\t\t\t\t<h3 class=\"elementor-heading-title elementor-size-default\">L\u2019itin\u00e9raire de la Foradada et le Cam\u00ed de l'Ermita de l'Abellera<\/h3>\t\t\t\t<\/div>\n\t\t\t\t<\/div>\n\t\t\t\t<div class=\"elementor-element elementor-element-59414fb elementor-widget elementor-widget-text-editor\" data-id=\"59414fb\" data-element_type=\"widget\" data-e-type=\"widget\" data-widget_type=\"text-editor.default\">\n\t\t\t\t<div class=\"elementor-widget-container\">\n\t\t\t\t\t\t\t\t\t<p>Au d\u00e9part du charmant village de Capafonts, situ\u00e9 dans la r\u00e9gion de Baix Camp, cet <b>itin\u00e9raire de difficult\u00e9 moyenne \u00e0 \u00e9lev\u00e9e vous m\u00e8nera \u00e0 l&rsquo;impressionnant trou naturel connu sous le nom de La Foradada<\/b>. Il offre une vue exceptionnelle sur les montagnes de Prades et est particuli\u00e8rement connu pour ses couchers de soleil.<\/p><p>Si vous suivez le sentier, vous arriverez \u00e0 <b>l&rsquo;ermitage de l&rsquo;Abellera, une petite chapelle creus\u00e9e directement dans la roche<\/b>. L&rsquo;itin\u00e9raire y est relativement court et de faible difficult\u00e9.<\/p>\t\t\t\t\t\t\t\t<\/div>\n\t\t\t\t<\/div>\n\t\t\t\t<div class=\"elementor-element elementor-element-9efb7b1 elementor-widget elementor-widget-heading\" data-id=\"9efb7b1\" data-element_type=\"widget\" data-e-type=\"widget\" data-widget_type=\"heading.default\">\n\t\t\t\t<div class=\"elementor-widget-container\">\n\t\t\t\t\t<h3 class=\"elementor-heading-title elementor-size-default\">La Ruta dels Gorgs pr\u00e8s de La Febr\u00f3<\/h3>\t\t\t\t<\/div>\n\t\t\t\t<\/div>\n\t\t\t\t<div class=\"elementor-element elementor-element-e061887 elementor-widget elementor-widget-text-editor\" data-id=\"e061887\" data-element_type=\"widget\" data-e-type=\"widget\" data-widget_type=\"text-editor.default\">\n\t\t\t\t<div class=\"elementor-widget-container\">\n\t\t\t\t\t\t\t\t\t<p>Il s&rsquo;agit de l&rsquo;un des<b> itin\u00e9raires les plus populaires et les plus fr\u00e9quent\u00e9s des montagnes de Prades<\/b>, connu pour ses magnifiques bassins naturels et ses cascades.\u00a0<\/p><p>Il est situ\u00e9 pr\u00e8s de La Febr\u00f3, un petit village de moins de 50 habitants <b>o\u00f9 se trouvent trois bassins naturels :<strong> El Gorg, El Gorguet et La Gorguina<\/strong><\/b>. Cependant, le chemin n&rsquo;est pas bien indiqu\u00e9 et tr\u00e8s peu de gens arrivent jusqu&rsquo;au dernier bassin. Il s&rsquo;agit d&rsquo;un<b> itin\u00e9raire de difficult\u00e9 moyenne<\/b>, id\u00e9al pour se promener en \u00e9t\u00e9 et se baigner dans les eaux cristallines et rafra\u00eechissantes de ses bassins.<\/p>\t\t\t\t\t\t\t\t<\/div>\n\t\t\t\t<\/div>\n\t\t\t\t\t<\/div>\n\t\t<\/div>\n\t\t\t\t<div class=\"elementor-column elementor-col-50 elementor-top-column elementor-element elementor-element-5b79e88\" data-id=\"5b79e88\" data-element_type=\"column\" data-e-type=\"column\">\n\t\t\t<div class=\"elementor-widget-wrap elementor-element-populated\">\n\t\t\t\t\t\t<div class=\"elementor-element elementor-element-37df0e14 elementor-widget elementor-widget-heading\" data-id=\"37df0e14\" data-element_type=\"widget\" data-e-type=\"widget\" data-widget_type=\"heading.default\">\n\t\t\t\t<div class=\"elementor-widget-container\">\n\t\t\t\t\t<h3 class=\"elementor-heading-title elementor-size-default\">Itin\u00e9raire par la vall\u00e9e de la Glorieta<\/h3>\t\t\t\t<\/div>\n\t\t\t\t<\/div>\n\t\t\t\t<div class=\"elementor-element elementor-element-4bc44300 elementor-widget elementor-widget-text-editor\" data-id=\"4bc44300\" data-element_type=\"widget\" data-e-type=\"widget\" data-widget_type=\"text-editor.default\">\n\t\t\t\t<div class=\"elementor-widget-container\">\n\t\t\t\t\t\t\t\t\t<p><strong>C&rsquo;est un itin\u00e9raire tr\u00e8s facile de 12 kilom\u00e8tres<\/strong>.\u00a0<strong>Le sentier longe les rives de la rivi\u00e8re Glorieta<\/strong>, d&rsquo;o\u00f9 son nom. Il traverse d&rsquo;anciens moulins, plusieurs ruines comme le Mas de Xarrumba et le Mas de Camprim, une centrale hydro\u00e9lectrique fissur\u00e9e, la cascade du Niu de l&rsquo;\u00c0liga et se termine par un <b>formidable point de vue en forme de balcon<\/b> d&rsquo;o\u00f9 vous pourrez admirer la vue panoramique de la vall\u00e9e de la Glorieta.<\/p>\t\t\t\t\t\t\t\t<\/div>\n\t\t\t\t<\/div>\n\t\t\t\t<div class=\"elementor-element elementor-element-2d1dfaf elementor-widget elementor-widget-heading\" data-id=\"2d1dfaf\" data-element_type=\"widget\" data-e-type=\"widget\" data-widget_type=\"heading.default\">\n\t\t\t\t<div class=\"elementor-widget-container\">\n\t\t\t\t\t<h3 class=\"elementor-heading-title elementor-size-default\">Le chemin Ronda de Siurana<\/h3>\t\t\t\t<\/div>\n\t\t\t\t<\/div>\n\t\t\t\t<div class=\"elementor-element elementor-element-54c8f95 elementor-widget elementor-widget-text-editor\" data-id=\"54c8f95\" data-element_type=\"widget\" data-e-type=\"widget\" data-widget_type=\"text-editor.default\">\n\t\t\t\t<div class=\"elementor-widget-container\">\n\t\t\t\t\t\t\t\t\t<p>Siurana est un petit village m\u00e9di\u00e9val situ\u00e9 sur un rocher calcaire au sommet d&rsquo;une falaise &#8211; le <i>Salto de la Reina Mora<\/i>. La ville offre un charmant labyrinthe de rues \u00e9troites et pav\u00e9es qui convergent vers une petite place.\u00a0<\/p><p>Pour le d\u00e9couvrir, il faut emprunter cet itin\u00e9raire d&rsquo;un kilom\u00e8tre qui passe par son r\u00e9servoir et offre des vues spectaculaires sur les montagnes de Prades.\u00a0<strong>Il s&rsquo;agit d&rsquo;un parcours de difficult\u00e9 moyenne, avec quelques pentes et des zones rocheuses o\u00f9 la prudence est de mise.\u00a0<\/strong><\/p><p>Les \u00e9l\u00e9ments les plus embl\u00e9matiques de cette route sont<b> l&rsquo;\u00e9glise de Santa Maria de Siurana, le r\u00e9servoir et, bien s\u00fbr, le Mirador de la Trona.<\/b> Il s&rsquo;agit d&rsquo;une formation naturelle appel\u00e9e ainsi en raison de son \u00e9trange ressemblance avec une chaise perch\u00e9e au bord d&rsquo;une falaise &#8211; et attention ! Bien qu&rsquo;il s&rsquo;appelle Mirador de Trona, il n&rsquo;y a pas de barri\u00e8re pour vous emp\u00eacher de tomber dans le vide.<\/p>\t\t\t\t\t\t\t\t<\/div>\n\t\t\t\t<\/div>\n\t\t\t\t\t<\/div>\n\t\t<\/div>\n\t\t\t\t\t<\/div>\n\t\t<\/section>\n\t\t\t\t<section class=\"elementor-section elementor-top-section elementor-element elementor-element-e11efee elementor-section-boxed elementor-section-height-default elementor-section-height-default\" data-id=\"e11efee\" data-element_type=\"section\" data-e-type=\"section\">\n\t\t\t\t\t\t<div class=\"elementor-container elementor-column-gap-default\">\n\t\t\t\t\t<div class=\"elementor-column elementor-col-100 elementor-top-column elementor-element elementor-element-87f3760\" data-id=\"87f3760\" data-element_type=\"column\" data-e-type=\"column\">\n\t\t\t<div class=\"elementor-widget-wrap elementor-element-populated\">\n\t\t\t\t\t\t<div class=\"elementor-element elementor-element-5904814 elementor-widget elementor-widget-image\" data-id=\"5904814\" data-element_type=\"widget\" data-e-type=\"widget\" data-widget_type=\"image.default\">\n\t\t\t\t<div class=\"elementor-widget-container\">\n\t\t\t\t\t\t\t\t\t\t\t\t\t\t\t<img decoding=\"async\" width=\"1200\" height=\"600\" src=\"https:\/\/www.parque-montroig.com\/blog\/wp-content\/uploads\/2024\/05\/manantial-Montanas-de-Prades.jpg\" class=\"attachment-full size-full wp-image-4649\" alt=\"manantial-Montanas-de-Prades\" srcset=\"https:\/\/www.parque-montroig.com\/blog\/wp-content\/uploads\/2024\/05\/manantial-Montanas-de-Prades.jpg 1200w, https:\/\/www.parque-montroig.com\/blog\/wp-content\/uploads\/2024\/05\/manantial-Montanas-de-Prades-768x384.jpg 768w\" sizes=\"(max-width: 1200px) 100vw, 1200px\" \/>\t\t\t\t\t\t\t\t\t\t\t\t\t\t\t<\/div>\n\t\t\t\t<\/div>\n\t\t\t\t\t<\/div>\n\t\t<\/div>\n\t\t\t\t\t<\/div>\n\t\t<\/section>\n\t\t\t\t<section class=\"elementor-section elementor-top-section elementor-element elementor-element-85f286a elementor-section-boxed elementor-section-height-default elementor-section-height-default\" data-id=\"85f286a\" data-element_type=\"section\" data-e-type=\"section\">\n\t\t\t\t\t\t<div class=\"elementor-container elementor-column-gap-default\">\n\t\t\t\t\t<div class=\"elementor-column elementor-col-100 elementor-top-column elementor-element elementor-element-0ded95b\" data-id=\"0ded95b\" data-element_type=\"column\" data-e-type=\"column\">\n\t\t\t<div class=\"elementor-widget-wrap elementor-element-populated\">\n\t\t\t\t\t\t<div class=\"elementor-element elementor-element-ac5d231 elementor-widget elementor-widget-heading\" data-id=\"ac5d231\" data-element_type=\"widget\" data-e-type=\"widget\" data-widget_type=\"heading.default\">\n\t\t\t\t<div class=\"elementor-widget-container\">\n\t\t\t\t\t<h2 class=\"elementor-heading-title elementor-size-default\">Un nombre infini d'activit\u00e9s et d'exp\u00e9riences sont possibles dans les montagnes de Prades<\/h2>\t\t\t\t<\/div>\n\t\t\t\t<\/div>\n\t\t\t\t<div class=\"elementor-element elementor-element-71623a5 elementor-widget elementor-widget-text-editor\" data-id=\"71623a5\" data-element_type=\"widget\" data-e-type=\"widget\" data-widget_type=\"text-editor.default\">\n\t\t\t\t<div class=\"elementor-widget-container\">\n\t\t\t\t\t\t\t\t\t<p>Outre la randonn\u00e9e et la d\u00e9couverte des villages des montagnes de Prades, <b>il existe de nombreuses activit\u00e9s pour tous les go\u00fbts<\/b>.<\/p><p>Escalader ses falaises abruptes avec ou sans guide, parcourir la montagne sur des sentiers balis\u00e9s pour les cyclistes, participer \u00e0 une journ\u00e9e d&rsquo;observation des oiseaux &#8211; ou en organiser une soi-m\u00eame &#8211; ou tout simplement prendre son appareil photo et immortaliser la beaut\u00e9 des montagnes, en sont quelques-unes.<\/p><p><b>Une autre activit\u00e9 tr\u00e8s populaire dans les montagnes de Prades pendant l&rsquo;automne est la mycologie<\/b> ; la collecte ou l&rsquo;apprentissage de la diff\u00e9renciation des champignons est tr\u00e8s courante en raison de l&rsquo;abondance de ces champignons.<\/p><p>Les montagnes de Prades offrent \u00e9galement des conditions exceptionnelles pour <b>explorer et profiter de l\u2019univers.<\/b> L&rsquo;absence de pollution lumineuse permet de voir toutes les constellations et de nombreuses plan\u00e8tes comme Saturne ou Jupiter la nuit ou Mars, V\u00e9nus ou Mercure au coucher du soleil, en fonction de la position de la terre et du soleil. Vous pouvez faire l&rsquo;observation vous-m\u00eame si vous avez un t\u00e9lescope ou vous rendre au <a href=\"https:\/\/www.parcastronomicprades.cat\/es\/\" target=\"_blank\" rel=\"noopener\">Parc Atron\u00f2mic Muntanyes de Prades,<\/a> o\u00f9 de nombreuses activit\u00e9s li\u00e9es \u00e0 l&rsquo;espace sont organis\u00e9es pour tout le monde.<\/p><p>Il faut \u00e9galement <b>visiter les fissures d&rsquo;Els Avencs de la Febr\u00f3<\/b>, longues de 200 m\u00e8tres et profondes de pr\u00e8s de 30 m\u00e8tres, auxquelles on acc\u00e8de par une rampe. Et l&rsquo;exp\u00e9rience ne s&rsquo;arr\u00eate pas l\u00e0, aussi impressionnante soit-elle, \u00e0 l&rsquo;int\u00e9rieur se trouve une grotte de plus de 12 m\u00e8tres de haut avec un r\u00e9seau de galeries souterraines accessibles uniquement aux <b>sp\u00e9l\u00e9ologues<\/b> les plus enthousiastes.<\/p>\t\t\t\t\t\t\t\t<\/div>\n\t\t\t\t<\/div>\n\t\t\t\t<div class=\"elementor-element elementor-element-f9cc62f elementor-widget elementor-widget-image\" data-id=\"f9cc62f\" data-element_type=\"widget\" data-e-type=\"widget\" data-widget_type=\"image.default\">\n\t\t\t\t<div class=\"elementor-widget-container\">\n\t\t\t\t\t\t\t\t\t\t\t\t\t\t\t<img decoding=\"async\" width=\"1600\" height=\"800\" src=\"https:\/\/www.parque-montroig.com\/blog\/wp-content\/uploads\/2024\/05\/Montanas-de-Prades.jpg\" class=\"attachment-full size-full wp-image-4645\" alt=\"Montanas-de-Prades\" srcset=\"https:\/\/www.parque-montroig.com\/blog\/wp-content\/uploads\/2024\/05\/Montanas-de-Prades.jpg 1600w, https:\/\/www.parque-montroig.com\/blog\/wp-content\/uploads\/2024\/05\/Montanas-de-Prades-768x384.jpg 768w, https:\/\/www.parque-montroig.com\/blog\/wp-content\/uploads\/2024\/05\/Montanas-de-Prades-1536x768.jpg 1536w\" sizes=\"(max-width: 1600px) 100vw, 1600px\" \/>\t\t\t\t\t\t\t\t\t\t\t\t\t\t\t<\/div>\n\t\t\t\t<\/div>\n\t\t\t\t\t<\/div>\n\t\t<\/div>\n\t\t\t\t\t<\/div>\n\t\t<\/section>\n\t\t\t\t<section class=\"elementor-section elementor-top-section elementor-element elementor-element-235c6ff elementor-section-boxed elementor-section-height-default elementor-section-height-default\" data-id=\"235c6ff\" data-element_type=\"section\" data-e-type=\"section\">\n\t\t\t\t\t\t<div class=\"elementor-container elementor-column-gap-default\">\n\t\t\t\t\t<div class=\"elementor-column elementor-col-100 elementor-top-column elementor-element elementor-element-69cecad\" data-id=\"69cecad\" data-element_type=\"column\" data-e-type=\"column\">\n\t\t\t<div class=\"elementor-widget-wrap\">\n\t\t\t\t\t\t\t<\/div>\n\t\t<\/div>\n\t\t\t\t\t<\/div>\n\t\t<\/section>\n\t\t\t\t<section class=\"elementor-section elementor-top-section elementor-element elementor-element-8b83b77 elementor-section-boxed elementor-section-height-default elementor-section-height-default\" data-id=\"8b83b77\" data-element_type=\"section\" data-e-type=\"section\">\n\t\t\t\t\t\t<div class=\"elementor-container elementor-column-gap-default\">\n\t\t\t\t\t<div class=\"elementor-column elementor-col-100 elementor-top-column elementor-element elementor-element-3fb520ce\" data-id=\"3fb520ce\" data-element_type=\"column\" data-e-type=\"column\">\n\t\t\t<div class=\"elementor-widget-wrap elementor-element-populated\">\n\t\t\t\t\t\t<div class=\"elementor-element elementor-element-7f1281b1 elementor-widget elementor-widget-heading\" data-id=\"7f1281b1\" data-element_type=\"widget\" data-e-type=\"widget\" data-widget_type=\"heading.default\">\n\t\t\t\t<div class=\"elementor-widget-container\">\n\t\t\t\t\t<h2 class=\"elementor-heading-title elementor-size-default\">D\u00e9couvrez la beaut\u00e9 et la tranquillit\u00e9 des montagnes de Prades<\/h2>\t\t\t\t<\/div>\n\t\t\t\t<\/div>\n\t\t\t\t<div class=\"elementor-element elementor-element-7f434ca1 elementor-widget elementor-widget-text-editor\" data-id=\"7f434ca1\" data-element_type=\"widget\" data-e-type=\"widget\" data-widget_type=\"text-editor.default\">\n\t\t\t\t<div class=\"elementor-widget-container\">\n\t\t\t\t\t\t\t\t\t<p>Envie de conna\u00eetre les montagnes de Prades ? De <b>se d\u00e9connecter de l&rsquo;agitation des villes et se connecter \u00e0 la nature dans un environnement aussi beau et paisible ?<\/b><\/p><p>Comme vous, de nombreuses personnes envisagent de venir passer leurs vacances ici, mais elles se lancent \u00e0 corps perdu dans la recherche d&rsquo;un h\u00e9bergement, car les possibilit\u00e9s de passer la nuit en montagne sont rares. C&rsquo;est pourquoi, <b>sur Parc Mont-roig, nous vous proposons de nombreux logements tr\u00e8s proches des montagnes de Prades<\/b>, afin que vous puissiez d\u00e9couvrir la r\u00e9gion et profiter des belles plages de la Costa Dorada.<\/p><p>Vous ne venez pas ici uniquement pour vous d\u00e9tendre et vous voulez faire beaucoup d&rsquo;activit\u00e9s comme celles dont nous vous avons parl\u00e9 plus haut ? Sur Parc Mont-roig, nous nous occupons \u00e9galement de la r\u00e9servation des billets, des excursions et de toutes sortes d&rsquo;activit\u00e9s.<\/p><p><a href=\"https:\/\/www.parque-montroig.com\/\">Visitez notre site Web<\/a> et laissez-vous surprendre par nos multiples services et h\u00e9bergements.<\/p>\t\t\t\t\t\t\t\t<\/div>\n\t\t\t\t<\/div>\n\t\t\t\t\t<\/div>\n\t\t<\/div>\n\t\t\t\t\t<\/div>\n\t\t<\/section>\n\t\t\t\t<section class=\"elementor-section elementor-top-section elementor-element elementor-element-41f9857 elementor-section-boxed elementor-section-height-default elementor-section-height-default\" data-id=\"41f9857\" data-element_type=\"section\" data-e-type=\"section\">\n\t\t\t\t\t\t<div class=\"elementor-container elementor-column-gap-default\">\n\t\t\t\t\t<div class=\"elementor-column elementor-col-33 elementor-top-column elementor-element elementor-element-7265329\" data-id=\"7265329\" data-element_type=\"column\" data-e-type=\"column\">\n\t\t\t<div class=\"elementor-widget-wrap elementor-element-populated\">\n\t\t\t\t\t\t<div class=\"elementor-element elementor-element-110c1e74 elementor-align-center elementor-widget elementor-widget-button\" data-id=\"110c1e74\" data-element_type=\"widget\" data-e-type=\"widget\" data-widget_type=\"button.default\">\n\t\t\t\t<div class=\"elementor-widget-container\">\n\t\t\t\t\t\t\t\t\t<div class=\"elementor-button-wrapper\">\n\t\t\t\t\t<a class=\"elementor-button elementor-button-link elementor-size-lg\" href=\"https:\/\/www.parque-montroig.com\/fr\/location\/locations-cambrils-d73\/\">\n\t\t\t\t\t\t<span class=\"elementor-button-content-wrapper\">\n\t\t\t\t\t\t\t\t\t<span class=\"elementor-button-text\">Logements \u00e0 Cambrils<\/span>\n\t\t\t\t\t<\/span>\n\t\t\t\t\t<\/a>\n\t\t\t\t<\/div>\n\t\t\t\t\t\t\t\t<\/div>\n\t\t\t\t<\/div>\n\t\t\t\t\t<\/div>\n\t\t<\/div>\n\t\t\t\t<div class=\"elementor-column elementor-col-33 elementor-top-column elementor-element elementor-element-7b21306\" data-id=\"7b21306\" data-element_type=\"column\" data-e-type=\"column\">\n\t\t\t<div class=\"elementor-widget-wrap elementor-element-populated\">\n\t\t\t\t\t\t<div class=\"elementor-element elementor-element-20035ea7 elementor-align-center elementor-widget elementor-widget-button\" data-id=\"20035ea7\" data-element_type=\"widget\" data-e-type=\"widget\" data-widget_type=\"button.default\">\n\t\t\t\t<div class=\"elementor-widget-container\">\n\t\t\t\t\t\t\t\t\t<div class=\"elementor-button-wrapper\">\n\t\t\t\t\t<a class=\"elementor-button elementor-button-link elementor-size-lg\" href=\"https:\/\/www.parque-montroig.com\/fr\/location\/locations-miami-playa-d188\/\">\n\t\t\t\t\t\t<span class=\"elementor-button-content-wrapper\">\n\t\t\t\t\t\t\t\t\t<span class=\"elementor-button-text\">Logements \u00e0 Miami Platja<\/span>\n\t\t\t\t\t<\/span>\n\t\t\t\t\t<\/a>\n\t\t\t\t<\/div>\n\t\t\t\t\t\t\t\t<\/div>\n\t\t\t\t<\/div>\n\t\t\t\t\t<\/div>\n\t\t<\/div>\n\t\t\t\t<div class=\"elementor-column elementor-col-33 elementor-top-column elementor-element elementor-element-4f02a04\" data-id=\"4f02a04\" data-element_type=\"column\" data-e-type=\"column\">\n\t\t\t<div class=\"elementor-widget-wrap elementor-element-populated\">\n\t\t\t\t\t\t<div class=\"elementor-element elementor-element-e576d9a elementor-align-center elementor-widget elementor-widget-button\" data-id=\"e576d9a\" data-element_type=\"widget\" data-e-type=\"widget\" data-widget_type=\"button.default\">\n\t\t\t\t<div class=\"elementor-widget-container\">\n\t\t\t\t\t\t\t\t\t<div class=\"elementor-button-wrapper\">\n\t\t\t\t\t<a class=\"elementor-button elementor-button-link elementor-size-lg\" href=\"https:\/\/www.parque-montroig.com\/fr\/location\/location-appartements-c1\/\">\n\t\t\t\t\t\t<span class=\"elementor-button-content-wrapper\">\n\t\t\t\t\t\t\t\t\t<span class=\"elementor-button-text\">Locations Costa Dorada<\/span>\n\t\t\t\t\t<\/span>\n\t\t\t\t\t<\/a>\n\t\t\t\t<\/div>\n\t\t\t\t\t\t\t\t<\/div>\n\t\t\t\t<\/div>\n\t\t\t\t\t<\/div>\n\t\t<\/div>\n\t\t\t\t\t<\/div>\n\t\t<\/section>\n\t\t\t\t<\/div>\n\t\t","protected":false},"excerpt":{"rendered":"<p>Les montagnes de Prades, un tr\u00e9sor naturel en Catalogne Les montagnes de Prades sont un espace naturel tr\u00e8s appr\u00e9ci\u00e9 des&#8230;<\/p>\n","protected":false},"author":3,"featured_media":4637,"comment_status":"open","ping_status":"closed","sticky":false,"template":"","format":"standard","meta":{"footnotes":""},"categories":[8,4,3],"tags":[],"class_list":["post-4657","post","type-post","status-publish","format-standard","has-post-thumbnail","hentry","category-la-costa-dorada","category-costa-dorada","category-non-classifiee"],"_links":{"self":[{"href":"https:\/\/www.parque-montroig.com\/blog\/fr\/wp-json\/wp\/v2\/posts\/4657","targetHints":{"allow":["GET"]}}],"collection":[{"href":"https:\/\/www.parque-montroig.com\/blog\/fr\/wp-json\/wp\/v2\/posts"}],"about":[{"href":"https:\/\/www.parque-montroig.com\/blog\/fr\/wp-json\/wp\/v2\/types\/post"}],"author":[{"embeddable":true,"href":"https:\/\/www.parque-montroig.com\/blog\/fr\/wp-json\/wp\/v2\/users\/3"}],"replies":[{"embeddable":true,"href":"https:\/\/www.parque-montroig.com\/blog\/fr\/wp-json\/wp\/v2\/comments?post=4657"}],"version-history":[{"count":12,"href":"https:\/\/www.parque-montroig.com\/blog\/fr\/wp-json\/wp\/v2\/posts\/4657\/revisions"}],"predecessor-version":[{"id":4677,"href":"https:\/\/www.parque-montroig.com\/blog\/fr\/wp-json\/wp\/v2\/posts\/4657\/revisions\/4677"}],"wp:featuredmedia":[{"embeddable":true,"href":"https:\/\/www.parque-montroig.com\/blog\/fr\/wp-json\/wp\/v2\/media\/4637"}],"wp:attachment":[{"href":"https:\/\/www.parque-montroig.com\/blog\/fr\/wp-json\/wp\/v2\/media?parent=4657"}],"wp:term":[{"taxonomy":"category","embeddable":true,"href":"https:\/\/www.parque-montroig.com\/blog\/fr\/wp-json\/wp\/v2\/categories?post=4657"},{"taxonomy":"post_tag","embeddable":true,"href":"https:\/\/www.parque-montroig.com\/blog\/fr\/wp-json\/wp\/v2\/tags?post=4657"}],"curies":[{"name":"wp","href":"https:\/\/api.w.org\/{rel}","templated":true}]}}