{"id":4751,"date":"2024-06-13T17:17:34","date_gmt":"2024-06-13T15:17:34","guid":{"rendered":"https:\/\/www.parque-montroig.com\/blog\/?p=4751"},"modified":"2024-06-27T09:28:22","modified_gmt":"2024-06-27T07:28:22","slug":"plage-pixerota","status":"publish","type":"post","link":"https:\/\/www.parque-montroig.com\/blog\/fr\/plage-pixerota\/","title":{"rendered":"Venez d\u00e9couvrir la plage calme de Pixerota"},"content":{"rendered":"\t\t<div data-elementor-type=\"wp-post\" data-elementor-id=\"4751\" class=\"elementor elementor-4751 elementor-4743\" data-elementor-post-type=\"post\">\n\t\t\t\t\t\t<section class=\"elementor-section elementor-top-section elementor-element elementor-element-98144f6 elementor-section-boxed elementor-section-height-default elementor-section-height-default\" data-id=\"98144f6\" data-element_type=\"section\" data-e-type=\"section\">\n\t\t\t\t\t\t<div class=\"elementor-container elementor-column-gap-default\">\n\t\t\t\t\t<div class=\"elementor-column elementor-col-100 elementor-top-column elementor-element elementor-element-391d8818\" data-id=\"391d8818\" data-element_type=\"column\" data-e-type=\"column\">\n\t\t\t<div class=\"elementor-widget-wrap elementor-element-populated\">\n\t\t\t\t\t\t<div class=\"elementor-element elementor-element-6ae3cdc6 elementor-widget elementor-widget-heading\" data-id=\"6ae3cdc6\" data-element_type=\"widget\" data-e-type=\"widget\" data-widget_type=\"heading.default\">\n\t\t\t\t<div class=\"elementor-widget-container\">\n\t\t\t\t\t<h2 class=\"elementor-heading-title elementor-size-default\">Venez d\u00e9couvrir la plage calme de Pixerota<\/h2>\t\t\t\t<\/div>\n\t\t\t\t<\/div>\n\t\t\t\t<div class=\"elementor-element elementor-element-1cbdfa6d elementor-widget elementor-widget-text-editor\" data-id=\"1cbdfa6d\" data-element_type=\"widget\" data-e-type=\"widget\" data-widget_type=\"text-editor.default\">\n\t\t\t\t<div class=\"elementor-widget-container\">\n\t\t\t\t\t\t\t\t\t<p>La plage de Pixerota, plus connue sous le nom de \u00ab\u00a0platja de la Pixerota\u00a0\u00bb, <b>est situ\u00e9e sur la Costa Dorada<\/b>, \u00e0 quelques kilom\u00e8tres de la ville de Mont-roig del Camp. La Pixerota <b>se caract\u00e9rise par une plage pratiquement vierge et par un environnement naturel, avec des dunes et une v\u00e9g\u00e9tation autochtone<\/b> qui vous s\u00e9duiront. Elle poss\u00e8de \u00e9galement une grande \u00e9tendue de sable fin et dor\u00e9 et ses eaux sont propres et g\u00e9n\u00e9ralement calmes, ce qui en fait un lieu propice \u00e0 la baignade.<\/p><p>Nous allons vous en dire plus et vous indiquer les activit\u00e9s \u00e0 faire dans les environs pour que vous puissiez faire connaissance avec cette plage !<\/p>\t\t\t\t\t\t\t\t<\/div>\n\t\t\t\t<\/div>\n\t\t\t\t\t<\/div>\n\t\t<\/div>\n\t\t\t\t\t<\/div>\n\t\t<\/section>\n\t\t\t\t<section class=\"elementor-section elementor-top-section elementor-element elementor-element-78d8073 elementor-section-boxed elementor-section-height-default elementor-section-height-default\" data-id=\"78d8073\" data-element_type=\"section\" data-e-type=\"section\">\n\t\t\t\t\t\t<div class=\"elementor-container elementor-column-gap-default\">\n\t\t\t\t\t<div class=\"elementor-column elementor-col-100 elementor-top-column elementor-element elementor-element-53e99f2\" data-id=\"53e99f2\" data-element_type=\"column\" data-e-type=\"column\">\n\t\t\t<div class=\"elementor-widget-wrap elementor-element-populated\">\n\t\t\t\t\t\t<div class=\"elementor-element elementor-element-b875b6b elementor-widget elementor-widget-heading\" data-id=\"b875b6b\" data-element_type=\"widget\" data-e-type=\"widget\" data-widget_type=\"heading.default\">\n\t\t\t\t<div class=\"elementor-widget-container\">\n\t\t\t\t\t<h2 class=\"elementor-heading-title elementor-size-default\">Que voir \u00e0 la platja de la Pixerota<\/h2>\t\t\t\t<\/div>\n\t\t\t\t<\/div>\n\t\t\t\t<div class=\"elementor-element elementor-element-e7522ce elementor-widget__width-initial elementor-widget elementor-widget-text-editor\" data-id=\"e7522ce\" data-element_type=\"widget\" data-e-type=\"widget\" data-widget_type=\"text-editor.default\">\n\t\t\t\t<div class=\"elementor-widget-container\">\n\t\t\t\t\t\t\t\t\t<p>Bien qu&rsquo;il s&rsquo;agisse d&rsquo;une plage naturelle, la Platja Pixerota dispose de quelques services de base tels que des douches et des poubelles, mais il n&rsquo;y a pas beaucoup de bars et de restaurants. Cela en fait un endroit plus calme, id\u00e9al pour ceux qui aiment les activit\u00e9s telles que la marche, le <i>jogging<\/i> ou simplement prendre un bain de soleil en lisant un bon livre ou une revue.<\/p>\n<p>\u00c0 proximit\u00e9 de la plage, de nombreux points d&rsquo;int\u00e9r\u00eat compl\u00e8tent votre visite \u00e0 la Platja Pixerota. L&rsquo;un d&rsquo;entre eux est le <b>Cam\u00ed de Ronda<\/b>, <b>un sentier c\u00f4tier qui offre des vues spectaculaires sur la mer M\u00e9diterran\u00e9e<\/b> et que vous pouvez parcourir \u00e0 pied ou \u00e0 v\u00e9lo. Il regorge de criques cach\u00e9es et de paysages \u00e0 couper le souffle.<\/p>\n<p>Et bien s\u00fbr, <b>vous pourrez d\u00e9couvrir Mont-roig del Camp en profondeur et visiter son centre historique.<\/b> Ses rues \u00e9troites et pittoresques abritent des points d&rsquo;int\u00e9r\u00eat tels que <b>l&rsquo;\u00e9glise de Sant Miquel ou l&rsquo;Ermita de la Mare de D\u00e9u de la Roca<\/b>, un lieu de culte situ\u00e9 sur un rocher rouge au-dessus de Mont-roig del Camp. M\u00eame si vous n&rsquo;\u00eates pas catholique, ce lieu offre des vues panoramiques incroyables sur la r\u00e9gion qu&rsquo;il ne faut pas manquer.<\/p>\t\t\t\t\t\t\t\t<\/div>\n\t\t\t\t<\/div>\n\t\t\t\t\t<\/div>\n\t\t<\/div>\n\t\t\t\t\t<\/div>\n\t\t<\/section>\n\t\t\t\t<section class=\"elementor-section elementor-top-section elementor-element elementor-element-7ee2eb7 elementor-section-boxed elementor-section-height-default elementor-section-height-default\" data-id=\"7ee2eb7\" data-element_type=\"section\" data-e-type=\"section\">\n\t\t\t\t\t\t<div class=\"elementor-container elementor-column-gap-default\">\n\t\t\t\t\t<div class=\"elementor-column elementor-col-50 elementor-top-column elementor-element elementor-element-635830a\" data-id=\"635830a\" data-element_type=\"column\" data-e-type=\"column\">\n\t\t\t<div class=\"elementor-widget-wrap elementor-element-populated\">\n\t\t\t\t\t\t<div class=\"elementor-element elementor-element-4ec3f57 elementor-widget elementor-widget-text-editor\" data-id=\"4ec3f57\" data-element_type=\"widget\" data-e-type=\"widget\" data-widget_type=\"text-editor.default\">\n\t\t\t\t<div class=\"elementor-widget-container\">\n\t\t\t\t\t\t\t\t\t<p><span style=\"background-color: transparent;\">Et si vous recherchez un peu plus de sensations, le c\u00e9l\u00e8bre parc d&rsquo;attractions PortAventura se trouve \u00e0 deux pas de l\u00e0. Il offre un large \u00e9ventail d&rsquo;attractions et de spectacles pour tous les \u00e2ges.<\/span><br><\/p>\n<p><b>Le <\/b><a href=\"https:\/\/www.parque-montroig.com\/blog\/parc-sama-tarragona\/\"><strong><span style=\"color: blue\">parc Sam\u00e0<\/span><\/strong><\/a><b> se trouve \u00e9galement \u00e0 proximit\u00e9 de la Platja Pixerota<\/b>. Il s&rsquo;agit d&rsquo;un jardin avec une grande vari\u00e9t\u00e9 de plantes et d&rsquo;\u00e9tangs \u00e0 l&rsquo;architecture Art nouveau. Un endroit id\u00e9al pour faire une promenade tranquille dans un environnement naturel qui a \u00e9t\u00e9 entretenu avec beaucoup de soin.<\/p>\n<p>Et maintenant, dans le parc de Sam\u00e0, vous n&rsquo;avez plus d&rsquo;excuse pour ne pas visiter <b>Cambrils<\/b>, un village de p\u00eacheurs charmant et photog\u00e9nique, bien connu pour sa gastronomie, en particulier pour ses fruits de mer et ses poissons.<\/p>\t\t\t\t\t\t\t\t<\/div>\n\t\t\t\t<\/div>\n\t\t\t\t\t<\/div>\n\t\t<\/div>\n\t\t\t\t<div class=\"elementor-column elementor-col-50 elementor-top-column elementor-element elementor-element-9a42b2e\" data-id=\"9a42b2e\" data-element_type=\"column\" data-e-type=\"column\">\n\t\t\t<div class=\"elementor-widget-wrap elementor-element-populated\">\n\t\t\t\t\t\t<div class=\"elementor-element elementor-element-a035a66 elementor-widget elementor-widget-image\" data-id=\"a035a66\" data-element_type=\"widget\" data-e-type=\"widget\" data-widget_type=\"image.default\">\n\t\t\t\t<div class=\"elementor-widget-container\">\n\t\t\t\t\t\t\t\t\t\t\t\t\t\t\t<img fetchpriority=\"high\" decoding=\"async\" width=\"751\" height=\"394\" src=\"https:\/\/www.parque-montroig.com\/blog\/wp-content\/uploads\/2024\/06\/playa-pixerota-miami-playa-1-1200x630.jpg\" class=\"attachment-large size-large wp-image-4848\" alt=\"playa-pixerota-miami-playa.jpg\" \/>\t\t\t\t\t\t\t\t\t\t\t\t\t\t\t<\/div>\n\t\t\t\t<\/div>\n\t\t\t\t\t<\/div>\n\t\t<\/div>\n\t\t\t\t\t<\/div>\n\t\t<\/section>\n\t\t\t\t<section class=\"elementor-section elementor-top-section elementor-element elementor-element-593c74f elementor-section-boxed elementor-section-height-default elementor-section-height-default\" data-id=\"593c74f\" data-element_type=\"section\" data-e-type=\"section\">\n\t\t\t\t\t\t<div class=\"elementor-container elementor-column-gap-default\">\n\t\t\t\t\t<div class=\"elementor-column elementor-col-100 elementor-top-column elementor-element elementor-element-8386963\" data-id=\"8386963\" data-element_type=\"column\" data-e-type=\"column\">\n\t\t\t<div class=\"elementor-widget-wrap elementor-element-populated\">\n\t\t\t\t\t\t<div class=\"elementor-element elementor-element-a564678 elementor-widget elementor-widget-heading\" data-id=\"a564678\" data-element_type=\"widget\" data-e-type=\"widget\" data-widget_type=\"heading.default\">\n\t\t\t\t<div class=\"elementor-widget-container\">\n\t\t\t\t\t<h2 class=\"elementor-heading-title elementor-size-default\">\u00c9v\u00e9nements et festivit\u00e9s \u00e0 ne pas manquer pr\u00e8s de la platja Pixerota<\/h2>\t\t\t\t<\/div>\n\t\t\t\t<\/div>\n\t\t\t\t<div class=\"elementor-element elementor-element-05154c5 elementor-widget elementor-widget-text-editor\" data-id=\"05154c5\" data-element_type=\"widget\" data-e-type=\"widget\" data-widget_type=\"text-editor.default\">\n\t\t\t\t<div class=\"elementor-widget-container\">\n\t\t\t\t\t\t\t\t\t<p>Pr\u00e8s de la Platja Pixerota, <b>il y a une multitude de festivals locaux ainsi qu&rsquo;une infinit\u00e9 de march\u00e9s et de foires<\/b> pour compl\u00e9ter vos journ\u00e9es \u00e0 la plage et acheter des produits locaux, de l&rsquo;artisanat et profiter de la gastronomie typique.<\/p><p>Les f\u00eates les plus importantes \u00e0 Mont-roig del Camp sont la Festa Major de Sant Miquel, en septembre, la Festa de Sant Antoni, en janvier, et la Festa de la Mare de D\u00e9u de la Roca, \u00e9galement en septembre. Toutes ces manifestations comprennent des<b> processions, des messes, des concerts, des activit\u00e9s culturelles, des feux d&rsquo;artifice, des concours et bien d&rsquo;autres choses encore.<\/b> Et si vous pensez que cela ne suffit pas, \u00e0 quelques kilom\u00e8tres de l\u00e0, \u00e0 Cambrils, il y a aussi plusieurs festivals comme la Fiesta Mayor de la Mare de D\u00e9u del Cam\u00ed en septembre ou la Fiesta de Sant Pere en juin.<\/p>\t\t\t\t\t\t\t\t<\/div>\n\t\t\t\t<\/div>\n\t\t\t\t\t<\/div>\n\t\t<\/div>\n\t\t\t\t\t<\/div>\n\t\t<\/section>\n\t\t\t\t<section class=\"elementor-section elementor-top-section elementor-element elementor-element-a018260 elementor-section-boxed elementor-section-height-default elementor-section-height-default\" data-id=\"a018260\" data-element_type=\"section\" data-e-type=\"section\">\n\t\t\t\t\t\t<div class=\"elementor-container elementor-column-gap-default\">\n\t\t\t\t\t<div class=\"elementor-column elementor-col-100 elementor-top-column elementor-element elementor-element-88017f3\" data-id=\"88017f3\" data-element_type=\"column\" data-e-type=\"column\">\n\t\t\t<div class=\"elementor-widget-wrap elementor-element-populated\">\n\t\t\t\t\t\t<div class=\"elementor-element elementor-element-f16983e elementor-widget elementor-widget-image\" data-id=\"f16983e\" data-element_type=\"widget\" data-e-type=\"widget\" data-widget_type=\"image.default\">\n\t\t\t\t<div class=\"elementor-widget-container\">\n\t\t\t\t\t\t\t\t\t\t\t\t\t\t\t<img decoding=\"async\" width=\"751\" height=\"338\" src=\"https:\/\/www.parque-montroig.com\/blog\/wp-content\/uploads\/2024\/06\/playa-pixerota-costa-dorada-1400x630.jpg\" class=\"attachment-large size-large wp-image-4763\" alt=\"playa-pixerota-costa-dorada\" \/>\t\t\t\t\t\t\t\t\t\t\t\t\t\t\t<\/div>\n\t\t\t\t<\/div>\n\t\t\t\t\t<\/div>\n\t\t<\/div>\n\t\t\t\t\t<\/div>\n\t\t<\/section>\n\t\t\t\t<section class=\"elementor-section elementor-top-section elementor-element elementor-element-00af0c7 elementor-section-boxed elementor-section-height-default elementor-section-height-default\" data-id=\"00af0c7\" data-element_type=\"section\" data-e-type=\"section\">\n\t\t\t\t\t\t<div class=\"elementor-container elementor-column-gap-default\">\n\t\t\t\t\t<div class=\"elementor-column elementor-col-100 elementor-top-column elementor-element elementor-element-2f5cee9\" data-id=\"2f5cee9\" data-element_type=\"column\" data-e-type=\"column\">\n\t\t\t<div class=\"elementor-widget-wrap elementor-element-populated\">\n\t\t\t\t\t\t<div class=\"elementor-element elementor-element-7c0d248 elementor-widget elementor-widget-heading\" data-id=\"7c0d248\" data-element_type=\"widget\" data-e-type=\"widget\" data-widget_type=\"heading.default\">\n\t\t\t\t<div class=\"elementor-widget-container\">\n\t\t\t\t\t<h2 class=\"elementor-heading-title elementor-size-default\">Mille et une activit\u00e9s \u00e0 faire \u00e0 la Platja Pixerota<\/h2>\t\t\t\t<\/div>\n\t\t\t\t<\/div>\n\t\t\t\t<div class=\"elementor-element elementor-element-f71e0ef elementor-widget elementor-widget-text-editor\" data-id=\"f71e0ef\" data-element_type=\"widget\" data-e-type=\"widget\" data-widget_type=\"text-editor.default\">\n\t\t\t\t<div class=\"elementor-widget-container\">\n\t\t\t\t\t\t\t\t\t<p>La plage de Pixerota offre une grande vari\u00e9t\u00e9 d&rsquo;activit\u00e9s malgr\u00e9 un environnement tr\u00e8s calme et naturel. <b>Outre les bains de soleil et la natation, vous pouvez vous promener le long du rivage ou faire de l&rsquo;exercice<\/b>, qu&rsquo;il s&rsquo;agisse de course \u00e0 pied, de yoga ou d&rsquo;autres activit\u00e9s physiques sur le sable telles que <b>le paddle, le volley-ball, le <i>frisbee<\/i> ou la construction de ch\u00e2teaux de sable.<\/b><\/p><p>Dans l&rsquo;eau, les choses s&rsquo;agitent. Vous pouvez faire de la <b><i>plong\u00e9e avec masque et tuba<\/i><\/b> et explorer l&rsquo;immense vie marine que rec\u00e8le la plage de Pixerota. Bien s\u00fbr, vous devrez prendre votre propre \u00e9quipement. <b>Vous pouvez \u00e9galement p\u00eacher ou faire du <i>paddle surfing<\/i>.<\/b><\/p><p>Et lorsque le soleil se couche, sortez votre appareil photo et essayez d&rsquo;immortaliser la beaut\u00e9 de l&rsquo;endroit. Que vous soyez amateur de photographie ou non, la platja Pixerota vous donnera envie de ramener chez vous un souvenir de ses couchers de soleil.<\/p><p>Si vous pensez que ce n&rsquo;est pas suffisant, dans les environs de la plage de Pixerota, vous trouverez \u00e9galement <b>d&rsquo;incroyables itin\u00e9raires de randonn\u00e9e, une infinit\u00e9 de terrains de golf<\/b> &#8211; pour les amateurs comme pour les d\u00e9butants &#8211; <b>et la possibilit\u00e9 de faire du VTT<\/b>, avec des sentiers qui sillonnent des paysages que vous ne pourriez pas traverser d&rsquo;une autre mani\u00e8re.<\/p>\t\t\t\t\t\t\t\t<\/div>\n\t\t\t\t<\/div>\n\t\t\t\t\t<\/div>\n\t\t<\/div>\n\t\t\t\t\t<\/div>\n\t\t<\/section>\n\t\t\t\t<section class=\"elementor-section elementor-top-section elementor-element elementor-element-84c5289 elementor-section-boxed elementor-section-height-default elementor-section-height-default\" data-id=\"84c5289\" data-element_type=\"section\" data-e-type=\"section\">\n\t\t\t\t\t\t<div class=\"elementor-container elementor-column-gap-default\">\n\t\t\t\t\t<div class=\"elementor-column elementor-col-100 elementor-top-column elementor-element elementor-element-0a29efe\" data-id=\"0a29efe\" data-element_type=\"column\" data-e-type=\"column\">\n\t\t\t<div class=\"elementor-widget-wrap elementor-element-populated\">\n\t\t\t\t\t\t<div class=\"elementor-element elementor-element-55d6248 elementor-widget elementor-widget-heading\" data-id=\"55d6248\" data-element_type=\"widget\" data-e-type=\"widget\" data-widget_type=\"heading.default\">\n\t\t\t\t<div class=\"elementor-widget-container\">\n\t\t\t\t\t<h2 class=\"elementor-heading-title elementor-size-default\">Et quelle est la meilleure p\u00e9riode pour venir \u00e0 la plage de Pixerota ?<\/h2>\t\t\t\t<\/div>\n\t\t\t\t<\/div>\n\t\t\t\t<div class=\"elementor-element elementor-element-44af54f elementor-widget elementor-widget-text-editor\" data-id=\"44af54f\" data-element_type=\"widget\" data-e-type=\"widget\" data-widget_type=\"text-editor.default\">\n\t\t\t\t<div class=\"elementor-widget-container\">\n\t\t\t\t\t\t\t\t\t<p>Cela d\u00e9pend vraiment de vos go\u00fbts. <b>Cependant, le printemps et l&rsquo;\u00e9t\u00e9 sont sans aucun doute les meilleures p\u00e9riodes pour visiter la plage de Pixerota.<\/b><\/p><p>Au printemps, de mars \u00e0 juin, les temp\u00e9ratures sont douces. Elles ne tombent pas en dessous de 15\u00b0 et ne d\u00e9passent pas les 25\u00b0. Par ailleurs, <b>les jours sont beaucoup plus longs<\/b> qu&rsquo;en hiver, ce qui signifie que vous pouvez profiter de plus d&rsquo;heures de clart\u00e9. Mais surtout, au printemps, <b>le nombre de visiteurs est r\u00e9duit<\/b> ; il y a beaucoup moins de touristes qu&rsquo;en \u00e9t\u00e9.<\/p><p>Cependant, bien qu&rsquo;elle soit fr\u00e9quent\u00e9e par un plus grand nombre de personnes, <b>la meilleure p\u00e9riode pour venir \u00e0 la plage de Pixerota est l&rsquo;\u00e9t\u00e9<\/b>, de juin \u00e0 septembre. Le climat chaud et ensoleill\u00e9, avec des temp\u00e9ratures pouvant atteindre 30\u00b0 ou plus, rend \u00e9galement l&rsquo;eau de mer plus chaude et la baignade plus attrayante. En outre, <b>de nombreux festivals mentionn\u00e9s ci-dessus ont lieu en \u00e9t\u00e9<\/b>, ce qui peut ajouter un petit plus \u00e0 votre visite.<\/p><p><b>En automne et en hiver, le temps est encore agr\u00e9able, mais plut\u00f4t frais.<\/b> En septembre et octobre, vous pourrez encore profiter de la plage pour bronzer et faire trempette. Ensuite, vous pouvez vous promener, observer la nature et, seulement si vous \u00eates tr\u00e8s audacieux, vous baigner.<\/p>\t\t\t\t\t\t\t\t<\/div>\n\t\t\t\t<\/div>\n\t\t\t\t\t<\/div>\n\t\t<\/div>\n\t\t\t\t\t<\/div>\n\t\t<\/section>\n\t\t\t\t<section class=\"elementor-section elementor-top-section elementor-element elementor-element-e509e78 elementor-section-boxed elementor-section-height-default elementor-section-height-default\" data-id=\"e509e78\" data-element_type=\"section\" data-e-type=\"section\">\n\t\t\t\t\t\t<div class=\"elementor-container elementor-column-gap-default\">\n\t\t\t\t\t<div class=\"elementor-column elementor-col-100 elementor-top-column elementor-element elementor-element-e7fcf17\" data-id=\"e7fcf17\" data-element_type=\"column\" data-e-type=\"column\">\n\t\t\t<div class=\"elementor-widget-wrap elementor-element-populated\">\n\t\t\t\t\t\t<div class=\"elementor-element elementor-element-01c6301 elementor-widget elementor-widget-video\" data-id=\"01c6301\" data-element_type=\"widget\" data-e-type=\"widget\" data-settings=\"{&quot;youtube_url&quot;:&quot;https:\\\/\\\/www.youtube.com\\\/watch?v=_aHzP9XdR_Y&quot;,&quot;video_type&quot;:&quot;youtube&quot;,&quot;controls&quot;:&quot;yes&quot;}\" data-widget_type=\"video.default\">\n\t\t\t\t<div class=\"elementor-widget-container\">\n\t\t\t\t\t\t\t<div class=\"elementor-wrapper elementor-open-inline\">\n\t\t\t<div class=\"elementor-video\"><\/div>\t\t<\/div>\n\t\t\t\t\t\t<\/div>\n\t\t\t\t<\/div>\n\t\t\t\t\t<\/div>\n\t\t<\/div>\n\t\t\t\t\t<\/div>\n\t\t<\/section>\n\t\t\t\t<section class=\"elementor-section elementor-top-section elementor-element elementor-element-38451839 elementor-section-boxed elementor-section-height-default elementor-section-height-default\" data-id=\"38451839\" data-element_type=\"section\" data-e-type=\"section\">\n\t\t\t\t\t\t<div class=\"elementor-container elementor-column-gap-default\">\n\t\t\t\t\t<div class=\"elementor-column elementor-col-100 elementor-top-column elementor-element elementor-element-2ae94acd\" data-id=\"2ae94acd\" data-element_type=\"column\" data-e-type=\"column\">\n\t\t\t<div class=\"elementor-widget-wrap elementor-element-populated\">\n\t\t\t\t\t\t<div class=\"elementor-element elementor-element-74bb061c elementor-widget elementor-widget-heading\" data-id=\"74bb061c\" data-element_type=\"widget\" data-e-type=\"widget\" data-widget_type=\"heading.default\">\n\t\t\t\t<div class=\"elementor-widget-container\">\n\t\t\t\t\t<h2 class=\"elementor-heading-title elementor-size-default\">Venez d\u00e9couvrir la beaut\u00e9 de la platja Pixerota<\/h2>\t\t\t\t<\/div>\n\t\t\t\t<\/div>\n\t\t\t\t<div class=\"elementor-element elementor-element-449898c2 elementor-widget elementor-widget-text-editor\" data-id=\"449898c2\" data-element_type=\"widget\" data-e-type=\"widget\" data-widget_type=\"text-editor.default\">\n\t\t\t\t<div class=\"elementor-widget-container\">\n\t\t\t\t\t\t\t\t\t<p>Vous cherchez une destination calme et charmante sur la Costa Dorada pour passer vos vacances ? Vous \u00eates au bon endroit ! <strong>La plage de Pixerota vous attend avec son sable dor\u00e9, ses eaux cristallines et son environnement naturel pratiquement intact.<\/strong> Venez profiter de longues promenades le long du rivage, de journ\u00e9es ensoleill\u00e9es et de couchers de soleil inoubliables.<\/p><p>Mais il y a quelque chose d&rsquo;encore plus confortable et accueillant que la plage de Pixerota : nos logements. Ils sont con\u00e7us pour vous offrir un maximum de confort et le plus beau, c&rsquo;est qu&rsquo;\u00e0 partir de n&rsquo;importe lequel d&rsquo;entre eux, vous pourrez explorer les merveilles de Mont-roig del Camp et de Cambrils pour d\u00e9couvrir la r\u00e9gion en profondeur. Il ne vous reste plus qu&rsquo;\u00e0 chercher et \u00e0 r\u00e9server votre logement <a href=\"https:\/\/www.parque-montroig.com\/alquiler\/alquileres-mont-roig-del-camp-d235\/vista-cuadricula\/\">ici<\/a> et \u00e0 venir profiter de la plage de Pixerota et de tout ce que ses environs ont \u00e0 offrir.<\/p>\t\t\t\t\t\t\t\t<\/div>\n\t\t\t\t<\/div>\n\t\t\t\t\t<\/div>\n\t\t<\/div>\n\t\t\t\t\t<\/div>\n\t\t<\/section>\n\t\t\t\t<section class=\"elementor-section elementor-top-section elementor-element elementor-element-27d8bae6 elementor-section-boxed elementor-section-height-default elementor-section-height-default\" data-id=\"27d8bae6\" data-element_type=\"section\" data-e-type=\"section\">\n\t\t\t\t\t\t<div class=\"elementor-container elementor-column-gap-default\">\n\t\t\t\t\t<div class=\"elementor-column elementor-col-25 elementor-top-column elementor-element elementor-element-1d0542ae\" data-id=\"1d0542ae\" data-element_type=\"column\" data-e-type=\"column\">\n\t\t\t<div class=\"elementor-widget-wrap elementor-element-populated\">\n\t\t\t\t\t\t<div class=\"elementor-element elementor-element-7aefcbb8 elementor-align-center elementor-widget elementor-widget-button\" data-id=\"7aefcbb8\" data-element_type=\"widget\" data-e-type=\"widget\" data-widget_type=\"button.default\">\n\t\t\t\t<div class=\"elementor-widget-container\">\n\t\t\t\t\t\t\t\t\t<div class=\"elementor-button-wrapper\">\n\t\t\t\t\t<a class=\"elementor-button elementor-button-link elementor-size-sm\" href=\"https:\/\/www.parque-montroig.com\/fr\/location\/locations-cambrils-d73\/\">\n\t\t\t\t\t\t<span class=\"elementor-button-content-wrapper\">\n\t\t\t\t\t\t\t\t\t<span class=\"elementor-button-text\">Locations \u00e0 Cambrils<\/span>\n\t\t\t\t\t<\/span>\n\t\t\t\t\t<\/a>\n\t\t\t\t<\/div>\n\t\t\t\t\t\t\t\t<\/div>\n\t\t\t\t<\/div>\n\t\t\t\t\t<\/div>\n\t\t<\/div>\n\t\t\t\t<div class=\"elementor-column elementor-col-25 elementor-top-column elementor-element elementor-element-3fcbe535\" data-id=\"3fcbe535\" data-element_type=\"column\" data-e-type=\"column\">\n\t\t\t<div class=\"elementor-widget-wrap elementor-element-populated\">\n\t\t\t\t\t\t<div class=\"elementor-element elementor-element-18e67faf elementor-align-center elementor-widget elementor-widget-button\" data-id=\"18e67faf\" data-element_type=\"widget\" data-e-type=\"widget\" data-widget_type=\"button.default\">\n\t\t\t\t<div class=\"elementor-widget-container\">\n\t\t\t\t\t\t\t\t\t<div class=\"elementor-button-wrapper\">\n\t\t\t\t\t<a class=\"elementor-button elementor-button-link elementor-size-sm\" href=\"https:\/\/www.parque-montroig.com\/fr\/location\/appartements-cambrils-c1d73\/\">\n\t\t\t\t\t\t<span class=\"elementor-button-content-wrapper\">\n\t\t\t\t\t\t\t\t\t<span class=\"elementor-button-text\">Appartements \u00e0 Cambrils<\/span>\n\t\t\t\t\t<\/span>\n\t\t\t\t\t<\/a>\n\t\t\t\t<\/div>\n\t\t\t\t\t\t\t\t<\/div>\n\t\t\t\t<\/div>\n\t\t\t\t\t<\/div>\n\t\t<\/div>\n\t\t\t\t<div class=\"elementor-column elementor-col-25 elementor-top-column elementor-element elementor-element-38b510e\" data-id=\"38b510e\" data-element_type=\"column\" data-e-type=\"column\">\n\t\t\t<div class=\"elementor-widget-wrap elementor-element-populated\">\n\t\t\t\t\t\t<div class=\"elementor-element elementor-element-2ce28117 elementor-align-center elementor-widget elementor-widget-button\" data-id=\"2ce28117\" data-element_type=\"widget\" data-e-type=\"widget\" data-widget_type=\"button.default\">\n\t\t\t\t<div class=\"elementor-widget-container\">\n\t\t\t\t\t\t\t\t\t<div class=\"elementor-button-wrapper\">\n\t\t\t\t\t<a class=\"elementor-button elementor-button-link elementor-size-sm\" href=\"https:\/\/www.parque-montroig.com\/fr\/location\/maisons-cambrils-c19d73\/\">\n\t\t\t\t\t\t<span class=\"elementor-button-content-wrapper\">\n\t\t\t\t\t\t\t\t\t<span class=\"elementor-button-text\">Maisons \u00e0 Cambrils<\/span>\n\t\t\t\t\t<\/span>\n\t\t\t\t\t<\/a>\n\t\t\t\t<\/div>\n\t\t\t\t\t\t\t\t<\/div>\n\t\t\t\t<\/div>\n\t\t\t\t\t<\/div>\n\t\t<\/div>\n\t\t\t\t<div class=\"elementor-column elementor-col-25 elementor-top-column elementor-element elementor-element-22cc29e5\" data-id=\"22cc29e5\" data-element_type=\"column\" data-e-type=\"column\">\n\t\t\t<div class=\"elementor-widget-wrap elementor-element-populated\">\n\t\t\t\t\t\t<div class=\"elementor-element elementor-element-38f334e0 elementor-align-center elementor-widget elementor-widget-button\" data-id=\"38f334e0\" data-element_type=\"widget\" data-e-type=\"widget\" data-widget_type=\"button.default\">\n\t\t\t\t<div class=\"elementor-widget-container\">\n\t\t\t\t\t\t\t\t\t<div class=\"elementor-button-wrapper\">\n\t\t\t\t\t<a class=\"elementor-button elementor-button-link elementor-size-sm\" href=\"https:\/\/www.parque-montroig.com\/fr\/location\/villas-cambrils-c2d73\/\">\n\t\t\t\t\t\t<span class=\"elementor-button-content-wrapper\">\n\t\t\t\t\t\t\t\t\t<span class=\"elementor-button-text\">Villas \u00e0 Cambrils<\/span>\n\t\t\t\t\t<\/span>\n\t\t\t\t\t<\/a>\n\t\t\t\t<\/div>\n\t\t\t\t\t\t\t\t<\/div>\n\t\t\t\t<\/div>\n\t\t\t\t\t<\/div>\n\t\t<\/div>\n\t\t\t\t\t<\/div>\n\t\t<\/section>\n\t\t\t\t<\/div>\n\t\t","protected":false},"excerpt":{"rendered":"<p>Venez d\u00e9couvrir la plage calme de Pixerota La plage de Pixerota, plus connue sous le nom de \u00ab\u00a0platja de la&#8230;<\/p>\n","protected":false},"author":3,"featured_media":4772,"comment_status":"open","ping_status":"closed","sticky":false,"template":"","format":"standard","meta":{"footnotes":""},"categories":[3,26],"tags":[],"class_list":["post-4751","post","type-post","status-publish","format-standard","has-post-thumbnail","hentry","category-non-classifiee","category-la-costa-dorada-fr"],"_links":{"self":[{"href":"https:\/\/www.parque-montroig.com\/blog\/fr\/wp-json\/wp\/v2\/posts\/4751","targetHints":{"allow":["GET"]}}],"collection":[{"href":"https:\/\/www.parque-montroig.com\/blog\/fr\/wp-json\/wp\/v2\/posts"}],"about":[{"href":"https:\/\/www.parque-montroig.com\/blog\/fr\/wp-json\/wp\/v2\/types\/post"}],"author":[{"embeddable":true,"href":"https:\/\/www.parque-montroig.com\/blog\/fr\/wp-json\/wp\/v2\/users\/3"}],"replies":[{"embeddable":true,"href":"https:\/\/www.parque-montroig.com\/blog\/fr\/wp-json\/wp\/v2\/comments?post=4751"}],"version-history":[{"count":11,"href":"https:\/\/www.parque-montroig.com\/blog\/fr\/wp-json\/wp\/v2\/posts\/4751\/revisions"}],"predecessor-version":[{"id":4856,"href":"https:\/\/www.parque-montroig.com\/blog\/fr\/wp-json\/wp\/v2\/posts\/4751\/revisions\/4856"}],"wp:featuredmedia":[{"embeddable":true,"href":"https:\/\/www.parque-montroig.com\/blog\/fr\/wp-json\/wp\/v2\/media\/4772"}],"wp:attachment":[{"href":"https:\/\/www.parque-montroig.com\/blog\/fr\/wp-json\/wp\/v2\/media?parent=4751"}],"wp:term":[{"taxonomy":"category","embeddable":true,"href":"https:\/\/www.parque-montroig.com\/blog\/fr\/wp-json\/wp\/v2\/categories?post=4751"},{"taxonomy":"post_tag","embeddable":true,"href":"https:\/\/www.parque-montroig.com\/blog\/fr\/wp-json\/wp\/v2\/tags?post=4751"}],"curies":[{"name":"wp","href":"https:\/\/api.w.org\/{rel}","templated":true}]}}