{"id":5609,"date":"2025-04-17T13:50:53","date_gmt":"2025-04-17T11:50:53","guid":{"rendered":"https:\/\/www.parque-montroig.com\/blog\/?p=5609"},"modified":"2025-04-30T10:26:46","modified_gmt":"2025-04-30T08:26:46","slug":"mise-a-jour-de-la-taxe-de-sejour-sur-les-locations-de-vacances-sur-la-costa-dorada","status":"publish","type":"post","link":"https:\/\/www.parque-montroig.com\/blog\/fr\/mise-a-jour-de-la-taxe-de-sejour-sur-les-locations-de-vacances-sur-la-costa-dorada\/","title":{"rendered":"Mise \u00e0 jour de la taxe de s\u00e9jour sur les locations de vacances sur la Costa Dorada"},"content":{"rendered":"\t\t<div data-elementor-type=\"wp-post\" data-elementor-id=\"5609\" class=\"elementor elementor-5609 elementor-5580\" data-elementor-post-type=\"post\">\n\t\t\t\t\t\t<section class=\"elementor-section elementor-top-section elementor-element elementor-element-dca0187 elementor-section-boxed elementor-section-height-default elementor-section-height-default\" data-id=\"dca0187\" data-element_type=\"section\" data-e-type=\"section\">\n\t\t\t\t\t\t<div class=\"elementor-container elementor-column-gap-default\">\n\t\t\t\t\t<div class=\"elementor-column elementor-col-100 elementor-top-column elementor-element elementor-element-fdeef56\" data-id=\"fdeef56\" data-element_type=\"column\" data-e-type=\"column\">\n\t\t\t<div class=\"elementor-widget-wrap elementor-element-populated\">\n\t\t\t\t\t\t<div class=\"elementor-element elementor-element-fe5e9ad elementor-widget elementor-widget-heading\" data-id=\"fe5e9ad\" data-element_type=\"widget\" data-e-type=\"widget\" data-widget_type=\"heading.default\">\n\t\t\t\t<div class=\"elementor-widget-container\">\n\t\t\t\t\t<h2 class=\"elementor-heading-title elementor-size-default\">Modifications de la taxe de s\u00e9jour en Catalogne \u00e0 partir du 1er mai 2025<\/h2>\t\t\t\t<\/div>\n\t\t\t\t<\/div>\n\t\t\t\t\t<\/div>\n\t\t<\/div>\n\t\t\t\t\t<\/div>\n\t\t<\/section>\n\t\t\t\t<section class=\"elementor-section elementor-top-section elementor-element elementor-element-15a8c68 elementor-section-boxed elementor-section-height-default elementor-section-height-default\" data-id=\"15a8c68\" data-element_type=\"section\" data-e-type=\"section\">\n\t\t\t\t\t\t<div class=\"elementor-container elementor-column-gap-default\">\n\t\t\t\t\t<div class=\"elementor-column elementor-col-100 elementor-top-column elementor-element elementor-element-a990a00\" data-id=\"a990a00\" data-element_type=\"column\" data-e-type=\"column\">\n\t\t\t<div class=\"elementor-widget-wrap elementor-element-populated\">\n\t\t\t\t\t\t<div class=\"elementor-element elementor-element-0a3d6bc elementor-widget elementor-widget-text-editor\" data-id=\"0a3d6bc\" data-element_type=\"widget\" data-e-type=\"widget\" data-widget_type=\"text-editor.default\">\n\t\t\t\t<div class=\"elementor-widget-container\">\n\t\t\t\t\t\t\t\t\t<p><i>DERNI\u00c8RE MINUTE<\/i><br \/><b>L\u2019augmentation de la taxe sur les s\u00e9jours touristiques est report\u00e9e.<br \/><\/b><img decoding=\"async\" class=\"an1\" draggable=\"false\" src=\"https:\/\/fonts.gstatic.com\/s\/e\/notoemoji\/16.0\/274c\/32.png\" alt=\"\u274c\" data-emoji=\"\u274c\" aria-label=\"\u274c\" \/>\u00a0Elle ne s\u2019appliquera pas le 1er mai comme pr\u00e9vu ;\u00a0<i>la nouvelle date pr\u00e9vue est le 1er octobre 2025<\/i>.<\/p>\t\t\t\t\t\t\t\t<\/div>\n\t\t\t\t<\/div>\n\t\t\t\t\t<\/div>\n\t\t<\/div>\n\t\t\t\t\t<\/div>\n\t\t<\/section>\n\t\t\t\t<section class=\"elementor-section elementor-top-section elementor-element elementor-element-79df161d elementor-section-boxed elementor-section-height-default elementor-section-height-default\" data-id=\"79df161d\" data-element_type=\"section\" data-e-type=\"section\">\n\t\t\t\t\t\t<div class=\"elementor-container elementor-column-gap-default\">\n\t\t\t\t\t<div class=\"elementor-column elementor-col-100 elementor-top-column elementor-element elementor-element-640b5a11\" data-id=\"640b5a11\" data-element_type=\"column\" data-e-type=\"column\">\n\t\t\t<div class=\"elementor-widget-wrap elementor-element-populated\">\n\t\t\t\t\t\t<div class=\"elementor-element elementor-element-63f0ab4f elementor-widget elementor-widget-text-editor\" data-id=\"63f0ab4f\" data-element_type=\"widget\" data-e-type=\"widget\" data-widget_type=\"text-editor.default\">\n\t\t\t\t<div class=\"elementor-widget-container\">\n\t\t\t\t\t\t\t\t\t<p>Chez <strong>Parc Mont-roig<\/strong>, nous souhaitons vous informer de mani\u00e8re claire et transparente sur une modification importante de l&rsquo;<strong>Imp\u00f4t sur les S\u00e9jours dans les \u00c9tablissements Touristiques<\/strong> (IEET), \u00e9galement connu sous le nom de <strong>taxe de s\u00e9jour.<\/strong>\u00a0Ce changement concerne tous les h\u00e9bergements touristiques de la r\u00e9gion, y compris nos <strong>h\u00e9bergements de vacances \u00e0 Miami Platja, Mont-roig del Camp et Cambrils<\/strong>, situ\u00e9s sur la magnifique <strong>Costa Dorada<\/strong>.<\/p>\t\t\t\t\t\t\t\t<\/div>\n\t\t\t\t<\/div>\n\t\t\t\t\t<\/div>\n\t\t<\/div>\n\t\t\t\t\t<\/div>\n\t\t<\/section>\n\t\t\t\t<section class=\"elementor-section elementor-top-section elementor-element elementor-element-3d9a5fcd elementor-section-boxed elementor-section-height-default elementor-section-height-default\" data-id=\"3d9a5fcd\" data-element_type=\"section\" data-e-type=\"section\">\n\t\t\t\t\t\t<div class=\"elementor-container elementor-column-gap-default\">\n\t\t\t\t\t<div class=\"elementor-column elementor-col-100 elementor-top-column elementor-element elementor-element-72efb488\" data-id=\"72efb488\" data-element_type=\"column\" data-e-type=\"column\">\n\t\t\t<div class=\"elementor-widget-wrap elementor-element-populated\">\n\t\t\t\t\t\t<div class=\"elementor-element elementor-element-7d320978 elementor-widget__width-initial elementor-widget elementor-widget-heading\" data-id=\"7d320978\" data-element_type=\"widget\" data-e-type=\"widget\" data-widget_type=\"heading.default\">\n\t\t\t\t<div class=\"elementor-widget-container\">\n\t\t\t\t\t<h2 class=\"elementor-heading-title elementor-size-small\"> <h2><strong> Quel est le nouveau montant de la taxe de s\u00e9jour ?<\/strong><\/h2><\/h2>\t\t\t\t<\/div>\n\t\t\t\t<\/div>\n\t\t\t\t<div class=\"elementor-element elementor-element-4f89b5a5 elementor-widget elementor-widget-text-editor\" data-id=\"4f89b5a5\" data-element_type=\"widget\" data-e-type=\"widget\" data-widget_type=\"text-editor.default\">\n\t\t\t\t<div class=\"elementor-widget-container\">\n\t\t\t\t\t\t\t\t\t<p>\u00c0 partir de cette date, la <strong>Generalitat de Catalunya<\/strong> a \u00e9tabli le tarif officiel suivant pour la taxe de s\u00e9jour :<\/p><ul><li><strong>2 \u20ac + TVA (2,20 \u20ac)<\/strong> par personne et par nuit.<\/li><li>Cette taxe est limit\u00e9e \u00e0 un <strong>maximum de 7 nuits<\/strong> par s\u00e9jour.<\/li><li><strong>Les enfants de moins de 17 ans sont exon\u00e9r\u00e9s<\/strong> de cette taxe.<\/li><\/ul><p>Il est important de noter que cette taxe doit \u00eatre pay\u00e9e par <strong>tous les invit\u00e9s majeurs<\/strong> et est obligatoire conform\u00e9ment \u00e0 la r\u00e9glementation fiscale en vigueur.<\/p><p>Pour plus d&rsquo;informations actualis\u00e9es, vous pouvez consulter le <strong><a href=\"https:\/\/www.agenciatributaria.cat\/\" target=\"_blank\" rel=\"noopener\">site officiel de l&rsquo;Agence fiscale de Catalogne<\/a><\/strong> :<\/p><p><strong><a href=\"https:\/\/www.agenciatributaria.cat\/\" target=\"_blank\" rel=\"noopener\">Consulter toutes les informations compl\u00e8tes ici<\/a><\/strong><\/p>\t\t\t\t\t\t\t\t<\/div>\n\t\t\t\t<\/div>\n\t\t\t\t\t<\/div>\n\t\t<\/div>\n\t\t\t\t\t<\/div>\n\t\t<\/section>\n\t\t\t\t<section class=\"elementor-section elementor-top-section elementor-element elementor-element-f1112ff elementor-section-boxed elementor-section-height-default elementor-section-height-default\" data-id=\"f1112ff\" data-element_type=\"section\" data-e-type=\"section\">\n\t\t\t\t\t\t<div class=\"elementor-container elementor-column-gap-default\">\n\t\t\t\t\t<div class=\"elementor-column elementor-col-100 elementor-top-column elementor-element elementor-element-2a0a728\" data-id=\"2a0a728\" data-element_type=\"column\" data-e-type=\"column\">\n\t\t\t<div class=\"elementor-widget-wrap elementor-element-populated\">\n\t\t\t\t\t\t<div class=\"elementor-element elementor-element-26bef98 elementor-widget elementor-widget-image\" data-id=\"26bef98\" data-element_type=\"widget\" data-e-type=\"widget\" data-widget_type=\"image.default\">\n\t\t\t\t<div class=\"elementor-widget-container\">\n\t\t\t\t\t\t\t\t\t\t\t\t\t\t\t<img fetchpriority=\"high\" decoding=\"async\" width=\"1920\" height=\"650\" src=\"https:\/\/www.parque-montroig.com\/blog\/wp-content\/uploads\/2025\/01\/Semana-santa-costa-dorada.webp.webp\" class=\"attachment-full size-full wp-image-5230\" alt=\"Semana-santa-costa-dorada\" srcset=\"https:\/\/www.parque-montroig.com\/blog\/wp-content\/uploads\/2025\/01\/Semana-santa-costa-dorada.webp.webp 1920w, https:\/\/www.parque-montroig.com\/blog\/wp-content\/uploads\/2025\/01\/Semana-santa-costa-dorada.webp-768x260.webp 768w, https:\/\/www.parque-montroig.com\/blog\/wp-content\/uploads\/2025\/01\/Semana-santa-costa-dorada.webp-1536x520.webp 1536w\" sizes=\"(max-width: 1920px) 100vw, 1920px\" \/>\t\t\t\t\t\t\t\t\t\t\t\t\t\t\t<\/div>\n\t\t\t\t<\/div>\n\t\t\t\t\t<\/div>\n\t\t<\/div>\n\t\t\t\t\t<\/div>\n\t\t<\/section>\n\t\t\t\t<section class=\"elementor-section elementor-top-section elementor-element elementor-element-b56fdda elementor-section-boxed elementor-section-height-default elementor-section-height-default\" data-id=\"b56fdda\" data-element_type=\"section\" data-e-type=\"section\">\n\t\t\t\t\t\t<div class=\"elementor-container elementor-column-gap-default\">\n\t\t\t\t\t<div class=\"elementor-column elementor-col-100 elementor-top-column elementor-element elementor-element-a54be81\" data-id=\"a54be81\" data-element_type=\"column\" data-e-type=\"column\">\n\t\t\t<div class=\"elementor-widget-wrap elementor-element-populated\">\n\t\t\t\t\t\t<div class=\"elementor-element elementor-element-d913bb2 elementor-widget elementor-widget-text-editor\" data-id=\"d913bb2\" data-element_type=\"widget\" data-e-type=\"widget\" data-widget_type=\"text-editor.default\">\n\t\t\t\t<div class=\"elementor-widget-container\">\n\t\t\t\t\t\t\t\t\t<h2><strong>Comment cette taxe affecte-t-elle votre r\u00e9servation ?<\/strong><\/h2><p>Ce nouveau montant s&rsquo;appliquera \u00e0 <strong>toutes les r\u00e9servations<\/strong> dont le s\u00e9jour commence \u00e0 partir du 1er mai 2025, quelle que soit la date de la r\u00e9servation.<\/p><p>C&rsquo;est une mesure que nous sommes tenus de mettre en \u0153uvre par la loi, et nous vous remercions sinc\u00e8rement pour votre compr\u00e9hension et coop\u00e9ration.<\/p>\t\t\t\t\t\t\t\t<\/div>\n\t\t\t\t<\/div>\n\t\t\t\t\t<\/div>\n\t\t<\/div>\n\t\t\t\t\t<\/div>\n\t\t<\/section>\n\t\t\t\t<section class=\"elementor-section elementor-top-section elementor-element elementor-element-59ddfd81 elementor-section-boxed elementor-section-height-default elementor-section-height-default\" data-id=\"59ddfd81\" data-element_type=\"section\" data-e-type=\"section\">\n\t\t\t\t\t\t<div class=\"elementor-container elementor-column-gap-default\">\n\t\t\t\t\t<div class=\"elementor-column elementor-col-100 elementor-top-column elementor-element elementor-element-13694c0f\" data-id=\"13694c0f\" data-element_type=\"column\" data-e-type=\"column\">\n\t\t\t<div class=\"elementor-widget-wrap elementor-element-populated\">\n\t\t\t\t\t\t<div class=\"elementor-element elementor-element-4eaf5e23 elementor-widget elementor-widget-text-editor\" data-id=\"4eaf5e23\" data-element_type=\"widget\" data-e-type=\"widget\" data-widget_type=\"text-editor.default\">\n\t\t\t\t<div class=\"elementor-widget-container\">\n\t\t\t\t\t\t\t\t\t <h2><strong>Pourquoi cette taxe de s\u00e9jour est-elle appliqu\u00e9e ?<\/strong><\/h2>\n\n    <p>La taxe de s\u00e9jour est une pratique courante dans de nombreuses villes et destinations touristiques \u00e0 travers le monde. Son objectif est de <strong>contribuer \u00e0 l&rsquo;entretien et \u00e0 l&rsquo;am\u00e9lioration des infrastructures et des services touristiques<\/strong>, garantissant ainsi \u00e0 tous les visiteurs une exp\u00e9rience de qualit\u00e9.<\/p>\n\n    <p>Bien que nous comprenions qu&rsquo;il s&rsquo;agisse d&rsquo;un co\u00fbt suppl\u00e9mentaire, il s&rsquo;agit \u00e9galement d&rsquo;<strong>une contribution pour pr\u00e9server et am\u00e9liorer notre environnement touristique<\/strong>, ce qui b\u00e9n\u00e9ficie \u00e0 tous ceux qui profitent de cette magnifique r\u00e9gion.<\/p>\t\t\t\t\t\t\t\t<\/div>\n\t\t\t\t<\/div>\n\t\t\t\t\t<\/div>\n\t\t<\/div>\n\t\t\t\t\t<\/div>\n\t\t<\/section>\n\t\t\t\t<section class=\"elementor-section elementor-top-section elementor-element elementor-element-0149458 elementor-section-boxed elementor-section-height-default elementor-section-height-default\" data-id=\"0149458\" data-element_type=\"section\" data-e-type=\"section\">\n\t\t\t\t\t\t<div class=\"elementor-container elementor-column-gap-default\">\n\t\t\t\t\t<div class=\"elementor-column elementor-col-100 elementor-top-column elementor-element elementor-element-c1a03e9\" data-id=\"c1a03e9\" data-element_type=\"column\" data-e-type=\"column\">\n\t\t\t<div class=\"elementor-widget-wrap elementor-element-populated\">\n\t\t\t\t\t\t<div class=\"elementor-element elementor-element-f293f70 elementor-widget elementor-widget-text-editor\" data-id=\"f293f70\" data-element_type=\"widget\" data-e-type=\"widget\" data-widget_type=\"text-editor.default\">\n\t\t\t\t<div class=\"elementor-widget-container\">\n\t\t\t\t\t\t\t\t\t<h2><strong>Un effort partag\u00e9<\/strong><\/h2><p>Chez <strong>Parc Mont-roig<\/strong>, nous assumons ce changement avec responsabilit\u00e9 et dans un esprit positif. Bien qu&rsquo;il entra\u00eene une charge administrative suppl\u00e9mentaire pour notre \u00e9quipe, nous continuons \u00e0 travailler avec la m\u00eame d\u00e9vouement pour vous offrir un service <strong>clair, rapide et professionnel<\/strong>.<\/p><p>Notre engagement est de rendre ce processus aussi simple et pratique que possible pour tous nos invit\u00e9s, comme nous l&rsquo;avons toujours fait.<\/p>\t\t\t\t\t\t\t\t<\/div>\n\t\t\t\t<\/div>\n\t\t\t\t\t<\/div>\n\t\t<\/div>\n\t\t\t\t\t<\/div>\n\t\t<\/section>\n\t\t\t\t<section class=\"elementor-section elementor-top-section elementor-element elementor-element-6d98db2 elementor-section-boxed elementor-section-height-default elementor-section-height-default\" data-id=\"6d98db2\" data-element_type=\"section\" data-e-type=\"section\">\n\t\t\t\t\t\t<div class=\"elementor-container elementor-column-gap-default\">\n\t\t\t\t\t<div class=\"elementor-column elementor-col-100 elementor-top-column elementor-element elementor-element-c09ed4d\" data-id=\"c09ed4d\" data-element_type=\"column\" data-e-type=\"column\">\n\t\t\t<div class=\"elementor-widget-wrap elementor-element-populated\">\n\t\t\t\t\t\t<div class=\"elementor-element elementor-element-9698a65 elementor-widget elementor-widget-image\" data-id=\"9698a65\" data-element_type=\"widget\" data-e-type=\"widget\" data-widget_type=\"image.default\">\n\t\t\t\t<div class=\"elementor-widget-container\">\n\t\t\t\t\t\t\t\t\t\t\t\t\t\t\t<img decoding=\"async\" width=\"1920\" height=\"650\" src=\"https:\/\/www.parque-montroig.com\/blog\/wp-content\/uploads\/2024\/01\/Estival-apartments-in-Costa-Dorada.jpg\" class=\"attachment-full size-full wp-image-4181\" alt=\"Estival apartments in Costa Dorada\" srcset=\"https:\/\/www.parque-montroig.com\/blog\/wp-content\/uploads\/2024\/01\/Estival-apartments-in-Costa-Dorada.jpg 1920w, https:\/\/www.parque-montroig.com\/blog\/wp-content\/uploads\/2024\/01\/Estival-apartments-in-Costa-Dorada-768x260.jpg 768w, https:\/\/www.parque-montroig.com\/blog\/wp-content\/uploads\/2024\/01\/Estival-apartments-in-Costa-Dorada-1536x520.jpg 1536w\" sizes=\"(max-width: 1920px) 100vw, 1920px\" \/>\t\t\t\t\t\t\t\t\t\t\t\t\t\t\t<\/div>\n\t\t\t\t<\/div>\n\t\t\t\t\t<\/div>\n\t\t<\/div>\n\t\t\t\t\t<\/div>\n\t\t<\/section>\n\t\t\t\t<section class=\"elementor-section elementor-top-section elementor-element elementor-element-e41c66e elementor-section-boxed elementor-section-height-default elementor-section-height-default\" data-id=\"e41c66e\" data-element_type=\"section\" data-e-type=\"section\">\n\t\t\t\t\t\t<div class=\"elementor-container elementor-column-gap-default\">\n\t\t\t\t\t<div class=\"elementor-column elementor-col-100 elementor-top-column elementor-element elementor-element-00d0841\" data-id=\"00d0841\" data-element_type=\"column\" data-e-type=\"column\">\n\t\t\t<div class=\"elementor-widget-wrap elementor-element-populated\">\n\t\t\t\t\t\t<div class=\"elementor-element elementor-element-1167a0b elementor-widget elementor-widget-text-editor\" data-id=\"1167a0b\" data-element_type=\"widget\" data-e-type=\"widget\" data-widget_type=\"text-editor.default\">\n\t\t\t\t<div class=\"elementor-widget-container\">\n\t\t\t\t\t\t\t\t\t<h2><strong>Quels changements pourraient se produire \u00e0 l&rsquo;avenir ?<\/strong><\/h2><p>Nous tenons \u00e0 vous rappeler que cette taxe de s\u00e9jour pourrait \u00eatre modifi\u00e9e par les autorit\u00e9s \u00e0 l&rsquo;avenir, tant en ce qui concerne son <strong>montant<\/strong> que ses <strong>conditions<\/strong>. En cas de modification, nous nous engageons \u00e0 vous <strong>tenir inform\u00e9s<\/strong> de mani\u00e8re transparente, comme toujours.<\/p><p><strong>Merci pour votre confiance.<\/strong><\/p><p>Si vous avez des questions sur la taxe de s\u00e9jour ou sur votre r\u00e9servation, n&rsquo;h\u00e9sitez pas \u00e0 <strong><a href=\"mailto:info@parque-montroig.com\">contacter notre \u00e9quipe<\/a><\/strong>. Nous serons ravis de vous aider.<\/p><p><strong>Parc Mont-roig<\/strong><br \/>Sp\u00e9cialistes de la <strong>location de vacances \u00e0 Miami Platja, Mont-roig del Camp et Cambrils \u2013 Costa Dorada<\/strong>.<\/p><p>\u00a0<\/p>\t\t\t\t\t\t\t\t<\/div>\n\t\t\t\t<\/div>\n\t\t\t\t\t<\/div>\n\t\t<\/div>\n\t\t\t\t\t<\/div>\n\t\t<\/section>\n\t\t\t\t<section class=\"elementor-section elementor-top-section elementor-element elementor-element-f52f03c elementor-section-boxed elementor-section-height-default elementor-section-height-default\" data-id=\"f52f03c\" data-element_type=\"section\" data-e-type=\"section\">\n\t\t\t\t\t\t<div class=\"elementor-container elementor-column-gap-default\">\n\t\t\t\t\t<div class=\"elementor-column elementor-col-100 elementor-top-column elementor-element elementor-element-33452adf\" data-id=\"33452adf\" data-element_type=\"column\" data-e-type=\"column\">\n\t\t\t<div class=\"elementor-widget-wrap elementor-element-populated\">\n\t\t\t\t\t\t<div class=\"elementor-element elementor-element-5c0792aa elementor-widget-divider--view-line elementor-widget elementor-widget-divider\" data-id=\"5c0792aa\" data-element_type=\"widget\" data-e-type=\"widget\" data-widget_type=\"divider.default\">\n\t\t\t\t<div class=\"elementor-widget-container\">\n\t\t\t\t\t\t\t<div class=\"elementor-divider\">\n\t\t\t<span class=\"elementor-divider-separator\">\n\t\t\t\t\t\t<\/span>\n\t\t<\/div>\n\t\t\t\t\t\t<\/div>\n\t\t\t\t<\/div>\n\t\t\t\t\t<\/div>\n\t\t<\/div>\n\t\t\t\t\t<\/div>\n\t\t<\/section>\n\t\t\t\t<section class=\"elementor-section elementor-top-section elementor-element elementor-element-40ee6d1d elementor-section-boxed elementor-section-height-default elementor-section-height-default\" data-id=\"40ee6d1d\" data-element_type=\"section\" data-e-type=\"section\">\n\t\t\t\t\t\t<div class=\"elementor-container elementor-column-gap-default\">\n\t\t\t\t\t<div class=\"elementor-column elementor-col-33 elementor-top-column elementor-element elementor-element-140bb096\" data-id=\"140bb096\" data-element_type=\"column\" data-e-type=\"column\">\n\t\t\t<div class=\"elementor-widget-wrap elementor-element-populated\">\n\t\t\t\t\t\t<div class=\"elementor-element elementor-element-503c5c06 elementor-cta--skin-cover elementor-cta--valign-bottom elementor-animated-content elementor-bg-transform elementor-bg-transform-zoom-in elementor-widget elementor-widget-call-to-action\" data-id=\"503c5c06\" data-element_type=\"widget\" data-e-type=\"widget\" data-widget_type=\"call-to-action.default\">\n\t\t\t\t<div class=\"elementor-widget-container\">\n\t\t\t\t\t\t\t<div class=\"elementor-cta\">\n\t\t\t\t\t<div class=\"elementor-cta__bg-wrapper\">\n\t\t\t\t<div class=\"elementor-cta__bg elementor-bg\" style=\"background-image: url(https:\/\/www.parque-montroig.com\/blog\/wp-content\/uploads\/2023\/03\/parcmontroig-tiempo-clima-miami-playa-blog-600x630.jpg);\" role=\"img\" aria-label=\"Parc Montroig Tiempo Clima en Miami Playa\"><\/div>\n\t\t\t\t<div class=\"elementor-cta__bg-overlay\"><\/div>\n\t\t\t<\/div>\n\t\t\t\t\t\t\t<div class=\"elementor-cta__content\">\n\t\t\t\t\n\t\t\t\t\n\t\t\t\t\n\t\t\t\t\t\t\t\t\t<div class=\"elementor-cta__button-wrapper elementor-cta__content-item elementor-content-item elementor-animated-item--grow\">\n\t\t\t\t\t<a class=\"elementor-cta__button elementor-button elementor-size-\" href=\"https:\/\/www.parque-montroig.com\/fr\/location-dappartement-a-miami-playa\/\">\n\t\t\t\t\t\tLOCATION MIAMI PLAYA\t\t\t\t\t<\/a>\n\t\t\t\t\t<\/div>\n\t\t\t\t\t\t\t<\/div>\n\t\t\t\t\t\t<\/div>\n\t\t\t\t\t\t<\/div>\n\t\t\t\t<\/div>\n\t\t\t\t\t<\/div>\n\t\t<\/div>\n\t\t\t\t<div class=\"elementor-column elementor-col-33 elementor-top-column elementor-element elementor-element-75b900cf\" data-id=\"75b900cf\" data-element_type=\"column\" data-e-type=\"column\">\n\t\t\t<div class=\"elementor-widget-wrap elementor-element-populated\">\n\t\t\t\t\t\t<div class=\"elementor-element elementor-element-77142f02 elementor-cta--skin-cover elementor-cta--valign-bottom elementor-animated-content elementor-bg-transform elementor-bg-transform-zoom-in elementor-widget elementor-widget-call-to-action\" data-id=\"77142f02\" data-element_type=\"widget\" data-e-type=\"widget\" data-widget_type=\"call-to-action.default\">\n\t\t\t\t<div class=\"elementor-widget-container\">\n\t\t\t\t\t\t\t<div class=\"elementor-cta\">\n\t\t\t\t\t<div class=\"elementor-cta__bg-wrapper\">\n\t\t\t\t<div class=\"elementor-cta__bg elementor-bg\" style=\"background-image: url(https:\/\/www.parque-montroig.com\/blog\/wp-content\/uploads\/2023\/11\/apartamento-estel-vacaciones-costa-dorada-Cambrils-1800x630.jpg);\" role=\"img\" aria-label=\"apartamento estel vacaciones costa dorada Cambrils\"><\/div>\n\t\t\t\t<div class=\"elementor-cta__bg-overlay\"><\/div>\n\t\t\t<\/div>\n\t\t\t\t\t\t\t<div class=\"elementor-cta__content\">\n\t\t\t\t\n\t\t\t\t\n\t\t\t\t\n\t\t\t\t\t\t\t\t\t<div class=\"elementor-cta__button-wrapper elementor-cta__content-item elementor-content-item elementor-animated-item--grow\">\n\t\t\t\t\t<a class=\"elementor-cta__button elementor-button elementor-size-\" href=\"https:\/\/www.parque-montroig.com\/fr\/location-dappartement-a-cambrils\/\">\n\t\t\t\t\t\tLOCATION CAMBRILS\t\t\t\t\t<\/a>\n\t\t\t\t\t<\/div>\n\t\t\t\t\t\t\t<\/div>\n\t\t\t\t\t\t<\/div>\n\t\t\t\t\t\t<\/div>\n\t\t\t\t<\/div>\n\t\t\t\t\t<\/div>\n\t\t<\/div>\n\t\t\t\t<div class=\"elementor-column elementor-col-33 elementor-top-column elementor-element elementor-element-7acae413\" data-id=\"7acae413\" data-element_type=\"column\" data-e-type=\"column\">\n\t\t\t<div class=\"elementor-widget-wrap elementor-element-populated\">\n\t\t\t\t\t\t<div class=\"elementor-element elementor-element-1b10d748 elementor-cta--skin-cover elementor-cta--valign-bottom elementor-animated-content elementor-bg-transform elementor-bg-transform-zoom-in elementor-widget elementor-widget-call-to-action\" data-id=\"1b10d748\" data-element_type=\"widget\" data-e-type=\"widget\" data-widget_type=\"call-to-action.default\">\n\t\t\t\t<div class=\"elementor-widget-container\">\n\t\t\t\t\t\t\t<div class=\"elementor-cta\">\n\t\t\t\t\t<div class=\"elementor-cta__bg-wrapper\">\n\t\t\t\t<div class=\"elementor-cta__bg elementor-bg\" style=\"background-image: url(https:\/\/www.parque-montroig.com\/blog\/wp-content\/uploads\/2023\/12\/apartamentos-con-piscina-en-la-Costa-Dorada-1920x630.jpeg);\" role=\"img\" aria-label=\"apartamentos con piscina en la Costa Dorada\"><\/div>\n\t\t\t\t<div class=\"elementor-cta__bg-overlay\"><\/div>\n\t\t\t<\/div>\n\t\t\t\t\t\t\t<div class=\"elementor-cta__content\">\n\t\t\t\t\n\t\t\t\t\n\t\t\t\t\n\t\t\t\t\t\t\t\t\t<div class=\"elementor-cta__button-wrapper elementor-cta__content-item elementor-content-item elementor-animated-item--grow\">\n\t\t\t\t\t<a class=\"elementor-cta__button elementor-button elementor-size-\" href=\"https:\/\/www.parque-montroig.com\/fr\/location-vacances-costa-dorada\/\">\n\t\t\t\t\t\tLOCATION COSTA DORADA\t\t\t\t\t<\/a>\n\t\t\t\t\t<\/div>\n\t\t\t\t\t\t\t<\/div>\n\t\t\t\t\t\t<\/div>\n\t\t\t\t\t\t<\/div>\n\t\t\t\t<\/div>\n\t\t\t\t\t<\/div>\n\t\t<\/div>\n\t\t\t\t\t<\/div>\n\t\t<\/section>\n\t\t\t\t<\/div>\n\t\t","protected":false},"excerpt":{"rendered":"<p>\u00c0 partir du 1er mai 2025, une modification de la taxe de s\u00e9jour en Catalogne entrera en vigueur. D\u00e9couvrez comment cela affecte vos r\u00e9servations dans les logements de vacances du Parc Mont-roig sur la Costa Dorada et quelles sont les implications pour votre s\u00e9jour.<\/p>\n","protected":false},"author":3,"featured_media":5583,"comment_status":"open","ping_status":"closed","sticky":false,"template":"","format":"standard","meta":{"footnotes":""},"categories":[26],"tags":[75],"class_list":["post-5609","post","type-post","status-publish","format-standard","has-post-thumbnail","hentry","category-la-costa-dorada-fr","tag-cambrils"],"_links":{"self":[{"href":"https:\/\/www.parque-montroig.com\/blog\/fr\/wp-json\/wp\/v2\/posts\/5609","targetHints":{"allow":["GET"]}}],"collection":[{"href":"https:\/\/www.parque-montroig.com\/blog\/fr\/wp-json\/wp\/v2\/posts"}],"about":[{"href":"https:\/\/www.parque-montroig.com\/blog\/fr\/wp-json\/wp\/v2\/types\/post"}],"author":[{"embeddable":true,"href":"https:\/\/www.parque-montroig.com\/blog\/fr\/wp-json\/wp\/v2\/users\/3"}],"replies":[{"embeddable":true,"href":"https:\/\/www.parque-montroig.com\/blog\/fr\/wp-json\/wp\/v2\/comments?post=5609"}],"version-history":[{"count":7,"href":"https:\/\/www.parque-montroig.com\/blog\/fr\/wp-json\/wp\/v2\/posts\/5609\/revisions"}],"predecessor-version":[{"id":5663,"href":"https:\/\/www.parque-montroig.com\/blog\/fr\/wp-json\/wp\/v2\/posts\/5609\/revisions\/5663"}],"wp:featuredmedia":[{"embeddable":true,"href":"https:\/\/www.parque-montroig.com\/blog\/fr\/wp-json\/wp\/v2\/media\/5583"}],"wp:attachment":[{"href":"https:\/\/www.parque-montroig.com\/blog\/fr\/wp-json\/wp\/v2\/media?parent=5609"}],"wp:term":[{"taxonomy":"category","embeddable":true,"href":"https:\/\/www.parque-montroig.com\/blog\/fr\/wp-json\/wp\/v2\/categories?post=5609"},{"taxonomy":"post_tag","embeddable":true,"href":"https:\/\/www.parque-montroig.com\/blog\/fr\/wp-json\/wp\/v2\/tags?post=5609"}],"curies":[{"name":"wp","href":"https:\/\/api.w.org\/{rel}","templated":true}]}}