{"id":665,"date":"2020-04-04T20:20:00","date_gmt":"2020-04-04T18:20:00","guid":{"rendered":"https:\/\/www.parque-montroig.com\/blog\/?p=665"},"modified":"2023-06-21T16:39:52","modified_gmt":"2023-06-21T14:39:52","slug":"decouvrez-le-parc-naturel-delta-del-ebro","status":"publish","type":"post","link":"https:\/\/www.parque-montroig.com\/blog\/fr\/decouvrez-le-parc-naturel-delta-del-ebro\/","title":{"rendered":"D\u00e9couvrez le Parc Naturel Delta del Ebro"},"content":{"rendered":"\t\t<div data-elementor-type=\"wp-post\" data-elementor-id=\"665\" class=\"elementor elementor-665 elementor-519\" data-elementor-post-type=\"post\">\n\t\t\t\t\t\t<section class=\"elementor-section elementor-top-section elementor-element elementor-element-c200a27 elementor-section-boxed elementor-section-height-default elementor-section-height-default\" data-id=\"c200a27\" data-element_type=\"section\" data-e-type=\"section\">\n\t\t\t\t\t\t<div class=\"elementor-container elementor-column-gap-default\">\n\t\t\t\t\t<div class=\"elementor-column elementor-col-100 elementor-top-column elementor-element elementor-element-b40c13c\" data-id=\"b40c13c\" data-element_type=\"column\" data-e-type=\"column\">\n\t\t\t<div class=\"elementor-widget-wrap elementor-element-populated\">\n\t\t\t\t\t\t<div class=\"elementor-element elementor-element-2ff7ea4 elementor-widget elementor-widget-text-editor\" data-id=\"2ff7ea4\" data-element_type=\"widget\" data-e-type=\"widget\" data-widget_type=\"text-editor.default\">\n\t\t\t\t<div class=\"elementor-widget-container\">\n\t\t\t\t\t\t\t\t\t<p>Si vous voulez vous d\u00e9connecter de la routine dans un environnement naturel, le <strong>parc naturel du Delta de l&rsquo;\u00c8bre <\/strong>ou <em>del Ebro<\/em> est l&rsquo;oasis de tranquillit\u00e9 que vous recherchez.<\/p>\t\t\t\t\t\t\t\t<\/div>\n\t\t\t\t<\/div>\n\t\t\t\t\t<\/div>\n\t\t<\/div>\n\t\t\t\t\t<\/div>\n\t\t<\/section>\n\t\t\t\t<section class=\"elementor-section elementor-top-section elementor-element elementor-element-2170594 elementor-section-boxed elementor-section-height-default elementor-section-height-default\" data-id=\"2170594\" data-element_type=\"section\" data-e-type=\"section\">\n\t\t\t\t\t\t<div class=\"elementor-container elementor-column-gap-default\">\n\t\t\t\t\t<div class=\"elementor-column elementor-col-100 elementor-top-column elementor-element elementor-element-5abaa7d\" data-id=\"5abaa7d\" data-element_type=\"column\" data-e-type=\"column\">\n\t\t\t<div class=\"elementor-widget-wrap elementor-element-populated\">\n\t\t\t\t\t\t<div class=\"elementor-element elementor-element-57b1de4 elementor-widget elementor-widget-heading\" data-id=\"57b1de4\" data-element_type=\"widget\" data-e-type=\"widget\" data-widget_type=\"heading.default\">\n\t\t\t\t<div class=\"elementor-widget-container\">\n\t\t\t\t\t<h2 class=\"elementor-heading-title elementor-size-default\">O\u00f9 se trouve le parc du Delta de l'Ebre ?<\/h2>\t\t\t\t<\/div>\n\t\t\t\t<\/div>\n\t\t\t\t\t<\/div>\n\t\t<\/div>\n\t\t\t\t\t<\/div>\n\t\t<\/section>\n\t\t\t\t<section class=\"elementor-section elementor-top-section elementor-element elementor-element-0bfc996 elementor-section-boxed elementor-section-height-default elementor-section-height-default\" data-id=\"0bfc996\" data-element_type=\"section\" data-e-type=\"section\">\n\t\t\t\t\t\t<div class=\"elementor-container elementor-column-gap-default\">\n\t\t\t\t\t<div class=\"elementor-column elementor-col-50 elementor-top-column elementor-element elementor-element-300873f\" data-id=\"300873f\" data-element_type=\"column\" data-e-type=\"column\">\n\t\t\t<div class=\"elementor-widget-wrap elementor-element-populated\">\n\t\t\t\t\t\t<div class=\"elementor-element elementor-element-c744614 elementor-widget elementor-widget-text-editor\" data-id=\"c744614\" data-element_type=\"widget\" data-e-type=\"widget\" data-widget_type=\"text-editor.default\">\n\t\t\t\t<div class=\"elementor-widget-container\">\n\t\t\t\t\t\t\t\t\t<p>Le parc naturel du delta de l&rsquo;\u00c8bre (<em>Delta del Ebro<\/em>, en espagnol) est situ\u00e9 dans la province de Tarragone, dans la communaut\u00e9 autonome de Catalogne, en Espagne. Il s&rsquo;agit d&rsquo;un parc naturel d&rsquo;une grande importance et d&rsquo;une grande beaut\u00e9 qui couvre une vaste zone du delta de l&rsquo;\u00c8bre, l&rsquo;un des principaux fleuves de la p\u00e9ninsule ib\u00e9rique.<\/p><p>Le parc naturel du delta de l&rsquo;\u00c8bre est une zone humide prot\u00e9g\u00e9e de plus de 7 000 hectares o\u00f9 les rizi\u00e8res offrent de magnifiques paysages de diff\u00e9rentes couleurs selon la p\u00e9riode de l&rsquo;ann\u00e9e o\u00f9 vous les visitez, ainsi qu&rsquo;une richesse de flore et de faune exceptionnelles.<\/p>\t\t\t\t\t\t\t\t<\/div>\n\t\t\t\t<\/div>\n\t\t\t\t\t<\/div>\n\t\t<\/div>\n\t\t\t\t<div class=\"elementor-column elementor-col-50 elementor-top-column elementor-element elementor-element-b5800b7\" data-id=\"b5800b7\" data-element_type=\"column\" data-e-type=\"column\">\n\t\t\t<div class=\"elementor-widget-wrap elementor-element-populated\">\n\t\t\t\t\t\t<div class=\"elementor-element elementor-element-e88a4c9 elementor-widget elementor-widget-image\" data-id=\"e88a4c9\" data-element_type=\"widget\" data-e-type=\"widget\" data-widget_type=\"image.default\">\n\t\t\t\t<div class=\"elementor-widget-container\">\n\t\t\t\t\t\t\t\t\t\t\t\t\t\t\t<img fetchpriority=\"high\" decoding=\"async\" width=\"700\" height=\"300\" src=\"https:\/\/www.parque-montroig.com\/blog\/wp-content\/uploads\/2020\/03\/DeltadelEbroFLAMENCO.jpg\" class=\"attachment-large size-large wp-image-527\" alt=\"Flamant rose au Delta de l&#039;ebre\" \/>\t\t\t\t\t\t\t\t\t\t\t\t\t\t\t<\/div>\n\t\t\t\t<\/div>\n\t\t\t\t\t<\/div>\n\t\t<\/div>\n\t\t\t\t\t<\/div>\n\t\t<\/section>\n\t\t\t\t<section class=\"elementor-section elementor-top-section elementor-element elementor-element-ac5c760 elementor-section-boxed elementor-section-height-default elementor-section-height-default\" data-id=\"ac5c760\" data-element_type=\"section\" data-e-type=\"section\">\n\t\t\t\t\t\t<div class=\"elementor-container elementor-column-gap-default\">\n\t\t\t\t\t<div class=\"elementor-column elementor-col-100 elementor-top-column elementor-element elementor-element-71e702d\" data-id=\"71e702d\" data-element_type=\"column\" data-e-type=\"column\">\n\t\t\t<div class=\"elementor-widget-wrap elementor-element-populated\">\n\t\t\t\t\t\t<div class=\"elementor-element elementor-element-53ae6a4 elementor-widget elementor-widget-text-editor\" data-id=\"53ae6a4\" data-element_type=\"widget\" data-e-type=\"widget\" data-widget_type=\"text-editor.default\">\n\t\t\t\t<div class=\"elementor-widget-container\">\n\t\t\t\t\t\t\t\t\t<p>Parmi la v\u00e9g\u00e9tation du delta del Ebro qui s&rsquo;\u00e9tend \u00e0 travers les dunes, les zones lagunaires et les sols salins, les roseli\u00e8res, les roseaux, le spectaculaire ch\u00e8vrefeuille de la rivi\u00e8re et les impressionnants eucalyptus se distinguent. La grande diversit\u00e9 des oiseaux est ce qui caract\u00e9rise la faune du delta, qui offre la possibilit\u00e9 de profiter de ses points de vue de l&rsquo;observation d&rsquo;un grand nombre d&rsquo;esp\u00e8ces d&rsquo;oiseaux, parmi lesquels se distinguent les impressionnants Flamants roses, Garzotas et Mart\u00edn p\u00eacheurs.<\/p>\t\t\t\t\t\t\t\t<\/div>\n\t\t\t\t<\/div>\n\t\t\t\t\t<\/div>\n\t\t<\/div>\n\t\t\t\t\t<\/div>\n\t\t<\/section>\n\t\t\t\t<section class=\"elementor-section elementor-top-section elementor-element elementor-element-3a01986 elementor-section-boxed elementor-section-height-default elementor-section-height-default\" data-id=\"3a01986\" data-element_type=\"section\" data-e-type=\"section\">\n\t\t\t\t\t\t<div class=\"elementor-container elementor-column-gap-default\">\n\t\t\t\t\t<div class=\"elementor-column elementor-col-100 elementor-top-column elementor-element elementor-element-0d2ae4d\" data-id=\"0d2ae4d\" data-element_type=\"column\" data-e-type=\"column\">\n\t\t\t<div class=\"elementor-widget-wrap elementor-element-populated\">\n\t\t\t\t\t\t<div class=\"elementor-element elementor-element-bd110b1 elementor-widget elementor-widget-heading\" data-id=\"bd110b1\" data-element_type=\"widget\" data-e-type=\"widget\" data-widget_type=\"heading.default\">\n\t\t\t\t<div class=\"elementor-widget-container\">\n\t\t\t\t\t<h2 class=\"elementor-heading-title elementor-size-default\">Que voir ou que faire au Delta de l'\u00c8bre en Espagne ?<\/h2>\t\t\t\t<\/div>\n\t\t\t\t<\/div>\n\t\t\t\t<div class=\"elementor-element elementor-element-11e883d elementor-widget elementor-widget-text-editor\" data-id=\"11e883d\" data-element_type=\"widget\" data-e-type=\"widget\" data-widget_type=\"text-editor.default\">\n\t\t\t\t<div class=\"elementor-widget-container\">\n\t\t\t\t\t\t\t\t\t<p>Que voir ou que faire au Delta de l&rsquo;\u00c8bre en Espagne ? Voici les meilleurs coins de la zone \u00e0 ne pas manquer :<\/p>\t\t\t\t\t\t\t\t<\/div>\n\t\t\t\t<\/div>\n\t\t\t\t\t<\/div>\n\t\t<\/div>\n\t\t\t\t\t<\/div>\n\t\t<\/section>\n\t\t\t\t<section class=\"elementor-section elementor-top-section elementor-element elementor-element-ff6a7f6 elementor-section-boxed elementor-section-height-default elementor-section-height-default\" data-id=\"ff6a7f6\" data-element_type=\"section\" data-e-type=\"section\">\n\t\t\t\t\t\t<div class=\"elementor-container elementor-column-gap-default\">\n\t\t\t\t\t<div class=\"elementor-column elementor-col-100 elementor-top-column elementor-element elementor-element-9e5e0c7\" data-id=\"9e5e0c7\" data-element_type=\"column\" data-e-type=\"column\">\n\t\t\t<div class=\"elementor-widget-wrap elementor-element-populated\">\n\t\t\t\t\t\t<div class=\"elementor-element elementor-element-c36c3c2 elementor-widget elementor-widget-image\" data-id=\"c36c3c2\" data-element_type=\"widget\" data-e-type=\"widget\" data-widget_type=\"image.default\">\n\t\t\t\t<div class=\"elementor-widget-container\">\n\t\t\t\t\t\t\t\t\t\t\t\t\t\t\t<img decoding=\"async\" width=\"1920\" height=\"600\" src=\"https:\/\/www.parque-montroig.com\/blog\/wp-content\/uploads\/2020\/04\/atardecer-parque-delta-del-ebro.jpg\" class=\"attachment-full size-full wp-image-3009\" alt=\"couch\u00e9 du soleil parc delta de l&#039;\u00e8bre\" srcset=\"https:\/\/www.parque-montroig.com\/blog\/wp-content\/uploads\/2020\/04\/atardecer-parque-delta-del-ebro.jpg 1920w, https:\/\/www.parque-montroig.com\/blog\/wp-content\/uploads\/2020\/04\/atardecer-parque-delta-del-ebro-768x240.jpg 768w, https:\/\/www.parque-montroig.com\/blog\/wp-content\/uploads\/2020\/04\/atardecer-parque-delta-del-ebro-1536x480.jpg 1536w\" sizes=\"(max-width: 1920px) 100vw, 1920px\" \/>\t\t\t\t\t\t\t\t\t\t\t\t\t\t\t<\/div>\n\t\t\t\t<\/div>\n\t\t\t\t\t<\/div>\n\t\t<\/div>\n\t\t\t\t\t<\/div>\n\t\t<\/section>\n\t\t\t\t<section class=\"elementor-section elementor-top-section elementor-element elementor-element-2391d14 elementor-section-boxed elementor-section-height-default elementor-section-height-default\" data-id=\"2391d14\" data-element_type=\"section\" data-e-type=\"section\">\n\t\t\t\t\t\t<div class=\"elementor-container elementor-column-gap-default\">\n\t\t\t\t\t<div class=\"elementor-column elementor-col-100 elementor-top-column elementor-element elementor-element-23d3837\" data-id=\"23d3837\" data-element_type=\"column\" data-e-type=\"column\">\n\t\t\t<div class=\"elementor-widget-wrap elementor-element-populated\">\n\t\t\t\t\t\t<div class=\"elementor-element elementor-element-adf4872 elementor-widget elementor-widget-heading\" data-id=\"adf4872\" data-element_type=\"widget\" data-e-type=\"widget\" data-widget_type=\"heading.default\">\n\t\t\t\t<div class=\"elementor-widget-container\">\n\t\t\t\t\t<h3 class=\"elementor-heading-title elementor-size-default\">Admirez les flamants roses \u00e0 la bassa de les olles<\/h3>\t\t\t\t<\/div>\n\t\t\t\t<\/div>\n\t\t\t\t<div class=\"elementor-element elementor-element-fb20007 elementor-widget elementor-widget-text-editor\" data-id=\"fb20007\" data-element_type=\"widget\" data-e-type=\"widget\" data-widget_type=\"text-editor.default\">\n\t\t\t\t<div class=\"elementor-widget-container\">\n\t\t\t\t\t\t\t\t\t<p>C&rsquo;est la plus petite lagune du Delta, mais avec une \u00e9norme richesse de flore et de faune. Entre les rizi\u00e8res et les dunes, elle communique avec la <em>Badia del Fangar<\/em>, d&rsquo;o\u00f9 vous pouvez voir d&rsquo;impressionnants groupes de flamants roses.<\/p>\t\t\t\t\t\t\t\t<\/div>\n\t\t\t\t<\/div>\n\t\t\t\t<div class=\"elementor-element elementor-element-89c472a elementor-widget elementor-widget-heading\" data-id=\"89c472a\" data-element_type=\"widget\" data-e-type=\"widget\" data-widget_type=\"heading.default\">\n\t\t\t\t<div class=\"elementor-widget-container\">\n\t\t\t\t\t<h3 class=\"elementor-heading-title elementor-size-default\">Le Phare de Fangar et la plage de la Marquesa<\/h3>\t\t\t\t<\/div>\n\t\t\t\t<\/div>\n\t\t\t\t<div class=\"elementor-element elementor-element-e7ceb8a elementor-widget elementor-widget-text-editor\" data-id=\"e7ceb8a\" data-element_type=\"widget\" data-e-type=\"widget\" data-widget_type=\"text-editor.default\">\n\t\t\t\t<div class=\"elementor-widget-container\">\n\t\t\t\t\t\t\t\t\t<p>La plage de La Marquesa est l&rsquo;une des plus embl\u00e9matiques du <strong>parc naturel du delta de l&rsquo;\u00c8bre<\/strong>, des kilom\u00e8tres et des kilom\u00e8tres de sable dor\u00e9 et de dunes, des eaux calmes et peu profondes, l&rsquo;endroit id\u00e9al pour se d\u00e9connecter et se sentir dans un autre monde, jusqu&rsquo;\u00e0 ce que vous atteigniez le mythique phare del Fangar qui vous surprendra par sa beaut\u00e9.<\/p><p>La plage de La Marquesa est pratiquement vierge et n&rsquo;a pas de services, mais il y a un restaurant \u00ab\u00a0Restaurant Vascos\u00a0\u00bb o\u00f9 vous pourrez d\u00e9guster des plats typiques de la r\u00e9gion, de grands calmars, de d\u00e9licieux fruits de mer et de la paella.<\/p>\t\t\t\t\t\t\t\t<\/div>\n\t\t\t\t<\/div>\n\t\t\t\t<div class=\"elementor-element elementor-element-9ed996a elementor-widget elementor-widget-heading\" data-id=\"9ed996a\" data-element_type=\"widget\" data-e-type=\"widget\" data-widget_type=\"heading.default\">\n\t\t\t\t<div class=\"elementor-widget-container\">\n\t\t\t\t\t<h3 class=\"elementor-heading-title elementor-size-default\">La Tancada et les anciennes salines<\/h3>\t\t\t\t<\/div>\n\t\t\t\t<\/div>\n\t\t\t\t<div class=\"elementor-element elementor-element-a5ef4b1 elementor-widget elementor-widget-text-editor\" data-id=\"a5ef4b1\" data-element_type=\"widget\" data-e-type=\"widget\" data-widget_type=\"text-editor.default\">\n\t\t\t\t<div class=\"elementor-widget-container\">\n\t\t\t\t\t\t\t\t\t<p>\u00c0 la lagune de La Tancada, en plus de profiter de la nature avec les magnifiques paysages de rizi\u00e8res, vous pouvez visiter les anciennes marais salants, aujourd&rsquo;hui abandonn\u00e9s, et d\u00e9couvrir la formation naturelle des couches blanches de sel.<\/p>\t\t\t\t\t\t\t\t<\/div>\n\t\t\t\t<\/div>\n\t\t\t\t\t<\/div>\n\t\t<\/div>\n\t\t\t\t\t<\/div>\n\t\t<\/section>\n\t\t\t\t<section class=\"elementor-section elementor-top-section elementor-element elementor-element-3dbe305 elementor-section-boxed elementor-section-height-default elementor-section-height-default\" data-id=\"3dbe305\" data-element_type=\"section\" data-e-type=\"section\">\n\t\t\t\t\t\t<div class=\"elementor-container elementor-column-gap-default\">\n\t\t\t\t\t<div class=\"elementor-column elementor-col-100 elementor-top-column elementor-element elementor-element-ba5dae6\" data-id=\"ba5dae6\" data-element_type=\"column\" data-e-type=\"column\">\n\t\t\t<div class=\"elementor-widget-wrap elementor-element-populated\">\n\t\t\t\t\t\t<div class=\"elementor-element elementor-element-ac3cdc7 elementor-widget elementor-widget-image\" data-id=\"ac3cdc7\" data-element_type=\"widget\" data-e-type=\"widget\" data-widget_type=\"image.default\">\n\t\t\t\t<div class=\"elementor-widget-container\">\n\t\t\t\t\t\t\t\t\t\t\t\t\t\t\t<img decoding=\"async\" width=\"1920\" height=\"600\" src=\"https:\/\/www.parque-montroig.com\/blog\/wp-content\/uploads\/2020\/04\/laguna-la-tancada-delta-del-ebro.jpg\" class=\"attachment-full size-full wp-image-2997\" alt=\"La laguna de la tancada delta de l&#039;\u00e8bre\" srcset=\"https:\/\/www.parque-montroig.com\/blog\/wp-content\/uploads\/2020\/04\/laguna-la-tancada-delta-del-ebro.jpg 1920w, https:\/\/www.parque-montroig.com\/blog\/wp-content\/uploads\/2020\/04\/laguna-la-tancada-delta-del-ebro-768x240.jpg 768w, https:\/\/www.parque-montroig.com\/blog\/wp-content\/uploads\/2020\/04\/laguna-la-tancada-delta-del-ebro-1536x480.jpg 1536w\" sizes=\"(max-width: 1920px) 100vw, 1920px\" \/>\t\t\t\t\t\t\t\t\t\t\t\t\t\t\t<\/div>\n\t\t\t\t<\/div>\n\t\t\t\t\t<\/div>\n\t\t<\/div>\n\t\t\t\t\t<\/div>\n\t\t<\/section>\n\t\t\t\t<section class=\"elementor-section elementor-top-section elementor-element elementor-element-3c9888f elementor-section-boxed elementor-section-height-default elementor-section-height-default\" data-id=\"3c9888f\" data-element_type=\"section\" data-e-type=\"section\">\n\t\t\t\t\t\t<div class=\"elementor-container elementor-column-gap-default\">\n\t\t\t\t\t<div class=\"elementor-column elementor-col-100 elementor-top-column elementor-element elementor-element-e61d9c3\" data-id=\"e61d9c3\" data-element_type=\"column\" data-e-type=\"column\">\n\t\t\t<div class=\"elementor-widget-wrap elementor-element-populated\">\n\t\t\t\t\t\t<div class=\"elementor-element elementor-element-875b024 elementor-widget elementor-widget-heading\" data-id=\"875b024\" data-element_type=\"widget\" data-e-type=\"widget\" data-widget_type=\"heading.default\">\n\t\t\t\t<div class=\"elementor-widget-container\">\n\t\t\t\t\t<h3 class=\"elementor-heading-title elementor-size-default\">L'Encanyissada  et la Maison de Fusta<\/h3>\t\t\t\t<\/div>\n\t\t\t\t<\/div>\n\t\t\t\t<div class=\"elementor-element elementor-element-a7b6e89 elementor-widget elementor-widget-text-editor\" data-id=\"a7b6e89\" data-element_type=\"widget\" data-e-type=\"widget\" data-widget_type=\"text-editor.default\">\n\t\t\t\t<div class=\"elementor-widget-container\">\n\t\t\t\t\t\t\t\t\t<p>C&rsquo;est le plus grand lagon du parc naturel, vous pouvez faire le tour du lagon pendant environ 15 km et visiter l&#8217;embl\u00e9matique<em> Casa de Fusta<\/em>, o\u00f9 de nombreuses activit\u00e9s traditionnelles sont propos\u00e9es pour profiter en famille, comme la location de v\u00e9los, le percha, le cano\u00eb, etc. De plus, vous pourrez d\u00e9guster la gastronomie la plus typique du delta dans le \u00ab\u00a0<a href=\"https:\/\/restaurantcasadefusta.com\/en\/\" target=\"_blank\" rel=\"noopener\">Restaurant Estany Casa de Fusta<\/a>\u00ab\u00a0. Dans ce domaine, nous vous recommandons \u00e9galement de visiter le centre de divulgation <a href=\"https:\/\/www.monnaturadelta.com\/\" target=\"_blank\" rel=\"noopener\">M\u00f3nNatura Delta de l\u2019Ebre<\/a>, tr\u00e8s int\u00e9ressant pour les jeunes et les moins jeunes.<\/p>\t\t\t\t\t\t\t\t<\/div>\n\t\t\t\t<\/div>\n\t\t\t\t<div class=\"elementor-element elementor-element-4bf269c elementor-widget elementor-widget-heading\" data-id=\"4bf269c\" data-element_type=\"widget\" data-e-type=\"widget\" data-widget_type=\"heading.default\">\n\t\t\t\t<div class=\"elementor-widget-container\">\n\t\t\t\t\t<h3 class=\"elementor-heading-title elementor-size-default\">La plage de Trabucador et Punta de la Banya<\/h3>\t\t\t\t<\/div>\n\t\t\t\t<\/div>\n\t\t\t\t<div class=\"elementor-element elementor-element-1d46ebb elementor-widget elementor-widget-text-editor\" data-id=\"1d46ebb\" data-element_type=\"widget\" data-e-type=\"widget\" data-widget_type=\"text-editor.default\">\n\t\t\t\t<div class=\"elementor-widget-container\">\n\t\t\t\t\t\t\t\t\t<p>La plage de trabucador est une plage sauvage et l&rsquo;une des plus belles r\u00e9gions du delta de l&rsquo;\u00c8bre, un bras de sable de 5 km et de 100 \u00e0 200 m\u00e8tres de large, o\u00f9 vous pouvez voir la mer des deux c\u00f4t\u00e9s et qui p\u00e9n\u00e8tre dans la mer jusqu&rsquo;\u00e0 Punta de la Banya. Du point de vue de Punta de la Banya, vous pourrez profiter de belles vues sur Las Salines de la Trinitat, une zone de regroupement de flamants roses pendant la majeure partie de l&rsquo;ann\u00e9e. La plage de Trabucador est une oasis de tranquillit\u00e9 et de d\u00e9tente, et est \u00e9galement devenue une zone de pr\u00e9dilection pour les amateurs de kitesurf et de paddle surf.<\/p>\t\t\t\t\t\t\t\t<\/div>\n\t\t\t\t<\/div>\n\t\t\t\t\t<\/div>\n\t\t<\/div>\n\t\t\t\t\t<\/div>\n\t\t<\/section>\n\t\t\t\t<section class=\"elementor-section elementor-top-section elementor-element elementor-element-29e9b9f elementor-section-boxed elementor-section-height-default elementor-section-height-default\" data-id=\"29e9b9f\" data-element_type=\"section\" data-e-type=\"section\">\n\t\t\t\t\t\t<div class=\"elementor-container elementor-column-gap-default\">\n\t\t\t\t\t<div class=\"elementor-column elementor-col-100 elementor-top-column elementor-element elementor-element-d509626\" data-id=\"d509626\" data-element_type=\"column\" data-e-type=\"column\">\n\t\t\t<div class=\"elementor-widget-wrap elementor-element-populated\">\n\t\t\t\t\t\t<div class=\"elementor-element elementor-element-4cac0b8 elementor-widget elementor-widget-image\" data-id=\"4cac0b8\" data-element_type=\"widget\" data-e-type=\"widget\" data-widget_type=\"image.default\">\n\t\t\t\t<div class=\"elementor-widget-container\">\n\t\t\t\t\t\t\t\t\t\t\t\t\t\t\t<img loading=\"lazy\" decoding=\"async\" width=\"1920\" height=\"600\" src=\"https:\/\/www.parque-montroig.com\/blog\/wp-content\/uploads\/2020\/04\/mirador-tradubcador-delta-del-ebro.jpg\" class=\"attachment-full size-full wp-image-3001\" alt=\"Mirador trabucador delta de l&#039;\u00e8bre\" srcset=\"https:\/\/www.parque-montroig.com\/blog\/wp-content\/uploads\/2020\/04\/mirador-tradubcador-delta-del-ebro.jpg 1920w, https:\/\/www.parque-montroig.com\/blog\/wp-content\/uploads\/2020\/04\/mirador-tradubcador-delta-del-ebro-768x240.jpg 768w, https:\/\/www.parque-montroig.com\/blog\/wp-content\/uploads\/2020\/04\/mirador-tradubcador-delta-del-ebro-1536x480.jpg 1536w\" sizes=\"(max-width: 1920px) 100vw, 1920px\" \/>\t\t\t\t\t\t\t\t\t\t\t\t\t\t\t<\/div>\n\t\t\t\t<\/div>\n\t\t\t\t\t<\/div>\n\t\t<\/div>\n\t\t\t\t\t<\/div>\n\t\t<\/section>\n\t\t\t\t<section class=\"elementor-section elementor-top-section elementor-element elementor-element-04426c8 elementor-section-boxed elementor-section-height-default elementor-section-height-default\" data-id=\"04426c8\" data-element_type=\"section\" data-e-type=\"section\">\n\t\t\t\t\t\t<div class=\"elementor-container elementor-column-gap-default\">\n\t\t\t\t\t<div class=\"elementor-column elementor-col-100 elementor-top-column elementor-element elementor-element-cdd91b0\" data-id=\"cdd91b0\" data-element_type=\"column\" data-e-type=\"column\">\n\t\t\t<div class=\"elementor-widget-wrap elementor-element-populated\">\n\t\t\t\t\t\t<div class=\"elementor-element elementor-element-42539ac elementor-widget elementor-widget-heading\" data-id=\"42539ac\" data-element_type=\"widget\" data-e-type=\"widget\" data-widget_type=\"heading.default\">\n\t\t\t\t<div class=\"elementor-widget-container\">\n\t\t\t\t\t<h3 class=\"elementor-heading-title elementor-size-default\">L'embouchure de la rivi\u00e8re Ebro<\/h3>\t\t\t\t<\/div>\n\t\t\t\t<\/div>\n\t\t\t\t<div class=\"elementor-element elementor-element-3a8a1d9 elementor-widget elementor-widget-text-editor\" data-id=\"3a8a1d9\" data-element_type=\"widget\" data-e-type=\"widget\" data-widget_type=\"text-editor.default\">\n\t\t\t\t<div class=\"elementor-widget-container\">\n\t\t\t\t\t\t\t\t\t<p>Pr\u00e8s de Deltebre et de Sant Jaume d\u2019Enveja s&rsquo;\u00e9tend la zone de l\u2019embouchure du fleuve, qui comprend trois zones naturelles prot\u00e9g\u00e9es: l\u2019\u00eele de San Antonio, l\u2019\u00eele de Buda et la plage de Garxal. Les deux \u00eeles sont restreintes, vous ne pouvez y entrer qu&rsquo;avec l&rsquo;autorisation du Parc Naturel. La plage de Garxal elle-m\u00eame est librement accessible et est id\u00e9ale pour faire un tour \u00e0 v\u00e9lo ou \u00e0 pied, profiter du paysage et d\u00e9couvrir les diff\u00e9rents points d&rsquo;observation des oiseaux.<\/p><p>Pour les familles avec enfants, l&rsquo;une des visites incontournables est le parc Deltaventur \u00e0 Deltebre, qui propose de nombreuses activit\u00e9s d&rsquo;aventure telles que tyroliennes, paintball, location de v\u00e9los, tandems, kayaks, itin\u00e9raires de cano\u00eb ou de perches sur les canaux, etc., et o\u00f9 les enfants pourront faire un tour parmi les animaux (ch\u00e8vres, \u00e2nes, canards, oies, poulets, lapins et faune sauvage du delta del Ebro) et ils pourront caresser et nourrir les animaux. Ils vont l&rsquo;adorer !<\/p><p>La plage de Riumar est \u00e9galement fortement recommand\u00e9e, avec des dunes de sable et des eaux calmes et peu profondes, elle poss\u00e8de \u00e9galement tous les services et bars de plage o\u00f9 vous pourrez d\u00e9guster les tapas typiques de la r\u00e9gion.<\/p>\t\t\t\t\t\t\t\t<\/div>\n\t\t\t\t<\/div>\n\t\t\t\t<div class=\"elementor-element elementor-element-9978d19 elementor-widget elementor-widget-heading\" data-id=\"9978d19\" data-element_type=\"widget\" data-e-type=\"widget\" data-widget_type=\"heading.default\">\n\t\t\t\t<div class=\"elementor-widget-container\">\n\t\t\t\t\t<h3 class=\"elementor-heading-title elementor-size-default\">Visite en bateau sur la rivi\u00e8re jusqu'au lancement de l'Ebro<\/h3>\t\t\t\t<\/div>\n\t\t\t\t<\/div>\n\t\t\t\t<div class=\"elementor-element elementor-element-76934e9 elementor-widget elementor-widget-text-editor\" data-id=\"76934e9\" data-element_type=\"widget\" data-e-type=\"widget\" data-widget_type=\"text-editor.default\">\n\t\t\t\t<div class=\"elementor-widget-container\">\n\t\t\t\t\t\t\t\t\t<p>Une autre activit\u00e9 que nous recommandons est de faire une croisi\u00e8re fluviale \u00e0 l&#8217;embouchure de la rivi\u00e8re. Il existe deux soci\u00e9t\u00e9s qui proposent des circuits diff\u00e9rents sur diff\u00e9rents types de bateaux:<\/p><div class=\"wp-block-columns\"><div class=\"wp-block-column\"><p><a href=\"https:\/\/www.crucerosdeltadelebro.es\" target=\"_blank\" rel=\"noreferrer noopener\" aria-label=\"Cruceros Olmos (se abre en una nueva pesta\u00f1a)\">Cruceros Olmos<\/a><\/p><p>Carrer Uni\u00f3, 165 (Paseo Reinosa)<\/p><p>43580 Deltebre, Tarragona<\/p><\/div><div class=\"wp-block-column\"><p><a href=\"https:\/\/creuersdeltaebre.com\" target=\"_blank\" rel=\"noreferrer noopener\" aria-label=\"Creuers Delta de l\u2019Ebre (se abre en una nueva pesta\u00f1a)\">Creuers Delta de l\u2019Ebre<\/a><\/p><p>Final Pas Illa de Buda, s\/n<\/p><p>43580 Deltebre-Riumar, Tarragona<\/p><\/div><\/div><p>Au <a href=\"https:\/\/www.parque-montroig.com\/fr\/\" target=\"_blank\" rel=\"noreferrer noopener\" aria-label=\" (se abre en una nueva pesta\u00f1a)\">Parc Mont-roig<\/a>, nous vous proposons des locations de vacances \u00e0 Miami Playa, Mont-roig de Camp et Cambrils, d&rsquo;o\u00f9 vous pourrez faire une excursion dans le parc naturel du delta del Ebro pour profiter de ce merveilleux environnement naturel. Venez le d\u00e9couvrir !<\/p>\t\t\t\t\t\t\t\t<\/div>\n\t\t\t\t<\/div>\n\t\t\t\t\t<\/div>\n\t\t<\/div>\n\t\t\t\t\t<\/div>\n\t\t<\/section>\n\t\t\t\t<section class=\"elementor-section elementor-top-section elementor-element elementor-element-f2ffd6d elementor-section-boxed elementor-section-height-default elementor-section-height-default\" data-id=\"f2ffd6d\" data-element_type=\"section\" data-e-type=\"section\">\n\t\t\t\t\t\t<div class=\"elementor-container elementor-column-gap-default\">\n\t\t\t\t\t<div class=\"elementor-column elementor-col-100 elementor-top-column elementor-element elementor-element-26a9b07\" data-id=\"26a9b07\" data-element_type=\"column\" data-e-type=\"column\">\n\t\t\t<div class=\"elementor-widget-wrap elementor-element-populated\">\n\t\t\t\t\t\t<div class=\"elementor-element elementor-element-f5629ee elementor-widget elementor-widget-heading\" data-id=\"f5629ee\" data-element_type=\"widget\" data-e-type=\"widget\" data-widget_type=\"heading.default\">\n\t\t\t\t<div class=\"elementor-widget-container\">\n\t\t\t\t\t<h3 class=\"elementor-heading-title elementor-size-default\">Votre location parfaite \u00e0 Delta de l'\u00c8bre<\/h3>\t\t\t\t<\/div>\n\t\t\t\t<\/div>\n\t\t\t\t<div class=\"elementor-element elementor-element-5f33dec elementor-widget elementor-widget-text-editor\" data-id=\"5f33dec\" data-element_type=\"widget\" data-e-type=\"widget\" data-widget_type=\"text-editor.default\">\n\t\t\t\t<div class=\"elementor-widget-container\">\n\t\t\t\t\t\t\t\t\t<p>Trouvez des locations de vacances \u00e0 Miami Playa et \u00e0 proximit\u00e9. Nous avons tous les types d&rsquo;h\u00e9bergement pour vous assurer que vous avez tout ce dont vous avez besoin pour vos vacances. Quel type de location voulez-vous ?<\/p>\t\t\t\t\t\t\t\t<\/div>\n\t\t\t\t<\/div>\n\t\t\t\t\t<\/div>\n\t\t<\/div>\n\t\t\t\t\t<\/div>\n\t\t<\/section>\n\t\t\t\t<section class=\"elementor-section elementor-top-section elementor-element elementor-element-24e7f332 elementor-section-boxed elementor-section-height-default elementor-section-height-default\" data-id=\"24e7f332\" data-element_type=\"section\" data-e-type=\"section\">\n\t\t\t\t\t\t<div class=\"elementor-container elementor-column-gap-default\">\n\t\t\t\t\t<div class=\"elementor-column elementor-col-33 elementor-top-column elementor-element elementor-element-29f9c4cf\" data-id=\"29f9c4cf\" data-element_type=\"column\" data-e-type=\"column\">\n\t\t\t<div class=\"elementor-widget-wrap elementor-element-populated\">\n\t\t\t\t\t\t<div class=\"elementor-element elementor-element-443d1c3f elementor-align-center elementor-widget elementor-widget-button\" data-id=\"443d1c3f\" data-element_type=\"widget\" data-e-type=\"widget\" data-widget_type=\"button.default\">\n\t\t\t\t<div class=\"elementor-widget-container\">\n\t\t\t\t\t\t\t\t\t<div class=\"elementor-button-wrapper\">\n\t\t\t\t\t<a class=\"elementor-button elementor-button-link elementor-size-sm\" href=\"https:\/\/www.parque-montroig.com\/fr\/location\/location-appartements-c1\/\" target=\"_blank\">\n\t\t\t\t\t\t<span class=\"elementor-button-content-wrapper\">\n\t\t\t\t\t\t\t\t\t<span class=\"elementor-button-text\">Locations Costa Dorada<\/span>\n\t\t\t\t\t<\/span>\n\t\t\t\t\t<\/a>\n\t\t\t\t<\/div>\n\t\t\t\t\t\t\t\t<\/div>\n\t\t\t\t<\/div>\n\t\t\t\t\t<\/div>\n\t\t<\/div>\n\t\t\t\t<div class=\"elementor-column elementor-col-33 elementor-top-column elementor-element elementor-element-32c66d5d\" data-id=\"32c66d5d\" data-element_type=\"column\" data-e-type=\"column\">\n\t\t\t<div class=\"elementor-widget-wrap elementor-element-populated\">\n\t\t\t\t\t\t<div class=\"elementor-element elementor-element-35ad479 elementor-align-center elementor-widget elementor-widget-button\" data-id=\"35ad479\" data-element_type=\"widget\" data-e-type=\"widget\" data-widget_type=\"button.default\">\n\t\t\t\t<div class=\"elementor-widget-container\">\n\t\t\t\t\t\t\t\t\t<div class=\"elementor-button-wrapper\">\n\t\t\t\t\t<a class=\"elementor-button elementor-button-link elementor-size-sm\" href=\"https:\/\/www.parque-montroig.com\/fr\/location\/location-villas-c2\/\" target=\"_blank\">\n\t\t\t\t\t\t<span class=\"elementor-button-content-wrapper\">\n\t\t\t\t\t\t\t\t\t<span class=\"elementor-button-text\">Villas Costa Dorada<\/span>\n\t\t\t\t\t<\/span>\n\t\t\t\t\t<\/a>\n\t\t\t\t<\/div>\n\t\t\t\t\t\t\t\t<\/div>\n\t\t\t\t<\/div>\n\t\t\t\t\t<\/div>\n\t\t<\/div>\n\t\t\t\t<div class=\"elementor-column elementor-col-33 elementor-top-column elementor-element elementor-element-11ec884f\" data-id=\"11ec884f\" data-element_type=\"column\" data-e-type=\"column\">\n\t\t\t<div class=\"elementor-widget-wrap elementor-element-populated\">\n\t\t\t\t\t\t<div class=\"elementor-element elementor-element-ed0299c elementor-align-center elementor-widget elementor-widget-button\" data-id=\"ed0299c\" data-element_type=\"widget\" data-e-type=\"widget\" data-widget_type=\"button.default\">\n\t\t\t\t<div class=\"elementor-widget-container\">\n\t\t\t\t\t\t\t\t\t<div class=\"elementor-button-wrapper\">\n\t\t\t\t\t<a class=\"elementor-button elementor-button-link elementor-size-sm\" href=\"https:\/\/www.parque-montroig.com\/fr\/location\/location-maisons-c19\/\">\n\t\t\t\t\t\t<span class=\"elementor-button-content-wrapper\">\n\t\t\t\t\t\t\t\t\t<span class=\"elementor-button-text\">Maisons Costa Dorada<\/span>\n\t\t\t\t\t<\/span>\n\t\t\t\t\t<\/a>\n\t\t\t\t<\/div>\n\t\t\t\t\t\t\t\t<\/div>\n\t\t\t\t<\/div>\n\t\t\t\t\t<\/div>\n\t\t<\/div>\n\t\t\t\t\t<\/div>\n\t\t<\/section>\n\t\t\t\t<\/div>\n\t\t","protected":false},"excerpt":{"rendered":"<p>Si vous voulez vous d\u00e9connecter de la routine dans un environnement naturel, le parc naturel du Delta de l&rsquo;\u00c8bre ou&#8230;<\/p>\n","protected":false},"author":2,"featured_media":3019,"comment_status":"open","ping_status":"closed","sticky":false,"template":"","format":"standard","meta":{"footnotes":""},"categories":[26,28,46,45,54],"tags":[],"class_list":["post-665","post","type-post","status-publish","format-standard","has-post-thumbnail","hentry","category-la-costa-dorada-fr","category-parcs-naturels-a-tarragone","category-que-voir-et-faire-a-tarragone","category-quoi-faire-et-voir-sur-la-costa-dorada","category-tarragone-avec-des-enfants"],"_links":{"self":[{"href":"https:\/\/www.parque-montroig.com\/blog\/fr\/wp-json\/wp\/v2\/posts\/665","targetHints":{"allow":["GET"]}}],"collection":[{"href":"https:\/\/www.parque-montroig.com\/blog\/fr\/wp-json\/wp\/v2\/posts"}],"about":[{"href":"https:\/\/www.parque-montroig.com\/blog\/fr\/wp-json\/wp\/v2\/types\/post"}],"author":[{"embeddable":true,"href":"https:\/\/www.parque-montroig.com\/blog\/fr\/wp-json\/wp\/v2\/users\/2"}],"replies":[{"embeddable":true,"href":"https:\/\/www.parque-montroig.com\/blog\/fr\/wp-json\/wp\/v2\/comments?post=665"}],"version-history":[{"count":25,"href":"https:\/\/www.parque-montroig.com\/blog\/fr\/wp-json\/wp\/v2\/posts\/665\/revisions"}],"predecessor-version":[{"id":3043,"href":"https:\/\/www.parque-montroig.com\/blog\/fr\/wp-json\/wp\/v2\/posts\/665\/revisions\/3043"}],"wp:featuredmedia":[{"embeddable":true,"href":"https:\/\/www.parque-montroig.com\/blog\/fr\/wp-json\/wp\/v2\/media\/3019"}],"wp:attachment":[{"href":"https:\/\/www.parque-montroig.com\/blog\/fr\/wp-json\/wp\/v2\/media?parent=665"}],"wp:term":[{"taxonomy":"category","embeddable":true,"href":"https:\/\/www.parque-montroig.com\/blog\/fr\/wp-json\/wp\/v2\/categories?post=665"},{"taxonomy":"post_tag","embeddable":true,"href":"https:\/\/www.parque-montroig.com\/blog\/fr\/wp-json\/wp\/v2\/tags?post=665"}],"curies":[{"name":"wp","href":"https:\/\/api.w.org\/{rel}","templated":true}]}}