{"id":712,"date":"2020-05-05T18:30:41","date_gmt":"2020-05-05T16:30:41","guid":{"rendered":"https:\/\/www.parque-montroig.com\/blog\/?p=712"},"modified":"2022-06-12T13:28:12","modified_gmt":"2022-06-12T11:28:12","slug":"salou","status":"publish","type":"post","link":"https:\/\/www.parque-montroig.com\/blog\/fr\/salou\/","title":{"rendered":"Salou"},"content":{"rendered":"\n<p>Salou est l&rsquo;une des municipalit\u00e9s les plus connues de la Costa Dorada, elle est situ\u00e9e \u00e0 seulement 10 km de Tarragone et \u00e0 8 km de Reus, qui poss\u00e8de un a\u00e9roport. \u00c0 c\u00f4t\u00e9 de Cambrils, Vilasseca et La Pineda, Salou est consid\u00e9r\u00e9e comme la capitale de la Costa Dorada, car c&rsquo;est la destination touristique la plus c\u00e9l\u00e8bre et la plus importante de la r\u00e9gion.<\/p>\n\n\n\n<figure class=\"wp-block-embed is-type-video is-provider-youtube wp-block-embed-youtube wp-embed-aspect-16-9 wp-has-aspect-ratio\"><div class=\"wp-block-embed__wrapper\">\n<iframe title=\"Des vacances \u00e0 Salou\" width=\"751\" height=\"422\" src=\"https:\/\/www.youtube.com\/embed\/nbA1BmMOIeY?feature=oembed\" frameborder=\"0\" allow=\"accelerometer; autoplay; clipboard-write; encrypted-media; gyroscope; picture-in-picture\" allowfullscreen><\/iframe>\n<\/div><\/figure>\n\n\n\n<p>Port commercial exceptionnel \u00e0 diff\u00e9rentes \u00e9poques telles que le Moyen \u00c2ge et l&rsquo;\u00e8re moderne, il est devenu au cours du XXe si\u00e8cle le centre touristique que nous connaissons tous aujourd&rsquo;hui.<\/p>\n\n\n\n<p>\u00c9galement tr\u00e8s c\u00e9l\u00e8bre pour la proximit\u00e9 de l&rsquo;un\ndes parcs d&rsquo;attractions \u00e0 th\u00e8me les plus connus de toute l&rsquo;Europe, Port\nAventura, cela repr\u00e9sente une grande attraction pour tous les types de touristes,\nen particulier le tourisme familial, ce qui renforce encore l&rsquo;offre de loisirs\net de divertissement qui propose la municipalit\u00e9.<\/p>\n\n\n\n<p>Salou, comme les autres villes de la Costa\nDorada, offre un climat m\u00e9diterran\u00e9en, avec des hivers doux et des \u00e9t\u00e9s\nl\u00e9g\u00e8rement chauds mais pas accablants qui vous invitent \u00e0 bronzer sur les\nplages fantastiques et \u00e0 vous rafra\u00eechir dans ses eaux chaudes.<\/p>\n\n\n\n<p>La plage de Levante, la plus importante, s&rsquo;\u00e9tend\nsur 1 200 m\u00e8tres de sable tr\u00e8s fin, avec des douches, des bains publics et une\nbelle promenade paysag\u00e8re fait de cette plage l&rsquo;une des principales attractions\ntouristiques. Il a \u00e9galement d&rsquo;autres belles plages adapt\u00e9es \u00e0 toute la\nfamille, Playa de Poniente, Playa de los Capellanes, Playa Larga, Cala de\nLenguadetes, Calas de Cabo Salou, Cala Cracs, Cala Vinya et Penya Tallada\ncomposent une offre vari\u00e9e pour que chacun en profite comme il se m\u00e9rite.<\/p>\n\n\n\n<p>Salou est une petite ville avec un r\u00e9seau de\ntransport moderne et bien structur\u00e9, elle r\u00e9pond aux besoins de la population\ntout au long de l&rsquo;ann\u00e9e et des milliers de touristes qui viennent surtout en\nhaute saison comme l&rsquo;\u00e9t\u00e9. Avec les bus, les chemins de fer, les tramways et les\ntransports priv\u00e9s, vous n&rsquo;aurez aucun probl\u00e8me \u00e0 vous d\u00e9placer librement autour\nde Salou.<\/p>\n\n\n\n<h4>Port Aventura<\/h4>\n\n\n\n<p>L&rsquo;une des destinations pr\u00e9f\u00e9r\u00e9es de toute la famille, le parc d&rsquo;attractions est divis\u00e9 en 5 zones th\u00e9matiques, Far West, Polyn\u00e9sie, Mexique, Chine et M\u00e9diterran\u00e9e. Vous pourrez y d\u00e9couvrir d&rsquo;immenses attractions, des montagnes russes, des zones pour enfants et des spectacles qui donnent de la lumi\u00e8re et des couleurs \u00e0 l&rsquo;ensemble du parc. Pour les petits qui ne peuvent toujours pas monter sur certaines attractions, Sesame Adventure est disponible, un espace d\u00e9di\u00e9 aux attractions adapt\u00e9es aux plus petits avec des spectacles mettant en vedette les personnages les plus c\u00e9l\u00e8bres de la rue S\u00e9same. Port Aventura, est sans aucun doute l&rsquo;un des endroits incontournables \u00e0 voir si vous partez en vacances \u00e0 Salou, o\u00f9 vous pourrez passer une journ\u00e9e d&rsquo;\u00e9motions inoubliables.<\/p>\n\n\n\n<h4>Le phare de Salou<\/h4>\n\n\n\n<p>Le phare de Salou est une structure inaugur\u00e9e en avril 1858, avec une tour centrale rouge et illumine le golfe de Sant Jordi sur la Costa Dorada. Entre 2 personnes ou \u00ab\u00a0gardiens\u00a0\u00bb \u00e9taient en charge de son bon fonctionnement afin que la lumi\u00e8re blanche aliment\u00e9e par l&rsquo;huile d&rsquo;olive guide correctement les marins. Avec le temps, la technologie et l&rsquo;utilisation de syst\u00e8mes guid\u00e9s par GPS, le phare n&rsquo;\u00e9tait plus un \u00e9l\u00e9ment n\u00e9cessaire. Aujourd&rsquo;hui encore, c&rsquo;est une structure digne d&rsquo;admiration qui vaut le d\u00e9tour si vous \u00eates en vacances \u00e0 Salou.<\/p>\n\n\n\n<figure class=\"wp-block-image size-full is-resized\"><img fetchpriority=\"high\" decoding=\"async\" src=\"https:\/\/www.parque-montroig.com\/blog\/wp-content\/uploads\/2019\/08\/faro-de-salou-002.jpg\" alt=\"Salou\" class=\"wp-image-1169\" width=\"750\" height=\"500\" title=\"Salou\" srcset=\"https:\/\/www.parque-montroig.com\/blog\/wp-content\/uploads\/2019\/08\/faro-de-salou-002.jpg 1500w, https:\/\/www.parque-montroig.com\/blog\/wp-content\/uploads\/2019\/08\/faro-de-salou-002-360x240.jpg 360w, https:\/\/www.parque-montroig.com\/blog\/wp-content\/uploads\/2019\/08\/faro-de-salou-002-768x512.jpg 768w\" sizes=\"(max-width: 750px) 100vw, 750px\" \/><\/figure>\n\n\n\n<p><\/p>\n\n\n\n<h4>Torre Vella, la vieille tour de Salou<\/h4>\n\n\n\n<p>La vieille tour de Salou a \u00e9t\u00e9 construit en 1530 pour prot\u00e9ger les citoyens contre les attaques de pirates qui ont instill\u00e9 la peur \u00e0 l&rsquo;\u00e9poque. Il est parfaitement restaur\u00e9 et entour\u00e9 d&rsquo;un beau jardin. Aujourd&rsquo;hui, il est utilis\u00e9 pour des expositions d&rsquo;artistes locaux et pour c\u00e9l\u00e9brer des c\u00e9r\u00e9monies civiles. C&rsquo;est une visite incontournable en raison de son poids historique, culturel et architectural, et l&rsquo;entr\u00e9e est gratuite!<\/p>\n\n\n\n<figure class=\"wp-block-image size-full is-resized\"><img decoding=\"async\" src=\"https:\/\/www.parque-montroig.com\/blog\/wp-content\/uploads\/2019\/07\/torre-vella-salou-002.jpg\" alt=\"Salou\" class=\"wp-image-1324\" width=\"750\" height=\"500\" title=\"Salou\" srcset=\"https:\/\/www.parque-montroig.com\/blog\/wp-content\/uploads\/2019\/07\/torre-vella-salou-002.jpg 1500w, https:\/\/www.parque-montroig.com\/blog\/wp-content\/uploads\/2019\/07\/torre-vella-salou-002-360x240.jpg 360w, https:\/\/www.parque-montroig.com\/blog\/wp-content\/uploads\/2019\/07\/torre-vella-salou-002-768x512.jpg 768w\" sizes=\"(max-width: 750px) 100vw, 750px\" \/><\/figure>\n\n\n\n<h4>La promenade de palmiers: Paseo Mar\u00edtimo Jaume I<\/h4>\n\n\n\n<p>Avec 2 km de long et plein de palmiers g\u00e9ants, des aires de jeux, des fontaines pour se rafra\u00eechir en \u00e9t\u00e9 et des restaurants, c&rsquo;est une visite presque obligatoire pour se promener en famille. C&rsquo;est l&rsquo;un des points de rencontre pour les populations locales ainsi que pour les touristes. La belle statue du mythique Jaume I pr\u00e9side la promenade et est sans \u00e9quivoque.<\/p>\n\n\n\n<figure class=\"wp-block-image size-full is-resized\"><img decoding=\"async\" src=\"https:\/\/www.parque-montroig.com\/blog\/wp-content\/uploads\/2019\/07\/paseo-playa-salou.jpg\" alt=\"Salou\" class=\"wp-image-1320\" width=\"750\" height=\"500\" srcset=\"https:\/\/www.parque-montroig.com\/blog\/wp-content\/uploads\/2019\/07\/paseo-playa-salou.jpg 1500w, https:\/\/www.parque-montroig.com\/blog\/wp-content\/uploads\/2019\/07\/paseo-playa-salou-360x240.jpg 360w, https:\/\/www.parque-montroig.com\/blog\/wp-content\/uploads\/2019\/07\/paseo-playa-salou-768x512.jpg 768w\" sizes=\"(max-width: 750px) 100vw, 750px\" \/><\/figure>\n\n\n\n<h4>Locations vacances<\/h4>\n\n\n\n<p>Au <a href=\"https:\/\/www.parque-montroig.com\/fr\/\" target=\"_blank\" rel=\"noreferrer noopener\" aria-label=\"Parc Mont-roig (se abre en una nueva pesta\u00f1a)\">Parc Mont-roig<\/a>, nous avons divers appartements \u00e0 louer pour vos vacances \u00e0 Salou, ainsi que dans les municipalit\u00e9s voisines de <a href=\"https:\/\/www.parque-montroig.com\/blog\/fr\/\" target=\"_blank\" rel=\"noreferrer noopener\" aria-label=\"Cambrils, Mont-roig del Camp et Miami Playa (se abre en una nueva pesta\u00f1a)\">Cambrils, Mont-roig del Camp et Miami Playa<\/a>. Si vous souhaitez des informations sur nos appartements et maisons de vacances, vous pouvez nous contacter via le <a href=\"https:\/\/www.parque-montroig.com\/fr\/contact\/\" target=\"_blank\" rel=\"noreferrer noopener\" aria-label=\"formulaire de contact (se abre en una nueva pesta\u00f1a)\">formulaire de contact<\/a> ou vous pouvez \u00e9galement appeler directement nos bureaux, nous serons ravis de vous aider!<\/p>\n","protected":false},"excerpt":{"rendered":"<p>Salou est l&rsquo;une des municipalit\u00e9s les plus connues de la Costa Dorada, elle est situ\u00e9e \u00e0 seulement 10 km de&#8230;<\/p>\n","protected":false},"author":2,"featured_media":1320,"comment_status":"open","ping_status":"closed","sticky":false,"template":"","format":"standard","meta":{"footnotes":""},"categories":[40],"tags":[],"class_list":["post-712","post","type-post","status-publish","format-standard","has-post-thumbnail","hentry","category-quoi-faire-et-voir-a-salou"],"_links":{"self":[{"href":"https:\/\/www.parque-montroig.com\/blog\/fr\/wp-json\/wp\/v2\/posts\/712","targetHints":{"allow":["GET"]}}],"collection":[{"href":"https:\/\/www.parque-montroig.com\/blog\/fr\/wp-json\/wp\/v2\/posts"}],"about":[{"href":"https:\/\/www.parque-montroig.com\/blog\/fr\/wp-json\/wp\/v2\/types\/post"}],"author":[{"embeddable":true,"href":"https:\/\/www.parque-montroig.com\/blog\/fr\/wp-json\/wp\/v2\/users\/2"}],"replies":[{"embeddable":true,"href":"https:\/\/www.parque-montroig.com\/blog\/fr\/wp-json\/wp\/v2\/comments?post=712"}],"version-history":[{"count":6,"href":"https:\/\/www.parque-montroig.com\/blog\/fr\/wp-json\/wp\/v2\/posts\/712\/revisions"}],"predecessor-version":[{"id":1415,"href":"https:\/\/www.parque-montroig.com\/blog\/fr\/wp-json\/wp\/v2\/posts\/712\/revisions\/1415"}],"wp:featuredmedia":[{"embeddable":true,"href":"https:\/\/www.parque-montroig.com\/blog\/fr\/wp-json\/wp\/v2\/media\/1320"}],"wp:attachment":[{"href":"https:\/\/www.parque-montroig.com\/blog\/fr\/wp-json\/wp\/v2\/media?parent=712"}],"wp:term":[{"taxonomy":"category","embeddable":true,"href":"https:\/\/www.parque-montroig.com\/blog\/fr\/wp-json\/wp\/v2\/categories?post=712"},{"taxonomy":"post_tag","embeddable":true,"href":"https:\/\/www.parque-montroig.com\/blog\/fr\/wp-json\/wp\/v2\/tags?post=712"}],"curies":[{"name":"wp","href":"https:\/\/api.w.org\/{rel}","templated":true}]}}