{"id":722,"date":"2020-05-05T19:29:03","date_gmt":"2020-05-05T17:29:03","guid":{"rendered":"https:\/\/www.parque-montroig.com\/blog\/?p=722"},"modified":"2022-10-04T15:05:25","modified_gmt":"2022-10-04T13:05:25","slug":"locations-vacances-sur-la-costa-dorada","status":"publish","type":"post","link":"https:\/\/www.parque-montroig.com\/blog\/fr\/locations-vacances-sur-la-costa-dorada\/","title":{"rendered":"Locations vacances sur la Costa Dorada"},"content":{"rendered":"\n<p>D\u00e9couvrez avec <a href=\"https:\/\/www.parque-montroig.com\/fr\/\" target=\"_blank\" rel=\"noreferrer noopener\" aria-label=\"Parc Mont-roig (se abre en una nueva pesta\u00f1a)\">Parc Mont-roig<\/a> toute l&rsquo;offre d&rsquo;appartements en location de vacances sur la Costa Dorada, avec une offre de plus de 120 appartements et maisons o\u00f9 vous pourrez trouver des appartements confortables, des maisons spacieuses et des villas de luxe avec piscine.<\/p>\n\n\n\n<p>Avec des vues enviables, toutes nos maisons sont situ\u00e9es en premi\u00e8re\nligne, ou tr\u00e8s pr\u00e8s de la plage, vous ne perdrez donc pas de temps \u00e0 vous\nd\u00e9placer et vous pourrez profiter de vos vacances au maximum.<\/p>\n\n\n\n<p>Nous avons des maisons, villas et appartements de vacances sur la Costa Dorada \u00e0 Cambrils, Miami Playa, Salou et Mont-Roig del Camp qui sont les destinations pr\u00e9f\u00e9r\u00e9es de nombreuses personnes. Les familles, les groupes d&rsquo;amis et les couples choisissent ces destinations pour passer leurs vacances en profitant des belles criques de sable fin et d&rsquo;eau cristalline, de la gastronomie spectaculaire locale, le temps fantastique qui nous accompagne toujours et les r\u00e9sidents gentils, amicaux et hospitaliers de la r\u00e9gion.<\/p>\n\n\n\n<figure class=\"wp-block-embed is-type-video is-provider-youtube wp-block-embed-youtube wp-embed-aspect-16-9 wp-has-aspect-ratio\"><div class=\"wp-block-embed__wrapper\">\n<iframe title=\"Locations de vacances sur la Costa Dorada\" width=\"751\" height=\"422\" src=\"https:\/\/www.youtube.com\/embed\/qc855cg6RXA?feature=oembed\" frameborder=\"0\" allow=\"accelerometer; autoplay; clipboard-write; encrypted-media; gyroscope; picture-in-picture\" allowfullscreen><\/iframe>\n<\/div><\/figure>\n\n\n\n<h3 class=\"wp-block-heading\">Cambrils<\/h3>\n\n\n\n<p>Cambrils poss\u00e8de plus de 10 km de plages incroyables et de criques de\nsable dor\u00e9. Vous pouvez \u00e9galement trouver une grande vari\u00e9t\u00e9 d&rsquo;activit\u00e9s de\nloisirs et de tourisme pour toute la famille.<\/p>\n\n\n\n<h3 class=\"wp-block-heading\">Miami Playa<\/h3>\n\n\n\n<p>Plages et criques idylliques pour bronzer et profiter de vacances au\ncalme. L&rsquo;offre gastronomique et de loisirs est excellente, des restaurants\nexquis pr\u00e8s de la mer o\u00f9 vous pourrez d\u00e9jeuner ou d\u00eener avec le bruit des\nvagues comme musique de fond.<\/p>\n\n\n\n<h3 class=\"wp-block-heading\">Salou<\/h3>\n\n\n\n<p>La capitale touristique de la Costa dorada. De nombreux kilom\u00e8tres de\nplages et de belles criques, Port Aventura, la source de lumi\u00e8re &#8230;\nDestination parfaite pour le tourisme familial en raison de sa grande offre\nculturelle, de loisirs, gastronomique et de vacances.<\/p>\n\n\n\n<h3 class=\"wp-block-heading\">Mont-Roig del Camp<\/h3>\n\n\n\n<p>Mont-Roig del Camp est une ville privil\u00e9gi\u00e9e qui offre une dualit\u00e9\ntouristique partag\u00e9e entre la c\u00f4te et l&rsquo;int\u00e9rieur. Profitez du climat, de ses\n12 km de c\u00f4tes qui forment ses plages et petites criques particuli\u00e8res ou de\nl&rsquo;int\u00e9rieur avec des sorties organis\u00e9es.<\/p>\n\n\n\n<h3 class=\"wp-block-heading\">Parc du Mont-Roig<\/h3>\n\n\n\n<p>Le Parc Mont-roig est un complexe r\u00e9sidentiel calme, id\u00e9al pour les\nfamilles avec enfants, avec un restaurant, une caf\u00e9t\u00e9ria et un bar de plage,\nqui offre le cadre id\u00e9al pour se d\u00e9connecter, se d\u00e9tendre et profiter en\nfamille.<\/p>\n\n\n\n<p>Planifiez vos vacances avec le Parc Mont-Roig<\/p>\n\n\n\n<h3 class=\"wp-block-heading\">La Costa Dorada<\/h3>\n\n\n\n<p>Est un endroit o\u00f9 le beau temps est garanti week-end apr\u00e8s week-end. Parfait pour des vacances d&rsquo;\u00e9t\u00e9, un long pont, un week-end, id\u00e9al pour \u00e9chapper \u00e0 la routine et se d\u00e9connecter pendant quelques jours.<\/p>\n\n\n\n<h3 class=\"wp-block-heading\">Ville de Tarragone<\/h3>\n\n\n\n<p>La capitale de Tarragon\u00e9s, est une commune c\u00f4ti\u00e8re avec une tradition historique et un patrimoine artistique monumental, gr\u00e2ce \u00e0 cela et ses plages incroyables, c&rsquo;est une destination touristique de premier plan.<\/p>\n\n\n\n<h3 class=\"wp-block-heading\">Cambrils<\/h3>\n\n\n\n<p>C\u00e9l\u00e8bre pour ses plages, la municipalit\u00e9 dispose d&rsquo;un total de 9 km de plage de sable, partant du golfe de Sant Jordi et s&rsquo;\u00e9tendant jusqu&rsquo;\u00e0 la pointe du ruisseau Riudecanyes.<\/p>\n\n\n\n<h3 class=\"wp-block-heading\">Salou<\/h3>\n\n\n\n<p>L&rsquo;une des municipalit\u00e9s les plus connues de la Costa Dorada, Salou est situ\u00e9e \u00e0 seulement 10 km de Tarragone et \u00e0 8 km de Reus, qui poss\u00e8de un a\u00e9roport. Salou est consid\u00e9r\u00e9e comme la capitale de la Costa Dorada, car c&rsquo;est la destination touristique la plus c\u00e9l\u00e8bre et la plus importante de la r\u00e9gion.<\/p>\n\n\n\n<h3 class=\"wp-block-heading\">Tarragone avec des enfants<\/h3>\n\n\n\n<p>Visiter Tarragone avec de jeunes enfants est un plan s\u00fbr, la municipalit\u00e9 et la province offrent des plans diff\u00e9rents pour tous les types de familles.<\/p>\n\n\n\n<h3 class=\"wp-block-heading\">Plages de la Costa Dorada<\/h3>\n\n\n\n<p>Pour tous les amoureux de la mer, du soleil et de la d\u00e9tente pendant l&rsquo;\u00e9t\u00e9, nous avons pr\u00e9par\u00e9 une entr\u00e9e avec une liste des plages de la Costa Dorada.<\/p>\n\n\n\n<h3 class=\"wp-block-heading\">Parcs naturels<\/h3>\n\n\n\n<p>En contrepoint du tourisme baln\u00e9aire, \u00e0 Tarragone, il y a de beaux parcs naturels qui valent le d\u00e9tour. Dans cette entr\u00e9e de notre blog, nous allons vous montrer qu&rsquo;il est possible de venir visiter Tarragone sans marcher sur une plage!<\/p>\n\n\n\n<h3 class=\"wp-block-heading\">Que faire \u00e0 Tarragone<\/h3>\n\n\n\n<p>Avec un \u00e9cosyst\u00e8me et une orographie riches et vari\u00e9s, des plages, des criques, des parcs naturels, des activit\u00e9s pour toute la famille, des randonn\u00e9es, du golf, de l&rsquo;histoire, de la culture, des f\u00eates et une gastronomie riche et traditionnelle.<\/p>\n\n\n\n<h3 class=\"wp-block-heading\">\u00c9v\u00e9nements \u00e0 Tarragone<\/h3>\n\n\n\n<p>L&rsquo;une des meilleures fa\u00e7ons de conna\u00eetre la culture d&rsquo;une ville est de s&rsquo;immerger pleinement dans ses traditions et ses f\u00eates populaires, Tarragone facilite les choses \u00e0 cet \u00e9gard, car les diff\u00e9rents \u00e9v\u00e9nements sont r\u00e9partis tout au long de l&rsquo;ann\u00e9e.<\/p>\n\n\n\n<h2 class=\"wp-block-heading\">Comment fonctionne notre location de\nvacances<\/h2>\n\n\n\n<p><strong>\u00c9tape 1<\/strong>: Trouvez la propri\u00e9t\u00e9 qui vous int\u00e9resse le plus dans la municipalit\u00e9 o\u00f9 vous souhaitez s\u00e9journer.<\/p>\n\n\n\n<p><strong>\u00c9tape 2:<\/strong> Effectuez la transaction en toute s\u00e9curit\u00e9 sur notre plateforme de paiement.<\/p>\n\n\n\n<p><strong>\u00c9tape 3:<\/strong> Profitez de vos vacances avec l&rsquo;h\u00e9bergement le plus appropri\u00e9 pour vous et les v\u00f4tres.<\/p>\n\n\n\n<figure class=\"wp-block-image size-full is-resized\"><img fetchpriority=\"high\" decoding=\"async\" src=\"https:\/\/www.parque-montroig.com\/blog\/wp-content\/uploads\/2019\/10\/apartamento-miami-playa-007.jpg\" alt=\"Locations vacances sur la Costa Dorada\" class=\"wp-image-1149\" width=\"750\" height=\"500\" srcset=\"https:\/\/www.parque-montroig.com\/blog\/wp-content\/uploads\/2019\/10\/apartamento-miami-playa-007.jpg 1500w, https:\/\/www.parque-montroig.com\/blog\/wp-content\/uploads\/2019\/10\/apartamento-miami-playa-007-360x240.jpg 360w, https:\/\/www.parque-montroig.com\/blog\/wp-content\/uploads\/2019\/10\/apartamento-miami-playa-007-768x512.jpg 768w\" sizes=\"(max-width: 750px) 100vw, 750px\" \/><\/figure>\n\n\n\n<figure class=\"wp-block-image size-large is-resized\"><img decoding=\"async\" src=\"https:\/\/www.parque-montroig.com\/blog\/wp-content\/uploads\/2020\/12\/Logo-Feder-1.jpeg\" alt=\"\" class=\"wp-image-735\" width=\"190\" height=\"90\"\/><\/figure>\n\n\n\n<p style=\"font-size:10px\">Parc Mont-roig, S.L. a \u00e9t\u00e9 b\u00e9n\u00e9ficiaire du Fonds Europ\u00e9en pour D\u00e9veloppement r\u00e9gional dont l&rsquo;objectif est d&rsquo;am\u00e9liorer la comp\u00e9titivit\u00e9 des PME et gr\u00e2ce auxquelles elle a lanc\u00e9 un plan de marketing num\u00e9rique International pour am\u00e9liorer votre positionnement en ligne sur les march\u00e9s \u00e9trangers au cours de l&rsquo;ann\u00e9e 2021. Pour cela, il a compt\u00e9 avec le soutien du Programme XPANDE DIGITAL de la Chambre de Commerce de Reus. Une fa\u00e7on de faire de l&rsquo;Europe<\/p>\n","protected":false},"excerpt":{"rendered":"<p>D\u00e9couvrez avec Parc Mont-roig toute l&rsquo;offre d&rsquo;appartements en location de vacances sur la Costa Dorada, avec une offre de plus&#8230;<\/p>\n","protected":false},"author":2,"featured_media":1628,"comment_status":"open","ping_status":"closed","sticky":false,"template":"","format":"standard","meta":{"footnotes":""},"categories":[26,50,16,46,40],"tags":[],"class_list":["post-722","post","type-post","status-publish","format-standard","has-post-thumbnail","hentry","category-la-costa-dorada-fr","category-la-ville-de-tarragone","category-que-faire-et-visiter-a-cambrils-espagne","category-que-voir-et-faire-a-tarragone","category-quoi-faire-et-voir-a-salou"],"_links":{"self":[{"href":"https:\/\/www.parque-montroig.com\/blog\/fr\/wp-json\/wp\/v2\/posts\/722","targetHints":{"allow":["GET"]}}],"collection":[{"href":"https:\/\/www.parque-montroig.com\/blog\/fr\/wp-json\/wp\/v2\/posts"}],"about":[{"href":"https:\/\/www.parque-montroig.com\/blog\/fr\/wp-json\/wp\/v2\/types\/post"}],"author":[{"embeddable":true,"href":"https:\/\/www.parque-montroig.com\/blog\/fr\/wp-json\/wp\/v2\/users\/2"}],"replies":[{"embeddable":true,"href":"https:\/\/www.parque-montroig.com\/blog\/fr\/wp-json\/wp\/v2\/comments?post=722"}],"version-history":[{"count":6,"href":"https:\/\/www.parque-montroig.com\/blog\/fr\/wp-json\/wp\/v2\/posts\/722\/revisions"}],"predecessor-version":[{"id":1425,"href":"https:\/\/www.parque-montroig.com\/blog\/fr\/wp-json\/wp\/v2\/posts\/722\/revisions\/1425"}],"wp:featuredmedia":[{"embeddable":true,"href":"https:\/\/www.parque-montroig.com\/blog\/fr\/wp-json\/wp\/v2\/media\/1628"}],"wp:attachment":[{"href":"https:\/\/www.parque-montroig.com\/blog\/fr\/wp-json\/wp\/v2\/media?parent=722"}],"wp:term":[{"taxonomy":"category","embeddable":true,"href":"https:\/\/www.parque-montroig.com\/blog\/fr\/wp-json\/wp\/v2\/categories?post=722"},{"taxonomy":"post_tag","embeddable":true,"href":"https:\/\/www.parque-montroig.com\/blog\/fr\/wp-json\/wp\/v2\/tags?post=722"}],"curies":[{"name":"wp","href":"https:\/\/api.w.org\/{rel}","templated":true}]}}