{"id":772,"date":"2020-12-28T11:39:01","date_gmt":"2020-12-28T10:39:01","guid":{"rendered":"https:\/\/www.parque-montroig.com\/blog\/?p=772"},"modified":"2020-12-29T11:50:32","modified_gmt":"2020-12-29T10:50:32","slug":"ametlla-de-mar","status":"publish","type":"post","link":"https:\/\/www.parque-montroig.com\/blog\/fr\/ametlla-de-mar\/","title":{"rendered":"D\u00e9couvrez Ametlla de Mar avec le Parc Mont-roig"},"content":{"rendered":"\n<p>Ametlla de Mar est une ville c\u00f4ti\u00e8re situ\u00e9e au sud de Tarragone et Cambrils, la ville compte une population de 7 mille habitants et gr\u00e2ce \u00e0 sa tradition de village de vacances, elle d\u00e9passe facilement les 40 mille en \u00e9t\u00e9. Les touristes affluent \u00e9t\u00e9 apr\u00e8s \u00e9t\u00e9 attir\u00e9s par les 30 belles criques et plages qui pars\u00e8ment le littoral de la ville.<\/p>\n\n\n\n<h3 class=\"wp-block-heading\">L&rsquo;escapade ultime<\/h3>\n\n\n\n<p>Parfaite pour un week-end ou un s\u00e9jour de vacances, Ametlla de Mar propose de nombreuses activit\u00e9s nautiques, par exemple, une excursion en catamaran qui vous emm\u00e8ne dans les \u00ab\u00a0piscines\u00a0\u00bb \u00e0 proximit\u00e9 o\u00f9 vous pourrez nager parmi les thons, cette activit\u00e9 est l&rsquo;une des favorites parmi les touristes. Le port et la promenade, o\u00f9 vous pourrez vous promener le long de la mer, valent le d\u00e9tour. La place des bateaux vous offre une vue panoramique sur le port gr\u00e2ce \u00e0 son belv\u00e9d\u00e8re situ\u00e9 dans l&rsquo;enclave connue sous le nom de La Gran Cova, o\u00f9 au d\u00e9but du XXe si\u00e8cle un navire s&rsquo;est \u00e9chou\u00e9 en cherchant refuge.<\/p>\n\n\n\n<h3 class=\"wp-block-heading\">Histoire d&rsquo;Ametlla de Mar<\/h3>\n\n\n\n<p>L&rsquo;histoire d&rsquo;Ametlla de Mar remonte \u00e0 la fin du 18\u00e8me si\u00e8cle, lorsqu&rsquo;elle est devenue un lieu de refuge pour les p\u00eacheurs de Valence, c&rsquo;est ainsi qu&rsquo;un village de p\u00eacheurs a vu le jour. Actuellement, la plupart des bateaux sont destin\u00e9s aux loisirs, mais vous pouvez toujours voir quelques bateaux qui maintiennent l&rsquo;activit\u00e9 de p\u00eache.<\/p>\n\n\n\n<h3 class=\"wp-block-heading\">Activit\u00e9s<\/h3>\n\n\n\n<p>Pour ceux d&rsquo;entre vous qui aiment les itin\u00e9raires et le trekking, il existe \u00e9galement plusieurs propositions parfaites pour vous. Le parcours arch\u00e9ologique de 25 kilom\u00e8tres de long traverse l&rsquo;\u00e9poque romaine pr\u00e9-imp\u00e9riale, l&rsquo;\u00e9poque m\u00e9di\u00e9vale et la guerre civile. La route des oliviers, avec 9 kilom\u00e8tres, se concentre sur l&rsquo;agriculture d&rsquo;Ametlla, une ressource \u00e9conomique secondaire dans la r\u00e9gion, avec ses vignobles, oliviers, amandiers et caroubiers. Ce ne sont que deux des sept itin\u00e9raires que vous pouvez emprunter, avec diverses difficult\u00e9s.<\/p>\n\n\n\n<figure class=\"wp-block-image size-large is-resized\"><img decoding=\"async\" src=\"https:\/\/www.parque-montroig.com\/blog\/wp-content\/uploads\/2020\/12\/Logo-Feder-1.jpeg\" alt=\"\" class=\"wp-image-735\" width=\"193\" height=\"91\"\/><\/figure>\n\n\n\n<p style=\"font-size:10px\">Parc Mont-roig, S.L. a \u00e9t\u00e9 b\u00e9n\u00e9ficiaire du Fonds Europ\u00e9en pour D\u00e9veloppement r\u00e9gional dont l&rsquo;objectif est d&rsquo;am\u00e9liorer la comp\u00e9titivit\u00e9 des PME et gr\u00e2ce auxquelles elle a lanc\u00e9 un plan de marketing num\u00e9rique International pour am\u00e9liorer votre positionnement en ligne sur les march\u00e9s \u00e9trangers au cours de l&rsquo;ann\u00e9e 2021. Pour cela, il a compt\u00e9 avec le soutien du Programme XPANDE DIGITAL de la Chambre de Commerce de Reus. Une fa\u00e7on de faire de l&rsquo;Europe<\/p>\n","protected":false},"excerpt":{"rendered":"<p>Ametlla de Mar est une ville c\u00f4ti\u00e8re situ\u00e9e au sud de Tarragone et Cambrils, la ville compte une population de&#8230;<\/p>\n","protected":false},"author":2,"featured_media":448,"comment_status":"open","ping_status":"closed","sticky":false,"template":"","format":"standard","meta":{"footnotes":""},"categories":[26,45],"tags":[],"class_list":["post-772","post","type-post","status-publish","format-standard","has-post-thumbnail","hentry","category-la-costa-dorada-fr","category-quoi-faire-et-voir-sur-la-costa-dorada"],"_links":{"self":[{"href":"https:\/\/www.parque-montroig.com\/blog\/fr\/wp-json\/wp\/v2\/posts\/772","targetHints":{"allow":["GET"]}}],"collection":[{"href":"https:\/\/www.parque-montroig.com\/blog\/fr\/wp-json\/wp\/v2\/posts"}],"about":[{"href":"https:\/\/www.parque-montroig.com\/blog\/fr\/wp-json\/wp\/v2\/types\/post"}],"author":[{"embeddable":true,"href":"https:\/\/www.parque-montroig.com\/blog\/fr\/wp-json\/wp\/v2\/users\/2"}],"replies":[{"embeddable":true,"href":"https:\/\/www.parque-montroig.com\/blog\/fr\/wp-json\/wp\/v2\/comments?post=772"}],"version-history":[{"count":3,"href":"https:\/\/www.parque-montroig.com\/blog\/fr\/wp-json\/wp\/v2\/posts\/772\/revisions"}],"predecessor-version":[{"id":809,"href":"https:\/\/www.parque-montroig.com\/blog\/fr\/wp-json\/wp\/v2\/posts\/772\/revisions\/809"}],"wp:featuredmedia":[{"embeddable":true,"href":"https:\/\/www.parque-montroig.com\/blog\/fr\/wp-json\/wp\/v2\/media\/448"}],"wp:attachment":[{"href":"https:\/\/www.parque-montroig.com\/blog\/fr\/wp-json\/wp\/v2\/media?parent=772"}],"wp:term":[{"taxonomy":"category","embeddable":true,"href":"https:\/\/www.parque-montroig.com\/blog\/fr\/wp-json\/wp\/v2\/categories?post=772"},{"taxonomy":"post_tag","embeddable":true,"href":"https:\/\/www.parque-montroig.com\/blog\/fr\/wp-json\/wp\/v2\/tags?post=772"}],"curies":[{"name":"wp","href":"https:\/\/api.w.org\/{rel}","templated":true}]}}