{"id":778,"date":"2020-12-29T10:44:18","date_gmt":"2020-12-29T09:44:18","guid":{"rendered":"https:\/\/www.parque-montroig.com\/blog\/?p=778"},"modified":"2020-12-29T11:40:34","modified_gmt":"2020-12-29T10:40:34","slug":"lamphitheatre-de-tarragone","status":"publish","type":"post","link":"https:\/\/www.parque-montroig.com\/blog\/fr\/lamphitheatre-de-tarragone\/","title":{"rendered":"D\u00e9couvrez l&rsquo;amphith\u00e9\u00e2tre de Tarragone avec le Parc Mont-roig"},"content":{"rendered":"\n<p>Derri\u00e8re les remparts de la ville s&rsquo;\u00e9l\u00e8ve l&rsquo;amphith\u00e9\u00e2tre de Tarragone, un site du patrimoine mondial, construit \u00e0 la fin du si\u00e8cle II apr\u00e8s JC. et plus tard r\u00e9form\u00e9 au cours du 3\u00e8me si\u00e8cle apr\u00e8s JC. Les mesures de l&rsquo;amphith\u00e9\u00e2tre sont de 109,5 x 86,5 m\u00e8tres et il avait une capacit\u00e9 d&rsquo;environ 14 000 spectateurs.<\/p>\n\n\n\n<h3 class=\"wp-block-heading\">Spectacles historiques<\/h3>\n\n\n\n<p>Toutes sortes de spectacles ont eu lieu dans l&rsquo;amphith\u00e9\u00e2tre de Tarragone, comme des combats de gladiateurs ou des combats d&rsquo;animaux, ainsi que des expositions sportives, des chasses et d&rsquo;autres plus cruelles qui vous seront s\u00fbrement expliqu\u00e9es si vous visitez l&rsquo;amphith\u00e9\u00e2tre avec un guide. Lors des journ\u00e9es les plus chaudes, pour rendre les spectateurs plus \u00e0 l&rsquo;aise, une tente g\u00e9ante a \u00e9t\u00e9 d\u00e9ploy\u00e9e pour les prot\u00e9ger du soleil. Sous l&rsquo;ar\u00e8ne o\u00f9 se d\u00e9roulaient les spectacles se trouvaient les sous-sols qui, \u00e0 l&rsquo;aide de chariots \u00e9l\u00e9vateurs fonctionnant avec un syst\u00e8me de poulies et de contrepoids, soulevaient les cages avec les animaux, les gladiateurs ou les diff\u00e9rents \u00e9l\u00e9ments sc\u00e9nographiques du spectacle. Dans le mus\u00e9e arch\u00e9ologique national de Tarragone, vous pouvez trouver une fresque d\u00e9di\u00e9e \u00e0 la d\u00e9esse N\u00e9m\u00e9sis appartenant \u00e0 l&rsquo;amphith\u00e9\u00e2tre, elle d\u00e9corait la petite chapelle d\u00e9di\u00e9e \u00e0 l&rsquo;invocation de ladite d\u00e9esse, qui \u00e9tait cens\u00e9e prot\u00e9ger les gladiateurs.<\/p>\n\n\n\n<h3 class=\"wp-block-heading\">Le d\u00e9clin de l&rsquo;amphith\u00e9\u00e2tre de Tarragone<\/h3>\n\n\n\n<p>Au cours du 5\u00e8me si\u00e8cle et en raison de l&rsquo;essor de la politique religieuse sous les premiers empereurs chr\u00e9tiens, l&rsquo;amphith\u00e9\u00e2tre perd progressivement ses fonctions d&rsquo;origine. 100 ans plus tard, ses pierres ont \u00e9t\u00e9 utilis\u00e9es pour construire une basilique chr\u00e9tienne.<\/p>\n\n\n\n<h3 class=\"wp-block-heading\">Toute la famille \u00e0 l&rsquo;Amphith\u00e9\u00e2tre<\/h3>\n\n\n\n<p>L&rsquo;amphith\u00e9\u00e2tre est une partie importante des diff\u00e9rentes voies romaines disponibles pour toute la famille, c&rsquo;est l&rsquo;un des b\u00e2timents historiques les plus importants de la ville de Tarragone, une occasion pour vous tous de profiter, d&rsquo;apprendre avec vos enfants sur les d\u00e9buts de la vie de cette fantastique ville m\u00e9diterran\u00e9enne. Du Parc Mont-Roig nous vous proposons des appartements, maisons et villas \u00e0 louer pr\u00e8s de la ville de Tarragone, dans les communes de Cambrils, Miami Playa, Salou et Mont-Roig del Camp, \u00e0 quelques minutes de Tarragone en voiture et beaucoup plus calme et abordable qu&rsquo;en ville.<\/p>\n\n\n\n<div style=\"height:20px\" aria-hidden=\"true\" class=\"wp-block-spacer\"><\/div>\n\n\n\n<figure class=\"wp-block-image size-large is-resized\"><img decoding=\"async\" src=\"https:\/\/www.parque-montroig.com\/blog\/wp-content\/uploads\/2020\/12\/Logo-FEDER-.png\" alt=\"\" class=\"wp-image-739\" width=\"266\" height=\"67\"\/><\/figure>\n\n\n\n<figure class=\"wp-block-image size-large is-resized\"><img decoding=\"async\" src=\"https:\/\/www.parque-montroig.com\/blog\/wp-content\/uploads\/2020\/12\/Logo-Feder-1.jpeg\" alt=\"\" class=\"wp-image-735\" width=\"202\" height=\"96\"\/><\/figure>\n\n\n\n<div style=\"height:20px\" aria-hidden=\"true\" class=\"wp-block-spacer\"><\/div>\n\n\n\n<p style=\"font-size:10px\">Parc Mont-roig, S.L. a \u00e9t\u00e9 b\u00e9n\u00e9ficiaire du Fonds Europ\u00e9en pour D\u00e9veloppement r\u00e9gional dont l&rsquo;objectif est d&rsquo;am\u00e9liorer la comp\u00e9titivit\u00e9 des PME et gr\u00e2ce auxquelles elle a lanc\u00e9 un plan de marketing num\u00e9rique International pour am\u00e9liorer votre positionnement en ligne sur les march\u00e9s \u00e9trangers au cours de l&rsquo;ann\u00e9e 2021. Pour cela, il a compt\u00e9 avec le soutien du Programme XPANDE DIGITAL de la Chambre de Commerce de Reus. Une fa\u00e7on de faire de l&rsquo;Europe<\/p>\n","protected":false},"excerpt":{"rendered":"<p>Derri\u00e8re les remparts de la ville s&rsquo;\u00e9l\u00e8ve l&rsquo;amphith\u00e9\u00e2tre de Tarragone, un site du patrimoine mondial, construit \u00e0 la fin du&#8230;<\/p>\n","protected":false},"author":2,"featured_media":781,"comment_status":"open","ping_status":"closed","sticky":false,"template":"","format":"standard","meta":{"footnotes":""},"categories":[50],"tags":[],"class_list":["post-778","post","type-post","status-publish","format-standard","has-post-thumbnail","hentry","category-la-ville-de-tarragone"],"_links":{"self":[{"href":"https:\/\/www.parque-montroig.com\/blog\/fr\/wp-json\/wp\/v2\/posts\/778","targetHints":{"allow":["GET"]}}],"collection":[{"href":"https:\/\/www.parque-montroig.com\/blog\/fr\/wp-json\/wp\/v2\/posts"}],"about":[{"href":"https:\/\/www.parque-montroig.com\/blog\/fr\/wp-json\/wp\/v2\/types\/post"}],"author":[{"embeddable":true,"href":"https:\/\/www.parque-montroig.com\/blog\/fr\/wp-json\/wp\/v2\/users\/2"}],"replies":[{"embeddable":true,"href":"https:\/\/www.parque-montroig.com\/blog\/fr\/wp-json\/wp\/v2\/comments?post=778"}],"version-history":[{"count":2,"href":"https:\/\/www.parque-montroig.com\/blog\/fr\/wp-json\/wp\/v2\/posts\/778\/revisions"}],"predecessor-version":[{"id":780,"href":"https:\/\/www.parque-montroig.com\/blog\/fr\/wp-json\/wp\/v2\/posts\/778\/revisions\/780"}],"wp:featuredmedia":[{"embeddable":true,"href":"https:\/\/www.parque-montroig.com\/blog\/fr\/wp-json\/wp\/v2\/media\/781"}],"wp:attachment":[{"href":"https:\/\/www.parque-montroig.com\/blog\/fr\/wp-json\/wp\/v2\/media?parent=778"}],"wp:term":[{"taxonomy":"category","embeddable":true,"href":"https:\/\/www.parque-montroig.com\/blog\/fr\/wp-json\/wp\/v2\/categories?post=778"},{"taxonomy":"post_tag","embeddable":true,"href":"https:\/\/www.parque-montroig.com\/blog\/fr\/wp-json\/wp\/v2\/tags?post=778"}],"curies":[{"name":"wp","href":"https:\/\/api.w.org\/{rel}","templated":true}]}}