{"id":792,"date":"2020-12-29T11:28:40","date_gmt":"2020-12-29T10:28:40","guid":{"rendered":"https:\/\/www.parque-montroig.com\/blog\/?p=792"},"modified":"2020-12-29T11:45:39","modified_gmt":"2020-12-29T10:45:39","slug":"calafell","status":"publish","type":"post","link":"https:\/\/www.parque-montroig.com\/blog\/fr\/calafell\/","title":{"rendered":"Calafell"},"content":{"rendered":"\n<p>Quand on pense \u00e0 la ville de Calafell, on pense g\u00e9n\u00e9ralement \u00e0 des images de plages avec des bars de plage et au son caract\u00e9ristique des vagues. Mais Calafell est plus qu&rsquo;une plage, c&rsquo;est une belle destination \u00e0 visiter avec toute la famille. Avec de multiples activit\u00e9s pour les enfants, par exemple, pendant le CALAFELL FAMILY WEEK-END, qui a lieu certains week-ends.<\/p>\n\n\n\n<h3 class=\"wp-block-heading\">H\u00e9ritage historique de Calafell<\/h3>\n\n\n\n<p>Avec son h\u00e9ritage historique et sa tradition maritime, Calafell se distingue par son patrimoine monumental, avec le ch\u00e2teau m\u00e9di\u00e9val et son enceinte fortifi\u00e9e, l&rsquo;\u00e9glise romane de Santa Creu, de l&rsquo;\u00e9poque lombarde, au XIe si\u00e8cle, mettant en valeur les vestiges de peintures murales dans l&rsquo;abside.<\/p>\n\n\n\n<p>Le noyau touristique est centr\u00e9 dans l&rsquo;ancien quartier de p\u00eacheurs, appel\u00e9 La Platja ou Marina de Calafell, o\u00f9 vous pouvez trouver des restaurants et une offre de loisirs vari\u00e9e.<\/p>\n\n\n\n<p>Dans la municipalit\u00e9 de Calafell, il vaut la peine de visiter la ville ib\u00e9rique de Les Toixoneres, actuellement connue sous le nom de Citadelle ib\u00e9rique de Calafell, elle a \u00e9t\u00e9 reconstruite et am\u00e9nag\u00e9e pour que les visiteurs puissent avoir une id\u00e9e beaucoup plus concr\u00e8te et d\u00e9taill\u00e9e de la civilisation qui habitait la r\u00e9gion il y a plus de 22 si\u00e8cles.<\/p>\n\n\n\n<h3 class=\"wp-block-heading\">O\u00f9 est Calafell?<\/h3>\n\n\n\n<p>\u00c0 seulement 30 minutes de Barcelone, tr\u00e8s proche de la Tarragone romaine historique, cette belle ville a un climat exceptionnel, elle poss\u00e8de \u00e9galement un environnement naturel unique et un patrimoine historique et culturel unique.<\/p>\n\n\n\n<h3 class=\"wp-block-heading\">Des plages pour toute la famille<\/h3>\n\n\n\n<p>5 kilom\u00e8tres d&rsquo;eaux calmes et peu profondes, riches en iode, parfaites pour le tourisme familial. Il propose \u00e9galement diff\u00e9rentes activit\u00e9s nautiques pour les plus passionn\u00e9s de sport. Le drapeau bleu est pr\u00e9sent depuis 1992, avec la collaboration du Conseil provincial du tourisme de Tarragone. La qualit\u00e9 du sable et de l&rsquo;eau, la tranquillit\u00e9 de la mer et les douces pentes du rivage font des plages de Calafell une destination incontournable de la Costa Dorada si vous souhaitez vous d\u00e9tendre et bronzer.<\/p>\n\n\n\n<div style=\"height:20px\" aria-hidden=\"true\" class=\"wp-block-spacer\"><\/div>\n\n\n\n<figure class=\"wp-block-image size-large is-resized\"><img decoding=\"async\" src=\"https:\/\/www.parque-montroig.com\/blog\/wp-content\/uploads\/2020\/12\/Logo-Feder-1.jpeg\" alt=\"Logo Feder\" class=\"wp-image-735\" width=\"170\" height=\"80\"\/><\/figure>\n\n\n\n<p style=\"font-size:10px\">Parc Mont-roig, S.L. a \u00e9t\u00e9 b\u00e9n\u00e9ficiaire du Fonds Europ\u00e9en pour D\u00e9veloppement r\u00e9gional dont l&rsquo;objectif est d&rsquo;am\u00e9liorer la comp\u00e9titivit\u00e9 des PME et gr\u00e2ce auxquelles elle a lanc\u00e9 un plan de marketing num\u00e9rique International pour am\u00e9liorer votre positionnement en ligne sur les march\u00e9s \u00e9trangers au cours de l&rsquo;ann\u00e9e 2021. Pour cela, il a compt\u00e9 avec le soutien du Programme XPANDE DIGITAL de la Chambre de Commerce de Reus. Une fa\u00e7on de faire de l&rsquo;Europe.<\/p>\n","protected":false},"excerpt":{"rendered":"<p>Quand on pense \u00e0 la ville de Calafell, on pense g\u00e9n\u00e9ralement \u00e0 des images de plages avec des bars de&#8230;<\/p>\n","protected":false},"author":2,"featured_media":453,"comment_status":"open","ping_status":"closed","sticky":false,"template":"","format":"standard","meta":{"footnotes":""},"categories":[26],"tags":[],"class_list":["post-792","post","type-post","status-publish","format-standard","has-post-thumbnail","hentry","category-la-costa-dorada-fr"],"_links":{"self":[{"href":"https:\/\/www.parque-montroig.com\/blog\/fr\/wp-json\/wp\/v2\/posts\/792","targetHints":{"allow":["GET"]}}],"collection":[{"href":"https:\/\/www.parque-montroig.com\/blog\/fr\/wp-json\/wp\/v2\/posts"}],"about":[{"href":"https:\/\/www.parque-montroig.com\/blog\/fr\/wp-json\/wp\/v2\/types\/post"}],"author":[{"embeddable":true,"href":"https:\/\/www.parque-montroig.com\/blog\/fr\/wp-json\/wp\/v2\/users\/2"}],"replies":[{"embeddable":true,"href":"https:\/\/www.parque-montroig.com\/blog\/fr\/wp-json\/wp\/v2\/comments?post=792"}],"version-history":[{"count":3,"href":"https:\/\/www.parque-montroig.com\/blog\/fr\/wp-json\/wp\/v2\/posts\/792\/revisions"}],"predecessor-version":[{"id":801,"href":"https:\/\/www.parque-montroig.com\/blog\/fr\/wp-json\/wp\/v2\/posts\/792\/revisions\/801"}],"wp:featuredmedia":[{"embeddable":true,"href":"https:\/\/www.parque-montroig.com\/blog\/fr\/wp-json\/wp\/v2\/media\/453"}],"wp:attachment":[{"href":"https:\/\/www.parque-montroig.com\/blog\/fr\/wp-json\/wp\/v2\/media?parent=792"}],"wp:term":[{"taxonomy":"category","embeddable":true,"href":"https:\/\/www.parque-montroig.com\/blog\/fr\/wp-json\/wp\/v2\/categories?post=792"},{"taxonomy":"post_tag","embeddable":true,"href":"https:\/\/www.parque-montroig.com\/blog\/fr\/wp-json\/wp\/v2\/tags?post=792"}],"curies":[{"name":"wp","href":"https:\/\/api.w.org\/{rel}","templated":true}]}}