{"id":867,"date":"2021-01-02T11:38:16","date_gmt":"2021-01-02T10:38:16","guid":{"rendered":"https:\/\/www.parque-montroig.com\/blog\/?p=867"},"modified":"2021-01-02T11:38:18","modified_gmt":"2021-01-02T10:38:18","slug":"balcon-del-mediterraneo","status":"publish","type":"post","link":"https:\/\/www.parque-montroig.com\/blog\/fr\/balcon-del-mediterraneo\/","title":{"rendered":"Profitez des vues incroyables sur le Balc\u00f3n del Mediterr\u00e1neo"},"content":{"rendered":"\n<p>El Balc\u00f3n del Mediterr\u00e1neo est l&rsquo;un des points de vue les plus embl\u00e9matiques et les plus connus de tout le pays. Des centaines de personnes la traversent chaque jour, aussi bien des habitants de la ville de Tarragone que des touristes. Les vues incroyables, \u00e0 40 m\u00e8tres d&rsquo;altitude, vous permettent de profiter de vues spectaculaires sur la mer et la c\u00f4te de la ville. D&rsquo;un c\u00f4t\u00e9, nous avons le port de Tarragone et de l&rsquo;autre l&rsquo;amphith\u00e9\u00e2tre romain.<\/p>\n\n\n\n<p>Pr\u00e8s du belv\u00e9d\u00e8re se trouve \u00e9galement une statue d\u00e9di\u00e9e au c\u00e9l\u00e8bre amiral Roger de Lluria, le plus victorieux de la Armada Reial sous le r\u00e8gne de Pere III \u00ab\u00a0le Grand\u00a0\u00bb.<\/p>\n\n\n\n<p>Une des curiosit\u00e9s du lieu est qu&rsquo;il est obligatoire, en arrivant au Balc\u00f3n del Mediterr\u00e1neo, vous devez toucher la balustrade en fer forg\u00e9, cette tradition vient de l&rsquo;expression \u00ab\u00a0toucher le fer\u00a0\u00bb qui signifie toucher le fer, l&rsquo;\u00e9quivalent de \u00ab\u00a0toucher du bois\u00a0\u00bb en espagnol. de cette fa\u00e7on, nous aurons de la chance pour le reste de nos vies!<\/p>\n\n\n\n<p>Le Balc\u00f3n del Mediterr\u00e1neo est une visite rapide, que vous pouvez int\u00e9grer dans n&rsquo;importe lequel des itin\u00e9raires historiques passionnants de la ville, tels que la route romaine.<\/p>\n\n\n\n<p>Si vous souhaitez passer un week-end ou des vacances \u00e0 Tarragone et profiter de son histoire, de sa culture et de sa gastronomie, du Parc Mont-Roig nous vous aidons \u00e0 trouver l&rsquo;h\u00e9bergement le plus adapt\u00e9 pour vous, selon vos besoins et vos go\u00fbts, nous louons des appartements et des maisons de vacances. Vous pouvez nous contacter via le formulaire ou en appelant directement nos bureaux. Nous serons ravis de vous aider!<\/p>\n\n\n\n<div style=\"height:20px\" aria-hidden=\"true\" class=\"wp-block-spacer\"><\/div>\n\n\n\n<figure class=\"wp-block-image size-large is-resized\"><img decoding=\"async\" src=\"https:\/\/www.parque-montroig.com\/blog\/wp-content\/uploads\/2020\/12\/Logo-Feder-1.jpeg\" alt=\"Logo Feder\" class=\"wp-image-735\" width=\"172\" height=\"81\"\/><\/figure>\n\n\n\n<p style=\"font-size:10px\">Parc Mont-roig, S.L. a \u00e9t\u00e9 b\u00e9n\u00e9ficiaire du Fonds Europ\u00e9en pour D\u00e9veloppement r\u00e9gional dont l&rsquo;objectif est d&rsquo;am\u00e9liorer la comp\u00e9titivit\u00e9 des PME et gr\u00e2ce auxquelles elle a lanc\u00e9 un plan de marketing num\u00e9rique International pour am\u00e9liorer votre positionnement en ligne sur les march\u00e9s \u00e9trangers au cours de l&rsquo;ann\u00e9e 2021. Pour cela, il a compt\u00e9 avec le soutien du Programme XPANDE DIGITAL de la Chambre de Commerce de Reus. Une fa\u00e7on de faire de l&rsquo;Europe.<\/p>\n","protected":false},"excerpt":{"rendered":"<p>El Balc\u00f3n del Mediterr\u00e1neo est l&rsquo;un des points de vue les plus embl\u00e9matiques et les plus connus de tout le&#8230;<\/p>\n","protected":false},"author":2,"featured_media":288,"comment_status":"open","ping_status":"closed","sticky":false,"template":"","format":"standard","meta":{"footnotes":""},"categories":[50,46,54],"tags":[],"class_list":["post-867","post","type-post","status-publish","format-standard","has-post-thumbnail","hentry","category-la-ville-de-tarragone","category-que-voir-et-faire-a-tarragone","category-tarragone-avec-des-enfants"],"_links":{"self":[{"href":"https:\/\/www.parque-montroig.com\/blog\/fr\/wp-json\/wp\/v2\/posts\/867","targetHints":{"allow":["GET"]}}],"collection":[{"href":"https:\/\/www.parque-montroig.com\/blog\/fr\/wp-json\/wp\/v2\/posts"}],"about":[{"href":"https:\/\/www.parque-montroig.com\/blog\/fr\/wp-json\/wp\/v2\/types\/post"}],"author":[{"embeddable":true,"href":"https:\/\/www.parque-montroig.com\/blog\/fr\/wp-json\/wp\/v2\/users\/2"}],"replies":[{"embeddable":true,"href":"https:\/\/www.parque-montroig.com\/blog\/fr\/wp-json\/wp\/v2\/comments?post=867"}],"version-history":[{"count":1,"href":"https:\/\/www.parque-montroig.com\/blog\/fr\/wp-json\/wp\/v2\/posts\/867\/revisions"}],"predecessor-version":[{"id":868,"href":"https:\/\/www.parque-montroig.com\/blog\/fr\/wp-json\/wp\/v2\/posts\/867\/revisions\/868"}],"wp:featuredmedia":[{"embeddable":true,"href":"https:\/\/www.parque-montroig.com\/blog\/fr\/wp-json\/wp\/v2\/media\/288"}],"wp:attachment":[{"href":"https:\/\/www.parque-montroig.com\/blog\/fr\/wp-json\/wp\/v2\/media?parent=867"}],"wp:term":[{"taxonomy":"category","embeddable":true,"href":"https:\/\/www.parque-montroig.com\/blog\/fr\/wp-json\/wp\/v2\/categories?post=867"},{"taxonomy":"post_tag","embeddable":true,"href":"https:\/\/www.parque-montroig.com\/blog\/fr\/wp-json\/wp\/v2\/tags?post=867"}],"curies":[{"name":"wp","href":"https:\/\/api.w.org\/{rel}","templated":true}]}}