{"id":872,"date":"2021-01-02T11:54:42","date_gmt":"2021-01-02T10:54:42","guid":{"rendered":"https:\/\/www.parque-montroig.com\/blog\/?p=872"},"modified":"2021-01-02T11:54:44","modified_gmt":"2021-01-02T10:54:44","slug":"marche-de-tarragone","status":"publish","type":"post","link":"https:\/\/www.parque-montroig.com\/blog\/fr\/marche-de-tarragone\/","title":{"rendered":"D\u00e9couvrez le march\u00e9 moderniste de Tarragone avec le Parc Mont-Roig"},"content":{"rendered":"\n<p>Le march\u00e9 de Tarragone, situ\u00e9 sur la Plaza de Corsini, est \u00e9galement un b\u00e2timent moderniste, symbole du commerce local du centre-ville.<\/p>\n\n\n\n<h3 class=\"wp-block-heading\">Histoire du march\u00e9 de Tarragone<\/h3>\n\n\n\n<p>Le b\u00e2timent moderniste a \u00e9t\u00e9 con\u00e7u par l&rsquo;architecte Josep M. Pujol de Barber\u00e0 et a \u00e9t\u00e9 inaugur\u00e9 en 1915. Le remodelage a \u00e9t\u00e9 achev\u00e9 en 2017 et est actuellement le plus important ouvrage public de la ville de Tarragone. Lors du remodelage, une grande partie de la structure d&rsquo;origine a \u00e9t\u00e9 respect\u00e9e. Un si\u00e8cle apr\u00e8s son ouverture, le march\u00e9 moderniste pr\u00e9sente d\u00e9sormais des motifs d\u00e9coratifs, des colonnes en fer forg\u00e9, des rubans m\u00e9talliques, sans oublier la couverture d&rsquo;origine.<\/p>\n\n\n\n<p>Le beau march\u00e9 a une superficie totale de 22 mille m\u00e8tres carr\u00e9s, dont environ 9 mille sont destin\u00e9s \u00e0 la logistique, afin que les vendeurs et les travailleurs puissent effectuer le chargement et le d\u00e9chargement dans les meilleures conditions et sans causer de d\u00e9sagr\u00e9ments dans le quartier. Avec 16 magasins de viande et de charcuterie, 10 poissons, 8 fruits et l\u00e9gumes et 6 poissons sal\u00e9s, noix et bars, ce beau march\u00e9 central sert de principal point de commerce local pour la ville de Tarragone. Il dispose \u00e9galement de son propre parking de 330 places pour les v\u00e9hicules.<\/p>\n\n\n\n<p>Bien que l&rsquo;attraction principale de Tarragone soit les vestiges romains, le march\u00e9 est un arr\u00eat obligatoire pour mesurer le pouls de la ville et s&rsquo;\u00e9merveiller du modernisme typiquement catalan du d\u00e9but du XXe si\u00e8cle, c&rsquo;est un plan parfait pour toute la famille.<\/p>\n\n\n\n<p>Si vous souhaitez organiser vos vacances sur la Costa Dorada et Tarragone, du Parc Mont-Roig, nous vous aidons avec tout ce dont vous avez besoin, surtout si vous recherchez un h\u00e9bergement, nous vous proposons les appartements, maisons et villas les plus adapt\u00e9s \u00e0 vos besoins. Vous pouvez nous contacter via le formulaire ou appeler nos bureaux directement. Nous serons ravis de vous aider!<\/p>\n\n\n\n<div style=\"height:20px\" aria-hidden=\"true\" class=\"wp-block-spacer\"><\/div>\n\n\n\n<figure class=\"wp-block-image size-large is-resized\"><img decoding=\"async\" src=\"https:\/\/www.parque-montroig.com\/blog\/wp-content\/uploads\/2020\/12\/Logo-Feder-1.jpeg\" alt=\"Logo Feder\" class=\"wp-image-735\" width=\"178\" height=\"84\"\/><\/figure>\n\n\n\n<p style=\"font-size:10px\">Parc Mont-roig, S.L. a \u00e9t\u00e9 b\u00e9n\u00e9ficiaire du Fonds Europ\u00e9en pour D\u00e9veloppement r\u00e9gional dont l&rsquo;objectif est d&rsquo;am\u00e9liorer la comp\u00e9titivit\u00e9 des PME et gr\u00e2ce auxquelles elle a lanc\u00e9 un plan de marketing num\u00e9rique International pour am\u00e9liorer votre positionnement en ligne sur les march\u00e9s \u00e9trangers au cours de l&rsquo;ann\u00e9e 2021. Pour cela, il a compt\u00e9 avec le soutien du Programme XPANDE DIGITAL de la Chambre de Commerce de Reus. Une fa\u00e7on de faire de l&rsquo;Europe.<\/p>\n","protected":false},"excerpt":{"rendered":"<p>Le march\u00e9 de Tarragone, situ\u00e9 sur la Plaza de Corsini, est \u00e9galement un b\u00e2timent moderniste, symbole du commerce local du&#8230;<\/p>\n","protected":false},"author":2,"featured_media":878,"comment_status":"open","ping_status":"closed","sticky":false,"template":"","format":"standard","meta":{"footnotes":""},"categories":[50,45,54],"tags":[],"class_list":["post-872","post","type-post","status-publish","format-standard","has-post-thumbnail","hentry","category-la-ville-de-tarragone","category-quoi-faire-et-voir-sur-la-costa-dorada","category-tarragone-avec-des-enfants"],"_links":{"self":[{"href":"https:\/\/www.parque-montroig.com\/blog\/fr\/wp-json\/wp\/v2\/posts\/872","targetHints":{"allow":["GET"]}}],"collection":[{"href":"https:\/\/www.parque-montroig.com\/blog\/fr\/wp-json\/wp\/v2\/posts"}],"about":[{"href":"https:\/\/www.parque-montroig.com\/blog\/fr\/wp-json\/wp\/v2\/types\/post"}],"author":[{"embeddable":true,"href":"https:\/\/www.parque-montroig.com\/blog\/fr\/wp-json\/wp\/v2\/users\/2"}],"replies":[{"embeddable":true,"href":"https:\/\/www.parque-montroig.com\/blog\/fr\/wp-json\/wp\/v2\/comments?post=872"}],"version-history":[{"count":2,"href":"https:\/\/www.parque-montroig.com\/blog\/fr\/wp-json\/wp\/v2\/posts\/872\/revisions"}],"predecessor-version":[{"id":882,"href":"https:\/\/www.parque-montroig.com\/blog\/fr\/wp-json\/wp\/v2\/posts\/872\/revisions\/882"}],"wp:featuredmedia":[{"embeddable":true,"href":"https:\/\/www.parque-montroig.com\/blog\/fr\/wp-json\/wp\/v2\/media\/878"}],"wp:attachment":[{"href":"https:\/\/www.parque-montroig.com\/blog\/fr\/wp-json\/wp\/v2\/media?parent=872"}],"wp:term":[{"taxonomy":"category","embeddable":true,"href":"https:\/\/www.parque-montroig.com\/blog\/fr\/wp-json\/wp\/v2\/categories?post=872"},{"taxonomy":"post_tag","embeddable":true,"href":"https:\/\/www.parque-montroig.com\/blog\/fr\/wp-json\/wp\/v2\/tags?post=872"}],"curies":[{"name":"wp","href":"https:\/\/api.w.org\/{rel}","templated":true}]}}