{"id":897,"date":"2021-01-04T11:55:35","date_gmt":"2021-01-04T10:55:35","guid":{"rendered":"https:\/\/www.parque-montroig.com\/blog\/?p=897"},"modified":"2021-01-04T11:55:37","modified_gmt":"2021-01-04T10:55:37","slug":"evenements-a-tarragone","status":"publish","type":"post","link":"https:\/\/www.parque-montroig.com\/blog\/fr\/evenements-a-tarragone\/","title":{"rendered":"\u00c9v\u00e9nements \u00e0 Tarragone"},"content":{"rendered":"\n<p>Tarragone est une ville m\u00e9diterran\u00e9enne avec un climat agr\u00e9able presque toute l&rsquo;ann\u00e9e. Ce climat a toujours marqu\u00e9 l&rsquo;atmosph\u00e8re et le caract\u00e8re de la ville et de ses habitants, ouverts, accueillants, hospitaliers et aussi fiers de leur culture et de leurs traditions. Ceci est d\u00e9montr\u00e9 par le grand nombre d&rsquo;\u00e9v\u00e9nements \u00e0 Tarragone, o\u00f9 des festivals culturels en plein air ont lieu pratiquement toute l&rsquo;ann\u00e9e, \u00e0 la fois localement et dans toute la Catalogne.<\/p>\n\n\n\n<p>L&rsquo;un des meilleurs moyens de d\u00e9couvrir la culture d&rsquo;un peuple est d&rsquo;\u00eatre immerg\u00e9 dans ses traditions et ses festivals, Tarragone, \u00e0 cet \u00e9gard, le rend facile, avec un peu de planification, vous pouvez visiter toute l&rsquo;ann\u00e9e des dates indiqu\u00e9es pour savoir notre culture un peu mieux.<\/p>\n\n\n\n<h3 class=\"wp-block-heading\">5 janvier<\/h3>\n\n\n\n<p>Les trois sages arrivent en bateau au port de la ville tandis que les enfants attendent impatiemment leur arriv\u00e9e \u00e0 l&rsquo;Escala Reial et parcourent ainsi la ville accompagn\u00e9s de pages et de chars.<\/p>\n\n\n\n<h3 class=\"wp-block-heading\">Du 1er au 28 f\u00e9vrier<\/h3>\n\n\n\n<p>Ce sont les journ\u00e9es gastronomiques \u00ab\u00a0La Part Alta Somriu\u00a0\u00bb. Les restaurants de la vieille ville proposent des menus vari\u00e9s pour tous les types de budgets.<\/p>\n\n\n\n<h3 class=\"wp-block-heading\">Du 22 f\u00e9vrier au 5 mars<\/h3>\n\n\n\n<p>Le carnaval prend les rues remplies de couleurs et de musique tout sur son passage. Le point culminant est lors du d\u00e9fil\u00e9 du samedi, avec la parade artisanale, des concerts et la d\u00e9gustation typique de la saucisse aux \u0153ufs. Nous soulignons \u00e9galement \u00ab\u00a0La Disfressa d&rsquo;Or\u00a0\u00bb, le proc\u00e8s des \u00ab\u00a0Carnestoltes\u00a0\u00bb et l&rsquo;incendie de la Botte.<\/p>\n\n\n\n<h3 class=\"wp-block-heading\">Du 14 au 22 avril<\/h3>\n\n\n\n<p>Semaine sainte \u00e0 Tarragone, manifestation solennelle avec la procession fun\u00e9raire du Vendredi saint.<\/p>\n\n\n\n<h3 class=\"wp-block-heading\">23 avril<\/h3>\n\n\n\n<p>Sant Jordi, saint patron de la Catalogne, o\u00f9 ses actes sont comm\u00e9mor\u00e9s. La tradition veut que les couples \u00e9changent la rose et le libre. Il y a aussi une performance \u201ccastellera\u201d (spectacle de tours humaines) avec les quatre groupes \u201ccastellers\u201d de la ville.<\/p>\n\n\n\n<h3 class=\"wp-block-heading\">Du 5 au 19 mai<\/h3>\n\n\n\n<p>Tarraco Viva, les journ\u00e9es p\u00e9dagogiques internationales sur la splendeur de la ville \u00e0 l&rsquo;\u00e9poque romaine. La culture romaine est diffus\u00e9e avec rigueur et bas\u00e9e sur des faits historiques r\u00e9els. Pendant Tarraco Viva, est \u00e9galement c\u00e9l\u00e9br\u00e9 Tarraco Taula, o\u00f9 les restaurants locaux r\u00e9cup\u00e8rent des recettes de l&rsquo;\u00e9poque romaine. Un must pour toute la famille!<\/p>\n\n\n\n<h3 class=\"wp-block-heading\">Du 31 mai au 2 juin<\/h3>\n\n\n\n<p>Minipop est un festival de musique et de culture contemporaine pour toute la famille. Trois jours de concerts, d&rsquo;ateliers cr\u00e9atifs, de th\u00e9\u00e2tre, de cin\u00e9ma et de jeux dans un cadre magnifique avec vue sur la mer et l&rsquo;amphith\u00e9\u00e2tre romain.<\/p>\n\n\n\n<h3 class=\"wp-block-heading\">Du 14 au 16 juin<\/h3>\n\n\n\n<p>Wine Fair, avec la participation de caves et coop\u00e9ratives de la DO Tarragona. C&rsquo;est une occasion parfaite pour conna\u00eetre nos vins et les d\u00e9guster.<\/p>\n\n\n\n<h3 class=\"wp-block-heading\">23 juin<\/h3>\n\n\n\n<p>Corpus, une f\u00eate enracin\u00e9e dans la coca aux cerises et \u00abl&rsquo;ou com balla\u00bb. Vous pouvez profiter de la procession avec des \u00e9l\u00e9ments tels que le \u00ab\u00a0Seguici Popular\u00a0\u00bb, les g\u00e9ants et le \u00ab\u00a0Mag\u00ed de les Timbales\u00a0\u00bb<\/p>\n\n\n\n<h3 class=\"wp-block-heading\">23 et 24 juin<\/h3>\n\n\n\n<p>San Juan, c&rsquo;est le moment d&rsquo;allumer des feux de joie, de manger des bonbons et de profiter des feux d&rsquo;artifice en famille.<\/p>\n\n\n\n<h3 class=\"wp-block-heading\">Du 24 juin au 26 octobre<\/h3>\n\n\n\n<p>Tarragone, ville de castells, o\u00f9 sont propos\u00e9es des expositions de castells (tours humaines) et des activit\u00e9s li\u00e9es au monde des castells. Vivez en famille cette tradition avec plus de 200 ans d&rsquo;histoire et tr\u00e8s typique de notre r\u00e9gion.<\/p>\n\n\n\n<h3 class=\"wp-block-heading\">Du 25 au 29 juin<\/h3>\n\n\n\n<p>Festival international de th\u00e9\u00e2tre de Tarragone: parfait pour r\u00e9unir de nouveaux dramaturges, auteurs et metteurs en sc\u00e8ne contemporains.<\/p>\n\n\n\n<h3 class=\"wp-block-heading\">Du 3 au 6 juillet<\/h3>\n\n\n\n<p>Concours international de feux d&rsquo;artifice, organis\u00e9 \u00e0 Tarragone depuis 1990 et l&rsquo;un des plus importants de la M\u00e9diterran\u00e9e.<\/p>\n\n\n\n<h3 class=\"wp-block-heading\">16 juillet<\/h3>\n\n\n\n<p>Virgen del Carmen, procession de la Virgen del Carme, un exemple de la tradition maritime de notre r\u00e9gion. Les p\u00eacheurs et les marins embarquent la Vierge dans le quartier Serrallo et la prom\u00e8nent dans les eaux m\u00e9diterran\u00e9ennes.<\/p>\n\n\n\n<h3 class=\"wp-block-heading\">Du 2 au 31 ao\u00fbt<\/h3>\n\n\n\n<p>Anfiteatrvm, reconstitution historique dans l&rsquo;amphith\u00e9\u00e2tre pour voyager dans le pass\u00e9 romain de Tarragone.<\/p>\n\n\n\n<h3 class=\"wp-block-heading\">Du 13 au 19 ao\u00fbt<\/h3>\n\n\n\n<p>Sant Mag\u00ed, le plus grand festival du saint patron de la ville. Des \u00e9l\u00e9ments populaires tels que Mag\u00ed de les Timbales, des g\u00e9ants, des grosses t\u00eates, la danse de la canne\u2026 Les castells (tours humaines) se joignent \u00e0 cette f\u00eate avec une grande vari\u00e9t\u00e9 d&rsquo;\u00e9v\u00e9nements festifs et culturels.<\/p>\n\n\n\n<h3 class=\"wp-block-heading\">16 ao\u00fbt<\/h3>\n\n\n\n<p>Sant Roc, est le festival de l&rsquo;une des rues les plus c\u00e9l\u00e8bres du centre historique. Des g\u00e9ants et d&rsquo;autres \u00e9l\u00e9ments populaires descendent dans les rues pour \u00e9gayer la f\u00eate.<\/p>\n\n\n\n<h3 class=\"wp-block-heading\">11 septembre<\/h3>\n\n\n\n<p>F\u00eate nationale de la Catalogne, les sardanas, castells et autres traditions catalanes descendent dans les rues de la ville de Tarragone.<\/p>\n\n\n\n<h3 class=\"wp-block-heading\">Du 15 au 25 septembre<\/h3>\n\n\n\n<p>Santa Tecla, l&rsquo;un des moments les plus chaleureux comme le grand festival de Santa Tecla. D\u00e9clar\u00e9 en 2002 Festival d&rsquo;Int\u00e9r\u00eat Touristique d&rsquo;Etat et en 2009 Festival du Patrimoine d&rsquo;Int\u00e9r\u00eat National. Dans les lieux les plus embl\u00e9matiques de Tarragone, des \u00e9v\u00e9nements traditionnels, festifs, religieux et gastronomiques sont organis\u00e9s.<\/p>\n\n\n\n<h3 class=\"wp-block-heading\">Du 18 au 20 octobre<\/h3>\n\n\n\n<p>March\u00e9 m\u00e9di\u00e9val de Tarragone, autour de la cath\u00e9drale il y a un march\u00e9 m\u00e9di\u00e9val o\u00f9 vous pouvez acheter des produits artisanaux. Vous pouvez \u00e9galement assister \u00e0 des spectacles de rue se d\u00e9roulant au Moyen \u00c2ge.<\/p>\n\n\n\n<h3 class=\"wp-block-heading\">1er novembre<\/h3>\n\n\n\n<p>\u00c0 Todos los Santos, les rues sont remplies d&rsquo;\u00e9tals vendant des ch\u00e2taignes grill\u00e9es et des p\u00e2tisseries vendent les fameux panellets (bonbon traditionnel \u00e0 base de p\u00e2te d&rsquo;amande). Des stands de fleurs sont \u00e9galement mis en place pour les d\u00e9funts.<\/p>\n\n\n\n<h3 class=\"wp-block-heading\">Novembre<\/h3>\n\n\n\n<p>Teatre Magic, le festival international de magie rassemble le monde de l&rsquo;illusionnisme sur les sc\u00e8nes de Tarragone pour proposer une s\u00e9lection des meilleurs spectacles de magie.<\/p>\n\n\n\n<h3 class=\"wp-block-heading\">Fin novembre<\/h3>\n\n\n\n<p>Salon de l&rsquo;huile, o\u00f9 vous pourrez d\u00e9guster diff\u00e9rentes huiles avec une d\u00e9nomination d&rsquo;origine prot\u00e9g\u00e9e de Siruana. Les restaurants de la ville proposent des menus \u00e9labor\u00e9s avec ce produit.<\/p>\n\n\n\n<h3 class=\"wp-block-heading\">D\u00e9but D\u00e9cembre<\/h3>\n\n\n\n<p>REC, Festival international du film de Tarragone, o\u00f9 sont projet\u00e9s des longs m\u00e9trages de fiction ou documentaires. Profitez de films en premi\u00e8re diffusion, de nouveaux r\u00e9alisateurs et de d\u00e9couvertes passionnantes.<\/p>\n\n\n\n<h3 class=\"wp-block-heading\">D\u00e9cembre<\/h3>\n\n\n\n<p>No\u00ebl, Tarragone s&rsquo;illumine pour ces vacances bien-aim\u00e9es, les rues sont habill\u00e9es de march\u00e9s de No\u00ebl et d&rsquo;artisanat. Des traditions profond\u00e9ment enracin\u00e9es sont raviv\u00e9es comme le ti\u00f3 (la malle traditionnelle catalane qui \u00abchie\u00bb les cadeaux) et les cr\u00e8ches qui sont expos\u00e9es dans les locaux de diff\u00e9rentes associations.<\/p>\n\n\n\n<h3 class=\"wp-block-heading\">31 d\u00e9cembre<\/h3>\n\n\n\n<p>L\u00b4Home dels Nassos, une marionnette au nez gros comme les jours restants par an (tr\u00e8s gros) se prom\u00e8ne dans les rues, des bonbons sont distribu\u00e9s aux plus petits.<\/p>\n\n\n\n<div style=\"height:20px\" aria-hidden=\"true\" class=\"wp-block-spacer\"><\/div>\n\n\n\n<figure class=\"wp-block-image size-large is-resized\"><img decoding=\"async\" src=\"https:\/\/www.parque-montroig.com\/blog\/wp-content\/uploads\/2020\/12\/Logo-Feder-1.jpeg\" alt=\"Logo Feder\" class=\"wp-image-735\" width=\"177\" height=\"84\"\/><\/figure>\n\n\n\n<p style=\"font-size:10px\">Parc Mont-roig, S.L. a \u00e9t\u00e9 b\u00e9n\u00e9ficiaire du Fonds Europ\u00e9en pour D\u00e9veloppement r\u00e9gional dont l&rsquo;objectif est d&rsquo;am\u00e9liorer la comp\u00e9titivit\u00e9 des PME et gr\u00e2ce auxquelles elle a lanc\u00e9 un plan de marketing num\u00e9rique International pour am\u00e9liorer votre positionnement en ligne sur les march\u00e9s \u00e9trangers au cours de l&rsquo;ann\u00e9e 2021. Pour cela, il a compt\u00e9 avec le soutien du Programme XPANDE DIGITAL de la Chambre de Commerce de Reus. Une fa\u00e7on de faire de l&rsquo;Europe<\/p>\n","protected":false},"excerpt":{"rendered":"<p>Tarragone est une ville m\u00e9diterran\u00e9enne avec un climat agr\u00e9able presque toute l&rsquo;ann\u00e9e. Ce climat a toujours marqu\u00e9 l&rsquo;atmosph\u00e8re et le&#8230;<\/p>\n","protected":false},"author":2,"featured_media":898,"comment_status":"open","ping_status":"closed","sticky":false,"template":"","format":"standard","meta":{"footnotes":""},"categories":[23],"tags":[],"class_list":["post-897","post","type-post","status-publish","format-standard","has-post-thumbnail","hentry","category-evenements-culturels-a-tarragone"],"_links":{"self":[{"href":"https:\/\/www.parque-montroig.com\/blog\/fr\/wp-json\/wp\/v2\/posts\/897","targetHints":{"allow":["GET"]}}],"collection":[{"href":"https:\/\/www.parque-montroig.com\/blog\/fr\/wp-json\/wp\/v2\/posts"}],"about":[{"href":"https:\/\/www.parque-montroig.com\/blog\/fr\/wp-json\/wp\/v2\/types\/post"}],"author":[{"embeddable":true,"href":"https:\/\/www.parque-montroig.com\/blog\/fr\/wp-json\/wp\/v2\/users\/2"}],"replies":[{"embeddable":true,"href":"https:\/\/www.parque-montroig.com\/blog\/fr\/wp-json\/wp\/v2\/comments?post=897"}],"version-history":[{"count":1,"href":"https:\/\/www.parque-montroig.com\/blog\/fr\/wp-json\/wp\/v2\/posts\/897\/revisions"}],"predecessor-version":[{"id":902,"href":"https:\/\/www.parque-montroig.com\/blog\/fr\/wp-json\/wp\/v2\/posts\/897\/revisions\/902"}],"wp:featuredmedia":[{"embeddable":true,"href":"https:\/\/www.parque-montroig.com\/blog\/fr\/wp-json\/wp\/v2\/media\/898"}],"wp:attachment":[{"href":"https:\/\/www.parque-montroig.com\/blog\/fr\/wp-json\/wp\/v2\/media?parent=897"}],"wp:term":[{"taxonomy":"category","embeddable":true,"href":"https:\/\/www.parque-montroig.com\/blog\/fr\/wp-json\/wp\/v2\/categories?post=897"},{"taxonomy":"post_tag","embeddable":true,"href":"https:\/\/www.parque-montroig.com\/blog\/fr\/wp-json\/wp\/v2\/tags?post=897"}],"curies":[{"name":"wp","href":"https:\/\/api.w.org\/{rel}","templated":true}]}}