{"id":910,"date":"2021-01-11T10:04:17","date_gmt":"2021-01-11T09:04:17","guid":{"rendered":"https:\/\/www.parque-montroig.com\/blog\/?p=910"},"modified":"2021-07-01T13:38:30","modified_gmt":"2021-07-01T11:38:30","slug":"phare-de-salou","status":"publish","type":"post","link":"https:\/\/www.parque-montroig.com\/blog\/fr\/phare-de-salou\/","title":{"rendered":"D\u00e9couvrez le magnifique paysage qui entoure le phare de Salou"},"content":{"rendered":"\n<h3 class=\"wp-block-heading\">Histoire du phare de Salou<\/h3>\n\n\n\n<p>Le phare de Salou a \u00e9t\u00e9 inaugur\u00e9 il y a plus de 150 ans, en 1858. Sa tour centrale rouge, aujourd&rsquo;hui, continue d&rsquo;illuminer le golfe de Sant Jordi sur la Costa Dorada.<\/p>\n\n\n\n<p>Celui-ci avait une lumi\u00e8re blanche aliment\u00e9e par de l&rsquo;huile d&rsquo;olive et pouvait \u00eatre vue depuis l&rsquo;incroyable distance de 14 miles. \u00c0 l&rsquo;\u00e9poque, il fallait 2 op\u00e9rateurs pour le faire fonctionner correctement.<\/p>\n\n\n\n<p>Au fil des ann\u00e9es et de la mise en \u0153uvre de nouvelles technologies telles que les syst\u00e8mes guid\u00e9s par satellite, les structures telles que les phares devenaient obsol\u00e8tes, et par cons\u00e9quent, elles ont perdu leur fonction initiale, restant \u00e0 l&rsquo;arri\u00e8re-plan. Aujourd&rsquo;hui, le phare de Salou accueille des expositions d&rsquo;artistes locaux et ouvre ses portes tous les jours \u00e0 partir de 10h, en plus, l&rsquo;entr\u00e9e est gratuite.<\/p>\n\n\n\n<h3 class=\"wp-block-heading\">Itin\u00e9raires dans le phare de salou<\/h3>\n\n\n\n<p>Le phare de Salou est situ\u00e9 au bout de l&rsquo;un des plus beaux itin\u00e9raires de la Costa Dorada, le Camino de Ronda. Ce circuit a \u00e9t\u00e9 r\u00e9cemment r\u00e9nov\u00e9 de mani\u00e8re tr\u00e8s respectueuse avec l&rsquo;environnement naturel qu&rsquo;offre la Costa Dorada. L&rsquo;itin\u00e9raire a une difficult\u00e9 faible, la majeure partie du chemin est praticable pour tout le monde, quel que soit l&rsquo;\u00e2ge, malgr\u00e9 une hauteur de 77 m\u00e8tres au-dessus du niveau de la mer.<\/p>\n\n\n\n<figure class=\"wp-block-image size-full is-resized\"><img fetchpriority=\"high\" decoding=\"async\" src=\"https:\/\/www.parque-montroig.com\/blog\/wp-content\/uploads\/2019\/08\/faro-de-salou-004.jpg\" alt=\"le phare de Salou\" class=\"wp-image-1174\" width=\"750\" height=\"500\" title=\"le phare de Salou\" srcset=\"https:\/\/www.parque-montroig.com\/blog\/wp-content\/uploads\/2019\/08\/faro-de-salou-004.jpg 1500w, https:\/\/www.parque-montroig.com\/blog\/wp-content\/uploads\/2019\/08\/faro-de-salou-004-360x240.jpg 360w, https:\/\/www.parque-montroig.com\/blog\/wp-content\/uploads\/2019\/08\/faro-de-salou-004-768x512.jpg 768w\" sizes=\"(max-width: 750px) 100vw, 750px\" \/><\/figure>\n\n\n\n<p>De plus, pendant le parcours, vous pouvez trouver trois points de vue r\u00e9partis le long de celui-ci, dans ces endroits, vous pouvez vous arr\u00eater et profiter des paysages incroyables de la Costa Dorada. Le point de vue sud est particuli\u00e8rement beau, d&rsquo;ici vous pouvez voir les montagnes de la Sierra de Llaber\u00eda. De m\u00eame, c&rsquo;est un arr\u00eat presque obligatoire pour les amateurs d&rsquo;oiseaux, car \u00e0 partir de ce point, vous pouvez observer les plus de 20 esp\u00e8ces d&rsquo;oiseaux de mer qui fr\u00e9quentent l&rsquo;endroit.<\/p>\n\n\n\n<figure class=\"wp-block-image size-full is-resized\"><img decoding=\"async\" src=\"https:\/\/www.parque-montroig.com\/blog\/wp-content\/uploads\/2019\/08\/faro-de-salou-001-1.jpg\" alt=\"le phare de Salou\" class=\"wp-image-1180\" width=\"750\" height=\"500\" title=\"le phare de Salou\" srcset=\"https:\/\/www.parque-montroig.com\/blog\/wp-content\/uploads\/2019\/08\/faro-de-salou-001-1.jpg 1500w, https:\/\/www.parque-montroig.com\/blog\/wp-content\/uploads\/2019\/08\/faro-de-salou-001-1-360x240.jpg 360w, https:\/\/www.parque-montroig.com\/blog\/wp-content\/uploads\/2019\/08\/faro-de-salou-001-1-768x512.jpg 768w\" sizes=\"(max-width: 750px) 100vw, 750px\" \/><\/figure>\n\n\n\n<p>Si vous souhaitez plus d&rsquo;informations sur les itin\u00e9raires et les lieux incroyables que vous pouvez visiter sur la Costa Dorada, vous pouvez appeler nos bureaux directement ou remplir le formulaire de contact. De plus, depuis le Parc Mont-roig, nous vous aidons \u00e0 trouver l&rsquo;appartement le plus adapt\u00e9 pour vos vacances ou week-end!<\/p>\n\n\n\n<div style=\"height:20px\" aria-hidden=\"true\" class=\"wp-block-spacer\"><\/div>\n\n\n\n<figure class=\"wp-block-image size-large is-resized\"><img decoding=\"async\" src=\"https:\/\/www.parque-montroig.com\/blog\/wp-content\/uploads\/2020\/12\/Logo-Feder-1.jpeg\" alt=\"Logo Feder\" class=\"wp-image-735\" width=\"178\" height=\"84\"\/><\/figure>\n\n\n\n<p style=\"font-size:10px\">Parc Mont-roig, S.L. a \u00e9t\u00e9 b\u00e9n\u00e9ficiaire du Fonds Europ\u00e9en pour D\u00e9veloppement r\u00e9gional dont l&rsquo;objectif est d&rsquo;am\u00e9liorer la comp\u00e9titivit\u00e9 des PME et gr\u00e2ce auxquelles elle a lanc\u00e9 un plan de marketing num\u00e9rique International pour am\u00e9liorer votre positionnement en ligne sur les march\u00e9s \u00e9trangers au cours de l&rsquo;ann\u00e9e 2021. Pour cela, il a compt\u00e9 avec le soutien du Programme XPANDE DIGITAL de la Chambre de Commerce de Reus. Une fa\u00e7on de faire de l&rsquo;Europe.<\/p>\n","protected":false},"excerpt":{"rendered":"<p>Histoire du phare de Salou Le phare de Salou a \u00e9t\u00e9 inaugur\u00e9 il y a plus de 150 ans, en&#8230;<\/p>\n","protected":false},"author":2,"featured_media":1169,"comment_status":"open","ping_status":"closed","sticky":false,"template":"","format":"standard","meta":{"footnotes":""},"categories":[40],"tags":[],"class_list":["post-910","post","type-post","status-publish","format-standard","has-post-thumbnail","hentry","category-quoi-faire-et-voir-a-salou"],"_links":{"self":[{"href":"https:\/\/www.parque-montroig.com\/blog\/fr\/wp-json\/wp\/v2\/posts\/910","targetHints":{"allow":["GET"]}}],"collection":[{"href":"https:\/\/www.parque-montroig.com\/blog\/fr\/wp-json\/wp\/v2\/posts"}],"about":[{"href":"https:\/\/www.parque-montroig.com\/blog\/fr\/wp-json\/wp\/v2\/types\/post"}],"author":[{"embeddable":true,"href":"https:\/\/www.parque-montroig.com\/blog\/fr\/wp-json\/wp\/v2\/users\/2"}],"replies":[{"embeddable":true,"href":"https:\/\/www.parque-montroig.com\/blog\/fr\/wp-json\/wp\/v2\/comments?post=910"}],"version-history":[{"count":3,"href":"https:\/\/www.parque-montroig.com\/blog\/fr\/wp-json\/wp\/v2\/posts\/910\/revisions"}],"predecessor-version":[{"id":1186,"href":"https:\/\/www.parque-montroig.com\/blog\/fr\/wp-json\/wp\/v2\/posts\/910\/revisions\/1186"}],"wp:featuredmedia":[{"embeddable":true,"href":"https:\/\/www.parque-montroig.com\/blog\/fr\/wp-json\/wp\/v2\/media\/1169"}],"wp:attachment":[{"href":"https:\/\/www.parque-montroig.com\/blog\/fr\/wp-json\/wp\/v2\/media?parent=910"}],"wp:term":[{"taxonomy":"category","embeddable":true,"href":"https:\/\/www.parque-montroig.com\/blog\/fr\/wp-json\/wp\/v2\/categories?post=910"},{"taxonomy":"post_tag","embeddable":true,"href":"https:\/\/www.parque-montroig.com\/blog\/fr\/wp-json\/wp\/v2\/tags?post=910"}],"curies":[{"name":"wp","href":"https:\/\/api.w.org\/{rel}","templated":true}]}}