{"id":949,"date":"2021-01-11T11:36:09","date_gmt":"2021-01-11T10:36:09","guid":{"rendered":"https:\/\/www.parque-montroig.com\/blog\/?p=949"},"modified":"2021-01-11T11:36:11","modified_gmt":"2021-01-11T10:36:11","slug":"la-pineda","status":"publish","type":"post","link":"https:\/\/www.parque-montroig.com\/blog\/fr\/la-pineda\/","title":{"rendered":"D\u00e9couvrez La Pineda dans la commune de Vilaseca, avec le Parc Mont-Roig"},"content":{"rendered":"\n<p>La Pineda est un quartier qui appartient \u00e0 la commune de Vilaseca, dans la province de Tarragone. Cette ville c\u00f4ti\u00e8re \u00e9tait d\u00e9j\u00e0 peupl\u00e9e \u00e0 l&rsquo;\u00e9poque de la Rome antique. Au Moyen \u00c2ge, son port \u00e9tait un point strat\u00e9gique et une source de revenus importante, car c&rsquo;\u00e9tait l&rsquo;un des principaux ports, il a subi des attaques de pirates berb\u00e8res, par cons\u00e9quent, 2 tours de guet ont \u00e9t\u00e9 construites pour voir et se d\u00e9fendre contre attaques corsaires. L&rsquo;\u00e9conomie de La Pineda et Vilaseca \u00e9tait traditionnellement bas\u00e9e sur l&rsquo;agriculture, c&rsquo;est \u00e0 partir des ann\u00e9es 60 que diff\u00e9rentes industries chimiques et m\u00e9tallurgiques se sont install\u00e9es dans la r\u00e9gion et ont fait perdre de la vigueur \u00e0 l&rsquo;agriculture.<\/p>\n\n\n\n<p>En raison de la proximit\u00e9 de Salou et de Port Aventura, La Pineda est une municipalit\u00e9 id\u00e9ale pour s\u00e9journer et profiter de la tranquillit\u00e9 de la mer. De plus, la commune dispose d&rsquo;une gare ferroviaire.<\/p>\n\n\n\n<h3 class=\"wp-block-heading\">\u00c9glise paroissiale de San Esteban<\/h3>\n\n\n\n<p>L&rsquo;\u00e9glise paroissiale est de style gothique-Renaissance, elle n&rsquo;a qu&rsquo;une seule nef et son clocher a \u00e9t\u00e9 construit en 1605. C&rsquo;est en 1880 que fut ajout\u00e9e la chapelle Sant\u00edsimo, avec la fa\u00e7ade couronn\u00e9e d&rsquo;une magnifique rosace. C&rsquo;est une visite recommand\u00e9e pour tous ceux qui s&rsquo;int\u00e9ressent au patrimoine historique.<\/p>\n\n\n\n<p>De m\u00eame, Vilaseca poss\u00e8de d&rsquo;autres h\u00e9ritages historiques tels que le ch\u00e2teau de Vilaseca ou le sanctuaire de la Virgen de la Pineda.<\/p>\n\n\n\n<p>Au point d&rsquo;information et de tourisme, ils peuvent vous informer sur les diff\u00e9rents itin\u00e9raires \u00e0 travers de beaux endroits naturels, tels que la plage de La Pineda, les montagnes de Prades ou le parc naturel de la Sierra del Montsant. Pour les plus petits de la maison, Port Aventura et Aquopolis sont 2 destinations id\u00e9ales, ils passeront un bon moment avec des attractions incroyables.<\/p>\n\n\n\n<p>Il est int\u00e9ressant de noter que Vilaseca, qui englobe La Pineda, a le sceau de qualit\u00e9 en tant que destination de tourisme familial, offrant des magasins, des restaurants et des services avec des installations pr\u00e9par\u00e9es et des ressources de qualit\u00e9 n\u00e9cessaires pour recevoir les familles.<\/p>\n\n\n\n<div style=\"height:20px\" aria-hidden=\"true\" class=\"wp-block-spacer\"><\/div>\n\n\n\n<figure class=\"wp-block-image size-large is-resized\"><img decoding=\"async\" src=\"https:\/\/www.parque-montroig.com\/blog\/wp-content\/uploads\/2020\/12\/Logo-Feder-1.jpeg\" alt=\"Logo Feder\" class=\"wp-image-735\" width=\"173\" height=\"82\"\/><\/figure>\n\n\n\n<p style=\"font-size:10px\">Parc Mont-roig, S.L. a \u00e9t\u00e9 b\u00e9n\u00e9ficiaire du Fonds Europ\u00e9en pour D\u00e9veloppement r\u00e9gional dont l&rsquo;objectif est d&rsquo;am\u00e9liorer la comp\u00e9titivit\u00e9 des PME et gr\u00e2ce auxquelles elle a lanc\u00e9 un plan de marketing num\u00e9rique International pour am\u00e9liorer votre positionnement en ligne sur les march\u00e9s \u00e9trangers au cours de l&rsquo;ann\u00e9e 2021. Pour cela, il a compt\u00e9 avec le soutien du Programme XPANDE DIGITAL de la Chambre de Commerce de Reus. Une fa\u00e7on de faire de l&rsquo;Europe.<\/p>\n","protected":false},"excerpt":{"rendered":"<p>La Pineda est un quartier qui appartient \u00e0 la commune de Vilaseca, dans la province de Tarragone. Cette ville c\u00f4ti\u00e8re&#8230;<\/p>\n","protected":false},"author":2,"featured_media":0,"comment_status":"open","ping_status":"closed","sticky":false,"template":"","format":"standard","meta":{"footnotes":""},"categories":[26],"tags":[],"class_list":["post-949","post","type-post","status-publish","format-standard","hentry","category-la-costa-dorada-fr"],"_links":{"self":[{"href":"https:\/\/www.parque-montroig.com\/blog\/fr\/wp-json\/wp\/v2\/posts\/949","targetHints":{"allow":["GET"]}}],"collection":[{"href":"https:\/\/www.parque-montroig.com\/blog\/fr\/wp-json\/wp\/v2\/posts"}],"about":[{"href":"https:\/\/www.parque-montroig.com\/blog\/fr\/wp-json\/wp\/v2\/types\/post"}],"author":[{"embeddable":true,"href":"https:\/\/www.parque-montroig.com\/blog\/fr\/wp-json\/wp\/v2\/users\/2"}],"replies":[{"embeddable":true,"href":"https:\/\/www.parque-montroig.com\/blog\/fr\/wp-json\/wp\/v2\/comments?post=949"}],"version-history":[{"count":1,"href":"https:\/\/www.parque-montroig.com\/blog\/fr\/wp-json\/wp\/v2\/posts\/949\/revisions"}],"predecessor-version":[{"id":950,"href":"https:\/\/www.parque-montroig.com\/blog\/fr\/wp-json\/wp\/v2\/posts\/949\/revisions\/950"}],"wp:attachment":[{"href":"https:\/\/www.parque-montroig.com\/blog\/fr\/wp-json\/wp\/v2\/media?parent=949"}],"wp:term":[{"taxonomy":"category","embeddable":true,"href":"https:\/\/www.parque-montroig.com\/blog\/fr\/wp-json\/wp\/v2\/categories?post=949"},{"taxonomy":"post_tag","embeddable":true,"href":"https:\/\/www.parque-montroig.com\/blog\/fr\/wp-json\/wp\/v2\/tags?post=949"}],"curies":[{"name":"wp","href":"https:\/\/api.w.org\/{rel}","templated":true}]}}