{"id":999,"date":"2019-07-14T08:45:57","date_gmt":"2019-07-14T06:45:57","guid":{"rendered":"https:\/\/www.parque-montroig.com\/blog\/?p=999"},"modified":"2023-05-11T13:17:56","modified_gmt":"2023-05-11T11:17:56","slug":"parcs-naturels-de-tarragone","status":"publish","type":"post","link":"https:\/\/www.parque-montroig.com\/blog\/fr\/parcs-naturels-de-tarragone\/","title":{"rendered":"Les meilleurs parcs naturels de Tarragone"},"content":{"rendered":"\t\t<div data-elementor-type=\"wp-post\" data-elementor-id=\"999\" class=\"elementor elementor-999 elementor-38\" data-elementor-post-type=\"post\">\n\t\t\t\t\t\t<section class=\"elementor-section elementor-top-section elementor-element elementor-element-4f68ccb elementor-section-boxed elementor-section-height-default elementor-section-height-default\" data-id=\"4f68ccb\" data-element_type=\"section\" data-e-type=\"section\">\n\t\t\t\t\t\t<div class=\"elementor-container elementor-column-gap-default\">\n\t\t\t\t\t<div class=\"elementor-column elementor-col-100 elementor-top-column elementor-element elementor-element-da44b0b\" data-id=\"da44b0b\" data-element_type=\"column\" data-e-type=\"column\">\n\t\t\t<div class=\"elementor-widget-wrap elementor-element-populated\">\n\t\t\t\t\t\t<div class=\"elementor-element elementor-element-3fc6cdf elementor-widget elementor-widget-text-editor\" data-id=\"3fc6cdf\" data-element_type=\"widget\" data-e-type=\"widget\" data-widget_type=\"text-editor.default\">\n\t\t\t\t<div class=\"elementor-widget-container\">\n\t\t\t\t\t\t\t\t\t<p>Ce type de tourisme, plus m\u00e9connu dans notre pays, est id\u00e9al si vous pr\u00e9voyez un week-end en couple, entre amis ou surtout en famille. De m\u00eame, pour ceux qui organisent des vacances plus longues pendant l&rsquo;\u00e9t\u00e9, c&rsquo;est l&rsquo;id\u00e9al si vous voulez passer quelques jours loin des endroits les plus fr\u00e9quent\u00e9s, comme les plages et les criques. Vous pouvez \u00e9galement combiner les<strong> parcs naturels de Tarragone<\/strong> avec le soleil et la plage, afin de d\u00e9couvrir et de profiter des diff\u00e9rents environnements que Tarragone et la Costa Dorada ont \u00e0 offrir.<\/p>\t\t\t\t\t\t\t\t<\/div>\n\t\t\t\t<\/div>\n\t\t\t\t\t<\/div>\n\t\t<\/div>\n\t\t\t\t\t<\/div>\n\t\t<\/section>\n\t\t\t\t<section class=\"elementor-section elementor-top-section elementor-element elementor-element-8ae5278 elementor-section-boxed elementor-section-height-default elementor-section-height-default\" data-id=\"8ae5278\" data-element_type=\"section\" data-e-type=\"section\">\n\t\t\t\t\t\t<div class=\"elementor-container elementor-column-gap-default\">\n\t\t\t\t\t<div class=\"elementor-column elementor-col-100 elementor-top-column elementor-element elementor-element-5aafc0f\" data-id=\"5aafc0f\" data-element_type=\"column\" data-e-type=\"column\">\n\t\t\t<div class=\"elementor-widget-wrap elementor-element-populated\">\n\t\t\t\t\t\t<div class=\"elementor-element elementor-element-ba6d489 elementor-widget elementor-widget-video\" data-id=\"ba6d489\" data-element_type=\"widget\" data-e-type=\"widget\" data-settings=\"{&quot;youtube_url&quot;:&quot;https:\\\/\\\/www.youtube.com\\\/watch?v=BiBOBzxz5Ow&quot;,&quot;video_type&quot;:&quot;youtube&quot;,&quot;controls&quot;:&quot;yes&quot;}\" data-widget_type=\"video.default\">\n\t\t\t\t<div class=\"elementor-widget-container\">\n\t\t\t\t\t\t\t<div class=\"elementor-wrapper elementor-open-inline\">\n\t\t\t<div class=\"elementor-video\"><\/div>\t\t<\/div>\n\t\t\t\t\t\t<\/div>\n\t\t\t\t<\/div>\n\t\t\t\t\t<\/div>\n\t\t<\/div>\n\t\t\t\t\t<\/div>\n\t\t<\/section>\n\t\t\t\t<section class=\"elementor-section elementor-top-section elementor-element elementor-element-0cfa01e elementor-section-boxed elementor-section-height-default elementor-section-height-default\" data-id=\"0cfa01e\" data-element_type=\"section\" data-e-type=\"section\">\n\t\t\t\t\t\t<div class=\"elementor-container elementor-column-gap-default\">\n\t\t\t\t\t<div class=\"elementor-column elementor-col-100 elementor-top-column elementor-element elementor-element-4775c8b\" data-id=\"4775c8b\" data-element_type=\"column\" data-e-type=\"column\">\n\t\t\t<div class=\"elementor-widget-wrap elementor-element-populated\">\n\t\t\t\t\t\t<div class=\"elementor-element elementor-element-2a5319c elementor-widget elementor-widget-heading\" data-id=\"2a5319c\" data-element_type=\"widget\" data-e-type=\"widget\" data-widget_type=\"heading.default\">\n\t\t\t\t<div class=\"elementor-widget-container\">\n\t\t\t\t\t<h2 class=\"elementor-heading-title elementor-size-default\">4 parcs naturels \u00e0 visiter \u00e0 Tarragone <\/h2>\t\t\t\t<\/div>\n\t\t\t\t<\/div>\n\t\t\t\t<div class=\"elementor-element elementor-element-984a985 elementor-widget elementor-widget-text-editor\" data-id=\"984a985\" data-element_type=\"widget\" data-e-type=\"widget\" data-widget_type=\"text-editor.default\">\n\t\t\t\t<div class=\"elementor-widget-container\">\n\t\t\t\t\t\t\t\t\t<p>Profitez d&rsquo;une occasion unique d&rsquo;explorer la beaut\u00e9 naturelle et la biodiversit\u00e9 de la r\u00e9gion de Tarragone en visitant ses <strong>parcs naturels.<\/strong> En voici 4 !<\/p>\t\t\t\t\t\t\t\t<\/div>\n\t\t\t\t<\/div>\n\t\t\t\t\t<\/div>\n\t\t<\/div>\n\t\t\t\t\t<\/div>\n\t\t<\/section>\n\t\t\t\t<section class=\"elementor-section elementor-top-section elementor-element elementor-element-34e523e elementor-section-boxed elementor-section-height-default elementor-section-height-default\" data-id=\"34e523e\" data-element_type=\"section\" data-e-type=\"section\">\n\t\t\t\t\t\t<div class=\"elementor-container elementor-column-gap-default\">\n\t\t\t\t\t<div class=\"elementor-column elementor-col-50 elementor-top-column elementor-element elementor-element-a97df83\" data-id=\"a97df83\" data-element_type=\"column\" data-e-type=\"column\">\n\t\t\t<div class=\"elementor-widget-wrap elementor-element-populated\">\n\t\t\t\t\t\t<div class=\"elementor-element elementor-element-2bd4f39 elementor-widget elementor-widget-text-editor\" data-id=\"2bd4f39\" data-element_type=\"widget\" data-e-type=\"widget\" data-widget_type=\"text-editor.default\">\n\t\t\t\t<div class=\"elementor-widget-container\">\n\t\t\t\t\t\t\t\t\t<h3>Parc naturel du Delta de l&rsquo;Ebre<\/h3><p>D\u00e9clar\u00e9 patrimoine mondial par l&rsquo;UNESCO en 1983, le parc naturel du <a href=\"https:\/\/www.parque-montroig.com\/blog\/fr\/decouvrez-le-parc-naturel-delta-del-ebro\/\">delta de l&rsquo;Ebre<\/a>, d&rsquo;une superficie de 320 km\u00b2, est la deuxi\u00e8me plus grande zone humide d&rsquo;Europe. Il est situ\u00e9 \u00e0 l&#8217;embouchure de l&rsquo;Ebre, dans la r\u00e9gion de Montsi\u00e0 et Baix Ebre, au sud de la province de Tarragone.<\/p><p>Avec 300 esp\u00e8ces d&rsquo;oiseaux diff\u00e9rentes, c&rsquo;est un \u00e9cosyst\u00e8me parfait pour la flore et la faune gr\u00e2ce \u00e0 ses lagunes d&rsquo;eau douce et d&rsquo;eau sal\u00e9e, ses rizi\u00e8res, ses for\u00eats riveraines et ses \u00eeles fluviales.<\/p>\t\t\t\t\t\t\t\t<\/div>\n\t\t\t\t<\/div>\n\t\t\t\t\t<\/div>\n\t\t<\/div>\n\t\t\t\t<div class=\"elementor-column elementor-col-50 elementor-top-column elementor-element elementor-element-1a765ae\" data-id=\"1a765ae\" data-element_type=\"column\" data-e-type=\"column\">\n\t\t\t<div class=\"elementor-widget-wrap elementor-element-populated\">\n\t\t\t\t\t\t<div class=\"elementor-element elementor-element-d4875e8 elementor-widget elementor-widget-image\" data-id=\"d4875e8\" data-element_type=\"widget\" data-e-type=\"widget\" data-widget_type=\"image.default\">\n\t\t\t\t<div class=\"elementor-widget-container\">\n\t\t\t\t\t\t\t\t\t\t\t\t\t\t\t<img fetchpriority=\"high\" decoding=\"async\" width=\"600\" height=\"400\" src=\"https:\/\/www.parque-montroig.com\/blog\/wp-content\/uploads\/2019\/07\/parque-natural-tarragona-delta-del-ebro.jpg\" class=\"attachment-large size-large wp-image-2383\" alt=\"Parc naturel du Delta de l&#039;Ebre\" \/>\t\t\t\t\t\t\t\t\t\t\t\t\t\t\t<\/div>\n\t\t\t\t<\/div>\n\t\t\t\t\t<\/div>\n\t\t<\/div>\n\t\t\t\t\t<\/div>\n\t\t<\/section>\n\t\t\t\t<section class=\"elementor-section elementor-top-section elementor-element elementor-element-424c46b elementor-hidden-mobile elementor-section-boxed elementor-section-height-default elementor-section-height-default\" data-id=\"424c46b\" data-element_type=\"section\" data-e-type=\"section\">\n\t\t\t\t\t\t<div class=\"elementor-container elementor-column-gap-default\">\n\t\t\t\t\t<div class=\"elementor-column elementor-col-50 elementor-top-column elementor-element elementor-element-183352e\" data-id=\"183352e\" data-element_type=\"column\" data-e-type=\"column\">\n\t\t\t<div class=\"elementor-widget-wrap elementor-element-populated\">\n\t\t\t\t\t\t<div class=\"elementor-element elementor-element-ce7f2ef elementor-widget elementor-widget-image\" data-id=\"ce7f2ef\" data-element_type=\"widget\" data-e-type=\"widget\" data-widget_type=\"image.default\">\n\t\t\t\t<div class=\"elementor-widget-container\">\n\t\t\t\t\t\t\t\t\t\t\t\t\t\t\t<img decoding=\"async\" width=\"600\" height=\"400\" src=\"https:\/\/www.parque-montroig.com\/blog\/wp-content\/uploads\/2019\/07\/parque-natural-tarragona-del-montsant.jpg\" class=\"attachment-large size-large wp-image-2388\" alt=\"Parc naturel du montsant \u00e0 tarragone\" \/>\t\t\t\t\t\t\t\t\t\t\t\t\t\t\t<\/div>\n\t\t\t\t<\/div>\n\t\t\t\t\t<\/div>\n\t\t<\/div>\n\t\t\t\t<div class=\"elementor-column elementor-col-50 elementor-top-column elementor-element elementor-element-08f3054\" data-id=\"08f3054\" data-element_type=\"column\" data-e-type=\"column\">\n\t\t\t<div class=\"elementor-widget-wrap elementor-element-populated\">\n\t\t\t\t\t\t<div class=\"elementor-element elementor-element-3daa79e elementor-widget elementor-widget-text-editor\" data-id=\"3daa79e\" data-element_type=\"widget\" data-e-type=\"widget\" data-widget_type=\"text-editor.default\">\n\t\t\t\t<div class=\"elementor-widget-container\">\n\t\t\t\t\t\t\t\t\t<h3>Parc naturel de Montsant<\/h3><p>D\u00e9clar\u00e9 site naturel en 2002 et couvrant une superficie de 9242 hectares, le parc naturel de Montsant est situ\u00e9 dans la r\u00e9gion du Priorat. Il comprend les municipalit\u00e9s de La Morera de Montsant, Margalef, Cabassers, Ulldemolins, La Vilella Alta, La Vilella Baixa, La Figuera, La Bisbal de Falset et Cornudella de Montsant.<\/p><p>Il s&rsquo;agit d&rsquo;une r\u00e9gion montagneuse et tr\u00e8s rocheuse, avec des sommets de plus de 1 000 m\u00e8tres. Elle est parsem\u00e9e de cha\u00eenes de montagnes, d&rsquo;ermitages et de gorges. La rivi\u00e8re Montsant prend sa source dans le schisme de la rivi\u00e8re et est entour\u00e9e de belles for\u00eats riveraines.<\/p>\t\t\t\t\t\t\t\t<\/div>\n\t\t\t\t<\/div>\n\t\t\t\t\t<\/div>\n\t\t<\/div>\n\t\t\t\t\t<\/div>\n\t\t<\/section>\n\t\t\t\t<section class=\"elementor-section elementor-top-section elementor-element elementor-element-f95242e elementor-hidden-desktop elementor-hidden-tablet elementor-section-boxed elementor-section-height-default elementor-section-height-default\" data-id=\"f95242e\" data-element_type=\"section\" data-e-type=\"section\">\n\t\t\t\t\t\t<div class=\"elementor-container elementor-column-gap-default\">\n\t\t\t\t\t<div class=\"elementor-column elementor-col-50 elementor-top-column elementor-element elementor-element-aac1eab\" data-id=\"aac1eab\" data-element_type=\"column\" data-e-type=\"column\">\n\t\t\t<div class=\"elementor-widget-wrap elementor-element-populated\">\n\t\t\t\t\t\t<div class=\"elementor-element elementor-element-b22551a elementor-widget elementor-widget-text-editor\" data-id=\"b22551a\" data-element_type=\"widget\" data-e-type=\"widget\" data-widget_type=\"text-editor.default\">\n\t\t\t\t<div class=\"elementor-widget-container\">\n\t\t\t\t\t\t\t\t\t<h3>Parc naturel de Montsant<\/h3><p>D\u00e9clar\u00e9 site naturel en 2002 et couvrant une superficie de 9242 hectares, le parc naturel de Montsant est situ\u00e9 dans la r\u00e9gion du Priorat. Il comprend les municipalit\u00e9s de La Morera de Montsant, Margalef, Cabassers, Ulldemolins, La Vilella Alta, La Vilella Baixa, La Figuera, La Bisbal de Falset et Cornudella de Montsant.<\/p><p>Il s&rsquo;agit d&rsquo;une r\u00e9gion montagneuse et tr\u00e8s rocheuse, avec des sommets de plus de 1 000 m\u00e8tres. Elle est parsem\u00e9e de cha\u00eenes de montagnes, d&rsquo;ermitages et de gorges. La rivi\u00e8re Montsant prend sa source dans le schisme de la rivi\u00e8re et est entour\u00e9e de belles for\u00eats riveraines.<\/p>\t\t\t\t\t\t\t\t<\/div>\n\t\t\t\t<\/div>\n\t\t\t\t\t<\/div>\n\t\t<\/div>\n\t\t\t\t<div class=\"elementor-column elementor-col-50 elementor-top-column elementor-element elementor-element-3c704a2\" data-id=\"3c704a2\" data-element_type=\"column\" data-e-type=\"column\">\n\t\t\t<div class=\"elementor-widget-wrap elementor-element-populated\">\n\t\t\t\t\t\t<div class=\"elementor-element elementor-element-cad4261 elementor-widget elementor-widget-image\" data-id=\"cad4261\" data-element_type=\"widget\" data-e-type=\"widget\" data-widget_type=\"image.default\">\n\t\t\t\t<div class=\"elementor-widget-container\">\n\t\t\t\t\t\t\t\t\t\t\t\t\t\t\t<img decoding=\"async\" width=\"600\" height=\"400\" src=\"https:\/\/www.parque-montroig.com\/blog\/wp-content\/uploads\/2019\/07\/parque-natural-tarragona-del-montsant.jpg\" class=\"attachment-large size-large wp-image-2388\" alt=\"Parc naturel du montsant \u00e0 tarragone\" \/>\t\t\t\t\t\t\t\t\t\t\t\t\t\t\t<\/div>\n\t\t\t\t<\/div>\n\t\t\t\t\t<\/div>\n\t\t<\/div>\n\t\t\t\t\t<\/div>\n\t\t<\/section>\n\t\t\t\t<section class=\"elementor-section elementor-top-section elementor-element elementor-element-6104222 elementor-section-boxed elementor-section-height-default elementor-section-height-default\" data-id=\"6104222\" data-element_type=\"section\" data-e-type=\"section\">\n\t\t\t\t\t\t<div class=\"elementor-container elementor-column-gap-default\">\n\t\t\t\t\t<div class=\"elementor-column elementor-col-50 elementor-top-column elementor-element elementor-element-64c4127\" data-id=\"64c4127\" data-element_type=\"column\" data-e-type=\"column\">\n\t\t\t<div class=\"elementor-widget-wrap elementor-element-populated\">\n\t\t\t\t\t\t<div class=\"elementor-element elementor-element-c543917 elementor-widget elementor-widget-text-editor\" data-id=\"c543917\" data-element_type=\"widget\" data-e-type=\"widget\" data-widget_type=\"text-editor.default\">\n\t\t\t\t<div class=\"elementor-widget-container\">\n\t\t\t\t\t\t\t\t\t<h3>Parc naturel de Ports<\/h3><p>Ce parc naturel est un refuge spectaculaire pour toutes sortes de flore et de faune o\u00f9 se distingue la ch\u00e8vre hispanique, esp\u00e8ce que l&rsquo;on peut trouver tr\u00e8s facilement en s&rsquo;enfon\u00e7ant dans les montagnes du parc.<\/p><p>Dans les r\u00e9gions du Baix Ebre et de Terra Alta, vous trouverez d&rsquo;immenses for\u00eats de pins sylvestres et d&rsquo;incroyables vall\u00e9es avec des ch\u00eanes verts et des h\u00eatres. Les villages de montagne situ\u00e9s au pied du parc partagent des traditions telles que l&rsquo;artisanat \u00e0 base de fibres v\u00e9g\u00e9tales pour la fabrication d&rsquo;objets de la vie quotidienne. Le parc naturel de Ports est id\u00e9al pour profiter de la nature en plein air et d\u00e9couvrir les coutumes de la r\u00e9gion.<\/p>\t\t\t\t\t\t\t\t<\/div>\n\t\t\t\t<\/div>\n\t\t\t\t\t<\/div>\n\t\t<\/div>\n\t\t\t\t<div class=\"elementor-column elementor-col-50 elementor-top-column elementor-element elementor-element-995155d\" data-id=\"995155d\" data-element_type=\"column\" data-e-type=\"column\">\n\t\t\t<div class=\"elementor-widget-wrap elementor-element-populated\">\n\t\t\t\t\t\t<div class=\"elementor-element elementor-element-b991d14 elementor-widget elementor-widget-image\" data-id=\"b991d14\" data-element_type=\"widget\" data-e-type=\"widget\" data-widget_type=\"image.default\">\n\t\t\t\t<div class=\"elementor-widget-container\">\n\t\t\t\t\t\t\t\t\t\t\t\t<figure class=\"wp-caption\">\n\t\t\t\t\t\t\t\t\t\t\t<a href=\"https:\/\/www.catalunya.com\/parc-natural-dels-ports-17-17001-573555?language=es\" target=\"_blank\" rel=\"noopener\">\n\t\t\t\t\t\t\t<img decoding=\"async\" width=\"600\" height=\"400\" src=\"https:\/\/www.parque-montroig.com\/blog\/wp-content\/uploads\/2019\/07\/parque-natural-dels-ports-tarragona.jpg\" class=\"attachment-large size-large wp-image-2392\" alt=\"Parque natural dels ports en tarragona\" \/>\t\t\t\t\t\t\t\t<\/a>\n\t\t\t\t\t\t\t\t\t\t\t<figcaption class=\"widget-image-caption wp-caption-text\">cataluny.com<\/figcaption>\n\t\t\t\t\t\t\t\t\t\t<\/figure>\n\t\t\t\t\t\t\t\t\t<\/div>\n\t\t\t\t<\/div>\n\t\t\t\t\t<\/div>\n\t\t<\/div>\n\t\t\t\t\t<\/div>\n\t\t<\/section>\n\t\t\t\t<section class=\"elementor-section elementor-top-section elementor-element elementor-element-dc00f04 elementor-hidden-mobile elementor-section-boxed elementor-section-height-default elementor-section-height-default\" data-id=\"dc00f04\" data-element_type=\"section\" data-e-type=\"section\">\n\t\t\t\t\t\t<div class=\"elementor-container elementor-column-gap-default\">\n\t\t\t\t\t<div class=\"elementor-column elementor-col-50 elementor-top-column elementor-element elementor-element-2072e30\" data-id=\"2072e30\" data-element_type=\"column\" data-e-type=\"column\">\n\t\t\t<div class=\"elementor-widget-wrap elementor-element-populated\">\n\t\t\t\t\t\t<div class=\"elementor-element elementor-element-6beb4c0 elementor-widget elementor-widget-image\" data-id=\"6beb4c0\" data-element_type=\"widget\" data-e-type=\"widget\" data-widget_type=\"image.default\">\n\t\t\t\t<div class=\"elementor-widget-container\">\n\t\t\t\t\t\t\t\t\t\t\t\t\t\t\t<img loading=\"lazy\" decoding=\"async\" width=\"600\" height=\"400\" src=\"https:\/\/www.parque-montroig.com\/blog\/wp-content\/uploads\/2019\/07\/parque-natural-tarragona-del-garraf.jpg\" class=\"attachment-large size-large wp-image-2396\" alt=\"Parc naturel du garraf \u00e0 tarragone\" \/>\t\t\t\t\t\t\t\t\t\t\t\t\t\t\t<\/div>\n\t\t\t\t<\/div>\n\t\t\t\t\t<\/div>\n\t\t<\/div>\n\t\t\t\t<div class=\"elementor-column elementor-col-50 elementor-top-column elementor-element elementor-element-f283639\" data-id=\"f283639\" data-element_type=\"column\" data-e-type=\"column\">\n\t\t\t<div class=\"elementor-widget-wrap elementor-element-populated\">\n\t\t\t\t\t\t<div class=\"elementor-element elementor-element-529e6ca elementor-widget elementor-widget-text-editor\" data-id=\"529e6ca\" data-element_type=\"widget\" data-e-type=\"widget\" data-widget_type=\"text-editor.default\">\n\t\t\t\t<div class=\"elementor-widget-container\">\n\t\t\t\t\t\t\t\t\t<h3>Parc Naturel du Garraf<\/h3><p>Situ\u00e9 dans la r\u00e9gion du Garraf, ce parc est connu pour ses falaises impressionnantes et ses plages de sable blanc.<\/p><p>Le parc est une destination populaire pour les sports nautiques, la randonn\u00e9e et le v\u00e9lo de montagne. Il s&rsquo;\u00e9tend sur 12 820 hectares et abrite une vari\u00e9t\u00e9 impressionnante de flore et de faune, comme l&rsquo;aigle de Bonelli, le hibou grand-duc, la martre et le h\u00e9risson d&rsquo;Europe.<\/p><p>Le parc naturel du Garraf est une destination id\u00e9ale pour ceux qui souhaitent profiter de la nature sur la c\u00f4te m\u00e9diterran\u00e9enne espagnole.<\/p>\t\t\t\t\t\t\t\t<\/div>\n\t\t\t\t<\/div>\n\t\t\t\t\t<\/div>\n\t\t<\/div>\n\t\t\t\t\t<\/div>\n\t\t<\/section>\n\t\t\t\t<section class=\"elementor-section elementor-top-section elementor-element elementor-element-4ae2852 elementor-hidden-desktop elementor-hidden-tablet elementor-section-boxed elementor-section-height-default elementor-section-height-default\" data-id=\"4ae2852\" data-element_type=\"section\" data-e-type=\"section\">\n\t\t\t\t\t\t<div class=\"elementor-container elementor-column-gap-default\">\n\t\t\t\t\t<div class=\"elementor-column elementor-col-50 elementor-top-column elementor-element elementor-element-ccc6bd2\" data-id=\"ccc6bd2\" data-element_type=\"column\" data-e-type=\"column\">\n\t\t\t<div class=\"elementor-widget-wrap elementor-element-populated\">\n\t\t\t\t\t\t<div class=\"elementor-element elementor-element-0c164a2 elementor-widget elementor-widget-text-editor\" data-id=\"0c164a2\" data-element_type=\"widget\" data-e-type=\"widget\" data-widget_type=\"text-editor.default\">\n\t\t\t\t<div class=\"elementor-widget-container\">\n\t\t\t\t\t\t\t\t\t<h3>Parc Naturel du Garraf<\/h3><p>Situ\u00e9 dans la r\u00e9gion du Garraf, ce parc est connu pour ses falaises impressionnantes et ses plages de sable blanc.<\/p><p>Le parc est une destination populaire pour les sports nautiques, la randonn\u00e9e et le v\u00e9lo de montagne. Il s&rsquo;\u00e9tend sur 12 820 hectares et abrite une vari\u00e9t\u00e9 impressionnante de flore et de faune, comme l&rsquo;aigle de Bonelli, le hibou grand-duc, la martre et le h\u00e9risson d&rsquo;Europe.<\/p><p>Le parc naturel du Garraf est une destination id\u00e9ale pour ceux qui souhaitent profiter de la nature sur la c\u00f4te m\u00e9diterran\u00e9enne espagnole.<\/p>\t\t\t\t\t\t\t\t<\/div>\n\t\t\t\t<\/div>\n\t\t\t\t\t<\/div>\n\t\t<\/div>\n\t\t\t\t<div class=\"elementor-column elementor-col-50 elementor-top-column elementor-element elementor-element-8e49a2d\" data-id=\"8e49a2d\" data-element_type=\"column\" data-e-type=\"column\">\n\t\t\t<div class=\"elementor-widget-wrap elementor-element-populated\">\n\t\t\t\t\t\t<div class=\"elementor-element elementor-element-d115ae2 elementor-widget elementor-widget-image\" data-id=\"d115ae2\" data-element_type=\"widget\" data-e-type=\"widget\" data-widget_type=\"image.default\">\n\t\t\t\t<div class=\"elementor-widget-container\">\n\t\t\t\t\t\t\t\t\t\t\t\t\t\t\t<img loading=\"lazy\" decoding=\"async\" width=\"600\" height=\"400\" src=\"https:\/\/www.parque-montroig.com\/blog\/wp-content\/uploads\/2019\/07\/parque-natural-tarragona-del-garraf.jpg\" class=\"attachment-large size-large wp-image-2396\" alt=\"Parc naturel du garraf \u00e0 tarragone\" \/>\t\t\t\t\t\t\t\t\t\t\t\t\t\t\t<\/div>\n\t\t\t\t<\/div>\n\t\t\t\t\t<\/div>\n\t\t<\/div>\n\t\t\t\t\t<\/div>\n\t\t<\/section>\n\t\t\t\t<section class=\"elementor-section elementor-top-section elementor-element elementor-element-df108d9 elementor-section-boxed elementor-section-height-default elementor-section-height-default\" data-id=\"df108d9\" data-element_type=\"section\" data-e-type=\"section\">\n\t\t\t\t\t\t<div class=\"elementor-container elementor-column-gap-default\">\n\t\t\t\t\t<div class=\"elementor-column elementor-col-100 elementor-top-column elementor-element elementor-element-dc6acf0\" data-id=\"dc6acf0\" data-element_type=\"column\" data-e-type=\"column\">\n\t\t\t<div class=\"elementor-widget-wrap elementor-element-populated\">\n\t\t\t\t\t\t<div class=\"elementor-element elementor-element-de04731 elementor-widget elementor-widget-text-editor\" data-id=\"de04731\" data-element_type=\"widget\" data-e-type=\"widget\" data-widget_type=\"text-editor.default\">\n\t\t\t\t<div class=\"elementor-widget-container\">\n\t\t\t\t\t\t\t\t\t<p>Nous avons pr\u00e9sent\u00e9 les 4 principaux <strong>parcs naturels de Tarragone<\/strong> : le Parc Naturel du Delta de l&rsquo;Ebre, le Parc Naturel du Montsant, le Parc Naturel des Ports et le Parc Naturel du Garraf, lequel pr\u00e9f\u00e9rez-vous ?<\/p><p>Si vous \u00eates de passage dans la r\u00e9gion, nous serons ravis de vous accueillir dans l&rsquo;une de nos locations de vacances. Nous disposons de tous les types de logements pour tous les budgets.<\/p>\t\t\t\t\t\t\t\t<\/div>\n\t\t\t\t<\/div>\n\t\t\t\t\t<\/div>\n\t\t<\/div>\n\t\t\t\t\t<\/div>\n\t\t<\/section>\n\t\t\t\t<section class=\"elementor-section elementor-top-section elementor-element elementor-element-369add40 elementor-section-boxed elementor-section-height-default elementor-section-height-default\" data-id=\"369add40\" data-element_type=\"section\" data-e-type=\"section\">\n\t\t\t\t\t\t<div class=\"elementor-container elementor-column-gap-default\">\n\t\t\t\t\t<div class=\"elementor-column elementor-col-33 elementor-top-column elementor-element elementor-element-1e4b7109\" data-id=\"1e4b7109\" data-element_type=\"column\" data-e-type=\"column\">\n\t\t\t<div class=\"elementor-widget-wrap elementor-element-populated\">\n\t\t\t\t\t\t<div class=\"elementor-element elementor-element-15fe877b elementor-align-center elementor-widget elementor-widget-button\" data-id=\"15fe877b\" data-element_type=\"widget\" data-e-type=\"widget\" data-widget_type=\"button.default\">\n\t\t\t\t<div class=\"elementor-widget-container\">\n\t\t\t\t\t\t\t\t\t<div class=\"elementor-button-wrapper\">\n\t\t\t\t\t<a class=\"elementor-button elementor-button-link elementor-size-sm\" href=\"https:\/\/www.parque-montroig.com\/fr\/location\/location-appartements-c1\/\" target=\"_blank\">\n\t\t\t\t\t\t<span class=\"elementor-button-content-wrapper\">\n\t\t\t\t\t\t\t\t\t<span class=\"elementor-button-text\">Locations Costa Dorada<\/span>\n\t\t\t\t\t<\/span>\n\t\t\t\t\t<\/a>\n\t\t\t\t<\/div>\n\t\t\t\t\t\t\t\t<\/div>\n\t\t\t\t<\/div>\n\t\t\t\t\t<\/div>\n\t\t<\/div>\n\t\t\t\t<div class=\"elementor-column elementor-col-33 elementor-top-column elementor-element elementor-element-4f0a1c81\" data-id=\"4f0a1c81\" data-element_type=\"column\" data-e-type=\"column\">\n\t\t\t<div class=\"elementor-widget-wrap elementor-element-populated\">\n\t\t\t\t\t\t<div class=\"elementor-element elementor-element-5172c86f elementor-align-center elementor-widget elementor-widget-button\" data-id=\"5172c86f\" data-element_type=\"widget\" data-e-type=\"widget\" data-widget_type=\"button.default\">\n\t\t\t\t<div class=\"elementor-widget-container\">\n\t\t\t\t\t\t\t\t\t<div class=\"elementor-button-wrapper\">\n\t\t\t\t\t<a class=\"elementor-button elementor-button-link elementor-size-sm\" href=\"https:\/\/www.parque-montroig.com\/fr\/location\/location-villas-c2\/\" target=\"_blank\">\n\t\t\t\t\t\t<span class=\"elementor-button-content-wrapper\">\n\t\t\t\t\t\t\t\t\t<span class=\"elementor-button-text\">Villas Costa Dorada<\/span>\n\t\t\t\t\t<\/span>\n\t\t\t\t\t<\/a>\n\t\t\t\t<\/div>\n\t\t\t\t\t\t\t\t<\/div>\n\t\t\t\t<\/div>\n\t\t\t\t\t<\/div>\n\t\t<\/div>\n\t\t\t\t<div class=\"elementor-column elementor-col-33 elementor-top-column elementor-element elementor-element-34f3696f\" data-id=\"34f3696f\" data-element_type=\"column\" data-e-type=\"column\">\n\t\t\t<div class=\"elementor-widget-wrap elementor-element-populated\">\n\t\t\t\t\t\t<div class=\"elementor-element elementor-element-3e0d7dc7 elementor-align-center elementor-widget elementor-widget-button\" data-id=\"3e0d7dc7\" data-element_type=\"widget\" data-e-type=\"widget\" data-widget_type=\"button.default\">\n\t\t\t\t<div class=\"elementor-widget-container\">\n\t\t\t\t\t\t\t\t\t<div class=\"elementor-button-wrapper\">\n\t\t\t\t\t<a class=\"elementor-button elementor-button-link elementor-size-sm\" href=\"https:\/\/www.parque-montroig.com\/fr\/location\/location-maisons-c19\/\">\n\t\t\t\t\t\t<span class=\"elementor-button-content-wrapper\">\n\t\t\t\t\t\t\t\t\t<span class=\"elementor-button-text\">Maisons Costa Dorada<\/span>\n\t\t\t\t\t<\/span>\n\t\t\t\t\t<\/a>\n\t\t\t\t<\/div>\n\t\t\t\t\t\t\t\t<\/div>\n\t\t\t\t<\/div>\n\t\t\t\t\t<\/div>\n\t\t<\/div>\n\t\t\t\t\t<\/div>\n\t\t<\/section>\n\t\t\t\t<\/div>\n\t\t","protected":false},"excerpt":{"rendered":"<p>Ce type de tourisme, plus m\u00e9connu dans notre pays, est id\u00e9al si vous pr\u00e9voyez un week-end en couple, entre amis&#8230;<\/p>\n","protected":false},"author":2,"featured_media":2408,"comment_status":"open","ping_status":"closed","sticky":false,"template":"","format":"standard","meta":{"footnotes":""},"categories":[28],"tags":[],"class_list":["post-999","post","type-post","status-publish","format-standard","has-post-thumbnail","hentry","category-parcs-naturels-a-tarragone"],"_links":{"self":[{"href":"https:\/\/www.parque-montroig.com\/blog\/fr\/wp-json\/wp\/v2\/posts\/999","targetHints":{"allow":["GET"]}}],"collection":[{"href":"https:\/\/www.parque-montroig.com\/blog\/fr\/wp-json\/wp\/v2\/posts"}],"about":[{"href":"https:\/\/www.parque-montroig.com\/blog\/fr\/wp-json\/wp\/v2\/types\/post"}],"author":[{"embeddable":true,"href":"https:\/\/www.parque-montroig.com\/blog\/fr\/wp-json\/wp\/v2\/users\/2"}],"replies":[{"embeddable":true,"href":"https:\/\/www.parque-montroig.com\/blog\/fr\/wp-json\/wp\/v2\/comments?post=999"}],"version-history":[{"count":120,"href":"https:\/\/www.parque-montroig.com\/blog\/fr\/wp-json\/wp\/v2\/posts\/999\/revisions"}],"predecessor-version":[{"id":2555,"href":"https:\/\/www.parque-montroig.com\/blog\/fr\/wp-json\/wp\/v2\/posts\/999\/revisions\/2555"}],"wp:featuredmedia":[{"embeddable":true,"href":"https:\/\/www.parque-montroig.com\/blog\/fr\/wp-json\/wp\/v2\/media\/2408"}],"wp:attachment":[{"href":"https:\/\/www.parque-montroig.com\/blog\/fr\/wp-json\/wp\/v2\/media?parent=999"}],"wp:term":[{"taxonomy":"category","embeddable":true,"href":"https:\/\/www.parque-montroig.com\/blog\/fr\/wp-json\/wp\/v2\/categories?post=999"},{"taxonomy":"post_tag","embeddable":true,"href":"https:\/\/www.parque-montroig.com\/blog\/fr\/wp-json\/wp\/v2\/tags?post=999"}],"curies":[{"name":"wp","href":"https:\/\/api.w.org\/{rel}","templated":true}]}}