{"id":268,"date":"2019-10-02T17:20:03","date_gmt":"2019-10-02T15:20:03","guid":{"rendered":"http:\/\/www.parque-montroig.com\/blog\/?p=268"},"modified":"2019-10-02T17:20:25","modified_gmt":"2019-10-02T15:20:25","slug":"la-pineda-vilaseca","status":"publish","type":"post","link":"https:\/\/www.parque-montroig.com\/blog\/la-pineda-vilaseca\/","title":{"rendered":"La Pineda &#8211; Vilaseca"},"content":{"rendered":"<p>La Pineda es una pedan\u00eda que pertenece al municipio de Vilaseca, en la provincia de Tarragona. Esta poblaci\u00f3n costera estuvo poblada ya durante la \u00e9poca de la Antigua Roma. Durante la Edad Media, su puerto fue un punto estrat\u00e9gico y una importante fuente de ingresos, debido a que fue uno de los puertos principales, este sufri\u00f3 ataques por parte de piratas berberiscos, as\u00ed pues, se construyeron 2 torres vig\u00eda para avistar y defenderse de los ataques corsarios. La econom\u00eda de La Pineda y Vilaseca se basaba tradicionalmente en la agricultura, es a partir de los a\u00f1os 60 cuando distintas industrias qu\u00edmicas y metal\u00fargicas se instalaron en la zona e hicieron perder fuerza a la agricultura.<\/p>\n<p>Debido a la cercan\u00eda con Salou y Port Aventura, La Pineda es un municipio perfecto para alojarse y disfrutar de la tranquilidad del mar. Adem\u00e1s, el municipio cuenta con estaci\u00f3n de Ferrocarriles.<\/p>\n<h4>Iglesia Parroquial de San Esteban<\/h4>\n<p>La Iglesia Parroquial es de estilo g\u00f3tico-renacentista, solo cuenta con una nave y su campanario fue construido en el a\u00f1o 1605. Es en 1880 cuando se a\u00f1ade la capilla del Sant\u00edsimo, con la fachada coronada por un magn\u00edfico roset\u00f3n. Es una visita recomendada para todos aquellos interesados en el patrimonio hist\u00f3rico.<\/p>\n<p>Asimismo, Vilaseca cuenta con otros patrimonios hist\u00f3ricos como el castillo de Vilaseca o el santuario a la Virgen de la Pineda.<\/p>\n<p>En el punto de informaci\u00f3n y turismo te podr\u00e1n informar sobre los diversos itinerarios por bonitos parajes naturales, como la playa de la Pineda, las monta\u00f1as de Prades o el Parque natural de la Sierra del Montsant. Para los m\u00e1s peque\u00f1os de la casa, Port Aventura y el Aquopolis son 2 destinos ideales, se lo pasar\u00e1n en grande con las incre\u00edbles atracciones.<\/p>\n<p>Como nota interesante, Vilaseca que abarca La Pineda, tiene el sello de calidad como Destino de Turismo Familiar, que ofrece comercios, restaurantes y servicios con instalaciones preparadas y recursos de calidad necesarios para recibir a las familias.<\/p>\n","protected":false},"excerpt":{"rendered":"<p>La Pineda es una pedan\u00eda que pertenece al municipio de Vilaseca, en la provincia de Tarragona. Esta poblaci\u00f3n costera estuvo&#8230;<\/p>\n","protected":false},"author":2,"featured_media":0,"comment_status":"open","ping_status":"closed","sticky":false,"template":"","format":"standard","meta":{"footnotes":""},"categories":[8],"tags":[],"class_list":["post-268","post","type-post","status-publish","format-standard","hentry","category-la-costa-dorada"],"_links":{"self":[{"href":"https:\/\/www.parque-montroig.com\/blog\/wp-json\/wp\/v2\/posts\/268","targetHints":{"allow":["GET"]}}],"collection":[{"href":"https:\/\/www.parque-montroig.com\/blog\/wp-json\/wp\/v2\/posts"}],"about":[{"href":"https:\/\/www.parque-montroig.com\/blog\/wp-json\/wp\/v2\/types\/post"}],"author":[{"embeddable":true,"href":"https:\/\/www.parque-montroig.com\/blog\/wp-json\/wp\/v2\/users\/2"}],"replies":[{"embeddable":true,"href":"https:\/\/www.parque-montroig.com\/blog\/wp-json\/wp\/v2\/comments?post=268"}],"version-history":[{"count":1,"href":"https:\/\/www.parque-montroig.com\/blog\/wp-json\/wp\/v2\/posts\/268\/revisions"}],"predecessor-version":[{"id":269,"href":"https:\/\/www.parque-montroig.com\/blog\/wp-json\/wp\/v2\/posts\/268\/revisions\/269"}],"wp:attachment":[{"href":"https:\/\/www.parque-montroig.com\/blog\/wp-json\/wp\/v2\/media?parent=268"}],"wp:term":[{"taxonomy":"category","embeddable":true,"href":"https:\/\/www.parque-montroig.com\/blog\/wp-json\/wp\/v2\/categories?post=268"},{"taxonomy":"post_tag","embeddable":true,"href":"https:\/\/www.parque-montroig.com\/blog\/wp-json\/wp\/v2\/tags?post=268"}],"curies":[{"name":"wp","href":"https:\/\/api.w.org\/{rel}","templated":true}]}}