{"id":270,"date":"2019-10-02T18:13:00","date_gmt":"2019-10-02T16:13:00","guid":{"rendered":"http:\/\/www.parque-montroig.com\/blog\/?p=270"},"modified":"2019-10-03T13:04:59","modified_gmt":"2019-10-03T11:04:59","slug":"mercado-de-tarragona","status":"publish","type":"post","link":"https:\/\/www.parque-montroig.com\/blog\/mercado-de-tarragona\/","title":{"rendered":"Mercado de Tarragona"},"content":{"rendered":"<p>El Mercado de Tarragona, situado en la plaza de Corsini, es ademas de un edificio modernista, el s\u00edmbolo del comercio de proximidad del centro de la ciudad.<\/p>\n<p>El edificio modernista fue proyectado por el arquitecto Josep M. Pujol de Barber\u00e0 y se inaugur\u00f3 en el a\u00f1o 1915. La remodelaci\u00f3n se termin\u00f3 en el 2017 y actualmente es la obra p\u00fablica m\u00e1s importante de la ciudad de Tarragona. En la remodelaci\u00f3n se ha respetado gran parte de la estructura original. Un siglo despu\u00e9s de su apertura, ahora el mercado modernista cuenta con motivos decorativos, columnas de forja, cintas met\u00e1licas, sin olvidar la cubierta original.<\/p>\n<p>El precioso mercado cuenta con una superficie total de 22 mil metros cuadrados, de los cuales alrededor de 9 mil est\u00e1n destinados a log\u00edstica, para que los vendedores y trabajadores puedan efectuar la carga y descarga en las mejores condiciones y sin causar molestias en el vecindario. Con 16 tiendas de carne y charcuter\u00eda, 10 de pescado, 8 de fruta y verdura y 6 de pesca salada, frutos secos y bares, este bonito mercado central, sirve como punto de comercio de proximidad principal para la ciudad de Tarragona. Adem\u00e1s cuenta con un parking propio con 330 plazas para veh\u00edculos.<\/p>\n<p>Aunque el principal atractivo de Tarragona son los vestigios romanos, el mercado es una parada obligatoria para medir el pulso a la ciudad y maravillarse con el modernismo t\u00edpico catal\u00e1n de inicios de siglo XX, es un plan perfecto para toda la familia.<\/p>\n<p>Si est\u00e1s deseando organizar unas vacaciones en la Costa Dorada y Tarragona, desde Parc Mont-Roig te ayudamos en todo lo que necesites, especialmente si buscas alojamiento, te ofrecemos los apartamentos, casas y villas m\u00e1s adecuados para tus necesidades. Puedes contactar a trav\u00e9s del formulario o llamar directamente a nuestras oficinas. Te atenderemos encantados!<\/p>\n","protected":false},"excerpt":{"rendered":"<p>El Mercado de Tarragona, situado en la plaza de Corsini, es ademas de un edificio modernista, el s\u00edmbolo del comercio&#8230;<\/p>\n","protected":false},"author":2,"featured_media":273,"comment_status":"open","ping_status":"closed","sticky":false,"template":"","format":"standard","meta":{"footnotes":""},"categories":[13,15,14],"tags":[],"class_list":["post-270","post","type-post","status-publish","format-standard","has-post-thumbnail","hentry","category-tarragona-ciudad","category-que-ver-en-la-costa-dorada","category-tarragona-con-ninos"],"_links":{"self":[{"href":"https:\/\/www.parque-montroig.com\/blog\/wp-json\/wp\/v2\/posts\/270","targetHints":{"allow":["GET"]}}],"collection":[{"href":"https:\/\/www.parque-montroig.com\/blog\/wp-json\/wp\/v2\/posts"}],"about":[{"href":"https:\/\/www.parque-montroig.com\/blog\/wp-json\/wp\/v2\/types\/post"}],"author":[{"embeddable":true,"href":"https:\/\/www.parque-montroig.com\/blog\/wp-json\/wp\/v2\/users\/2"}],"replies":[{"embeddable":true,"href":"https:\/\/www.parque-montroig.com\/blog\/wp-json\/wp\/v2\/comments?post=270"}],"version-history":[{"count":3,"href":"https:\/\/www.parque-montroig.com\/blog\/wp-json\/wp\/v2\/posts\/270\/revisions"}],"predecessor-version":[{"id":278,"href":"https:\/\/www.parque-montroig.com\/blog\/wp-json\/wp\/v2\/posts\/270\/revisions\/278"}],"wp:featuredmedia":[{"embeddable":true,"href":"https:\/\/www.parque-montroig.com\/blog\/wp-json\/wp\/v2\/media\/273"}],"wp:attachment":[{"href":"https:\/\/www.parque-montroig.com\/blog\/wp-json\/wp\/v2\/media?parent=270"}],"wp:term":[{"taxonomy":"category","embeddable":true,"href":"https:\/\/www.parque-montroig.com\/blog\/wp-json\/wp\/v2\/categories?post=270"},{"taxonomy":"post_tag","embeddable":true,"href":"https:\/\/www.parque-montroig.com\/blog\/wp-json\/wp\/v2\/tags?post=270"}],"curies":[{"name":"wp","href":"https:\/\/api.w.org\/{rel}","templated":true}]}}