{"id":284,"date":"2019-10-03T11:12:46","date_gmt":"2019-10-03T09:12:46","guid":{"rendered":"http:\/\/www.parque-montroig.com\/blog\/?p=284"},"modified":"2023-02-27T10:22:01","modified_gmt":"2023-02-27T09:22:01","slug":"el-balcon-del-mediterraneo","status":"publish","type":"post","link":"https:\/\/www.parque-montroig.com\/blog\/el-balcon-del-mediterraneo\/","title":{"rendered":"El Balc\u00f3n del Mediterr\u00e1neo"},"content":{"rendered":"<p>El Balc\u00f3n del Mediterr\u00e1neo es uno de los miradores m\u00e1s emblem\u00e1ticos y conocidos de todo el pa\u00eds. Cada d\u00eda pasan por \u00e9l centenares de personas, tanto locales de la ciudad de Tarragona como turistas. Las incre\u00edbles vistas, a 40 metros sobre el nivel del mar, te permite disfrutar de unas vistas al mar y a la fachada mar\u00edtima de la ciudad espectaculares. A un lado tenemos el puerto y al otro el Anfiteatro Romano.<\/p>\n<p>Cerca del mirador tambi\u00e9n destaca la estatua dedicada al famoso almirante Roger de Lluria, el m\u00e1s victorosio de la Armada Reial durante el reinado del Pere III \u00abel Gran\u00bb.<\/p>\n<p>Una de las curiosidades del lugar es que es obligatorio, seg\u00fan llegas al Balc\u00f3n del Mediterr\u00e1neo debes tocar la barandilla de hierro forjado, esta tradici\u00f3n viene de la expresi\u00f3n \u00abtocar ferro\u00bb que significa tocar hierro, el equivalente al \u00abtocar madera\u00bb del castellano, de esta forma conseguiremos tener suerte el resto de nuestra vida!<\/p>\n<p>El Balc\u00f3n del Mediterr\u00e1neo supone una visita r\u00e1pida, que puedes integrar en cualquiera de las apasionantes rutas hist\u00f3ricas de la ciudad, como por ejemplo la ruta romana.<\/p>\n<p>Si deseas pasar un fin de semana o unas vacaciones en Tarragona y disfrutar de su historia, cultura y gastronom\u00eda, desde Parc Mont-Roig te ayudamos a encontrar el alojamiento m\u00e1s adecuado para ti, seg\u00fan tus necesidades y gustos, contamos con apartamentos, casas y villas. Puedes ponerte en contacto con nosotros a trav\u00e9s del formulario o llamando directamente a nuestras oficinas. Te atenderemos encantados!<\/p>\n","protected":false},"excerpt":{"rendered":"<p>El Balc\u00f3n del Mediterr\u00e1neo es uno de los miradores m\u00e1s emblem\u00e1ticos y conocidos de todo el pa\u00eds. Cada d\u00eda pasan&#8230;<\/p>\n","protected":false},"author":2,"featured_media":286,"comment_status":"open","ping_status":"closed","sticky":false,"template":"","format":"standard","meta":{"footnotes":""},"categories":[10,13,14],"tags":[],"class_list":["post-284","post","type-post","status-publish","format-standard","has-post-thumbnail","hentry","category-que-ver-y-que-hacer-en-tarragona","category-tarragona-ciudad","category-tarragona-con-ninos"],"_links":{"self":[{"href":"https:\/\/www.parque-montroig.com\/blog\/wp-json\/wp\/v2\/posts\/284","targetHints":{"allow":["GET"]}}],"collection":[{"href":"https:\/\/www.parque-montroig.com\/blog\/wp-json\/wp\/v2\/posts"}],"about":[{"href":"https:\/\/www.parque-montroig.com\/blog\/wp-json\/wp\/v2\/types\/post"}],"author":[{"embeddable":true,"href":"https:\/\/www.parque-montroig.com\/blog\/wp-json\/wp\/v2\/users\/2"}],"replies":[{"embeddable":true,"href":"https:\/\/www.parque-montroig.com\/blog\/wp-json\/wp\/v2\/comments?post=284"}],"version-history":[{"count":1,"href":"https:\/\/www.parque-montroig.com\/blog\/wp-json\/wp\/v2\/posts\/284\/revisions"}],"predecessor-version":[{"id":285,"href":"https:\/\/www.parque-montroig.com\/blog\/wp-json\/wp\/v2\/posts\/284\/revisions\/285"}],"wp:featuredmedia":[{"embeddable":true,"href":"https:\/\/www.parque-montroig.com\/blog\/wp-json\/wp\/v2\/media\/286"}],"wp:attachment":[{"href":"https:\/\/www.parque-montroig.com\/blog\/wp-json\/wp\/v2\/media?parent=284"}],"wp:term":[{"taxonomy":"category","embeddable":true,"href":"https:\/\/www.parque-montroig.com\/blog\/wp-json\/wp\/v2\/categories?post=284"},{"taxonomy":"post_tag","embeddable":true,"href":"https:\/\/www.parque-montroig.com\/blog\/wp-json\/wp\/v2\/tags?post=284"}],"curies":[{"name":"wp","href":"https:\/\/api.w.org\/{rel}","templated":true}]}}