{"id":34,"date":"2019-07-14T08:56:57","date_gmt":"2019-07-14T06:56:57","guid":{"rendered":"http:\/\/www.parque-montroig.com\/blog\/?p=34"},"modified":"2019-10-03T10:51:46","modified_gmt":"2019-10-03T08:51:46","slug":"calendario-eventos-en-tarragona","status":"publish","type":"post","link":"https:\/\/www.parque-montroig.com\/blog\/calendario-eventos-en-tarragona\/","title":{"rendered":"Eventos en Tarragona"},"content":{"rendered":"<p>Tarragona es una ciudad mediterr\u00e1nea con un clima agradable durante casi todo el a\u00f1o. Este clima ha marcado siempre el ambiente y el car\u00e1cter de la ciudad y sus habitantes, siendo estos personas abiertas, acogedoras, hospitalarias y tambi\u00e9n orgullosas de su cultura y tradiciones. Esto se demuestra en la gran cantidad de eventos en Tarragona, donde durante pr\u00e1cticamente todo el a\u00f1o se celebran fiestas culturales al aire libre, tanto locales como del conjunto de Catalu\u00f1a.<\/p>\n<p>Una de las mejores formas de conocer la cultura de un pueblo es sumergirse de lleno en sus tradiciones y fiestas populares, Tarragona, en este aspecto lo pone f\u00e1cil, con un poco de planificaci\u00f3n puedes visitar durante todo el a\u00f1o cualquiera de las fechas se\u00f1aladas para conocer un poquito mejor nuestra cultura.<\/p>\n<p>\u00a0<\/p>\n<h5>5 de enero<\/h5>\n<p>Los tres Reyes magos llegan en barco al puerto de la ciudad mientras los ni\u00f1os esperan impacientes su llegada a la Escala Reial y as\u00ed recorrer la ciudad acompa\u00f1ados por pajes y carrozas.<\/p>\n<p>\u00a0<\/p>\n<h5>Del 1 al 28 de Febrero<\/h5>\n<p>Son las Jornadas gastron\u00f3micas \u00abLa Part Alta Somriu a la Crisi\u00bb Los restaurantes del casco antiguos ofrecen men\u00fas variados para todo tipo de bolsillos.<\/p>\n<p>\u00a0<\/p>\n<h5>Del 22 de febrero al 5 de marzo<\/h5>\n<p>El carnaval toma las calles llenando de colores y m\u00fasica todo a su paso. El punto \u00e1lgido es durante el desfile del s\u00e1bado, con la r\u00faa de la artesan\u00eda, los conciertos y la t\u00edpica degustaci\u00f3n de la butifarra de huevo. Destacamos tambi\u00e9n \u00abLa Disfressa d\u00b4Or\u00bb, el juicio de \u00abCarnestoltes\u00bb y la quema de la Bota.<\/p>\n<p>\u00a0<\/p>\n<h5>Del 14 al 22 de abril<\/h5>\n<p>La semana santa en Tarragona, una solemne manifestaci\u00f3n con la Procesi\u00f3n del Santo Entierro del Viernes Santo.<\/p>\n<p>\u00a0<\/p>\n<h5>23 de abril<\/h5>\n<p>Sant Jordi, patr\u00f3n de Catalu\u00f1a, donde se rememoran las gestas del mismo. La tradici\u00f3n dicta que las parejas intercambien la rosa y el libre. Tambi\u00e9n se celebra una actuaci\u00f3n castellera con los cuatro grupos de la ciudad.<\/p>\n<p>\u00a0<\/p>\n<h5>Del 5 al 19 de mayo<\/h5>\n<p><a href=\"https:\/\/www.parque-montroig.com\/blog\/tarraco-viva\/\">Tarraco Viva<\/a>, las jornadas internacionales educacionales sobre el esplendor que tuvo la ciudad durante la \u00e9poca romana. Se difunde la cultura romana con rigor y basada en hechos hist\u00f3ricos reales. Durante Tarraco Viva tambi\u00e9n se celebra Tarraco Taula, donde los restaurantes locales recuperan recetas de la \u00e9poca romana. Visita obligada para toda la familia!<\/p>\n<p>\u00a0<\/p>\n<h5>Del 31 de mayo al 2 de junio<\/h5>\n<p>Minipop es un festial de m\u00fasica y cultura contempor\u00e1nea para toda la familia. Tres d\u00edas de conciertos, talleres creativos, teatro, cine y juegos en un escenario precioso con vistas al mar y al anfiteatro romano.<\/p>\n<p>\u00a0<\/p>\n<h5>Del 14 al 16 de junio<\/h5>\n<p>Feria del Vino, cuenta con la participaci\u00f3n de bodegas y cooperativas de la DO Tarragona. Es una perfecta oportunidad de conocer nuestros vinos y degustarlos.<\/p>\n<p>\u00a0<\/p>\n<h5>23 de junio<\/h5>\n<p>Corpus, una celebraci\u00f3n arraigada con la coca con cerezas y \u00abl\u00b4ou com balla\u00bb. Puedes disfrutar de la procesi\u00f3n con elementos como el \u00abSeguici Pupular\u00bb, los gigantes y el \u00abMag\u00ed de les Timbales\u00bb<\/p>\n<p>\u00a0<\/p>\n<h5>23 y 24 de junio<\/h5>\n<p>San Juan, es el momento para encender hogueras, comer dulces y disfrutar de los fuegos artificiales en familia.<\/p>\n<p>\u00a0<\/p>\n<h5>Del 24 de junio al 26 de octubre<\/h5>\n<p>Tarragona, ciudad de castells, donde se ofrecen exhibiciones castelleres y actividades relacionadas con el mundo dels castells. Vive con la familia esta tradici\u00f3n con m\u00e1s de 200 a\u00f1os de historia y muy t\u00edpica de nuestra regi\u00f3n.<\/p>\n<p>\u00a0<\/p>\n<h5>Del 25 al 29 de junio<\/h5>\n<p>Festival Internacional de Teatro de Tarragona: Perfecto para concentrar a las nuevas dramaturgias, autores y directores contempor\u00e1neos.<\/p>\n<p>\u00a0<\/p>\n<h5>Del 3 al 6 de julio<\/h5>\n<p>Concurso internacional de fuegos artificiales, realizado en Tarragona desde el 1990 y uno de los m\u00e1s importantes del Mediterr\u00e1neo.<\/p>\n<p>\u00a0<\/p>\n<h5>16 de julio<\/h5>\n<p>Virgen del Carmen, procesi\u00f3n de la Virgen del Carme, un ejemplo de la tradici\u00f3n marinera de nuestra zona. Pescadores y marineros embarcan la Virgen en el barrio del Serrallo y la pasean por las aguas mediterr\u00e1neas.<\/p>\n<p>\u00a0<\/p>\n<h5>Del 2 al 31 de agosto<\/h5>\n<p>Anfiteatrvm, reconstrucci\u00f3n hist\u00f3rica en el anfiteatro para viajar al pasado romano de Tarragona.<\/p>\n<p>\u00a0<\/p>\n<h5>Del 13 al 19 de agosto<\/h5>\n<p><a href=\"https:\/\/www.parque-montroig.com\/blog\/fiesta-mayor-de-sant-magi\/\">Sant Mag\u00ed<\/a>, la fiesta mayor del patr\u00f3n de la ciudad. Se manifiestan elementos populares como Mag\u00ed de les Timbales, gigantes, cabezudos, el baile de bastones&#8230; Las castells se unen a esta celebraci\u00f3n junto con una gran variedad de actos festivos y culturales.<\/p>\n<p>\u00a0<\/p>\n<h5>16 de agosto<\/h5>\n<p>Sant Roc, es la fiesta de una de las calles m\u00e1s famosas del centro hist\u00f3rico. Gigantes y otros elementos populares salen a la calle para alegrar la fiesta.<\/p>\n<p>\u00a0<\/p>\n<h5>11 de septiembre<\/h5>\n<p>Diada nacional de Catalunya, las sardanas, castells y otras tradiciones catalanas toman las calles de la ciudad de Tarragona.<\/p>\n<p>\u00a0<\/p>\n<h5>Del 15 al 25 de septiembre<\/h5>\n<p><a href=\"https:\/\/www.parque-montroig.com\/blog\/las-fiestas-de-santa-tecla-en-tarragona\/\">Santa Tecla<\/a>, una de las \u00e9pocas m\u00e1s sentidas como la fiesta grande de Santa Tecla. Declarada en 2002 Fiesta de Inter\u00e9s Tur\u00edstico Estatal y en 2009 Fiesta Patrimonial de Inter\u00e9s Nacional. En los lugares m\u00e1s emblem\u00e1ticos se realizan actos tradicionales, festivos, religiosos y gastron\u00f3micos.<\/p>\n<p>\u00a0<\/p>\n<h5>Del 18 al 20 de octubre<\/h5>\n<p>Mercado Medieval de Tarragona, alrededor de la catedral se levanta un mercado medieval donde adquirir productos artesanales. Tambi\u00e9n podr\u00e9is disfrutar de espect\u00e1culos callejeros ambientados en la Edad Media.<\/p>\n<p>\u00a0<\/p>\n<h5>1 de noviembre<\/h5>\n<p>Todos los Santos, las calles se llenan de paradas de venta de casta\u00f1as asadas y las pasteler\u00edas ponen a la venta los famosos panellets (dulce tradicional hecho de mazap\u00e1n). Tambi\u00e9n se montan paradas de flores para los difuntos.<\/p>\n<p>\u00a0<\/p>\n<h5>Noviembre<\/h5>\n<p>Teatre Magic, el festival internacional de magia cita al mundo del ilusionismo en los escenarios de Tarragona para ofrecer una selecci\u00f3n de los mejores espect\u00e1culos de magia.<\/p>\n<p>\u00a0<\/p>\n<h5>Finales de noviembre<\/h5>\n<p>Feria del aceite, donde podr\u00e9is degustar distintos aceites con Denominaci\u00f3n de origen protegida de Siruana. Los restaurantes de la ciudad ofrecen los men\u00fas elaborados con este producto.<\/p>\n<p>\u00a0<\/p>\n<h5>Principios de diciembre<\/h5>\n<p>REC, festival internacional de Cine de Tarragona, donde se muestran largometrajes de ficci\u00f3n o documental. Disfrutad de pel\u00edculas de estreno, nuevos directores y emocionantes descubrimientos.<\/p>\n<p>\u00a0<\/p>\n<h5>Diciembre<\/h5>\n<p>Navidad, Tarragona se ilumina para estas queridas fiestas, las calles se visten con mercados navide\u00f1os y artesanales. Se reviven tradiciones arraigadas como el ti\u00f3 (el tradicional tronco catal\u00e1n que \u00abcaga\u00bb regalos) y los pesebres que se exhiben en locales de distintas asociaciones.<\/p>\n<p>\u00a0<\/p>\n<p>31 de diciembre<\/p>\n<p>L\u00b4Home dels Nassos, se pasea por las calles un monigote con las narices tan grandes como d\u00edas le quedan al a\u00f1o (muy grande), se reparten caramelos a los m\u00e1s peque\u00f1os.<\/p>\n\n","protected":false},"excerpt":{"rendered":"<p>Tarragona es una ciudad mediterr\u00e1nea con un clima agradable durante casi todo el a\u00f1o. Este clima ha marcado siempre el&#8230;<\/p>\n","protected":false},"author":2,"featured_media":209,"comment_status":"open","ping_status":"closed","sticky":false,"template":"","format":"standard","meta":{"footnotes":""},"categories":[9],"tags":[],"class_list":["post-34","post","type-post","status-publish","format-standard","has-post-thumbnail","hentry","category-eventos-en-tarragona"],"_links":{"self":[{"href":"https:\/\/www.parque-montroig.com\/blog\/wp-json\/wp\/v2\/posts\/34","targetHints":{"allow":["GET"]}}],"collection":[{"href":"https:\/\/www.parque-montroig.com\/blog\/wp-json\/wp\/v2\/posts"}],"about":[{"href":"https:\/\/www.parque-montroig.com\/blog\/wp-json\/wp\/v2\/types\/post"}],"author":[{"embeddable":true,"href":"https:\/\/www.parque-montroig.com\/blog\/wp-json\/wp\/v2\/users\/2"}],"replies":[{"embeddable":true,"href":"https:\/\/www.parque-montroig.com\/blog\/wp-json\/wp\/v2\/comments?post=34"}],"version-history":[{"count":6,"href":"https:\/\/www.parque-montroig.com\/blog\/wp-json\/wp\/v2\/posts\/34\/revisions"}],"predecessor-version":[{"id":283,"href":"https:\/\/www.parque-montroig.com\/blog\/wp-json\/wp\/v2\/posts\/34\/revisions\/283"}],"wp:featuredmedia":[{"embeddable":true,"href":"https:\/\/www.parque-montroig.com\/blog\/wp-json\/wp\/v2\/media\/209"}],"wp:attachment":[{"href":"https:\/\/www.parque-montroig.com\/blog\/wp-json\/wp\/v2\/media?parent=34"}],"wp:term":[{"taxonomy":"category","embeddable":true,"href":"https:\/\/www.parque-montroig.com\/blog\/wp-json\/wp\/v2\/categories?post=34"},{"taxonomy":"post_tag","embeddable":true,"href":"https:\/\/www.parque-montroig.com\/blog\/wp-json\/wp\/v2\/tags?post=34"}],"curies":[{"name":"wp","href":"https:\/\/api.w.org\/{rel}","templated":true}]}}