{"id":382,"date":"2019-11-26T16:00:55","date_gmt":"2019-11-26T15:00:55","guid":{"rendered":"http:\/\/www.parque-montroig.com\/blog\/?p=382"},"modified":"2023-06-21T09:49:39","modified_gmt":"2023-06-21T07:49:39","slug":"parc-del-pescador","status":"publish","type":"post","link":"https:\/\/www.parque-montroig.com\/blog\/parc-del-pescador\/","title":{"rendered":"Visita el Parc del Pescador en Cambrils"},"content":{"rendered":"\t\t<div data-elementor-type=\"wp-post\" data-elementor-id=\"382\" class=\"elementor elementor-382\" data-elementor-post-type=\"post\">\n\t\t\t\t\t\t<section class=\"elementor-section elementor-top-section elementor-element elementor-element-a1e092b elementor-section-boxed elementor-section-height-default elementor-section-height-default\" data-id=\"a1e092b\" data-element_type=\"section\" data-e-type=\"section\">\n\t\t\t\t\t\t<div class=\"elementor-container elementor-column-gap-default\">\n\t\t\t\t\t<div class=\"elementor-column elementor-col-100 elementor-top-column elementor-element elementor-element-3f42974\" data-id=\"3f42974\" data-element_type=\"column\" data-e-type=\"column\">\n\t\t\t<div class=\"elementor-widget-wrap elementor-element-populated\">\n\t\t\t\t\t\t<div class=\"elementor-element elementor-element-6fd1a07 elementor-widget elementor-widget-text-editor\" data-id=\"6fd1a07\" data-element_type=\"widget\" data-e-type=\"widget\" data-widget_type=\"text-editor.default\">\n\t\t\t\t<div class=\"elementor-widget-container\">\n\t\t\t\t\t\t\t\t\t<p>El <strong>Parc del Pescador en Cambrils<\/strong> es un lugar encantador que combina la belleza natural con la rica herencia cultural y pesquera de la regi\u00f3n. Ubicado en la costa de la provincia de Tarragona, en Catalu\u00f1a, este parque es un destino popular tanto para los residentes locales como para los visitantes.<\/p>\t\t\t\t\t\t\t\t<\/div>\n\t\t\t\t<\/div>\n\t\t\t\t\t<\/div>\n\t\t<\/div>\n\t\t\t\t\t<\/div>\n\t\t<\/section>\n\t\t\t\t<section class=\"elementor-section elementor-top-section elementor-element elementor-element-6a43795 elementor-section-boxed elementor-section-height-default elementor-section-height-default\" data-id=\"6a43795\" data-element_type=\"section\" data-e-type=\"section\">\n\t\t\t\t\t\t<div class=\"elementor-container elementor-column-gap-default\">\n\t\t\t\t\t<div class=\"elementor-column elementor-col-100 elementor-top-column elementor-element elementor-element-14b2fb9\" data-id=\"14b2fb9\" data-element_type=\"column\" data-e-type=\"column\">\n\t\t\t<div class=\"elementor-widget-wrap elementor-element-populated\">\n\t\t\t\t\t\t<div class=\"elementor-element elementor-element-c23f957 elementor-widget elementor-widget-heading\" data-id=\"c23f957\" data-element_type=\"widget\" data-e-type=\"widget\" data-widget_type=\"heading.default\">\n\t\t\t\t<div class=\"elementor-widget-container\">\n\t\t\t\t\t<h2 class=\"elementor-heading-title elementor-size-default\">Descubre El Parque del Pescador de Cambrils<\/h2>\t\t\t\t<\/div>\n\t\t\t\t<\/div>\n\t\t\t\t\t<\/div>\n\t\t<\/div>\n\t\t\t\t\t<\/div>\n\t\t<\/section>\n\t\t\t\t<section class=\"elementor-section elementor-top-section elementor-element elementor-element-202550f elementor-section-boxed elementor-section-height-default elementor-section-height-default\" data-id=\"202550f\" data-element_type=\"section\" data-e-type=\"section\">\n\t\t\t\t\t\t<div class=\"elementor-container elementor-column-gap-default\">\n\t\t\t\t\t<div class=\"elementor-column elementor-col-50 elementor-top-column elementor-element elementor-element-13de4fd\" data-id=\"13de4fd\" data-element_type=\"column\" data-e-type=\"column\">\n\t\t\t<div class=\"elementor-widget-wrap elementor-element-populated\">\n\t\t\t\t\t\t<div class=\"elementor-element elementor-element-cc48adc elementor-widget elementor-widget-text-editor\" data-id=\"cc48adc\" data-element_type=\"widget\" data-e-type=\"widget\" data-widget_type=\"text-editor.default\">\n\t\t\t\t<div class=\"elementor-widget-container\">\n\t\t\t\t\t\t\t\t\t<p>Con senderos, hermosas zonas ajardinadas y varias \u00e1reas de juegos, el Parc del Pescador es un bonito parque infantil en Cambrils, para que disfruten los m\u00e1s peque\u00f1os. Tiene adem\u00e1s zonas de escalada para ni\u00f1os de hasta 14 a\u00f1os.<\/p><p>Si est\u00e1s planeando tus <a href=\"https:\/\/www.parque-montroig.com\/blog\/que-hacer-en-cambrils\/\">vacaciones con ni\u00f1os en Cambrils<\/a>, te interesar\u00e1 descubrir el Parc del Pescador de Cambrils, situado al lado del puerto de Cambrils, con una extensi\u00f3n de 5000 m<strong><sup>2 <\/sup><\/strong>donde disfrutar en familia de un agradable paseo entre los bonitos jardines, el estanque, la p\u00e9rgola y ver la barca pesquera \u201cLa Marinera\u201d, expuesta monumentalmente en honor de esta profesi\u00f3n tan ligada a Cambrils.<\/p>\t\t\t\t\t\t\t\t<\/div>\n\t\t\t\t<\/div>\n\t\t\t\t\t<\/div>\n\t\t<\/div>\n\t\t\t\t<div class=\"elementor-column elementor-col-50 elementor-top-column elementor-element elementor-element-260788a\" data-id=\"260788a\" data-element_type=\"column\" data-e-type=\"column\">\n\t\t\t<div class=\"elementor-widget-wrap elementor-element-populated\">\n\t\t\t\t\t\t<div class=\"elementor-element elementor-element-ba049c4 elementor-widget elementor-widget-image\" data-id=\"ba049c4\" data-element_type=\"widget\" data-e-type=\"widget\" data-widget_type=\"image.default\">\n\t\t\t\t<div class=\"elementor-widget-container\">\n\t\t\t\t\t\t\t\t\t\t\t\t\t\t\t<img fetchpriority=\"high\" decoding=\"async\" width=\"400\" height=\"300\" src=\"https:\/\/www.parque-montroig.com\/blog\/wp-content\/uploads\/2019\/11\/parcdelpescador_sendero.jpg\" class=\"attachment-full size-full wp-image-383\" alt=\"Parc del Pescador\" \/>\t\t\t\t\t\t\t\t\t\t\t\t\t\t\t<\/div>\n\t\t\t\t<\/div>\n\t\t\t\t\t<\/div>\n\t\t<\/div>\n\t\t\t\t\t<\/div>\n\t\t<\/section>\n\t\t\t\t<section class=\"elementor-section elementor-top-section elementor-element elementor-element-1fa35fd elementor-section-boxed elementor-section-height-default elementor-section-height-default\" data-id=\"1fa35fd\" data-element_type=\"section\" data-e-type=\"section\">\n\t\t\t\t\t\t<div class=\"elementor-container elementor-column-gap-default\">\n\t\t\t\t\t<div class=\"elementor-column elementor-col-100 elementor-top-column elementor-element elementor-element-189ae87\" data-id=\"189ae87\" data-element_type=\"column\" data-e-type=\"column\">\n\t\t\t<div class=\"elementor-widget-wrap elementor-element-populated\">\n\t\t\t\t\t\t<div class=\"elementor-element elementor-element-8975469 elementor-widget elementor-widget-text-editor\" data-id=\"8975469\" data-element_type=\"widget\" data-e-type=\"widget\" data-widget_type=\"text-editor.default\">\n\t\t\t\t<div class=\"elementor-widget-container\">\n\t\t\t\t\t\t\t\t\t<p>Adem\u00e1s, junto a la zona de juegos para los m\u00e1s peque\u00f1os, hay una agradable cafeter\u00eda con terraza, donde podr\u00e1s relajarte tomando algo mientras vigilas como juegan tus peques.<\/p><p>Una de las principales atracciones del Parc del Pescador es el Museo de la Pesca, que ofrece una mirada en profundidad a la historia y las tradiciones de la pesca en Cambrils. Aqu\u00ed podr\u00e1s explorar exposiciones interactivas, ver embarcaciones pesqueras antiguas y aprender sobre las t\u00e9cnicas y herramientas utilizadas por los pescadores a lo largo de los a\u00f1os.<\/p><p>Adem\u00e1s de su belleza natural, el Parque del Pescador alberga una serie de elementos que rinden homenaje a la historia pesquera de Cambrils. Podr\u00e1s encontrar esculturas y monumentos dedicados a los pescadores y a su importante papel en la vida de la comunidad local. Estas obras de arte ofrecen una visi\u00f3n fascinante de la vida marina y capturan la esencia de la actividad pesquera.<\/p>\t\t\t\t\t\t\t\t<\/div>\n\t\t\t\t<\/div>\n\t\t\t\t\t<\/div>\n\t\t<\/div>\n\t\t\t\t\t<\/div>\n\t\t<\/section>\n\t\t\t\t<section class=\"elementor-section elementor-top-section elementor-element elementor-element-653a04e elementor-section-boxed elementor-section-height-default elementor-section-height-default\" data-id=\"653a04e\" data-element_type=\"section\" data-e-type=\"section\">\n\t\t\t\t\t\t<div class=\"elementor-container elementor-column-gap-default\">\n\t\t\t\t\t<div class=\"elementor-column elementor-col-100 elementor-top-column elementor-element elementor-element-a8efed0\" data-id=\"a8efed0\" data-element_type=\"column\" data-e-type=\"column\">\n\t\t\t<div class=\"elementor-widget-wrap elementor-element-populated\">\n\t\t\t\t\t\t<div class=\"elementor-element elementor-element-b4a65ec elementor-widget elementor-widget-heading\" data-id=\"b4a65ec\" data-element_type=\"widget\" data-e-type=\"widget\" data-widget_type=\"heading.default\">\n\t\t\t\t<div class=\"elementor-widget-container\">\n\t\t\t\t\t<h2 class=\"elementor-heading-title elementor-size-default\">Horario de apertura del Parc del Pescador<\/h2>\t\t\t\t<\/div>\n\t\t\t\t<\/div>\n\t\t\t\t\t<\/div>\n\t\t<\/div>\n\t\t\t\t\t<\/div>\n\t\t<\/section>\n\t\t\t\t<section class=\"elementor-section elementor-top-section elementor-element elementor-element-eea0c02 elementor-section-boxed elementor-section-height-default elementor-section-height-default\" data-id=\"eea0c02\" data-element_type=\"section\" data-e-type=\"section\">\n\t\t\t\t\t\t<div class=\"elementor-container elementor-column-gap-default\">\n\t\t\t\t\t<div class=\"elementor-column elementor-col-50 elementor-top-column elementor-element elementor-element-77be92c\" data-id=\"77be92c\" data-element_type=\"column\" data-e-type=\"column\">\n\t\t\t<div class=\"elementor-widget-wrap elementor-element-populated\">\n\t\t\t\t\t\t<div class=\"elementor-element elementor-element-36ed2f1 elementor-widget elementor-widget-text-editor\" data-id=\"36ed2f1\" data-element_type=\"widget\" data-e-type=\"widget\" data-widget_type=\"text-editor.default\">\n\t\t\t\t<div class=\"elementor-widget-container\">\n\t\t\t\t\t\t\t\t\t<p>El horario de apertura del parc del pescador var\u00eda dependiendo la \u00e9poca del a\u00f1o:<\/p><ul><li>En primavera, del 01 de abril al 14 de junio: de 11 a 21h.<\/li><li>En verano, del 15 de junio al 15 de septiembre: de 10 a 23h.<\/li><li>En oto\u00f1o, del 16 de septiembre al 31 de octubre: de 11 a 21h.<\/li><li>Y en invierno, del 01 de noviembre al 31 de marzo: de 11 a 19h.<\/li><\/ul><p>Localizaci\u00f3n: Plaza de la Creu de la Missi\u00f3 s\/n, 43850 Cambrils, Tarragona<\/p>\t\t\t\t\t\t\t\t<\/div>\n\t\t\t\t<\/div>\n\t\t\t\t\t<\/div>\n\t\t<\/div>\n\t\t\t\t<div class=\"elementor-column elementor-col-50 elementor-top-column elementor-element elementor-element-1d48095\" data-id=\"1d48095\" data-element_type=\"column\" data-e-type=\"column\">\n\t\t\t<div class=\"elementor-widget-wrap elementor-element-populated\">\n\t\t\t\t\t\t<div class=\"elementor-element elementor-element-4d83254 elementor-widget elementor-widget-video\" data-id=\"4d83254\" data-element_type=\"widget\" data-e-type=\"widget\" data-settings=\"{&quot;youtube_url&quot;:&quot;https:\\\/\\\/www.youtube.com\\\/watch?v=0A0DEbPd0xo&quot;,&quot;video_type&quot;:&quot;youtube&quot;,&quot;controls&quot;:&quot;yes&quot;}\" data-widget_type=\"video.default\">\n\t\t\t\t<div class=\"elementor-widget-container\">\n\t\t\t\t\t\t\t<div class=\"elementor-wrapper elementor-open-inline\">\n\t\t\t<div class=\"elementor-video\"><\/div>\t\t<\/div>\n\t\t\t\t\t\t<\/div>\n\t\t\t\t<\/div>\n\t\t\t\t\t<\/div>\n\t\t<\/div>\n\t\t\t\t\t<\/div>\n\t\t<\/section>\n\t\t\t\t<section class=\"elementor-section elementor-top-section elementor-element elementor-element-5ef6861d elementor-section-boxed elementor-section-height-default elementor-section-height-default\" data-id=\"5ef6861d\" data-element_type=\"section\" data-e-type=\"section\">\n\t\t\t\t\t\t<div class=\"elementor-container elementor-column-gap-default\">\n\t\t\t\t\t<div class=\"elementor-column elementor-col-100 elementor-top-column elementor-element elementor-element-10a0b522\" data-id=\"10a0b522\" data-element_type=\"column\" data-e-type=\"column\">\n\t\t\t<div class=\"elementor-widget-wrap elementor-element-populated\">\n\t\t\t\t\t\t<div class=\"elementor-element elementor-element-2301ace1 elementor-widget elementor-widget-text-editor\" data-id=\"2301ace1\" data-element_type=\"widget\" data-e-type=\"widget\" data-widget_type=\"text-editor.default\">\n\t\t\t\t<div class=\"elementor-widget-container\">\n\t\t\t\t\t\t\t\t\t<p><strong>El Parc del Pescador<\/strong> cuenta tambi\u00e9n de un auditorio abierto, donde a lo largo del a\u00f1o se celebran gran cantidad de actos culturales, como conciertos infantiles, baile de sardanas y espect\u00e1culos. Puedes informarte de los diferentes eventos a trav\u00e9s de la <a href=\"https:\/\/costadoradaonline.net\/cambrils\/eventos-cambrils\/\" target=\"_blank\" rel=\"noopener\">web de informaci\u00f3n de la Costa Dorada<\/a> y <a href=\"https:\/\/cambrils-turisme.com\/agenda\/?lang=es\" target=\"_blank\" rel=\"noreferrer noopener\" aria-label=\"la web de Turisme Cambrils (se abre en una nueva pesta\u00f1a)\">la web de Turisme Cambrils<\/a>.<\/p><p>Vista el Parque del Pescador de Cambrils, un lugar donde relajarse y disfrutar rodeado de hermosa vegetaci\u00f3n mediterr\u00e1nea y tropical, mientras los ni\u00f1os disfrutan de las diferentes instalaciones y zonas de juegos. No te pierdas la oportunidad de visitar este hermoso lugar en tu pr\u00f3xima visita a Cambrils.<\/p>\t\t\t\t\t\t\t\t<\/div>\n\t\t\t\t<\/div>\n\t\t\t\t\t<\/div>\n\t\t<\/div>\n\t\t\t\t\t<\/div>\n\t\t<\/section>\n\t\t\t\t<section class=\"elementor-section elementor-top-section elementor-element elementor-element-6f5bae2f elementor-section-boxed elementor-section-height-default elementor-section-height-default\" data-id=\"6f5bae2f\" data-element_type=\"section\" data-e-type=\"section\">\n\t\t\t\t\t\t<div class=\"elementor-container elementor-column-gap-default\">\n\t\t\t\t\t<div class=\"elementor-column elementor-col-25 elementor-top-column elementor-element elementor-element-56aed45a\" data-id=\"56aed45a\" data-element_type=\"column\" data-e-type=\"column\">\n\t\t\t<div class=\"elementor-widget-wrap elementor-element-populated\">\n\t\t\t\t\t\t<div class=\"elementor-element elementor-element-3d7e948c elementor-align-center elementor-widget elementor-widget-button\" data-id=\"3d7e948c\" data-element_type=\"widget\" data-e-type=\"widget\" data-widget_type=\"button.default\">\n\t\t\t\t<div class=\"elementor-widget-container\">\n\t\t\t\t\t\t\t\t\t<div class=\"elementor-button-wrapper\">\n\t\t\t\t\t<a class=\"elementor-button elementor-button-link elementor-size-sm\" href=\"https:\/\/www.parque-montroig.com\/alquiler\/alquileres-cambrils-d73\/\">\n\t\t\t\t\t\t<span class=\"elementor-button-content-wrapper\">\n\t\t\t\t\t\t\t\t\t<span class=\"elementor-button-text\">Alojamientos en Cambrils<\/span>\n\t\t\t\t\t<\/span>\n\t\t\t\t\t<\/a>\n\t\t\t\t<\/div>\n\t\t\t\t\t\t\t\t<\/div>\n\t\t\t\t<\/div>\n\t\t\t\t\t<\/div>\n\t\t<\/div>\n\t\t\t\t<div class=\"elementor-column elementor-col-25 elementor-top-column elementor-element elementor-element-4d40e118\" data-id=\"4d40e118\" data-element_type=\"column\" data-e-type=\"column\">\n\t\t\t<div class=\"elementor-widget-wrap elementor-element-populated\">\n\t\t\t\t\t\t<div class=\"elementor-element elementor-element-48360e95 elementor-align-center elementor-widget elementor-widget-button\" data-id=\"48360e95\" data-element_type=\"widget\" data-e-type=\"widget\" data-widget_type=\"button.default\">\n\t\t\t\t<div class=\"elementor-widget-container\">\n\t\t\t\t\t\t\t\t\t<div class=\"elementor-button-wrapper\">\n\t\t\t\t\t<a class=\"elementor-button elementor-button-link elementor-size-sm\" href=\"https:\/\/www.parque-montroig.com\/alquiler\/apartamentos-cambrils-c1d73\/\">\n\t\t\t\t\t\t<span class=\"elementor-button-content-wrapper\">\n\t\t\t\t\t\t\t\t\t<span class=\"elementor-button-text\">Apartamentos en Cambrils<\/span>\n\t\t\t\t\t<\/span>\n\t\t\t\t\t<\/a>\n\t\t\t\t<\/div>\n\t\t\t\t\t\t\t\t<\/div>\n\t\t\t\t<\/div>\n\t\t\t\t\t<\/div>\n\t\t<\/div>\n\t\t\t\t<div class=\"elementor-column elementor-col-25 elementor-top-column elementor-element elementor-element-75ab43b6\" data-id=\"75ab43b6\" data-element_type=\"column\" data-e-type=\"column\">\n\t\t\t<div class=\"elementor-widget-wrap elementor-element-populated\">\n\t\t\t\t\t\t<div class=\"elementor-element elementor-element-7c1763ba elementor-align-center elementor-widget elementor-widget-button\" data-id=\"7c1763ba\" data-element_type=\"widget\" data-e-type=\"widget\" data-widget_type=\"button.default\">\n\t\t\t\t<div class=\"elementor-widget-container\">\n\t\t\t\t\t\t\t\t\t<div class=\"elementor-button-wrapper\">\n\t\t\t\t\t<a class=\"elementor-button elementor-button-link elementor-size-sm\" href=\"https:\/\/www.parque-montroig.com\/alquiler\/casas-cambrils-c19d73\/\">\n\t\t\t\t\t\t<span class=\"elementor-button-content-wrapper\">\n\t\t\t\t\t\t\t\t\t<span class=\"elementor-button-text\">Casas en Cambrils<\/span>\n\t\t\t\t\t<\/span>\n\t\t\t\t\t<\/a>\n\t\t\t\t<\/div>\n\t\t\t\t\t\t\t\t<\/div>\n\t\t\t\t<\/div>\n\t\t\t\t\t<\/div>\n\t\t<\/div>\n\t\t\t\t<div class=\"elementor-column elementor-col-25 elementor-top-column elementor-element elementor-element-709dace0\" data-id=\"709dace0\" data-element_type=\"column\" data-e-type=\"column\">\n\t\t\t<div class=\"elementor-widget-wrap elementor-element-populated\">\n\t\t\t\t\t\t<div class=\"elementor-element elementor-element-613a7352 elementor-align-center elementor-widget elementor-widget-button\" data-id=\"613a7352\" data-element_type=\"widget\" data-e-type=\"widget\" data-widget_type=\"button.default\">\n\t\t\t\t<div class=\"elementor-widget-container\">\n\t\t\t\t\t\t\t\t\t<div class=\"elementor-button-wrapper\">\n\t\t\t\t\t<a class=\"elementor-button elementor-button-link elementor-size-sm\" href=\"https:\/\/www.parque-montroig.com\/alquiler\/villas-cambrils-c2d73\/\">\n\t\t\t\t\t\t<span class=\"elementor-button-content-wrapper\">\n\t\t\t\t\t\t\t\t\t<span class=\"elementor-button-text\">Villas y chalets en Cambrils<\/span>\n\t\t\t\t\t<\/span>\n\t\t\t\t\t<\/a>\n\t\t\t\t<\/div>\n\t\t\t\t\t\t\t\t<\/div>\n\t\t\t\t<\/div>\n\t\t\t\t\t<\/div>\n\t\t<\/div>\n\t\t\t\t\t<\/div>\n\t\t<\/section>\n\t\t\t\t<\/div>\n\t\t","protected":false},"excerpt":{"rendered":"<p>El Parc del Pescador en Cambrils es un lugar encantador que combina la belleza natural con la rica herencia cultural&#8230;<\/p>\n","protected":false},"author":2,"featured_media":2920,"comment_status":"open","ping_status":"closed","sticky":false,"template":"","format":"standard","meta":{"footnotes":""},"categories":[12,14],"tags":[],"class_list":["post-382","post","type-post","status-publish","format-standard","has-post-thumbnail","hentry","category-que-ver-en-cambrils","category-tarragona-con-ninos"],"_links":{"self":[{"href":"https:\/\/www.parque-montroig.com\/blog\/wp-json\/wp\/v2\/posts\/382","targetHints":{"allow":["GET"]}}],"collection":[{"href":"https:\/\/www.parque-montroig.com\/blog\/wp-json\/wp\/v2\/posts"}],"about":[{"href":"https:\/\/www.parque-montroig.com\/blog\/wp-json\/wp\/v2\/types\/post"}],"author":[{"embeddable":true,"href":"https:\/\/www.parque-montroig.com\/blog\/wp-json\/wp\/v2\/users\/2"}],"replies":[{"embeddable":true,"href":"https:\/\/www.parque-montroig.com\/blog\/wp-json\/wp\/v2\/comments?post=382"}],"version-history":[{"count":19,"href":"https:\/\/www.parque-montroig.com\/blog\/wp-json\/wp\/v2\/posts\/382\/revisions"}],"predecessor-version":[{"id":2935,"href":"https:\/\/www.parque-montroig.com\/blog\/wp-json\/wp\/v2\/posts\/382\/revisions\/2935"}],"wp:featuredmedia":[{"embeddable":true,"href":"https:\/\/www.parque-montroig.com\/blog\/wp-json\/wp\/v2\/media\/2920"}],"wp:attachment":[{"href":"https:\/\/www.parque-montroig.com\/blog\/wp-json\/wp\/v2\/media?parent=382"}],"wp:term":[{"taxonomy":"category","embeddable":true,"href":"https:\/\/www.parque-montroig.com\/blog\/wp-json\/wp\/v2\/categories?post=382"},{"taxonomy":"post_tag","embeddable":true,"href":"https:\/\/www.parque-montroig.com\/blog\/wp-json\/wp\/v2\/tags?post=382"}],"curies":[{"name":"wp","href":"https:\/\/api.w.org\/{rel}","templated":true}]}}