{"id":4257,"date":"2024-02-05T11:21:12","date_gmt":"2024-02-05T10:21:12","guid":{"rendered":"https:\/\/www.parque-montroig.com\/blog\/?p=4257"},"modified":"2024-04-03T13:28:03","modified_gmt":"2024-04-03T11:28:03","slug":"fira-del-vi-miami-platja","status":"publish","type":"post","link":"https:\/\/www.parque-montroig.com\/blog\/fira-del-vi-miami-platja\/","title":{"rendered":"La Fira del Vi de Miami Platja 2024"},"content":{"rendered":"\t\t<div data-elementor-type=\"wp-post\" data-elementor-id=\"4257\" class=\"elementor elementor-4257\" data-elementor-post-type=\"post\">\n\t\t\t\t\t\t<section class=\"elementor-section elementor-top-section elementor-element elementor-element-4076195d elementor-section-boxed elementor-section-height-default elementor-section-height-default\" data-id=\"4076195d\" data-element_type=\"section\" data-e-type=\"section\">\n\t\t\t\t\t\t<div class=\"elementor-container elementor-column-gap-default\">\n\t\t\t\t\t<div class=\"elementor-column elementor-col-100 elementor-top-column elementor-element elementor-element-36c904da\" data-id=\"36c904da\" data-element_type=\"column\" data-e-type=\"column\">\n\t\t\t<div class=\"elementor-widget-wrap elementor-element-populated\">\n\t\t\t\t\t\t<div class=\"elementor-element elementor-element-25825406 elementor-widget elementor-widget-text-editor\" data-id=\"25825406\" data-element_type=\"widget\" data-e-type=\"widget\" data-widget_type=\"text-editor.default\">\n\t\t\t\t<div class=\"elementor-widget-container\">\n\t\t\t\t\t\t\t\t\t<p><span style=\"font-weight: 400;\">Un a\u00f1o m\u00e1s, la Fira del Vi de Miami Platja vuelve para los amantes del vino y la gastronom\u00eda. La feria del Vino de esta localidad de la provincia de Tarragona acoge cada a\u00f1o a centenares de turistas y vecinos de la localidad para disfrutar de un fin de semana lleno de atracciones.<\/span><\/p><p><span style=\"font-weight: 400;\">Este es uno de los eventos m\u00e1s c\u00e9lebres de la localidad y es un buen momento para venir con familia o amigos a pasar un buen rato y degustar los mejores manjares de la regi\u00f3n<\/span><\/p>\t\t\t\t\t\t\t\t<\/div>\n\t\t\t\t<\/div>\n\t\t\t\t\t<\/div>\n\t\t<\/div>\n\t\t\t\t\t<\/div>\n\t\t<\/section>\n\t\t\t\t<section class=\"elementor-section elementor-top-section elementor-element elementor-element-7a1eafe elementor-section-boxed elementor-section-height-default elementor-section-height-default\" data-id=\"7a1eafe\" data-element_type=\"section\" data-e-type=\"section\">\n\t\t\t\t\t\t<div class=\"elementor-container elementor-column-gap-default\">\n\t\t\t\t\t<div class=\"elementor-column elementor-col-100 elementor-top-column elementor-element elementor-element-4ebd6db\" data-id=\"4ebd6db\" data-element_type=\"column\" data-e-type=\"column\">\n\t\t\t<div class=\"elementor-widget-wrap elementor-element-populated\">\n\t\t\t\t\t\t<div class=\"elementor-element elementor-element-142d5e4 elementor-widget elementor-widget-heading\" data-id=\"142d5e4\" data-element_type=\"widget\" data-e-type=\"widget\" data-widget_type=\"heading.default\">\n\t\t\t\t<div class=\"elementor-widget-container\">\n\t\t\t\t\t<h2 class=\"elementor-heading-title elementor-size-default\">\u00bfCu\u00e1ndo se celebra la Fira del Vi de Miami Platja en 2024?\n<\/h2>\t\t\t\t<\/div>\n\t\t\t\t<\/div>\n\t\t\t\t<div class=\"elementor-element elementor-element-6694f27 elementor-widget elementor-widget-text-editor\" data-id=\"6694f27\" data-element_type=\"widget\" data-e-type=\"widget\" data-widget_type=\"text-editor.default\">\n\t\t\t\t<div class=\"elementor-widget-container\">\n\t\t\t\t\t\t\t\t\t<p><span style=\"font-weight: 400;\">La edici\u00f3n de 2024 de la Fira del Vi de Miami Platja tendr\u00e1 lugar el fin de semana del 22, 23 y 24 de marzo.<\/span><\/p><p><span style=\"font-weight: 400;\">Este a\u00f1o cambia de ubicaci\u00f3n en la Plaza del Cincuentenario de Miami Platja (cerca de la Avenida Barcelona). Aqu\u00ed podremos encontrar actividades para todas las edades, desde puestos de degustaci\u00f3n gastron\u00f3mica, catas de vino y actuaciones musicales hasta castillos hinchables y talleres infantiles para los m\u00e1s peque\u00f1os.<\/span><\/p>\t\t\t\t\t\t\t\t<\/div>\n\t\t\t\t<\/div>\n\t\t\t\t\t<\/div>\n\t\t<\/div>\n\t\t\t\t\t<\/div>\n\t\t<\/section>\n\t\t\t\t<section class=\"elementor-section elementor-top-section elementor-element elementor-element-5c5737c elementor-section-boxed elementor-section-height-default elementor-section-height-default\" data-id=\"5c5737c\" data-element_type=\"section\" data-e-type=\"section\">\n\t\t\t\t\t\t<div class=\"elementor-container elementor-column-gap-default\">\n\t\t\t\t\t<div class=\"elementor-column elementor-col-100 elementor-top-column elementor-element elementor-element-fbfe17a\" data-id=\"fbfe17a\" data-element_type=\"column\" data-e-type=\"column\">\n\t\t\t<div class=\"elementor-widget-wrap elementor-element-populated\">\n\t\t\t\t\t\t<div class=\"elementor-element elementor-element-fc818ab elementor-widget elementor-widget-heading\" data-id=\"fc818ab\" data-element_type=\"widget\" data-e-type=\"widget\" data-widget_type=\"heading.default\">\n\t\t\t\t<div class=\"elementor-widget-container\">\n\t\t\t\t\t<h2 class=\"elementor-heading-title elementor-size-default\">La Oferta Gastron\u00f3mica en la feria\n<\/h2>\t\t\t\t<\/div>\n\t\t\t\t<\/div>\n\t\t\t\t\t<\/div>\n\t\t<\/div>\n\t\t\t\t\t<\/div>\n\t\t<\/section>\n\t\t\t\t<section class=\"elementor-section elementor-top-section elementor-element elementor-element-b14e704 elementor-section-boxed elementor-section-height-default elementor-section-height-default\" data-id=\"b14e704\" data-element_type=\"section\" data-e-type=\"section\">\n\t\t\t\t\t\t<div class=\"elementor-container elementor-column-gap-default\">\n\t\t\t\t\t<div class=\"elementor-column elementor-col-50 elementor-top-column elementor-element elementor-element-65a1a90\" data-id=\"65a1a90\" data-element_type=\"column\" data-e-type=\"column\">\n\t\t\t<div class=\"elementor-widget-wrap elementor-element-populated\">\n\t\t\t\t\t\t<div class=\"elementor-element elementor-element-54b2db1 elementor-widget elementor-widget-text-editor\" data-id=\"54b2db1\" data-element_type=\"widget\" data-e-type=\"widget\" data-widget_type=\"text-editor.default\">\n\t\t\t\t<div class=\"elementor-widget-container\">\n\t\t\t\t\t\t\t\t\t<p><span style=\"font-weight: 400;\">En la Feria del Vino de Miami Platja se pueden tomar una amplia variedad de vinos, desde los blancos y rosados m\u00e1s frescos hasta los tintos m\u00e1s potentes. Los vinos proceden de bodegas de todo el territorio catal\u00e1n, y representan las diferentes Denominaciones de Origen de la regi\u00f3n.<\/span><\/p><p><span style=\"font-weight: 400;\">En la zona de catas, los visitantes pueden probar los vinos de las diferentes bodegas. Para ello, pueden adquirir un pack de catas, que incluye cinco catas, una copa y un portacopas. Tambi\u00e9n pueden adquirir packs de dos catas, una copa y un portacopas, o una copa y un portacopas por separado.<\/span><\/p>\t\t\t\t\t\t\t\t<\/div>\n\t\t\t\t<\/div>\n\t\t\t\t\t<\/div>\n\t\t<\/div>\n\t\t\t\t<div class=\"elementor-column elementor-col-50 elementor-top-column elementor-element elementor-element-e055d04\" data-id=\"e055d04\" data-element_type=\"column\" data-e-type=\"column\">\n\t\t\t<div class=\"elementor-widget-wrap elementor-element-populated\">\n\t\t\t\t\t\t<div class=\"elementor-element elementor-element-142b286 elementor-widget elementor-widget-image\" data-id=\"142b286\" data-element_type=\"widget\" data-e-type=\"widget\" data-widget_type=\"image.default\">\n\t\t\t\t<div class=\"elementor-widget-container\">\n\t\t\t\t\t\t\t\t\t\t\t\t\t\t\t<img fetchpriority=\"high\" decoding=\"async\" width=\"900\" height=\"400\" src=\"https:\/\/www.parque-montroig.com\/blog\/wp-content\/uploads\/2024\/02\/Feria-del-vino-miami-playa.jpg\" class=\"attachment-1536x1536 size-1536x1536 wp-image-4268\" alt=\"Feria-del-vino-miami-playa\" srcset=\"https:\/\/www.parque-montroig.com\/blog\/wp-content\/uploads\/2024\/02\/Feria-del-vino-miami-playa.jpg 900w, https:\/\/www.parque-montroig.com\/blog\/wp-content\/uploads\/2024\/02\/Feria-del-vino-miami-playa-768x341.jpg 768w\" sizes=\"(max-width: 900px) 100vw, 900px\" \/>\t\t\t\t\t\t\t\t\t\t\t\t\t\t\t<\/div>\n\t\t\t\t<\/div>\n\t\t\t\t\t<\/div>\n\t\t<\/div>\n\t\t\t\t\t<\/div>\n\t\t<\/section>\n\t\t\t\t<section class=\"elementor-section elementor-top-section elementor-element elementor-element-b9d6e45 elementor-section-boxed elementor-section-height-default elementor-section-height-default\" data-id=\"b9d6e45\" data-element_type=\"section\" data-e-type=\"section\">\n\t\t\t\t\t\t<div class=\"elementor-container elementor-column-gap-default\">\n\t\t\t\t\t<div class=\"elementor-column elementor-col-100 elementor-top-column elementor-element elementor-element-312dd8c\" data-id=\"312dd8c\" data-element_type=\"column\" data-e-type=\"column\">\n\t\t\t<div class=\"elementor-widget-wrap elementor-element-populated\">\n\t\t\t\t\t\t<div class=\"elementor-element elementor-element-3e90b27 elementor-widget elementor-widget-text-editor\" data-id=\"3e90b27\" data-element_type=\"widget\" data-e-type=\"widget\" data-widget_type=\"text-editor.default\">\n\t\t\t\t<div class=\"elementor-widget-container\">\n\t\t\t\t\t\t\t\t\t<p><span style=\"font-weight: 400;\">En la Feria del Vino de Miami Platja se pueden tomar una amplia variedad de vinos, desde los blancos y rosados m\u00e1s frescos hasta los tintos m\u00e1s potentes. Los vinos proceden de bodegas de todo el territorio catal\u00e1n, y representan las diferentes Denominaciones de Origen de la regi\u00f3n.<\/span><\/p><p><span style=\"font-weight: 400;\">En la zona de catas, los visitantes pueden probar los vinos de las diferentes bodegas. Para ello, pueden adquirir un pack de catas, que incluye cinco catas, una copa y un portacopas. Tambi\u00e9n pueden adquirir packs de dos catas, una copa y un portacopas, o una copa y un portacopas por separado.<\/span><\/p>\t\t\t\t\t\t\t\t<\/div>\n\t\t\t\t<\/div>\n\t\t\t\t\t<\/div>\n\t\t<\/div>\n\t\t\t\t\t<\/div>\n\t\t<\/section>\n\t\t\t\t<section class=\"elementor-section elementor-top-section elementor-element elementor-element-f79a2ae elementor-section-boxed elementor-section-height-default elementor-section-height-default\" data-id=\"f79a2ae\" data-element_type=\"section\" data-e-type=\"section\">\n\t\t\t\t\t\t<div class=\"elementor-container elementor-column-gap-default\">\n\t\t\t\t\t<div class=\"elementor-column elementor-col-100 elementor-top-column elementor-element elementor-element-3011caf\" data-id=\"3011caf\" data-element_type=\"column\" data-e-type=\"column\">\n\t\t\t<div class=\"elementor-widget-wrap elementor-element-populated\">\n\t\t\t\t\t\t<div class=\"elementor-element elementor-element-155b93a elementor-widget elementor-widget-heading\" data-id=\"155b93a\" data-element_type=\"widget\" data-e-type=\"widget\" data-widget_type=\"heading.default\">\n\t\t\t\t<div class=\"elementor-widget-container\">\n\t\t\t\t\t<h2 class=\"elementor-heading-title elementor-size-default\">Historia y Tradici\u00f3n: La Fira del Vi de Miami Platja\n<\/h2>\t\t\t\t<\/div>\n\t\t\t\t<\/div>\n\t\t\t\t<div class=\"elementor-element elementor-element-0eb73a5 elementor-widget elementor-widget-text-editor\" data-id=\"0eb73a5\" data-element_type=\"widget\" data-e-type=\"widget\" data-widget_type=\"text-editor.default\">\n\t\t\t\t<div class=\"elementor-widget-container\">\n\t\t\t\t\t\t\t\t\t<p><span style=\"font-weight: 400;\">La Fira del Vi de Miami Platja ha forjado una trayectoria notable desde su inicio en 2019, convirti\u00e9ndose en un evento anual destacado en la regi\u00f3n. La organizaci\u00f3n de esta magn\u00edfica celebraci\u00f3n recae en manos \u00a0de Turismo Mont-roig Miami &#8211; Ayuntamiento de Mont-roig del Camp, respaldado por el valioso patrocinio de la Diputaci\u00f3n de Tarragona y la Generalitat de Catalunya.<\/span><\/p><p><span style=\"font-weight: 400;\">En la edici\u00f3n anterior, la feria cont\u00f3 con la participaci\u00f3n entusiasta de 15 reconocidas bodegas, representando a 8 Denominaciones de Origen catalanas. Este encuentro vin\u00edcola ofreci\u00f3 a los visitantes una inmersi\u00f3n \u00fanica en la riqueza vin\u00edcola de Catalu\u00f1a, explorando desde blancos frescos hasta tintos robustos, una muestra diversa que refleja la vastedad y calidad de los vinos catalanes.<\/span><\/p><p><span style=\"font-weight: 400;\">La Fira del Vi de Miami Platja no solo es una oportunidad para degustar exquisitos vinos, sino tambi\u00e9n para descubrir aut\u00e9nticos tesoros catalanes, representados por la pasi\u00f3n y dedicaci\u00f3n de las bodegas participantes. Este evento se ha consolidado como un escaparate excepcional de la rica tradici\u00f3n vin\u00edcola de la regi\u00f3n, invitando a todos a sumergirse en esta experiencia sensorial \u00fanica.<\/span><\/p>\t\t\t\t\t\t\t\t<\/div>\n\t\t\t\t<\/div>\n\t\t\t\t\t<\/div>\n\t\t<\/div>\n\t\t\t\t\t<\/div>\n\t\t<\/section>\n\t\t\t\t<section class=\"elementor-section elementor-top-section elementor-element elementor-element-f2f443f elementor-section-boxed elementor-section-height-default elementor-section-height-default\" data-id=\"f2f443f\" data-element_type=\"section\" data-e-type=\"section\">\n\t\t\t\t\t\t<div class=\"elementor-container elementor-column-gap-default\">\n\t\t\t\t\t<div class=\"elementor-column elementor-col-100 elementor-top-column elementor-element elementor-element-be08378\" data-id=\"be08378\" data-element_type=\"column\" data-e-type=\"column\">\n\t\t\t<div class=\"elementor-widget-wrap elementor-element-populated\">\n\t\t\t\t\t\t<div class=\"elementor-element elementor-element-f6486ce elementor-widget elementor-widget-image\" data-id=\"f6486ce\" data-element_type=\"widget\" data-e-type=\"widget\" data-widget_type=\"image.default\">\n\t\t\t\t<div class=\"elementor-widget-container\">\n\t\t\t\t\t\t\t\t\t\t\t\t\t\t\t<img decoding=\"async\" width=\"1280\" height=\"460\" src=\"https:\/\/www.parque-montroig.com\/blog\/wp-content\/uploads\/2024\/02\/vino-y-gastronomia-miami-platja.jpg\" class=\"attachment-full size-full wp-image-4272\" alt=\"vino-y-gastronomia-miami-platja\" srcset=\"https:\/\/www.parque-montroig.com\/blog\/wp-content\/uploads\/2024\/02\/vino-y-gastronomia-miami-platja.jpg 1280w, https:\/\/www.parque-montroig.com\/blog\/wp-content\/uploads\/2024\/02\/vino-y-gastronomia-miami-platja-768x276.jpg 768w\" sizes=\"(max-width: 1280px) 100vw, 1280px\" \/>\t\t\t\t\t\t\t\t\t\t\t\t\t\t\t<\/div>\n\t\t\t\t<\/div>\n\t\t\t\t\t<\/div>\n\t\t<\/div>\n\t\t\t\t\t<\/div>\n\t\t<\/section>\n\t\t\t\t<section class=\"elementor-section elementor-top-section elementor-element elementor-element-ab42120 elementor-section-boxed elementor-section-height-default elementor-section-height-default\" data-id=\"ab42120\" data-element_type=\"section\" data-e-type=\"section\">\n\t\t\t\t\t\t<div class=\"elementor-container elementor-column-gap-default\">\n\t\t\t\t\t<div class=\"elementor-column elementor-col-100 elementor-top-column elementor-element elementor-element-130a3a3\" data-id=\"130a3a3\" data-element_type=\"column\" data-e-type=\"column\">\n\t\t\t<div class=\"elementor-widget-wrap elementor-element-populated\">\n\t\t\t\t\t\t<div class=\"elementor-element elementor-element-2c15a72 elementor-widget elementor-widget-heading\" data-id=\"2c15a72\" data-element_type=\"widget\" data-e-type=\"widget\" data-widget_type=\"heading.default\">\n\t\t\t\t<div class=\"elementor-widget-container\">\n\t\t\t\t\t<h2 class=\"elementor-heading-title elementor-size-default\">\u00bfQu\u00e9 m\u00e1s puedo hacer en esta feria del vino?\n<\/h2>\t\t\t\t<\/div>\n\t\t\t\t<\/div>\n\t\t\t\t<div class=\"elementor-element elementor-element-64388cb elementor-widget elementor-widget-text-editor\" data-id=\"64388cb\" data-element_type=\"widget\" data-e-type=\"widget\" data-widget_type=\"text-editor.default\">\n\t\t\t\t<div class=\"elementor-widget-container\">\n\t\t\t\t\t\t\t\t\t<p><span style=\"font-weight: 400;\">La Fira del Vi de Miami Platja no se limita solo a la degustaci\u00f3n de vinos, sino que ofrece una experiencia completa con una gama emocionante de actividades complementarias. Desde apasionantes actuaciones musicales hasta un exquisito espacio gastron\u00f3mico, un \u00e1rea infantil llena de diversi\u00f3n y emocionantes sorteos, la feria se convierte en un fest\u00edn de entretenimiento para todos los asistentes.<\/span><\/p><p><span style=\"font-weight: 400;\">La variedad de opciones de entretenimiento garantiza que cada visitante encuentre algo que le encante. La m\u00fasica envolvente, los sabores culinarios exquisitos, las risas y la diversi\u00f3n en el \u00e1rea infantil, as\u00ed como la emoci\u00f3n de los sorteos, crean un ambiente vibrante y lleno de vida.<\/span><\/p><p><span style=\"font-weight: 400;\">La Fira del Vi de Miami Platja ha dejado una huella significativa en la Costa Daurada, consolid\u00e1ndose como un evento de relevancia excepcional. Su importancia trasciende las fronteras vin\u00edcolas, destac\u00e1ndose como un referente cultural y social en la regi\u00f3n. La afluencia masiva de visitantes a\u00f1o tras a\u00f1o subraya su impacto duradero, convirti\u00e9ndola en una experiencia anual destacada que no solo celebra el vino, sino tambi\u00e9n la alegr\u00eda y la comunidad en la hermosa Costa Daurada.<\/span><\/p>\t\t\t\t\t\t\t\t<\/div>\n\t\t\t\t<\/div>\n\t\t\t\t\t<\/div>\n\t\t<\/div>\n\t\t\t\t\t<\/div>\n\t\t<\/section>\n\t\t\t\t<section class=\"elementor-section elementor-top-section elementor-element elementor-element-b3d036 elementor-section-boxed elementor-section-height-default elementor-section-height-default\" data-id=\"b3d036\" data-element_type=\"section\" data-e-type=\"section\">\n\t\t\t\t\t\t<div class=\"elementor-container elementor-column-gap-default\">\n\t\t\t\t\t<div class=\"elementor-column elementor-col-100 elementor-top-column elementor-element elementor-element-7ab9b815\" data-id=\"7ab9b815\" data-element_type=\"column\" data-e-type=\"column\">\n\t\t\t<div class=\"elementor-widget-wrap elementor-element-populated\">\n\t\t\t\t\t\t<div class=\"elementor-element elementor-element-473a7b60 elementor-widget elementor-widget-heading\" data-id=\"473a7b60\" data-element_type=\"widget\" data-e-type=\"widget\" data-widget_type=\"heading.default\">\n\t\t\t\t<div class=\"elementor-widget-container\">\n\t\t\t\t\t<h2 class=\"elementor-heading-title elementor-size-default\">\u00a1Ven y descubre el encanto de la Fira del Vi de Miami Platja 2024!\n<\/h2>\t\t\t\t<\/div>\n\t\t\t\t<\/div>\n\t\t\t\t<div class=\"elementor-element elementor-element-295721d7 elementor-widget elementor-widget-text-editor\" data-id=\"295721d7\" data-element_type=\"widget\" data-e-type=\"widget\" data-widget_type=\"text-editor.default\">\n\t\t\t\t<div class=\"elementor-widget-container\">\n\t\t\t\t\t\t\t\t\t<p><span style=\"font-weight: 400;\">Vive la experiencia \u00fanica de la Fira del Vi de Miami Platja y haz de tu estancia un recuerdo inolvidable. Descubre los tesoros vin\u00edcolas de Catalu\u00f1a y sum\u00e9rgete en la vibrante atm\u00f3sfera de la feria, para luego relajarte y disfrutar de la comodidad y la hospitalidad de nuestro parque.<\/span><\/p><p><span style=\"font-weight: 400;\">Reserva ahora tu estancia en Parque Montroig y aseg\u00farate de no perderte esta celebraci\u00f3n vin\u00edcola. \u00a1Haz clic aqu\u00ed para reservar tu experiencia \u00fanica en la Fira del Vi y en nuestro acogedor alojamiento en Miami Platja!\u00a0 \u00a1Te esperamos con los brazos abiertos para compartir contigo momentos de vino, diversi\u00f3n y relax en la hermosa Costa Daurada! \u00a1No dejes pasar esta oportunidad y \u00fanete a nosotros en la Fira del Vi de Miami Platja! <\/span><\/p>\t\t\t\t\t\t\t\t<\/div>\n\t\t\t\t<\/div>\n\t\t\t\t\t<\/div>\n\t\t<\/div>\n\t\t\t\t\t<\/div>\n\t\t<\/section>\n\t\t\t\t<section class=\"elementor-section elementor-top-section elementor-element elementor-element-44aa2e6b elementor-section-boxed elementor-section-height-default elementor-section-height-default\" data-id=\"44aa2e6b\" data-element_type=\"section\" data-e-type=\"section\">\n\t\t\t\t\t\t<div class=\"elementor-container elementor-column-gap-default\">\n\t\t\t\t\t<div class=\"elementor-column elementor-col-16 elementor-top-column elementor-element elementor-element-7c083c8d\" data-id=\"7c083c8d\" data-element_type=\"column\" data-e-type=\"column\">\n\t\t\t<div class=\"elementor-widget-wrap elementor-element-populated\">\n\t\t\t\t\t\t<div class=\"elementor-element elementor-element-763a0bc3 elementor-widget elementor-widget-button\" data-id=\"763a0bc3\" data-element_type=\"widget\" data-e-type=\"widget\" data-widget_type=\"button.default\">\n\t\t\t\t<div class=\"elementor-widget-container\">\n\t\t\t\t\t\t\t\t\t<div class=\"elementor-button-wrapper\">\n\t\t\t\t\t<a class=\"elementor-button elementor-button-link elementor-size-sm\" href=\"https:\/\/www.parque-montroig.com\/alquiler\/alquileres-miami-playa-d188\/\">\n\t\t\t\t\t\t<span class=\"elementor-button-content-wrapper\">\n\t\t\t\t\t\t\t\t\t<span class=\"elementor-button-text\">Alojamientos Miami Playa<\/span>\n\t\t\t\t\t<\/span>\n\t\t\t\t\t<\/a>\n\t\t\t\t<\/div>\n\t\t\t\t\t\t\t\t<\/div>\n\t\t\t\t<\/div>\n\t\t\t\t\t<\/div>\n\t\t<\/div>\n\t\t\t\t<div class=\"elementor-column elementor-col-16 elementor-top-column elementor-element elementor-element-21ee70d7\" data-id=\"21ee70d7\" data-element_type=\"column\" data-e-type=\"column\">\n\t\t\t<div class=\"elementor-widget-wrap elementor-element-populated\">\n\t\t\t\t\t\t<div class=\"elementor-element elementor-element-15c8647f elementor-view-default elementor-widget elementor-widget-icon\" data-id=\"15c8647f\" data-element_type=\"widget\" data-e-type=\"widget\" data-widget_type=\"icon.default\">\n\t\t\t\t<div class=\"elementor-widget-container\">\n\t\t\t\t\t\t\t<div class=\"elementor-icon-wrapper\">\n\t\t\t<a class=\"elementor-icon\" href=\"https:\/\/www.parque-montroig.com\/alquiler\/alquileres-miami-playa-d188\/\">\n\t\t\t<i aria-hidden=\"true\" class=\"fas fa-house-user\"><\/i>\t\t\t<\/a>\n\t\t<\/div>\n\t\t\t\t\t\t<\/div>\n\t\t\t\t<\/div>\n\t\t\t\t\t<\/div>\n\t\t<\/div>\n\t\t\t\t<div class=\"elementor-column elementor-col-16 elementor-top-column elementor-element elementor-element-3c907c75\" data-id=\"3c907c75\" data-element_type=\"column\" data-e-type=\"column\">\n\t\t\t<div class=\"elementor-widget-wrap elementor-element-populated\">\n\t\t\t\t\t\t<div class=\"elementor-element elementor-element-91278ed elementor-widget elementor-widget-button\" data-id=\"91278ed\" data-element_type=\"widget\" data-e-type=\"widget\" data-widget_type=\"button.default\">\n\t\t\t\t<div class=\"elementor-widget-container\">\n\t\t\t\t\t\t\t\t\t<div class=\"elementor-button-wrapper\">\n\t\t\t\t\t<a class=\"elementor-button elementor-button-link elementor-size-sm\" href=\"https:\/\/www.parque-montroig.com\/alquiler\/villas-miami-playa-c2d188\/\">\n\t\t\t\t\t\t<span class=\"elementor-button-content-wrapper\">\n\t\t\t\t\t\t\t\t\t<span class=\"elementor-button-text\">Chalets y Villas en Miami Playa<\/span>\n\t\t\t\t\t<\/span>\n\t\t\t\t\t<\/a>\n\t\t\t\t<\/div>\n\t\t\t\t\t\t\t\t<\/div>\n\t\t\t\t<\/div>\n\t\t\t\t\t<\/div>\n\t\t<\/div>\n\t\t\t\t<div class=\"elementor-column elementor-col-16 elementor-top-column elementor-element elementor-element-30212136\" data-id=\"30212136\" data-element_type=\"column\" data-e-type=\"column\">\n\t\t\t<div class=\"elementor-widget-wrap elementor-element-populated\">\n\t\t\t\t\t\t<div class=\"elementor-element elementor-element-5b4413fb elementor-view-default elementor-widget elementor-widget-icon\" data-id=\"5b4413fb\" data-element_type=\"widget\" data-e-type=\"widget\" data-widget_type=\"icon.default\">\n\t\t\t\t<div class=\"elementor-widget-container\">\n\t\t\t\t\t\t\t<div class=\"elementor-icon-wrapper\">\n\t\t\t<div class=\"elementor-icon\">\n\t\t\t<i aria-hidden=\"true\" class=\"fas fa-umbrella-beach\"><\/i>\t\t\t<\/div>\n\t\t<\/div>\n\t\t\t\t\t\t<\/div>\n\t\t\t\t<\/div>\n\t\t\t\t\t<\/div>\n\t\t<\/div>\n\t\t\t\t<div class=\"elementor-column elementor-col-16 elementor-top-column elementor-element elementor-element-7d59323c\" data-id=\"7d59323c\" data-element_type=\"column\" data-e-type=\"column\">\n\t\t\t<div class=\"elementor-widget-wrap elementor-element-populated\">\n\t\t\t\t\t\t<div class=\"elementor-element elementor-element-4b1e73f3 elementor-widget elementor-widget-button\" data-id=\"4b1e73f3\" data-element_type=\"widget\" data-e-type=\"widget\" data-widget_type=\"button.default\">\n\t\t\t\t<div class=\"elementor-widget-container\">\n\t\t\t\t\t\t\t\t\t<div class=\"elementor-button-wrapper\">\n\t\t\t\t\t<a class=\"elementor-button elementor-button-link elementor-size-sm\" href=\"https:\/\/www.parque-montroig.com\/alquiler\/apartamentos-miami-playa-c1d188\/\">\n\t\t\t\t\t\t<span class=\"elementor-button-content-wrapper\">\n\t\t\t\t\t\t\t\t\t<span class=\"elementor-button-text\">Apartamentos  Miami Playa<\/span>\n\t\t\t\t\t<\/span>\n\t\t\t\t\t<\/a>\n\t\t\t\t<\/div>\n\t\t\t\t\t\t\t\t<\/div>\n\t\t\t\t<\/div>\n\t\t\t\t\t<\/div>\n\t\t<\/div>\n\t\t\t\t<div class=\"elementor-column elementor-col-16 elementor-top-column elementor-element elementor-element-5bf653e\" data-id=\"5bf653e\" data-element_type=\"column\" data-e-type=\"column\">\n\t\t\t<div class=\"elementor-widget-wrap elementor-element-populated\">\n\t\t\t\t\t\t<div class=\"elementor-element elementor-element-711f3854 elementor-view-default elementor-widget elementor-widget-icon\" data-id=\"711f3854\" data-element_type=\"widget\" data-e-type=\"widget\" data-widget_type=\"icon.default\">\n\t\t\t\t<div class=\"elementor-widget-container\">\n\t\t\t\t\t\t\t<div class=\"elementor-icon-wrapper\">\n\t\t\t<div class=\"elementor-icon\">\n\t\t\t<i aria-hidden=\"true\" class=\"fas fa-sun\"><\/i>\t\t\t<\/div>\n\t\t<\/div>\n\t\t\t\t\t\t<\/div>\n\t\t\t\t<\/div>\n\t\t\t\t\t<\/div>\n\t\t<\/div>\n\t\t\t\t\t<\/div>\n\t\t<\/section>\n\t\t\t\t<\/div>\n\t\t","protected":false},"excerpt":{"rendered":"<p>Un a\u00f1o m\u00e1s, la Fira del Vi de Miami Platja vuelve para los amantes del vino y la gastronom\u00eda. La&#8230;<\/p>\n","protected":false},"author":3,"featured_media":4264,"comment_status":"open","ping_status":"closed","sticky":false,"template":"","format":"standard","meta":{"footnotes":""},"categories":[8,27,17],"tags":[],"class_list":["post-4257","post","type-post","status-publish","format-standard","has-post-thumbnail","hentry","category-la-costa-dorada","category-la-costa-dorada-en","category-que-ver-en-miami-playa"],"_links":{"self":[{"href":"https:\/\/www.parque-montroig.com\/blog\/wp-json\/wp\/v2\/posts\/4257","targetHints":{"allow":["GET"]}}],"collection":[{"href":"https:\/\/www.parque-montroig.com\/blog\/wp-json\/wp\/v2\/posts"}],"about":[{"href":"https:\/\/www.parque-montroig.com\/blog\/wp-json\/wp\/v2\/types\/post"}],"author":[{"embeddable":true,"href":"https:\/\/www.parque-montroig.com\/blog\/wp-json\/wp\/v2\/users\/3"}],"replies":[{"embeddable":true,"href":"https:\/\/www.parque-montroig.com\/blog\/wp-json\/wp\/v2\/comments?post=4257"}],"version-history":[{"count":27,"href":"https:\/\/www.parque-montroig.com\/blog\/wp-json\/wp\/v2\/posts\/4257\/revisions"}],"predecessor-version":[{"id":4474,"href":"https:\/\/www.parque-montroig.com\/blog\/wp-json\/wp\/v2\/posts\/4257\/revisions\/4474"}],"wp:featuredmedia":[{"embeddable":true,"href":"https:\/\/www.parque-montroig.com\/blog\/wp-json\/wp\/v2\/media\/4264"}],"wp:attachment":[{"href":"https:\/\/www.parque-montroig.com\/blog\/wp-json\/wp\/v2\/media?parent=4257"}],"wp:term":[{"taxonomy":"category","embeddable":true,"href":"https:\/\/www.parque-montroig.com\/blog\/wp-json\/wp\/v2\/categories?post=4257"},{"taxonomy":"post_tag","embeddable":true,"href":"https:\/\/www.parque-montroig.com\/blog\/wp-json\/wp\/v2\/tags?post=4257"}],"curies":[{"name":"wp","href":"https:\/\/api.w.org\/{rel}","templated":true}]}}