{"id":4346,"date":"2024-02-20T16:25:15","date_gmt":"2024-02-20T15:25:15","guid":{"rendered":"https:\/\/www.parque-montroig.com\/blog\/?p=4346"},"modified":"2024-02-20T16:29:57","modified_gmt":"2024-02-20T15:29:57","slug":"descubre-la-escapada-perfecta-de-semana-santa-en-la-costa-dorada","status":"publish","type":"post","link":"https:\/\/www.parque-montroig.com\/blog\/descubre-la-escapada-perfecta-de-semana-santa-en-la-costa-dorada\/","title":{"rendered":"Descubre la escapada perfecta de Semana Santa en la Costa Dorada"},"content":{"rendered":"\t\t<div data-elementor-type=\"wp-post\" data-elementor-id=\"4346\" class=\"elementor elementor-4346\" data-elementor-post-type=\"post\">\n\t\t\t\t\t\t<section class=\"elementor-section elementor-top-section elementor-element elementor-element-47558f83 elementor-section-boxed elementor-section-height-default elementor-section-height-default\" data-id=\"47558f83\" data-element_type=\"section\" data-e-type=\"section\">\n\t\t\t\t\t\t<div class=\"elementor-container elementor-column-gap-default\">\n\t\t\t\t\t<div class=\"elementor-column elementor-col-100 elementor-top-column elementor-element elementor-element-9226ca7\" data-id=\"9226ca7\" data-element_type=\"column\" data-e-type=\"column\">\n\t\t\t<div class=\"elementor-widget-wrap elementor-element-populated\">\n\t\t\t\t\t\t<div class=\"elementor-element elementor-element-3d4aee91 elementor-widget elementor-widget-text-editor\" data-id=\"3d4aee91\" data-element_type=\"widget\" data-e-type=\"widget\" data-widget_type=\"text-editor.default\">\n\t\t\t\t<div class=\"elementor-widget-container\">\n\t\t\t\t\t\t\t\t\t<p><span style=\"font-weight: 400;\">La Semana Santa se acerca, y con ella llega el momento perfecto para planificar una escapada rejuvenecedora. \u00bfQu\u00e9 mejor lugar para disfrutar de este merecido descanso que la pintoresca Costa Dorada? Con sus interminables playas de arena dorada, clima c\u00e1lido y una rica oferta cultural, la Costa Dorada se erige como un <strong>destino irresistible<\/strong> para aquellos que buscan combinar relax y aventura durante las <strong>vacaciones de Semana Santa<\/strong>.\u00a0<\/span><\/p><p><span style=\"font-weight: 400;\">\u00danete a nosotros mientras exploramos las maravillas que esta encantadora regi\u00f3n tiene para ofrecer durante este emocionante per\u00edodo festivo.<\/span><\/p>\t\t\t\t\t\t\t\t<\/div>\n\t\t\t\t<\/div>\n\t\t\t\t<div class=\"elementor-element elementor-element-63d44c1d elementor-blockquote--skin-border elementor-widget elementor-widget-blockquote\" data-id=\"63d44c1d\" data-element_type=\"widget\" data-e-type=\"widget\" data-widget_type=\"blockquote.default\">\n\t\t\t\t<div class=\"elementor-widget-container\">\n\t\t\t\t\t\t\t<blockquote class=\"elementor-blockquote\">\n\t\t\t<p class=\"elementor-blockquote__content\">\n\t\t\t\tEn 2024, la Semana Santa va del domingo 24 al 31 de marzo.\t\t\t<\/p>\n\t\t\t\t\t<\/blockquote>\n\t\t\t\t\t\t<\/div>\n\t\t\t\t<\/div>\n\t\t\t\t\t<\/div>\n\t\t<\/div>\n\t\t\t\t\t<\/div>\n\t\t<\/section>\n\t\t\t\t<section class=\"elementor-section elementor-top-section elementor-element elementor-element-4e2e703d elementor-section-boxed elementor-section-height-default elementor-section-height-default\" data-id=\"4e2e703d\" data-element_type=\"section\" data-e-type=\"section\">\n\t\t\t\t\t\t<div class=\"elementor-container elementor-column-gap-default\">\n\t\t\t\t\t<div class=\"elementor-column elementor-col-100 elementor-top-column elementor-element elementor-element-7c687dc0\" data-id=\"7c687dc0\" data-element_type=\"column\" data-e-type=\"column\">\n\t\t\t<div class=\"elementor-widget-wrap elementor-element-populated\">\n\t\t\t\t\t\t<div class=\"elementor-element elementor-element-25ef0324 elementor-widget elementor-widget-heading\" data-id=\"25ef0324\" data-element_type=\"widget\" data-e-type=\"widget\" data-widget_type=\"heading.default\">\n\t\t\t\t<div class=\"elementor-widget-container\">\n\t\t\t\t\t<h2 class=\"elementor-heading-title elementor-size-default\">\u00bfQu\u00e9 hacer en la Costa Dorada durante la Semana Santa?\n<\/h2>\t\t\t\t<\/div>\n\t\t\t\t<\/div>\n\t\t\t\t<div class=\"elementor-element elementor-element-226bdf79 elementor-widget elementor-widget-image\" data-id=\"226bdf79\" data-element_type=\"widget\" data-e-type=\"widget\" data-widget_type=\"image.default\">\n\t\t\t\t<div class=\"elementor-widget-container\">\n\t\t\t\t\t\t\t\t\t\t\t\t\t\t\t<img fetchpriority=\"high\" decoding=\"async\" width=\"1920\" height=\"650\" src=\"https:\/\/www.parque-montroig.com\/blog\/wp-content\/uploads\/2024\/01\/Estival-apartments-in-Costa-Dorada.jpg\" class=\"attachment-full size-full wp-image-4183\" alt=\"Estival apartments in Costa Dorada\" srcset=\"https:\/\/www.parque-montroig.com\/blog\/wp-content\/uploads\/2024\/01\/Estival-apartments-in-Costa-Dorada.jpg 1920w, https:\/\/www.parque-montroig.com\/blog\/wp-content\/uploads\/2024\/01\/Estival-apartments-in-Costa-Dorada-768x260.jpg 768w, https:\/\/www.parque-montroig.com\/blog\/wp-content\/uploads\/2024\/01\/Estival-apartments-in-Costa-Dorada-1536x520.jpg 1536w\" sizes=\"(max-width: 1920px) 100vw, 1920px\" \/>\t\t\t\t\t\t\t\t\t\t\t\t\t\t\t<\/div>\n\t\t\t\t<\/div>\n\t\t\t\t<div class=\"elementor-element elementor-element-9b2fe3c elementor-widget elementor-widget-text-editor\" data-id=\"9b2fe3c\" data-element_type=\"widget\" data-e-type=\"widget\" data-widget_type=\"text-editor.default\">\n\t\t\t\t<div class=\"elementor-widget-container\">\n\t\t\t\t\t\t\t\t\t<p><span style=\"font-weight: 400;\">Durante estas vacaciones, la Costa Dorada <strong>cobra vida con una amplia gama de actividades<\/strong> que anticipan la llegada del verano. Es el momento perfecto para sumergirse en la diversi\u00f3n en este encantador rinc\u00f3n del Mar Mediterr\u00e1neo y crear recuerdos inolvidables mientras exploras todo lo que tiene para ofrecer.<\/span><\/p><p><span style=\"font-weight: 400;\">Desde Parque Montroig queremos animaros a investigar y descubrir todas las cosas que hacer durante la semana santa en la Costa Dorada, merece mucho la pena <strong>planificar con tiempo tu escapada y disfrutar<\/strong> de todo lo que tiene esta zona del mediterr\u00e1neo que ofrecer.\u00a0<\/span><\/p><p><span style=\"font-weight: 400;\">Con la llegada de la primavera y el clima c\u00e1lido asomando, la Semana Santa se convierte en el momento ideal para escaparse a la Costa Dorada. En esta temporada, el flujo de turistas a\u00fan no es abrumador, lo que brinda la oportunidad de disfrutar plenamente de una amplia variedad de actividades sin aglomeraciones ni prisas.<\/span><\/p>\t\t\t\t\t\t\t\t<\/div>\n\t\t\t\t<\/div>\n\t\t\t\t\t<\/div>\n\t\t<\/div>\n\t\t\t\t\t<\/div>\n\t\t<\/section>\n\t\t\t\t<section class=\"elementor-section elementor-top-section elementor-element elementor-element-3b06b9ae elementor-section-boxed elementor-section-height-default elementor-section-height-default\" data-id=\"3b06b9ae\" data-element_type=\"section\" data-e-type=\"section\">\n\t\t\t\t\t\t<div class=\"elementor-container elementor-column-gap-default\">\n\t\t\t\t\t<div class=\"elementor-column elementor-col-50 elementor-top-column elementor-element elementor-element-1b7fdb00\" data-id=\"1b7fdb00\" data-element_type=\"column\" data-e-type=\"column\">\n\t\t\t<div class=\"elementor-widget-wrap elementor-element-populated\">\n\t\t\t\t\t\t<div class=\"elementor-element elementor-element-637d9f59 elementor-widget elementor-widget-heading\" data-id=\"637d9f59\" data-element_type=\"widget\" data-e-type=\"widget\" data-widget_type=\"heading.default\">\n\t\t\t\t<div class=\"elementor-widget-container\">\n\t\t\t\t\t<h3 class=\"elementor-heading-title elementor-size-default\">Actividades culturales y religiosas\n<\/h3>\t\t\t\t<\/div>\n\t\t\t\t<\/div>\n\t\t\t\t<div class=\"elementor-element elementor-element-23b54b6e elementor-widget elementor-widget-text-editor\" data-id=\"23b54b6e\" data-element_type=\"widget\" data-e-type=\"widget\" data-widget_type=\"text-editor.default\">\n\t\t\t\t<div class=\"elementor-widget-container\">\n\t\t\t\t\t\t\t\t\t<p><span style=\"font-weight: 400;\">Para aquellos que prefieran un ritmo m\u00e1s tranquilo y deseen explorar las opciones culturales y religiosas durante la Semana Santa en la Costa Dorada, hay una variedad de actividades para descubrir en diferentes localidades cercanas.<\/span><\/p><p><span style=\"font-weight: 400;\">En Tarragona, se lleva a cabo el <\/span><b>Santo Entierro<\/b><span style=\"font-weight: 400;\">, una procesi\u00f3n con una tradici\u00f3n de casi 500 a\u00f1os, declarada <\/span><b>Fiesta Tradicional de Inter\u00e9s Nacional<\/b><span style=\"font-weight: 400;\">. Este conmovedor desfile tiene lugar el Viernes Santo y atraviesa la Parte Alta de Tarragona. Una de las caracter\u00edsticas m\u00e1s distintivas de este evento es la presencia de la cohorte romana conocida como \u00abEls armats\u00bb, que acompa\u00f1a el sonido de los tambores, los nazarenos y los portadores.<\/span><\/p><p><span style=\"font-weight: 400;\">Otro evento religioso que merece una visita durante la Semana Santa es la procesi\u00f3n del Silencio en Reus. Durante la noche del jueves, esta procesi\u00f3n recorre las calles de la capital del Baix Camp en un solemne silencio, iluminada solo por antorchas y el resonar de los tambores.<\/span><\/p><p><span style=\"font-weight: 400;\">Pero no son solo estas ciudades las que ofrecen espect\u00e1culos religiosos destacados durante la Semana Santa en la Costa Dorada. A poca distancia, localidades como La Selva del Camp celebran el V\u00eda Crucis, mientras que en Cambrils, Riudoms y otras ciudades cercanas al delta del Ebro, tambi\u00e9n se pueden encontrar<\/span><b> eventos religiosos que enriquecer\u00e1n la experiencia de tu escapada.<\/b><\/p>\t\t\t\t\t\t\t\t<\/div>\n\t\t\t\t<\/div>\n\t\t\t\t\t<\/div>\n\t\t<\/div>\n\t\t\t\t<div class=\"elementor-column elementor-col-50 elementor-top-column elementor-element elementor-element-cc6dfb9\" data-id=\"cc6dfb9\" data-element_type=\"column\" data-e-type=\"column\">\n\t\t\t<div class=\"elementor-widget-wrap elementor-element-populated\">\n\t\t\t\t\t\t<div class=\"elementor-element elementor-element-1e7622a2 elementor-widget elementor-widget-heading\" data-id=\"1e7622a2\" data-element_type=\"widget\" data-e-type=\"widget\" data-widget_type=\"heading.default\">\n\t\t\t\t<div class=\"elementor-widget-container\">\n\t\t\t\t\t<h3 class=\"elementor-heading-title elementor-size-default\">Sumergirse en la deliciosa gastronom\u00eda marinera y mucho m\u00e1s\n\n<\/h3>\t\t\t\t<\/div>\n\t\t\t\t<\/div>\n\t\t\t\t<div class=\"elementor-element elementor-element-89ec8b0 elementor-widget elementor-widget-text-editor\" data-id=\"89ec8b0\" data-element_type=\"widget\" data-e-type=\"widget\" data-widget_type=\"text-editor.default\">\n\t\t\t\t<div class=\"elementor-widget-container\">\n\t\t\t\t\t\t\t\t\t<p><span style=\"font-weight: 400;\">Uno de los mayores orgullos de la Costa Dorada es su<\/span><b> rica tradici\u00f3n gastron\u00f3mica<\/b><span style=\"font-weight: 400;\">, especialmente en lo que respecta a los manjares del mar. Tanto en Cambrils, Salou como en otros encantadores rincones costeros, encontrar\u00e1s una amplia selecci\u00f3n de restaurantes que ofrecen los mejores productos del mar.<\/span><\/p><p><span style=\"font-weight: 400;\">Desde langostas hasta sepias, pasando por mejillones, calamares, meros, rape, sardinas y muchos m\u00e1s, los sabores del mar se combinan en exquisitas parrilladas de pescado. Acompa\u00f1a estas delicias con la cl\u00e1sica salsa alioli y la arom\u00e1tica salsa romesco, t\u00edpica de la regi\u00f3n, y te sentir\u00e1s m\u00e1s que<\/span><b> satisfecho al finalizar tu comida.<\/b><span style=\"font-weight: 400;\"> Y no olvides deleitarte con las paellas y otros platos de arroz, <\/span><b>perfectos para compartir en familia y disfrutar al m\u00e1ximo.<\/b><\/p><p><span style=\"font-weight: 400;\">Entre los platos t\u00edpicos que no puedes dejar de probar en la Costa Dorada se encuentran los cal\u00e7ots. Aunque su temporada principal es a principios de a\u00f1o, durante la Semana Santa a\u00fan es posible deleitarse con estos manjares asados a la brasa. Prep\u00e1rate para descubrir un <\/span><b>nuevo favorito entre tus platos preferidos.<\/b><\/p><p><span style=\"font-weight: 400;\">Por \u00faltimo, no podemos pasar por alto la excelente selecci\u00f3n de vinos que ofrece la Costa Dorada, con denominaciones de origen como Tarragona, Priorat, Pened\u00e8s, Terra Alta y Conca de Barber\u00e0. El vino blanco realza el sabor de las parrilladas de pescado, mientras que el tinto complementa a la perfecci\u00f3n los cal\u00e7ots y las carnes a la brasa.<\/span><\/p>\t\t\t\t\t\t\t\t<\/div>\n\t\t\t\t<\/div>\n\t\t\t\t\t<\/div>\n\t\t<\/div>\n\t\t\t\t\t<\/div>\n\t\t<\/section>\n\t\t\t\t<section class=\"elementor-section elementor-top-section elementor-element elementor-element-4f814cc0 elementor-section-boxed elementor-section-height-default elementor-section-height-default\" data-id=\"4f814cc0\" data-element_type=\"section\" data-e-type=\"section\">\n\t\t\t\t\t\t<div class=\"elementor-container elementor-column-gap-default\">\n\t\t\t\t\t<div class=\"elementor-column elementor-col-50 elementor-top-column elementor-element elementor-element-6331792\" data-id=\"6331792\" data-element_type=\"column\" data-e-type=\"column\">\n\t\t\t<div class=\"elementor-widget-wrap elementor-element-populated\">\n\t\t\t\t\t\t<div class=\"elementor-element elementor-element-314d0e02 elementor-widget elementor-widget-heading\" data-id=\"314d0e02\" data-element_type=\"widget\" data-e-type=\"widget\" data-widget_type=\"heading.default\">\n\t\t\t\t<div class=\"elementor-widget-container\">\n\t\t\t\t\t<h3 class=\"elementor-heading-title elementor-size-default\">Explorar PortAventura World\n<\/h3>\t\t\t\t<\/div>\n\t\t\t\t<\/div>\n\t\t\t\t<div class=\"elementor-element elementor-element-94717c9 elementor-widget elementor-widget-text-editor\" data-id=\"94717c9\" data-element_type=\"widget\" data-e-type=\"widget\" data-widget_type=\"text-editor.default\">\n\t\t\t\t<div class=\"elementor-widget-container\">\n\t\t\t\t\t\t\t\t\t<p><span style=\"font-weight: 400;\">PortAventura World es una de las<\/span><b> experiencias imprescindibles en la Costa Dorada<\/b><span style=\"font-weight: 400;\"> durante la Semana Santa. Tradicionalmente, sus parques tem\u00e1ticos abren sus puertas en estas fechas, brindando una oportunidad \u00fanica para disfrutar de un d\u00eda lleno de emociones y aventuras.<\/span><\/p><p><span style=\"font-weight: 400;\">Durante esta temporada, tanto PortAventura Park como Ferrari Land reciben a los visitantes \u00e1vidos de diversi\u00f3n. Sin embargo, el PortAventura Caribe Aquatic Park permanece cerrado hasta el inicio del verano.<\/span><\/p><p><span style=\"font-weight: 400;\">\u00a0Aunque el clima suele ser agradable, las temperaturas pueden no ser lo suficientemente c\u00e1lidas para disfrutar plenamente de los toboganes y piscinas del parque acu\u00e1tico.<\/span><\/p>\t\t\t\t\t\t\t\t<\/div>\n\t\t\t\t<\/div>\n\t\t\t\t\t<\/div>\n\t\t<\/div>\n\t\t\t\t<div class=\"elementor-column elementor-col-50 elementor-top-column elementor-element elementor-element-355c104e\" data-id=\"355c104e\" data-element_type=\"column\" data-e-type=\"column\">\n\t\t\t<div class=\"elementor-widget-wrap elementor-element-populated\">\n\t\t\t\t\t\t<div class=\"elementor-element elementor-element-7f18955f elementor-widget elementor-widget-heading\" data-id=\"7f18955f\" data-element_type=\"widget\" data-e-type=\"widget\" data-widget_type=\"heading.default\">\n\t\t\t\t<div class=\"elementor-widget-container\">\n\t\t\t\t\t<h3 class=\"elementor-heading-title elementor-size-default\">Playas y actividades al aire libre\n<\/h3>\t\t\t\t<\/div>\n\t\t\t\t<\/div>\n\t\t\t\t<div class=\"elementor-element elementor-element-7a4b5211 elementor-widget elementor-widget-text-editor\" data-id=\"7a4b5211\" data-element_type=\"widget\" data-e-type=\"widget\" data-widget_type=\"text-editor.default\">\n\t\t\t\t<div class=\"elementor-widget-container\">\n\t\t\t\t\t\t\t\t\t<p><span style=\"font-weight: 400;\">Con el sol ganando fuerza y las frescas ma\u00f1anas dando paso a un c\u00e1lido mediod\u00eda, la Semana Santa se convierte en una oportunidad excepcional para explorar<\/span><b> las impresionantes playas de la Costa Dorada.<\/b><\/p><p><span style=\"font-weight: 400;\">Las localidades costeras ya est\u00e1n preparadas para recibir a turistas y residentes que buscan disfrutar del clima agradable. Durante este breve per\u00edodo vacacional, descubrir\u00e1s que la arena dorada de la Costa Dorada est\u00e1 tan impecable como siempre.<\/span><\/p><p><span style=\"font-weight: 400;\">Aunque es cierto que el agua puede estar un poco fresca debido a que el calor del verano a\u00fan no ha llegado para calentar el Mar Mediterr\u00e1neo, no podr\u00e1s resistir la tentaci\u00f3n de darte un refrescante ba\u00f1o. Aprovecha las horas m\u00e1s c\u00e1lidas del d\u00eda para <\/span><b>relajarte<\/b> <b>en las playas<\/b><span style=\"font-weight: 400;\"> y reserva el resto del tiempo para disfrutar de otras emocionantes actividades.<\/span><\/p>\t\t\t\t\t\t\t\t<\/div>\n\t\t\t\t<\/div>\n\t\t\t\t\t<\/div>\n\t\t<\/div>\n\t\t\t\t\t<\/div>\n\t\t<\/section>\n\t\t\t\t<section class=\"elementor-section elementor-top-section elementor-element elementor-element-778cbc3d elementor-section-boxed elementor-section-height-default elementor-section-height-default\" data-id=\"778cbc3d\" data-element_type=\"section\" data-e-type=\"section\">\n\t\t\t\t\t\t<div class=\"elementor-container elementor-column-gap-default\">\n\t\t\t\t\t<div class=\"elementor-column elementor-col-100 elementor-top-column elementor-element elementor-element-1e14757c\" data-id=\"1e14757c\" data-element_type=\"column\" data-e-type=\"column\">\n\t\t\t<div class=\"elementor-widget-wrap elementor-element-populated\">\n\t\t\t\t\t\t<div class=\"elementor-element elementor-element-18a1bc3d elementor-widget elementor-widget-heading\" data-id=\"18a1bc3d\" data-element_type=\"widget\" data-e-type=\"widget\" data-widget_type=\"heading.default\">\n\t\t\t\t<div class=\"elementor-widget-container\">\n\t\t\t\t\t<h2 class=\"elementor-heading-title elementor-size-default\">Alquileres vacacionales recomendados para tu escapada a la Costa Dorada en Semana Santa \n<\/h2>\t\t\t\t<\/div>\n\t\t\t\t<\/div>\n\t\t\t\t\t<\/div>\n\t\t<\/div>\n\t\t\t\t\t<\/div>\n\t\t<\/section>\n\t\t\t\t<section class=\"elementor-section elementor-top-section elementor-element elementor-element-67ccca8 elementor-section-boxed elementor-section-height-default elementor-section-height-default\" data-id=\"67ccca8\" data-element_type=\"section\" data-e-type=\"section\">\n\t\t\t\t\t\t<div class=\"elementor-container elementor-column-gap-default\">\n\t\t\t\t\t<div class=\"elementor-column elementor-col-100 elementor-top-column elementor-element elementor-element-dbefaef\" data-id=\"dbefaef\" data-element_type=\"column\" data-e-type=\"column\">\n\t\t\t<div class=\"elementor-widget-wrap elementor-element-populated\">\n\t\t\t\t\t\t<div class=\"elementor-element elementor-element-67dd131 elementor-widget elementor-widget-text-editor\" data-id=\"67dd131\" data-element_type=\"widget\" data-e-type=\"widget\" data-widget_type=\"text-editor.default\">\n\t\t\t\t<div class=\"elementor-widget-container\">\n\t\t\t\t\t\t\t\t\t<p><span style=\"font-weight: 400;\">Cuando planificas una escapada a la Costa Dorada durante la Semana Santa, <strong>encontrar el alojamiento perfecto<\/strong> es fundamental para garantizar una <strong>experiencia inolvidable<\/strong>. <\/span><\/p><p><span style=\"font-weight: 400;\">Desde acogedores apartamentos con vistas al mar hasta lujosas villas con piscina, nuestra selecci\u00f3n de alquileres vacacionales te ofrece opciones que se adaptan a todos los gustos y presupuestos.\u00a0<\/span><\/p>\t\t\t\t\t\t\t\t<\/div>\n\t\t\t\t<\/div>\n\t\t\t\t\t<\/div>\n\t\t<\/div>\n\t\t\t\t\t<\/div>\n\t\t<\/section>\n\t\t\t\t<section class=\"elementor-section elementor-top-section elementor-element elementor-element-14b827f5 elementor-section-boxed elementor-section-height-default elementor-section-height-default\" data-id=\"14b827f5\" data-element_type=\"section\" data-e-type=\"section\">\n\t\t\t\t\t\t<div class=\"elementor-container elementor-column-gap-default\">\n\t\t\t\t\t<div class=\"elementor-column elementor-col-50 elementor-top-column elementor-element elementor-element-d528ac4\" data-id=\"d528ac4\" data-element_type=\"column\" data-e-type=\"column\">\n\t\t\t<div class=\"elementor-widget-wrap elementor-element-populated\">\n\t\t\t\t\t\t<div class=\"elementor-element elementor-element-7c6c57b2 elementor-widget elementor-widget-image\" data-id=\"7c6c57b2\" data-element_type=\"widget\" data-e-type=\"widget\" data-widget_type=\"image.default\">\n\t\t\t\t<div class=\"elementor-widget-container\">\n\t\t\t\t\t\t\t\t\t\t\t\t\t\t\t\t<a href=\"https:\/\/www.parque-montroig.com\/alquiler\/apartamento-cambrils-apartamento-mestral-port-389172.html\">\n\t\t\t\t\t\t\t<img decoding=\"async\" width=\"2560\" height=\"1707\" src=\"https:\/\/www.parque-montroig.com\/blog\/wp-content\/uploads\/2024\/02\/apartamento-mestral-centro.jpg\" class=\"attachment-full size-full wp-image-4407\" alt=\"\" srcset=\"https:\/\/www.parque-montroig.com\/blog\/wp-content\/uploads\/2024\/02\/apartamento-mestral-centro.jpg 2560w, https:\/\/www.parque-montroig.com\/blog\/wp-content\/uploads\/2024\/02\/apartamento-mestral-centro-768x512.jpg 768w, https:\/\/www.parque-montroig.com\/blog\/wp-content\/uploads\/2024\/02\/apartamento-mestral-centro-1536x1024.jpg 1536w, https:\/\/www.parque-montroig.com\/blog\/wp-content\/uploads\/2024\/02\/apartamento-mestral-centro-2048x1366.jpg 2048w\" sizes=\"(max-width: 2560px) 100vw, 2560px\" \/>\t\t\t\t\t\t\t\t<\/a>\n\t\t\t\t\t\t\t\t\t\t\t\t\t\t\t<\/div>\n\t\t\t\t<\/div>\n\t\t\t\t\t<\/div>\n\t\t<\/div>\n\t\t\t\t<div class=\"elementor-column elementor-col-50 elementor-top-column elementor-element elementor-element-4479df03\" data-id=\"4479df03\" data-element_type=\"column\" data-e-type=\"column\">\n\t\t\t<div class=\"elementor-widget-wrap elementor-element-populated\">\n\t\t\t\t\t\t<div class=\"elementor-element elementor-element-16e43482 elementor-widget elementor-widget-heading\" data-id=\"16e43482\" data-element_type=\"widget\" data-e-type=\"widget\" data-widget_type=\"heading.default\">\n\t\t\t\t<div class=\"elementor-widget-container\">\n\t\t\t\t\t<h3 class=\"elementor-heading-title elementor-size-default\">Apartamento Mestral Port\n<\/h3>\t\t\t\t<\/div>\n\t\t\t\t<\/div>\n\t\t\t\t<section class=\"elementor-section elementor-inner-section elementor-element elementor-element-39987af9 elementor-section-boxed elementor-section-height-default elementor-section-height-default\" data-id=\"39987af9\" data-element_type=\"section\" data-e-type=\"section\">\n\t\t\t\t\t\t<div class=\"elementor-container elementor-column-gap-default\">\n\t\t\t\t\t<div class=\"elementor-column elementor-col-50 elementor-inner-column elementor-element elementor-element-142ccc7f elementor-hidden-mobile\" data-id=\"142ccc7f\" data-element_type=\"column\" data-e-type=\"column\">\n\t\t\t<div class=\"elementor-widget-wrap elementor-element-populated\">\n\t\t\t\t\t\t<div class=\"elementor-element elementor-element-1535603e elementor-view-default elementor-widget elementor-widget-icon\" data-id=\"1535603e\" data-element_type=\"widget\" data-e-type=\"widget\" data-widget_type=\"icon.default\">\n\t\t\t\t<div class=\"elementor-widget-container\">\n\t\t\t\t\t\t\t<div class=\"elementor-icon-wrapper\">\n\t\t\t<div class=\"elementor-icon\">\n\t\t\t<i aria-hidden=\"true\" class=\"fas fa-map-pin\"><\/i>\t\t\t<\/div>\n\t\t<\/div>\n\t\t\t\t\t\t<\/div>\n\t\t\t\t<\/div>\n\t\t\t\t\t<\/div>\n\t\t<\/div>\n\t\t\t\t<div class=\"elementor-column elementor-col-50 elementor-inner-column elementor-element elementor-element-4bdffef4\" data-id=\"4bdffef4\" data-element_type=\"column\" data-e-type=\"column\">\n\t\t\t<div class=\"elementor-widget-wrap elementor-element-populated\">\n\t\t\t\t\t\t<div class=\"elementor-element elementor-element-240cea72 elementor-widget elementor-widget-text-editor\" data-id=\"240cea72\" data-element_type=\"widget\" data-e-type=\"widget\" data-widget_type=\"text-editor.default\">\n\t\t\t\t<div class=\"elementor-widget-container\">\n\t\t\t\t\t\t\t\t\t<p>Cambrils<\/p>\t\t\t\t\t\t\t\t<\/div>\n\t\t\t\t<\/div>\n\t\t\t\t\t<\/div>\n\t\t<\/div>\n\t\t\t\t\t<\/div>\n\t\t<\/section>\n\t\t\t\t<div class=\"elementor-element elementor-element-2ddd72c0 elementor-widget elementor-widget-text-editor\" data-id=\"2ddd72c0\" data-element_type=\"widget\" data-e-type=\"widget\" data-widget_type=\"text-editor.default\">\n\t\t\t\t<div class=\"elementor-widget-container\">\n\t\t\t\t\t\t\t\t\t<p><span style=\"font-weight: 400;\">Extraordinario apartamento vacacional en Cambrils, muy amplio y moderno, con 2 dormitorios y capacidad para 5 personas.<\/span><\/p>\t\t\t\t\t\t\t\t<\/div>\n\t\t\t\t<\/div>\n\t\t\t\t<section class=\"elementor-section elementor-inner-section elementor-element elementor-element-145c295a elementor-section-boxed elementor-section-height-default elementor-section-height-default\" data-id=\"145c295a\" data-element_type=\"section\" data-e-type=\"section\">\n\t\t\t\t\t\t<div class=\"elementor-container elementor-column-gap-default\">\n\t\t\t\t\t<div class=\"elementor-column elementor-col-50 elementor-inner-column elementor-element elementor-element-2e651e55\" data-id=\"2e651e55\" data-element_type=\"column\" data-e-type=\"column\">\n\t\t\t<div class=\"elementor-widget-wrap elementor-element-populated\">\n\t\t\t\t\t\t<div class=\"elementor-element elementor-element-7db4e73b elementor-widget elementor-widget-text-editor\" data-id=\"7db4e73b\" data-element_type=\"widget\" data-e-type=\"widget\" data-widget_type=\"text-editor.default\">\n\t\t\t\t<div class=\"elementor-widget-container\">\n\t\t\t\t\t\t\t\t\t<p><strong>Desde 50\u20ac\/noche<\/strong><\/p>\t\t\t\t\t\t\t\t<\/div>\n\t\t\t\t<\/div>\n\t\t\t\t\t<\/div>\n\t\t<\/div>\n\t\t\t\t<div class=\"elementor-column elementor-col-50 elementor-inner-column elementor-element elementor-element-2097497\" data-id=\"2097497\" data-element_type=\"column\" data-e-type=\"column\">\n\t\t\t<div class=\"elementor-widget-wrap elementor-element-populated\">\n\t\t\t\t\t\t<div class=\"elementor-element elementor-element-37b20f30 elementor-align-left elementor-widget elementor-widget-button\" data-id=\"37b20f30\" data-element_type=\"widget\" data-e-type=\"widget\" data-widget_type=\"button.default\">\n\t\t\t\t<div class=\"elementor-widget-container\">\n\t\t\t\t\t\t\t\t\t<div class=\"elementor-button-wrapper\">\n\t\t\t\t\t<a class=\"elementor-button elementor-button-link elementor-size-sm\" href=\"https:\/\/www.parque-montroig.com\/alquiler\/apartamento-cambrils-apartamento-mestral-port-389172.html\">\n\t\t\t\t\t\t<span class=\"elementor-button-content-wrapper\">\n\t\t\t\t\t\t\t\t\t<span class=\"elementor-button-text\">Ver alojamiento<\/span>\n\t\t\t\t\t<\/span>\n\t\t\t\t\t<\/a>\n\t\t\t\t<\/div>\n\t\t\t\t\t\t\t\t<\/div>\n\t\t\t\t<\/div>\n\t\t\t\t\t<\/div>\n\t\t<\/div>\n\t\t\t\t\t<\/div>\n\t\t<\/section>\n\t\t\t\t\t<\/div>\n\t\t<\/div>\n\t\t\t\t\t<\/div>\n\t\t<\/section>\n\t\t\t\t<section class=\"elementor-section elementor-top-section elementor-element elementor-element-120dcd49 elementor-section-boxed elementor-section-height-default elementor-section-height-default\" data-id=\"120dcd49\" data-element_type=\"section\" data-e-type=\"section\">\n\t\t\t\t\t\t<div class=\"elementor-container elementor-column-gap-default\">\n\t\t\t\t\t<div class=\"elementor-column elementor-col-50 elementor-top-column elementor-element elementor-element-6f9aad28\" data-id=\"6f9aad28\" data-element_type=\"column\" data-e-type=\"column\">\n\t\t\t<div class=\"elementor-widget-wrap elementor-element-populated\">\n\t\t\t\t\t\t<div class=\"elementor-element elementor-element-1ba8aa18 elementor-widget elementor-widget-image\" data-id=\"1ba8aa18\" data-element_type=\"widget\" data-e-type=\"widget\" data-widget_type=\"image.default\">\n\t\t\t\t<div class=\"elementor-widget-container\">\n\t\t\t\t\t\t\t\t\t\t\t\t\t\t\t\t<a href=\"https:\/\/www.parque-montroig.com\/alquiler\/villa-cambrils-villa-acacias-387489.html\">\n\t\t\t\t\t\t\t<img decoding=\"async\" width=\"2048\" height=\"1365\" src=\"https:\/\/www.parque-montroig.com\/blog\/wp-content\/uploads\/2024\/02\/Villa-acacias.jpg\" class=\"attachment-full size-full wp-image-4411\" alt=\"Villa acacias\" srcset=\"https:\/\/www.parque-montroig.com\/blog\/wp-content\/uploads\/2024\/02\/Villa-acacias.jpg 2048w, https:\/\/www.parque-montroig.com\/blog\/wp-content\/uploads\/2024\/02\/Villa-acacias-768x512.jpg 768w, https:\/\/www.parque-montroig.com\/blog\/wp-content\/uploads\/2024\/02\/Villa-acacias-1536x1024.jpg 1536w\" sizes=\"(max-width: 2048px) 100vw, 2048px\" \/>\t\t\t\t\t\t\t\t<\/a>\n\t\t\t\t\t\t\t\t\t\t\t\t\t\t\t<\/div>\n\t\t\t\t<\/div>\n\t\t\t\t\t<\/div>\n\t\t<\/div>\n\t\t\t\t<div class=\"elementor-column elementor-col-50 elementor-top-column elementor-element elementor-element-4b25fe7a\" data-id=\"4b25fe7a\" data-element_type=\"column\" data-e-type=\"column\">\n\t\t\t<div class=\"elementor-widget-wrap elementor-element-populated\">\n\t\t\t\t\t\t<div class=\"elementor-element elementor-element-795692a9 elementor-widget elementor-widget-heading\" data-id=\"795692a9\" data-element_type=\"widget\" data-e-type=\"widget\" data-widget_type=\"heading.default\">\n\t\t\t\t<div class=\"elementor-widget-container\">\n\t\t\t\t\t<h3 class=\"elementor-heading-title elementor-size-default\">Villa Acacias\n<\/h3>\t\t\t\t<\/div>\n\t\t\t\t<\/div>\n\t\t\t\t<section class=\"elementor-section elementor-inner-section elementor-element elementor-element-4959e665 elementor-section-boxed elementor-section-height-default elementor-section-height-default\" data-id=\"4959e665\" data-element_type=\"section\" data-e-type=\"section\">\n\t\t\t\t\t\t<div class=\"elementor-container elementor-column-gap-default\">\n\t\t\t\t\t<div class=\"elementor-column elementor-col-50 elementor-inner-column elementor-element elementor-element-1f97a729 elementor-hidden-mobile\" data-id=\"1f97a729\" data-element_type=\"column\" data-e-type=\"column\">\n\t\t\t<div class=\"elementor-widget-wrap elementor-element-populated\">\n\t\t\t\t\t\t<div class=\"elementor-element elementor-element-4a787130 elementor-view-default elementor-widget elementor-widget-icon\" data-id=\"4a787130\" data-element_type=\"widget\" data-e-type=\"widget\" data-widget_type=\"icon.default\">\n\t\t\t\t<div class=\"elementor-widget-container\">\n\t\t\t\t\t\t\t<div class=\"elementor-icon-wrapper\">\n\t\t\t<div class=\"elementor-icon\">\n\t\t\t<i aria-hidden=\"true\" class=\"fas fa-map-pin\"><\/i>\t\t\t<\/div>\n\t\t<\/div>\n\t\t\t\t\t\t<\/div>\n\t\t\t\t<\/div>\n\t\t\t\t\t<\/div>\n\t\t<\/div>\n\t\t\t\t<div class=\"elementor-column elementor-col-50 elementor-inner-column elementor-element elementor-element-f1b5e94\" data-id=\"f1b5e94\" data-element_type=\"column\" data-e-type=\"column\">\n\t\t\t<div class=\"elementor-widget-wrap elementor-element-populated\">\n\t\t\t\t\t\t<div class=\"elementor-element elementor-element-6bfd5393 elementor-widget elementor-widget-text-editor\" data-id=\"6bfd5393\" data-element_type=\"widget\" data-e-type=\"widget\" data-widget_type=\"text-editor.default\">\n\t\t\t\t<div class=\"elementor-widget-container\">\n\t\t\t\t\t\t\t\t\t<p>Cambrils<\/p>\t\t\t\t\t\t\t\t<\/div>\n\t\t\t\t<\/div>\n\t\t\t\t\t<\/div>\n\t\t<\/div>\n\t\t\t\t\t<\/div>\n\t\t<\/section>\n\t\t\t\t<div class=\"elementor-element elementor-element-11cc642c elementor-widget elementor-widget-text-editor\" data-id=\"11cc642c\" data-element_type=\"widget\" data-e-type=\"widget\" data-widget_type=\"text-editor.default\">\n\t\t\t\t<div class=\"elementor-widget-container\">\n\t\t\t\t\t\t\t\t\t<p><span style=\"font-weight: 400;\">Preciosa Villa con piscina privada de 4 habitaciones en primera l\u00ednea de playa con todas las comodidades situada en Cambrils.<\/span><\/p>\t\t\t\t\t\t\t\t<\/div>\n\t\t\t\t<\/div>\n\t\t\t\t<section class=\"elementor-section elementor-inner-section elementor-element elementor-element-54cf4b9c elementor-section-boxed elementor-section-height-default elementor-section-height-default\" data-id=\"54cf4b9c\" data-element_type=\"section\" data-e-type=\"section\">\n\t\t\t\t\t\t<div class=\"elementor-container elementor-column-gap-default\">\n\t\t\t\t\t<div class=\"elementor-column elementor-col-50 elementor-inner-column elementor-element elementor-element-508a714c\" data-id=\"508a714c\" data-element_type=\"column\" data-e-type=\"column\">\n\t\t\t<div class=\"elementor-widget-wrap elementor-element-populated\">\n\t\t\t\t\t\t<div class=\"elementor-element elementor-element-d799eb1 elementor-widget elementor-widget-text-editor\" data-id=\"d799eb1\" data-element_type=\"widget\" data-e-type=\"widget\" data-widget_type=\"text-editor.default\">\n\t\t\t\t<div class=\"elementor-widget-container\">\n\t\t\t\t\t\t\t\t\t<p><strong>Desde 284\u20ac\/noche<\/strong><\/p>\t\t\t\t\t\t\t\t<\/div>\n\t\t\t\t<\/div>\n\t\t\t\t\t<\/div>\n\t\t<\/div>\n\t\t\t\t<div class=\"elementor-column elementor-col-50 elementor-inner-column elementor-element elementor-element-541e7cb2\" data-id=\"541e7cb2\" data-element_type=\"column\" data-e-type=\"column\">\n\t\t\t<div class=\"elementor-widget-wrap elementor-element-populated\">\n\t\t\t\t\t\t<div class=\"elementor-element elementor-element-4d4632f2 elementor-align-left elementor-widget elementor-widget-button\" data-id=\"4d4632f2\" data-element_type=\"widget\" data-e-type=\"widget\" data-widget_type=\"button.default\">\n\t\t\t\t<div class=\"elementor-widget-container\">\n\t\t\t\t\t\t\t\t\t<div class=\"elementor-button-wrapper\">\n\t\t\t\t\t<a class=\"elementor-button elementor-button-link elementor-size-sm\" href=\"https:\/\/www.parque-montroig.com\/alquiler\/villa-cambrils-villa-acacias-387489.html\">\n\t\t\t\t\t\t<span class=\"elementor-button-content-wrapper\">\n\t\t\t\t\t\t\t\t\t<span class=\"elementor-button-text\">Ver alojamiento<\/span>\n\t\t\t\t\t<\/span>\n\t\t\t\t\t<\/a>\n\t\t\t\t<\/div>\n\t\t\t\t\t\t\t\t<\/div>\n\t\t\t\t<\/div>\n\t\t\t\t\t<\/div>\n\t\t<\/div>\n\t\t\t\t\t<\/div>\n\t\t<\/section>\n\t\t\t\t\t<\/div>\n\t\t<\/div>\n\t\t\t\t\t<\/div>\n\t\t<\/section>\n\t\t\t\t<section class=\"elementor-section elementor-top-section elementor-element elementor-element-3a271f1c elementor-section-boxed elementor-section-height-default elementor-section-height-default\" data-id=\"3a271f1c\" data-element_type=\"section\" data-e-type=\"section\">\n\t\t\t\t\t\t<div class=\"elementor-container elementor-column-gap-default\">\n\t\t\t\t\t<div class=\"elementor-column elementor-col-50 elementor-top-column elementor-element elementor-element-75eb5195\" data-id=\"75eb5195\" data-element_type=\"column\" data-e-type=\"column\">\n\t\t\t<div class=\"elementor-widget-wrap elementor-element-populated\">\n\t\t\t\t\t\t<div class=\"elementor-element elementor-element-5f67f00e elementor-widget elementor-widget-image\" data-id=\"5f67f00e\" data-element_type=\"widget\" data-e-type=\"widget\" data-widget_type=\"image.default\">\n\t\t\t\t<div class=\"elementor-widget-container\">\n\t\t\t\t\t\t\t\t\t\t\t\t\t\t\t\t<a href=\"https:\/\/www.parque-montroig.com\/alquiler\/villa-miami-playa-villa-margarita-seaview-356174.html\">\n\t\t\t\t\t\t\t<img loading=\"lazy\" decoding=\"async\" width=\"2560\" height=\"1707\" src=\"https:\/\/www.parque-montroig.com\/blog\/wp-content\/uploads\/2024\/02\/Villa-margarita-seaviews.jpg\" class=\"attachment-full size-full wp-image-4415\" alt=\"Villa margarita seaviews\" srcset=\"https:\/\/www.parque-montroig.com\/blog\/wp-content\/uploads\/2024\/02\/Villa-margarita-seaviews.jpg 2560w, https:\/\/www.parque-montroig.com\/blog\/wp-content\/uploads\/2024\/02\/Villa-margarita-seaviews-768x512.jpg 768w, https:\/\/www.parque-montroig.com\/blog\/wp-content\/uploads\/2024\/02\/Villa-margarita-seaviews-1536x1024.jpg 1536w, https:\/\/www.parque-montroig.com\/blog\/wp-content\/uploads\/2024\/02\/Villa-margarita-seaviews-2048x1366.jpg 2048w\" sizes=\"(max-width: 2560px) 100vw, 2560px\" \/>\t\t\t\t\t\t\t\t<\/a>\n\t\t\t\t\t\t\t\t\t\t\t\t\t\t\t<\/div>\n\t\t\t\t<\/div>\n\t\t\t\t\t<\/div>\n\t\t<\/div>\n\t\t\t\t<div class=\"elementor-column elementor-col-50 elementor-top-column elementor-element elementor-element-34823570\" data-id=\"34823570\" data-element_type=\"column\" data-e-type=\"column\">\n\t\t\t<div class=\"elementor-widget-wrap elementor-element-populated\">\n\t\t\t\t\t\t<div class=\"elementor-element elementor-element-27516b7d elementor-widget elementor-widget-heading\" data-id=\"27516b7d\" data-element_type=\"widget\" data-e-type=\"widget\" data-widget_type=\"heading.default\">\n\t\t\t\t<div class=\"elementor-widget-container\">\n\t\t\t\t\t<h3 class=\"elementor-heading-title elementor-size-default\">Villa Margarita Seaview<\/h3>\t\t\t\t<\/div>\n\t\t\t\t<\/div>\n\t\t\t\t<section class=\"elementor-section elementor-inner-section elementor-element elementor-element-17b0132f elementor-section-boxed elementor-section-height-default elementor-section-height-default\" data-id=\"17b0132f\" data-element_type=\"section\" data-e-type=\"section\">\n\t\t\t\t\t\t<div class=\"elementor-container elementor-column-gap-default\">\n\t\t\t\t\t<div class=\"elementor-column elementor-col-50 elementor-inner-column elementor-element elementor-element-1b2a5690 elementor-hidden-mobile\" data-id=\"1b2a5690\" data-element_type=\"column\" data-e-type=\"column\">\n\t\t\t<div class=\"elementor-widget-wrap elementor-element-populated\">\n\t\t\t\t\t\t<div class=\"elementor-element elementor-element-c55a66c elementor-view-default elementor-widget elementor-widget-icon\" data-id=\"c55a66c\" data-element_type=\"widget\" data-e-type=\"widget\" data-widget_type=\"icon.default\">\n\t\t\t\t<div class=\"elementor-widget-container\">\n\t\t\t\t\t\t\t<div class=\"elementor-icon-wrapper\">\n\t\t\t<div class=\"elementor-icon\">\n\t\t\t<i aria-hidden=\"true\" class=\"fas fa-map-pin\"><\/i>\t\t\t<\/div>\n\t\t<\/div>\n\t\t\t\t\t\t<\/div>\n\t\t\t\t<\/div>\n\t\t\t\t\t<\/div>\n\t\t<\/div>\n\t\t\t\t<div class=\"elementor-column elementor-col-50 elementor-inner-column elementor-element elementor-element-7bbb2711\" data-id=\"7bbb2711\" data-element_type=\"column\" data-e-type=\"column\">\n\t\t\t<div class=\"elementor-widget-wrap elementor-element-populated\">\n\t\t\t\t\t\t<div class=\"elementor-element elementor-element-69a8e20f elementor-widget elementor-widget-text-editor\" data-id=\"69a8e20f\" data-element_type=\"widget\" data-e-type=\"widget\" data-widget_type=\"text-editor.default\">\n\t\t\t\t<div class=\"elementor-widget-container\">\n\t\t\t\t\t\t\t\t\t<p>Miami Platja<\/p>\t\t\t\t\t\t\t\t<\/div>\n\t\t\t\t<\/div>\n\t\t\t\t\t<\/div>\n\t\t<\/div>\n\t\t\t\t\t<\/div>\n\t\t<\/section>\n\t\t\t\t<div class=\"elementor-element elementor-element-1a410554 elementor-widget elementor-widget-text-editor\" data-id=\"1a410554\" data-element_type=\"widget\" data-e-type=\"widget\" data-widget_type=\"text-editor.default\">\n\t\t\t\t<div class=\"elementor-widget-container\">\n\t\t\t\t\t\t\t\t\t<p><span style=\"font-weight: 400;\">Magn\u00edfica villa de alquiler vacacional en Miami Playa con estupenda situaci\u00f3n frente al mar y escalera de acceso privado directo a la arena de la playa, equipada a todo confort y con c\u00f3moda distribuci\u00f3n en planta baja.<\/span><\/p>\t\t\t\t\t\t\t\t<\/div>\n\t\t\t\t<\/div>\n\t\t\t\t<section class=\"elementor-section elementor-inner-section elementor-element elementor-element-5dff57ce elementor-section-boxed elementor-section-height-default elementor-section-height-default\" data-id=\"5dff57ce\" data-element_type=\"section\" data-e-type=\"section\">\n\t\t\t\t\t\t<div class=\"elementor-container elementor-column-gap-default\">\n\t\t\t\t\t<div class=\"elementor-column elementor-col-50 elementor-inner-column elementor-element elementor-element-48eb248f\" data-id=\"48eb248f\" data-element_type=\"column\" data-e-type=\"column\">\n\t\t\t<div class=\"elementor-widget-wrap elementor-element-populated\">\n\t\t\t\t\t\t<div class=\"elementor-element elementor-element-509133e elementor-widget elementor-widget-text-editor\" data-id=\"509133e\" data-element_type=\"widget\" data-e-type=\"widget\" data-widget_type=\"text-editor.default\">\n\t\t\t\t<div class=\"elementor-widget-container\">\n\t\t\t\t\t\t\t\t\t<p><strong>Desde 150\u20ac\/noche<\/strong><\/p>\t\t\t\t\t\t\t\t<\/div>\n\t\t\t\t<\/div>\n\t\t\t\t\t<\/div>\n\t\t<\/div>\n\t\t\t\t<div class=\"elementor-column elementor-col-50 elementor-inner-column elementor-element elementor-element-33d1369f\" data-id=\"33d1369f\" data-element_type=\"column\" data-e-type=\"column\">\n\t\t\t<div class=\"elementor-widget-wrap elementor-element-populated\">\n\t\t\t\t\t\t<div class=\"elementor-element elementor-element-35dcf29d elementor-align-left elementor-widget elementor-widget-button\" data-id=\"35dcf29d\" data-element_type=\"widget\" data-e-type=\"widget\" data-widget_type=\"button.default\">\n\t\t\t\t<div class=\"elementor-widget-container\">\n\t\t\t\t\t\t\t\t\t<div class=\"elementor-button-wrapper\">\n\t\t\t\t\t<a class=\"elementor-button elementor-button-link elementor-size-sm\" href=\"https:\/\/www.parque-montroig.com\/alquiler\/villa-miami-playa-villa-margarita-seaview-356174.html\">\n\t\t\t\t\t\t<span class=\"elementor-button-content-wrapper\">\n\t\t\t\t\t\t\t\t\t<span class=\"elementor-button-text\">Ver alojamiento<\/span>\n\t\t\t\t\t<\/span>\n\t\t\t\t\t<\/a>\n\t\t\t\t<\/div>\n\t\t\t\t\t\t\t\t<\/div>\n\t\t\t\t<\/div>\n\t\t\t\t\t<\/div>\n\t\t<\/div>\n\t\t\t\t\t<\/div>\n\t\t<\/section>\n\t\t\t\t\t<\/div>\n\t\t<\/div>\n\t\t\t\t\t<\/div>\n\t\t<\/section>\n\t\t\t\t<section class=\"elementor-section elementor-top-section elementor-element elementor-element-13c224b9 elementor-section-boxed elementor-section-height-default elementor-section-height-default\" data-id=\"13c224b9\" data-element_type=\"section\" data-e-type=\"section\">\n\t\t\t\t\t\t<div class=\"elementor-container elementor-column-gap-default\">\n\t\t\t\t\t<div class=\"elementor-column elementor-col-50 elementor-top-column elementor-element elementor-element-679b91f6\" data-id=\"679b91f6\" data-element_type=\"column\" data-e-type=\"column\">\n\t\t\t<div class=\"elementor-widget-wrap elementor-element-populated\">\n\t\t\t\t\t\t<div class=\"elementor-element elementor-element-2d5d6d6c elementor-widget elementor-widget-image\" data-id=\"2d5d6d6c\" data-element_type=\"widget\" data-e-type=\"widget\" data-widget_type=\"image.default\">\n\t\t\t\t<div class=\"elementor-widget-container\">\n\t\t\t\t\t\t\t\t\t\t\t\t\t\t\t\t<a href=\"https:\/\/www.parque-montroig.com\/alquiler\/villa-cambrils-villa-gladiols-102853.html\">\n\t\t\t\t\t\t\t<img loading=\"lazy\" decoding=\"async\" width=\"1800\" height=\"1200\" src=\"https:\/\/www.parque-montroig.com\/blog\/wp-content\/uploads\/2024\/02\/Villa-gladiols.jpg\" class=\"attachment-full size-full wp-image-4419\" alt=\"Villa gladiols\" srcset=\"https:\/\/www.parque-montroig.com\/blog\/wp-content\/uploads\/2024\/02\/Villa-gladiols.jpg 1800w, https:\/\/www.parque-montroig.com\/blog\/wp-content\/uploads\/2024\/02\/Villa-gladiols-768x512.jpg 768w, https:\/\/www.parque-montroig.com\/blog\/wp-content\/uploads\/2024\/02\/Villa-gladiols-1536x1024.jpg 1536w\" sizes=\"(max-width: 1800px) 100vw, 1800px\" \/>\t\t\t\t\t\t\t\t<\/a>\n\t\t\t\t\t\t\t\t\t\t\t\t\t\t\t<\/div>\n\t\t\t\t<\/div>\n\t\t\t\t\t<\/div>\n\t\t<\/div>\n\t\t\t\t<div class=\"elementor-column elementor-col-50 elementor-top-column elementor-element elementor-element-516e2d8f\" data-id=\"516e2d8f\" data-element_type=\"column\" data-e-type=\"column\">\n\t\t\t<div class=\"elementor-widget-wrap elementor-element-populated\">\n\t\t\t\t\t\t<div class=\"elementor-element elementor-element-26f99126 elementor-widget elementor-widget-heading\" data-id=\"26f99126\" data-element_type=\"widget\" data-e-type=\"widget\" data-widget_type=\"heading.default\">\n\t\t\t\t<div class=\"elementor-widget-container\">\n\t\t\t\t\t<h3 class=\"elementor-heading-title elementor-size-default\">Villa Gladiols<\/h3>\t\t\t\t<\/div>\n\t\t\t\t<\/div>\n\t\t\t\t<section class=\"elementor-section elementor-inner-section elementor-element elementor-element-11445848 elementor-section-boxed elementor-section-height-default elementor-section-height-default\" data-id=\"11445848\" data-element_type=\"section\" data-e-type=\"section\">\n\t\t\t\t\t\t<div class=\"elementor-container elementor-column-gap-default\">\n\t\t\t\t\t<div class=\"elementor-column elementor-col-50 elementor-inner-column elementor-element elementor-element-7a00b4fa elementor-hidden-mobile\" data-id=\"7a00b4fa\" data-element_type=\"column\" data-e-type=\"column\">\n\t\t\t<div class=\"elementor-widget-wrap elementor-element-populated\">\n\t\t\t\t\t\t<div class=\"elementor-element elementor-element-7f32cd34 elementor-view-default elementor-widget elementor-widget-icon\" data-id=\"7f32cd34\" data-element_type=\"widget\" data-e-type=\"widget\" data-widget_type=\"icon.default\">\n\t\t\t\t<div class=\"elementor-widget-container\">\n\t\t\t\t\t\t\t<div class=\"elementor-icon-wrapper\">\n\t\t\t<div class=\"elementor-icon\">\n\t\t\t<i aria-hidden=\"true\" class=\"fas fa-map-pin\"><\/i>\t\t\t<\/div>\n\t\t<\/div>\n\t\t\t\t\t\t<\/div>\n\t\t\t\t<\/div>\n\t\t\t\t\t<\/div>\n\t\t<\/div>\n\t\t\t\t<div class=\"elementor-column elementor-col-50 elementor-inner-column elementor-element elementor-element-245e95c6\" data-id=\"245e95c6\" data-element_type=\"column\" data-e-type=\"column\">\n\t\t\t<div class=\"elementor-widget-wrap elementor-element-populated\">\n\t\t\t\t\t\t<div class=\"elementor-element elementor-element-210ecd83 elementor-widget elementor-widget-text-editor\" data-id=\"210ecd83\" data-element_type=\"widget\" data-e-type=\"widget\" data-widget_type=\"text-editor.default\">\n\t\t\t\t<div class=\"elementor-widget-container\">\n\t\t\t\t\t\t\t\t\t<p>Cambrils\/ La Llosa<\/p>\t\t\t\t\t\t\t\t<\/div>\n\t\t\t\t<\/div>\n\t\t\t\t\t<\/div>\n\t\t<\/div>\n\t\t\t\t\t<\/div>\n\t\t<\/section>\n\t\t\t\t<div class=\"elementor-element elementor-element-1894a8b3 elementor-widget elementor-widget-text-editor\" data-id=\"1894a8b3\" data-element_type=\"widget\" data-e-type=\"widget\" data-widget_type=\"text-editor.default\">\n\t\t\t\t<div class=\"elementor-widget-container\">\n\t\t\t\t\t\t\t\t\t<p><span style=\"font-weight: 400;\">Imponente casa de alquiler vacacional en Cambrils, situada en la tranquila zona residencial La Llosa, con 7 dormitorios y capacidad para 15 personas<\/span><\/p>\t\t\t\t\t\t\t\t<\/div>\n\t\t\t\t<\/div>\n\t\t\t\t<section class=\"elementor-section elementor-inner-section elementor-element elementor-element-133df7b5 elementor-section-boxed elementor-section-height-default elementor-section-height-default\" data-id=\"133df7b5\" data-element_type=\"section\" data-e-type=\"section\">\n\t\t\t\t\t\t<div class=\"elementor-container elementor-column-gap-default\">\n\t\t\t\t\t<div class=\"elementor-column elementor-col-50 elementor-inner-column elementor-element elementor-element-2398213b\" data-id=\"2398213b\" data-element_type=\"column\" data-e-type=\"column\">\n\t\t\t<div class=\"elementor-widget-wrap elementor-element-populated\">\n\t\t\t\t\t\t<div class=\"elementor-element elementor-element-7e80fd13 elementor-widget elementor-widget-text-editor\" data-id=\"7e80fd13\" data-element_type=\"widget\" data-e-type=\"widget\" data-widget_type=\"text-editor.default\">\n\t\t\t\t<div class=\"elementor-widget-container\">\n\t\t\t\t\t\t\t\t\t<p><strong>Desde 195\u20ac\/noche<\/strong><\/p>\t\t\t\t\t\t\t\t<\/div>\n\t\t\t\t<\/div>\n\t\t\t\t\t<\/div>\n\t\t<\/div>\n\t\t\t\t<div class=\"elementor-column elementor-col-50 elementor-inner-column elementor-element elementor-element-2a0253b4\" data-id=\"2a0253b4\" data-element_type=\"column\" data-e-type=\"column\">\n\t\t\t<div class=\"elementor-widget-wrap elementor-element-populated\">\n\t\t\t\t\t\t<div class=\"elementor-element elementor-element-9144f57 elementor-align-left elementor-widget elementor-widget-button\" data-id=\"9144f57\" data-element_type=\"widget\" data-e-type=\"widget\" data-widget_type=\"button.default\">\n\t\t\t\t<div class=\"elementor-widget-container\">\n\t\t\t\t\t\t\t\t\t<div class=\"elementor-button-wrapper\">\n\t\t\t\t\t<a class=\"elementor-button elementor-button-link elementor-size-sm\" href=\"https:\/\/www.parque-montroig.com\/alquiler\/villa-cambrils-villa-gladiols-102853.html\">\n\t\t\t\t\t\t<span class=\"elementor-button-content-wrapper\">\n\t\t\t\t\t\t\t\t\t<span class=\"elementor-button-text\">Ver alojamiento<\/span>\n\t\t\t\t\t<\/span>\n\t\t\t\t\t<\/a>\n\t\t\t\t<\/div>\n\t\t\t\t\t\t\t\t<\/div>\n\t\t\t\t<\/div>\n\t\t\t\t\t<\/div>\n\t\t<\/div>\n\t\t\t\t\t<\/div>\n\t\t<\/section>\n\t\t\t\t\t<\/div>\n\t\t<\/div>\n\t\t\t\t\t<\/div>\n\t\t<\/section>\n\t\t\t\t<section class=\"elementor-section elementor-top-section elementor-element elementor-element-dc36f65 elementor-section-boxed elementor-section-height-default elementor-section-height-default\" data-id=\"dc36f65\" data-element_type=\"section\" data-e-type=\"section\">\n\t\t\t\t\t\t<div class=\"elementor-container elementor-column-gap-default\">\n\t\t\t\t\t<div class=\"elementor-column elementor-col-50 elementor-top-column elementor-element elementor-element-1f0af72c\" data-id=\"1f0af72c\" data-element_type=\"column\" data-e-type=\"column\">\n\t\t\t<div class=\"elementor-widget-wrap elementor-element-populated\">\n\t\t\t\t\t\t<div class=\"elementor-element elementor-element-30e95849 elementor-widget elementor-widget-image\" data-id=\"30e95849\" data-element_type=\"widget\" data-e-type=\"widget\" data-widget_type=\"image.default\">\n\t\t\t\t<div class=\"elementor-widget-container\">\n\t\t\t\t\t\t\t\t\t\t\t\t\t\t\t\t<a href=\"https:\/\/www.parque-montroig.com\/alquiler\/apartamento-miami-playa-vila-romana-atico-capri-142990.html\">\n\t\t\t\t\t\t\t<img loading=\"lazy\" decoding=\"async\" width=\"1800\" height=\"1200\" src=\"https:\/\/www.parque-montroig.com\/blog\/wp-content\/uploads\/2024\/02\/vila-Romana-atico-capri.jpg\" class=\"attachment-full size-full wp-image-4423\" alt=\"\" srcset=\"https:\/\/www.parque-montroig.com\/blog\/wp-content\/uploads\/2024\/02\/vila-Romana-atico-capri.jpg 1800w, https:\/\/www.parque-montroig.com\/blog\/wp-content\/uploads\/2024\/02\/vila-Romana-atico-capri-768x512.jpg 768w, https:\/\/www.parque-montroig.com\/blog\/wp-content\/uploads\/2024\/02\/vila-Romana-atico-capri-1536x1024.jpg 1536w\" sizes=\"(max-width: 1800px) 100vw, 1800px\" \/>\t\t\t\t\t\t\t\t<\/a>\n\t\t\t\t\t\t\t\t\t\t\t\t\t\t\t<\/div>\n\t\t\t\t<\/div>\n\t\t\t\t\t<\/div>\n\t\t<\/div>\n\t\t\t\t<div class=\"elementor-column elementor-col-50 elementor-top-column elementor-element elementor-element-7a2c640b\" data-id=\"7a2c640b\" data-element_type=\"column\" data-e-type=\"column\">\n\t\t\t<div class=\"elementor-widget-wrap elementor-element-populated\">\n\t\t\t\t\t\t<div class=\"elementor-element elementor-element-1e378d6a elementor-widget elementor-widget-heading\" data-id=\"1e378d6a\" data-element_type=\"widget\" data-e-type=\"widget\" data-widget_type=\"heading.default\">\n\t\t\t\t<div class=\"elementor-widget-container\">\n\t\t\t\t\t<h3 class=\"elementor-heading-title elementor-size-default\">Vila Romana \u00e1tico Capri \n<\/h3>\t\t\t\t<\/div>\n\t\t\t\t<\/div>\n\t\t\t\t<section class=\"elementor-section elementor-inner-section elementor-element elementor-element-3d13c33b elementor-section-boxed elementor-section-height-default elementor-section-height-default\" data-id=\"3d13c33b\" data-element_type=\"section\" data-e-type=\"section\">\n\t\t\t\t\t\t<div class=\"elementor-container elementor-column-gap-default\">\n\t\t\t\t\t<div class=\"elementor-column elementor-col-50 elementor-inner-column elementor-element elementor-element-7bd9c5af elementor-hidden-mobile\" data-id=\"7bd9c5af\" data-element_type=\"column\" data-e-type=\"column\">\n\t\t\t<div class=\"elementor-widget-wrap elementor-element-populated\">\n\t\t\t\t\t\t<div class=\"elementor-element elementor-element-3954e68d elementor-view-default elementor-widget elementor-widget-icon\" data-id=\"3954e68d\" data-element_type=\"widget\" data-e-type=\"widget\" data-widget_type=\"icon.default\">\n\t\t\t\t<div class=\"elementor-widget-container\">\n\t\t\t\t\t\t\t<div class=\"elementor-icon-wrapper\">\n\t\t\t<div class=\"elementor-icon\">\n\t\t\t<i aria-hidden=\"true\" class=\"fas fa-map-pin\"><\/i>\t\t\t<\/div>\n\t\t<\/div>\n\t\t\t\t\t\t<\/div>\n\t\t\t\t<\/div>\n\t\t\t\t\t<\/div>\n\t\t<\/div>\n\t\t\t\t<div class=\"elementor-column elementor-col-50 elementor-inner-column elementor-element elementor-element-52d290af\" data-id=\"52d290af\" data-element_type=\"column\" data-e-type=\"column\">\n\t\t\t<div class=\"elementor-widget-wrap elementor-element-populated\">\n\t\t\t\t\t\t<div class=\"elementor-element elementor-element-359a327f elementor-widget elementor-widget-text-editor\" data-id=\"359a327f\" data-element_type=\"widget\" data-e-type=\"widget\" data-widget_type=\"text-editor.default\">\n\t\t\t\t<div class=\"elementor-widget-container\">\n\t\t\t\t\t\t\t\t\t<p>Miami Platja \/ Vila Romana<\/p>\t\t\t\t\t\t\t\t<\/div>\n\t\t\t\t<\/div>\n\t\t\t\t\t<\/div>\n\t\t<\/div>\n\t\t\t\t\t<\/div>\n\t\t<\/section>\n\t\t\t\t<div class=\"elementor-element elementor-element-244d8c1d elementor-widget elementor-widget-text-editor\" data-id=\"244d8c1d\" data-element_type=\"widget\" data-e-type=\"widget\" data-widget_type=\"text-editor.default\">\n\t\t\t\t<div class=\"elementor-widget-container\">\n\t\t\t\t\t\t\t\t\t<p>\u00a0<\/p><p><span style=\"font-weight: 400;\">Fant\u00e1stico apartamento vacacional en Miami Playa, con preciosas vistas al mar. El amplio apartamento tiene capacidad para 8 personas y est\u00e1 situado a unos 400 m de la playa.<\/span><\/p>\t\t\t\t\t\t\t\t<\/div>\n\t\t\t\t<\/div>\n\t\t\t\t<section class=\"elementor-section elementor-inner-section elementor-element elementor-element-5259edd8 elementor-section-boxed elementor-section-height-default elementor-section-height-default\" data-id=\"5259edd8\" data-element_type=\"section\" data-e-type=\"section\">\n\t\t\t\t\t\t<div class=\"elementor-container elementor-column-gap-default\">\n\t\t\t\t\t<div class=\"elementor-column elementor-col-50 elementor-inner-column elementor-element elementor-element-65da422\" data-id=\"65da422\" data-element_type=\"column\" data-e-type=\"column\">\n\t\t\t<div class=\"elementor-widget-wrap elementor-element-populated\">\n\t\t\t\t\t\t<div class=\"elementor-element elementor-element-4e2ab80a elementor-widget elementor-widget-text-editor\" data-id=\"4e2ab80a\" data-element_type=\"widget\" data-e-type=\"widget\" data-widget_type=\"text-editor.default\">\n\t\t\t\t<div class=\"elementor-widget-container\">\n\t\t\t\t\t\t\t\t\t<p><strong>Desde 100\u20ac\/noche<\/strong><\/p>\t\t\t\t\t\t\t\t<\/div>\n\t\t\t\t<\/div>\n\t\t\t\t\t<\/div>\n\t\t<\/div>\n\t\t\t\t<div class=\"elementor-column elementor-col-50 elementor-inner-column elementor-element elementor-element-6e94e2c8\" data-id=\"6e94e2c8\" data-element_type=\"column\" data-e-type=\"column\">\n\t\t\t<div class=\"elementor-widget-wrap elementor-element-populated\">\n\t\t\t\t\t\t<div class=\"elementor-element elementor-element-2960e6f2 elementor-align-left elementor-widget elementor-widget-button\" data-id=\"2960e6f2\" data-element_type=\"widget\" data-e-type=\"widget\" data-widget_type=\"button.default\">\n\t\t\t\t<div class=\"elementor-widget-container\">\n\t\t\t\t\t\t\t\t\t<div class=\"elementor-button-wrapper\">\n\t\t\t\t\t<a class=\"elementor-button elementor-button-link elementor-size-sm\" href=\"https:\/\/www.parque-montroig.com\/alquiler\/apartamento-miami-playa-vila-romana-atico-capri-142990.html\">\n\t\t\t\t\t\t<span class=\"elementor-button-content-wrapper\">\n\t\t\t\t\t\t\t\t\t<span class=\"elementor-button-text\">Ver alojamiento<\/span>\n\t\t\t\t\t<\/span>\n\t\t\t\t\t<\/a>\n\t\t\t\t<\/div>\n\t\t\t\t\t\t\t\t<\/div>\n\t\t\t\t<\/div>\n\t\t\t\t\t<\/div>\n\t\t<\/div>\n\t\t\t\t\t<\/div>\n\t\t<\/section>\n\t\t\t\t\t<\/div>\n\t\t<\/div>\n\t\t\t\t\t<\/div>\n\t\t<\/section>\n\t\t\t\t<section class=\"elementor-section elementor-top-section elementor-element elementor-element-33aaf1c elementor-section-boxed elementor-section-height-default elementor-section-height-default\" data-id=\"33aaf1c\" data-element_type=\"section\" data-e-type=\"section\">\n\t\t\t\t\t\t<div class=\"elementor-container elementor-column-gap-default\">\n\t\t\t\t\t<div class=\"elementor-column elementor-col-50 elementor-top-column elementor-element elementor-element-25d3863\" data-id=\"25d3863\" data-element_type=\"column\" data-e-type=\"column\">\n\t\t\t<div class=\"elementor-widget-wrap elementor-element-populated\">\n\t\t\t\t\t\t<div class=\"elementor-element elementor-element-51ff6e1 elementor-align-center elementor-widget elementor-widget-button\" data-id=\"51ff6e1\" data-element_type=\"widget\" data-e-type=\"widget\" data-widget_type=\"button.default\">\n\t\t\t\t<div class=\"elementor-widget-container\">\n\t\t\t\t\t\t\t\t\t<div class=\"elementor-button-wrapper\">\n\t\t\t\t\t<a class=\"elementor-button elementor-button-link elementor-size-sm\" href=\"https:\/\/www.parque-montroig.com\/alquiler\/alquileres-cambrils-d73\/\">\n\t\t\t\t\t\t<span class=\"elementor-button-content-wrapper\">\n\t\t\t\t\t\t\t\t\t<span class=\"elementor-button-text\">Alojamientos en Cambrils<\/span>\n\t\t\t\t\t<\/span>\n\t\t\t\t\t<\/a>\n\t\t\t\t<\/div>\n\t\t\t\t\t\t\t\t<\/div>\n\t\t\t\t<\/div>\n\t\t\t\t\t<\/div>\n\t\t<\/div>\n\t\t\t\t<div class=\"elementor-column elementor-col-50 elementor-top-column elementor-element elementor-element-3aecd7b\" data-id=\"3aecd7b\" data-element_type=\"column\" data-e-type=\"column\">\n\t\t\t<div class=\"elementor-widget-wrap elementor-element-populated\">\n\t\t\t\t\t\t<div class=\"elementor-element elementor-element-ae60721 elementor-align-center elementor-widget elementor-widget-button\" data-id=\"ae60721\" data-element_type=\"widget\" data-e-type=\"widget\" data-widget_type=\"button.default\">\n\t\t\t\t<div class=\"elementor-widget-container\">\n\t\t\t\t\t\t\t\t\t<div class=\"elementor-button-wrapper\">\n\t\t\t\t\t<a class=\"elementor-button elementor-button-link elementor-size-sm\" href=\"https:\/\/www.parque-montroig.com\/alquiler\/alquileres-miami-playa-d188\/\">\n\t\t\t\t\t\t<span class=\"elementor-button-content-wrapper\">\n\t\t\t\t\t\t\t\t\t<span class=\"elementor-button-text\">Alojamientos en Miami Platja<\/span>\n\t\t\t\t\t<\/span>\n\t\t\t\t\t<\/a>\n\t\t\t\t<\/div>\n\t\t\t\t\t\t\t\t<\/div>\n\t\t\t\t<\/div>\n\t\t\t\t\t<\/div>\n\t\t<\/div>\n\t\t\t\t\t<\/div>\n\t\t<\/section>\n\t\t\t\t<section class=\"elementor-section elementor-top-section elementor-element elementor-element-4f6970c0 elementor-section-boxed elementor-section-height-default elementor-section-height-default\" data-id=\"4f6970c0\" data-element_type=\"section\" data-e-type=\"section\">\n\t\t\t\t\t\t<div class=\"elementor-container elementor-column-gap-default\">\n\t\t\t\t\t<div class=\"elementor-column elementor-col-100 elementor-top-column elementor-element elementor-element-5f9ca111\" data-id=\"5f9ca111\" data-element_type=\"column\" data-e-type=\"column\">\n\t\t\t<div class=\"elementor-widget-wrap elementor-element-populated\">\n\t\t\t\t\t\t<div class=\"elementor-element elementor-element-2f285658 elementor-widget elementor-widget-heading\" data-id=\"2f285658\" data-element_type=\"widget\" data-e-type=\"widget\" data-widget_type=\"heading.default\">\n\t\t\t\t<div class=\"elementor-widget-container\">\n\t\t\t\t\t<h2 class=\"elementor-heading-title elementor-size-default\">Las mejores zonas de la Costa Dorada para Semana Santa \n\n<\/h2>\t\t\t\t<\/div>\n\t\t\t\t<\/div>\n\t\t\t\t<div class=\"elementor-element elementor-element-7c8eb081 elementor-widget elementor-widget-text-editor\" data-id=\"7c8eb081\" data-element_type=\"widget\" data-e-type=\"widget\" data-widget_type=\"text-editor.default\">\n\t\t\t\t<div class=\"elementor-widget-container\">\n\t\t\t\t\t\t\t\t\t<p><span style=\"font-weight: 400;\">Parque Montroig tiene m\u00e1s de 120 alojamientos vacacionales disponibles en la Costa Dorada.\u00a0<\/span><\/p><p><span style=\"font-weight: 400;\">Desde villas y casas con piscina hasta acogedores apartamentos junto a la playa. Si buscas una escapada perfecta tenemos lo que buscas.\u00a0<\/span><\/p><p><span style=\"font-weight: 400;\">En concreto te recomendamos estas zonas:\u00a0<\/span><\/p>\t\t\t\t\t\t\t\t<\/div>\n\t\t\t\t<\/div>\n\t\t\t\t<div class=\"elementor-element elementor-element-11bdfa55 elementor-widget elementor-widget-html\" data-id=\"11bdfa55\" data-element_type=\"widget\" data-e-type=\"widget\" data-widget_type=\"html.default\">\n\t\t\t\t<div class=\"elementor-widget-container\">\n\t\t\t\t\t<iframe src=\"https:\/\/www.google.com\/maps\/d\/embed?mid=1YvoAcf8WOs4irKr217m1z7836mGu0X4&ehbc=2E312F&noprof=1\" width=\"640\" height=\"480\"><\/iframe>\t\t\t\t<\/div>\n\t\t\t\t<\/div>\n\t\t\t\t\t<\/div>\n\t\t<\/div>\n\t\t\t\t\t<\/div>\n\t\t<\/section>\n\t\t\t\t<section class=\"elementor-section elementor-top-section elementor-element elementor-element-46b413b9 elementor-section-boxed elementor-section-height-default elementor-section-height-default\" data-id=\"46b413b9\" data-element_type=\"section\" data-e-type=\"section\">\n\t\t\t\t\t\t<div class=\"elementor-container elementor-column-gap-default\">\n\t\t\t\t\t<div class=\"elementor-column elementor-col-100 elementor-top-column elementor-element elementor-element-5b1f173\" data-id=\"5b1f173\" data-element_type=\"column\" data-e-type=\"column\">\n\t\t\t<div class=\"elementor-widget-wrap elementor-element-populated\">\n\t\t\t\t\t\t<div class=\"elementor-element elementor-element-386ed5c elementor-widget elementor-widget-heading\" data-id=\"386ed5c\" data-element_type=\"widget\" data-e-type=\"widget\" data-widget_type=\"heading.default\">\n\t\t\t\t<div class=\"elementor-widget-container\">\n\t\t\t\t\t<h3 class=\"elementor-heading-title elementor-size-default\">Cambrils <\/h3>\t\t\t\t<\/div>\n\t\t\t\t<\/div>\n\t\t\t\t<div class=\"elementor-element elementor-element-3a6d069e elementor-widget elementor-widget-text-editor\" data-id=\"3a6d069e\" data-element_type=\"widget\" data-e-type=\"widget\" data-widget_type=\"text-editor.default\">\n\t\t\t\t<div class=\"elementor-widget-container\">\n\t\t\t\t\t\t\t\t\t<p><span style=\"font-weight: 400;\"><a href=\"https:\/\/www.parque-montroig.com\/alquiler-de-apartamentos-en-miami-playa\/\">Cambrils<\/a> es un encantador pueblo marinero que combina a la perfecci\u00f3n su belleza costera con una rica tradici\u00f3n gastron\u00f3mica. Durante la Semana Santa, Cambrils ofrece un ambiente tranquilo y relajado, ideal para aquellos que buscan escapar del bullicio de la ciudad.\u00a0<\/span><\/p>\t\t\t\t\t\t\t\t<\/div>\n\t\t\t\t<\/div>\n\t\t\t\t\t<\/div>\n\t\t<\/div>\n\t\t\t\t\t<\/div>\n\t\t<\/section>\n\t\t\t\t<section class=\"elementor-section elementor-top-section elementor-element elementor-element-38d950ed elementor-section-boxed elementor-section-height-default elementor-section-height-default\" data-id=\"38d950ed\" data-element_type=\"section\" data-e-type=\"section\">\n\t\t\t\t\t\t<div class=\"elementor-container elementor-column-gap-default\">\n\t\t\t\t\t<div class=\"elementor-column elementor-col-100 elementor-top-column elementor-element elementor-element-e0252ed\" data-id=\"e0252ed\" data-element_type=\"column\" data-e-type=\"column\">\n\t\t\t<div class=\"elementor-widget-wrap elementor-element-populated\">\n\t\t\t\t\t\t<div class=\"elementor-element elementor-element-110b4a09 elementor-widget elementor-widget-heading\" data-id=\"110b4a09\" data-element_type=\"widget\" data-e-type=\"widget\" data-widget_type=\"heading.default\">\n\t\t\t\t<div class=\"elementor-widget-container\">\n\t\t\t\t\t<h3 class=\"elementor-heading-title elementor-size-default\">Miami Platja<\/h3>\t\t\t\t<\/div>\n\t\t\t\t<\/div>\n\t\t\t\t<div class=\"elementor-element elementor-element-c4559c2 elementor-widget elementor-widget-text-editor\" data-id=\"c4559c2\" data-element_type=\"widget\" data-e-type=\"widget\" data-widget_type=\"text-editor.default\">\n\t\t\t\t<div class=\"elementor-widget-container\">\n\t\t\t\t\t\t\t\t\t<p><span style=\"font-weight: 400;\"><a href=\"https:\/\/www.parque-montroig.com\/alquiler-de-apartamentos-en-miami-playa\/\">Miami Platja<\/a> es otro destino destacado en la Costa Dorada. Durante la Semana Santa, este enclave ofrece un ambiente tranquilo y apacible, perfecto para quienes desean desconectar y disfrutar de la belleza natural.\u00a0<\/span><\/p>\t\t\t\t\t\t\t\t<\/div>\n\t\t\t\t<\/div>\n\t\t\t\t\t<\/div>\n\t\t<\/div>\n\t\t\t\t\t<\/div>\n\t\t<\/section>\n\t\t\t\t<section class=\"elementor-section elementor-top-section elementor-element elementor-element-1a7fcebe elementor-section-boxed elementor-section-height-default elementor-section-height-default\" data-id=\"1a7fcebe\" data-element_type=\"section\" data-e-type=\"section\">\n\t\t\t\t\t\t<div class=\"elementor-container elementor-column-gap-default\">\n\t\t\t\t\t<div class=\"elementor-column elementor-col-100 elementor-top-column elementor-element elementor-element-6149b09b\" data-id=\"6149b09b\" data-element_type=\"column\" data-e-type=\"column\">\n\t\t\t<div class=\"elementor-widget-wrap elementor-element-populated\">\n\t\t\t\t\t\t<div class=\"elementor-element elementor-element-32bef75f elementor-widget elementor-widget-heading\" data-id=\"32bef75f\" data-element_type=\"widget\" data-e-type=\"widget\" data-widget_type=\"heading.default\">\n\t\t\t\t<div class=\"elementor-widget-container\">\n\t\t\t\t\t<h2 class=\"elementor-heading-title elementor-size-default\">El tiempo en Semana Santa en la Costa Dorada \n<\/h2>\t\t\t\t<\/div>\n\t\t\t\t<\/div>\n\t\t\t\t<div class=\"elementor-element elementor-element-684825b2 elementor-widget elementor-widget-text-editor\" data-id=\"684825b2\" data-element_type=\"widget\" data-e-type=\"widget\" data-widget_type=\"text-editor.default\">\n\t\t\t\t<div class=\"elementor-widget-container\">\n\t\t\t\t\t\t\t\t\t<p><span style=\"font-weight: 400;\">El clima durante Semana Santa en la Costa Dorada es t\u00edpicamente suave y agradable, lo que lo convierte en un momento perfecto para disfrutar de todas las actividades al aire libre que esta hermosa regi\u00f3n tiene para ofrecer.\u00a0<\/span><\/p><p><span style=\"font-weight: 400;\">Con temperaturas que suelen oscilar entre los 15\u00b0C y los 20\u00b0C, los d\u00edas son soleados y luminosos, ideales para explorar las playas, dar paseos por sus pueblos costeros o participar en emocionantes excursiones por la naturaleza.\u00a0<\/span><\/p><p><span style=\"font-weight: 400;\">Sin embargo, es importante tener en cuenta que las noches pueden ser frescas, por lo que se recomienda llevar alguna prenda de abrigo ligera.\u00a0<\/span><\/p><p><span style=\"font-weight: 400;\">En resumen, el clima durante Semana Santa en la Costa Dorada proporciona el escenario perfecto para disfrutar de unas vacaciones llenas de diversi\u00f3n y relax bajo el c\u00e1lido sol del Mediterr\u00e1neo.<\/span><\/p>\t\t\t\t\t\t\t\t<\/div>\n\t\t\t\t<\/div>\n\t\t\t\t\t<\/div>\n\t\t<\/div>\n\t\t\t\t\t<\/div>\n\t\t<\/section>\n\t\t\t\t<section class=\"elementor-section elementor-top-section elementor-element elementor-element-d1b35ab elementor-section-boxed elementor-section-height-default elementor-section-height-default\" data-id=\"d1b35ab\" data-element_type=\"section\" data-e-type=\"section\">\n\t\t\t\t\t\t<div class=\"elementor-container elementor-column-gap-default\">\n\t\t\t\t\t<div class=\"elementor-column elementor-col-50 elementor-top-column elementor-element elementor-element-1261bab\" data-id=\"1261bab\" data-element_type=\"column\" data-e-type=\"column\">\n\t\t\t<div class=\"elementor-widget-wrap elementor-element-populated\">\n\t\t\t\t\t\t<div class=\"elementor-element elementor-element-c91ca81 elementor-align-center elementor-widget elementor-widget-button\" data-id=\"c91ca81\" data-element_type=\"widget\" data-e-type=\"widget\" data-widget_type=\"button.default\">\n\t\t\t\t<div class=\"elementor-widget-container\">\n\t\t\t\t\t\t\t\t\t<div class=\"elementor-button-wrapper\">\n\t\t\t\t\t<a class=\"elementor-button elementor-button-link elementor-size-sm\" href=\"https:\/\/www.parque-montroig.com\/alquiler\/alquileres-cambrils-d73\/\">\n\t\t\t\t\t\t<span class=\"elementor-button-content-wrapper\">\n\t\t\t\t\t\t\t\t\t<span class=\"elementor-button-text\">Alojamientos en Cambrils<\/span>\n\t\t\t\t\t<\/span>\n\t\t\t\t\t<\/a>\n\t\t\t\t<\/div>\n\t\t\t\t\t\t\t\t<\/div>\n\t\t\t\t<\/div>\n\t\t\t\t\t<\/div>\n\t\t<\/div>\n\t\t\t\t<div class=\"elementor-column elementor-col-50 elementor-top-column elementor-element elementor-element-bbf6bcc\" data-id=\"bbf6bcc\" data-element_type=\"column\" data-e-type=\"column\">\n\t\t\t<div class=\"elementor-widget-wrap elementor-element-populated\">\n\t\t\t\t\t\t<div class=\"elementor-element elementor-element-9987f3d elementor-align-center elementor-widget elementor-widget-button\" data-id=\"9987f3d\" data-element_type=\"widget\" data-e-type=\"widget\" data-widget_type=\"button.default\">\n\t\t\t\t<div class=\"elementor-widget-container\">\n\t\t\t\t\t\t\t\t\t<div class=\"elementor-button-wrapper\">\n\t\t\t\t\t<a class=\"elementor-button elementor-button-link elementor-size-sm\" href=\"https:\/\/www.parque-montroig.com\/alquiler\/alquileres-miami-playa-d188\/\">\n\t\t\t\t\t\t<span class=\"elementor-button-content-wrapper\">\n\t\t\t\t\t\t\t\t\t<span class=\"elementor-button-text\">Alojamientos en Miami Platja<\/span>\n\t\t\t\t\t<\/span>\n\t\t\t\t\t<\/a>\n\t\t\t\t<\/div>\n\t\t\t\t\t\t\t\t<\/div>\n\t\t\t\t<\/div>\n\t\t\t\t\t<\/div>\n\t\t<\/div>\n\t\t\t\t\t<\/div>\n\t\t<\/section>\n\t\t\t\t<\/div>\n\t\t","protected":false},"excerpt":{"rendered":"<p>Descubre la escapada perfecta de Semana Santa en la Costa Dorada. Te recomendamos qu\u00e9 hacer, d\u00f3nde alojarte&#8230;<\/p>\n","protected":false},"author":3,"featured_media":4347,"comment_status":"open","ping_status":"closed","sticky":false,"template":"","format":"standard","meta":{"footnotes":""},"categories":[27],"tags":[122,91],"class_list":["post-4346","post","type-post","status-publish","format-standard","has-post-thumbnail","hentry","category-la-costa-dorada-en","tag-alquiler-vacacional-costa-dorada","tag-costa-dorada"],"_links":{"self":[{"href":"https:\/\/www.parque-montroig.com\/blog\/wp-json\/wp\/v2\/posts\/4346","targetHints":{"allow":["GET"]}}],"collection":[{"href":"https:\/\/www.parque-montroig.com\/blog\/wp-json\/wp\/v2\/posts"}],"about":[{"href":"https:\/\/www.parque-montroig.com\/blog\/wp-json\/wp\/v2\/types\/post"}],"author":[{"embeddable":true,"href":"https:\/\/www.parque-montroig.com\/blog\/wp-json\/wp\/v2\/users\/3"}],"replies":[{"embeddable":true,"href":"https:\/\/www.parque-montroig.com\/blog\/wp-json\/wp\/v2\/comments?post=4346"}],"version-history":[{"count":16,"href":"https:\/\/www.parque-montroig.com\/blog\/wp-json\/wp\/v2\/posts\/4346\/revisions"}],"predecessor-version":[{"id":4435,"href":"https:\/\/www.parque-montroig.com\/blog\/wp-json\/wp\/v2\/posts\/4346\/revisions\/4435"}],"wp:featuredmedia":[{"embeddable":true,"href":"https:\/\/www.parque-montroig.com\/blog\/wp-json\/wp\/v2\/media\/4347"}],"wp:attachment":[{"href":"https:\/\/www.parque-montroig.com\/blog\/wp-json\/wp\/v2\/media?parent=4346"}],"wp:term":[{"taxonomy":"category","embeddable":true,"href":"https:\/\/www.parque-montroig.com\/blog\/wp-json\/wp\/v2\/categories?post=4346"},{"taxonomy":"post_tag","embeddable":true,"href":"https:\/\/www.parque-montroig.com\/blog\/wp-json\/wp\/v2\/tags?post=4346"}],"curies":[{"name":"wp","href":"https:\/\/api.w.org\/{rel}","templated":true}]}}