{"id":4743,"date":"2024-06-13T17:17:34","date_gmt":"2024-06-13T15:17:34","guid":{"rendered":"https:\/\/www.parque-montroig.com\/blog\/?p=4743"},"modified":"2024-06-27T09:30:31","modified_gmt":"2024-06-27T07:30:31","slug":"playa-pixerota","status":"publish","type":"post","link":"https:\/\/www.parque-montroig.com\/blog\/playa-pixerota\/","title":{"rendered":"Ven a conocer la tranquila playa de la Pixerota"},"content":{"rendered":"\t\t<div data-elementor-type=\"wp-post\" data-elementor-id=\"4743\" class=\"elementor elementor-4743\" data-elementor-post-type=\"post\">\n\t\t\t\t\t\t<section class=\"elementor-section elementor-top-section elementor-element elementor-element-98144f6 elementor-section-boxed elementor-section-height-default elementor-section-height-default\" data-id=\"98144f6\" data-element_type=\"section\" data-e-type=\"section\">\n\t\t\t\t\t\t<div class=\"elementor-container elementor-column-gap-default\">\n\t\t\t\t\t<div class=\"elementor-column elementor-col-100 elementor-top-column elementor-element elementor-element-391d8818\" data-id=\"391d8818\" data-element_type=\"column\" data-e-type=\"column\">\n\t\t\t<div class=\"elementor-widget-wrap elementor-element-populated\">\n\t\t\t\t\t\t<div class=\"elementor-element elementor-element-6ae3cdc6 elementor-widget elementor-widget-heading\" data-id=\"6ae3cdc6\" data-element_type=\"widget\" data-e-type=\"widget\" data-widget_type=\"heading.default\">\n\t\t\t\t<div class=\"elementor-widget-container\">\n\t\t\t\t\t<h2 class=\"elementor-heading-title elementor-size-default\">Ven a conocer la tranquila playa de la Pixerota<\/h2>\t\t\t\t<\/div>\n\t\t\t\t<\/div>\n\t\t\t\t<div class=\"elementor-element elementor-element-1cbdfa6d elementor-widget elementor-widget-text-editor\" data-id=\"1cbdfa6d\" data-element_type=\"widget\" data-e-type=\"widget\" data-widget_type=\"text-editor.default\">\n\t\t\t\t<div class=\"elementor-widget-container\">\n\t\t\t\t\t\t\t\t\t<p style=\"font-weight: 400;\">La playa de la Pixerota, m\u00e1s conocida como \u00abplatja de la Pixerota\u00bb <strong>est\u00e1 ubicada en la Costa Dorada<\/strong>, a tan solo unos pocos kil\u00f3metros del n\u00facleo urbano de Mont-roig del Camp. La Pixerota <strong>se caracteriza por ser una playa pr\u00e1cticamente virgen y por tener un entorno natural, con dunas y vegetaci\u00f3n aut\u00f3ctona<\/strong> que enamora. Adem\u00e1s, tiene una buena extensi\u00f3n de arena fina y dorada y sus aguas est\u00e1n limpias y suelen ser tranquilas, lo que las hace adecuadas para el ba\u00f1o.<\/p><p style=\"font-weight: 400;\">\u00a1Te contamos m\u00e1s sobre ella y sobre qu\u00e9 hacer en sus alrededores para que te animes a conocerla!<\/p>\t\t\t\t\t\t\t\t<\/div>\n\t\t\t\t<\/div>\n\t\t\t\t\t<\/div>\n\t\t<\/div>\n\t\t\t\t\t<\/div>\n\t\t<\/section>\n\t\t\t\t<section class=\"elementor-section elementor-top-section elementor-element elementor-element-78d8073 elementor-section-boxed elementor-section-height-default elementor-section-height-default\" data-id=\"78d8073\" data-element_type=\"section\" data-e-type=\"section\">\n\t\t\t\t\t\t<div class=\"elementor-container elementor-column-gap-default\">\n\t\t\t\t\t<div class=\"elementor-column elementor-col-100 elementor-top-column elementor-element elementor-element-53e99f2\" data-id=\"53e99f2\" data-element_type=\"column\" data-e-type=\"column\">\n\t\t\t<div class=\"elementor-widget-wrap elementor-element-populated\">\n\t\t\t\t\t\t<div class=\"elementor-element elementor-element-b875b6b elementor-widget elementor-widget-heading\" data-id=\"b875b6b\" data-element_type=\"widget\" data-e-type=\"widget\" data-widget_type=\"heading.default\">\n\t\t\t\t<div class=\"elementor-widget-container\">\n\t\t\t\t\t<h2 class=\"elementor-heading-title elementor-size-default\">Qu\u00e9 ver en la platja de la Pixerota<\/h2>\t\t\t\t<\/div>\n\t\t\t\t<\/div>\n\t\t\t\t<div class=\"elementor-element elementor-element-e7522ce elementor-widget elementor-widget-text-editor\" data-id=\"e7522ce\" data-element_type=\"widget\" data-e-type=\"widget\" data-widget_type=\"text-editor.default\">\n\t\t\t\t<div class=\"elementor-widget-container\">\n\t\t\t\t\t\t\t\t\t<p style=\"font-weight: 400;\">Aunque es una playa natural, platja Pixerota cuenta con algunos servicios b\u00e1sicos como duchas y papeleras, pero no dispone de muchos bares y restaurantes. Esto contribuye a que sea un lugar m\u00e1s tranquilo, ideal para quienes disfrutan de actividades como el paseo, el <em>jogging<\/em> o simplemente de tomar el sol y leer un buen libro o revista.<\/p><p style=\"font-weight: 400;\">En las proximidades de la playa tienes much\u00edsimos puntos de inter\u00e9s que pueden completar tu visita a platja Pixerota. Uno de ellos es el <strong>Cam\u00ed de Ronda<\/strong>, <strong>un sendero costero que ofrece unas vistas espectaculares del mar Mediterr\u00e1neo<\/strong> y que puedes recorrer tanto caminando como en bici. Est\u00e1 repleto de calas escondidas y de paisajes impresionantes.<\/p><p style=\"font-weight: 400;\">Y por supuesto, <strong>conocer a fondo Mont-roig del Camp y visitar su centro hist\u00f3rico<\/strong>. Sus calles estrechas y pintorescas acogen puntos de inter\u00e9s como la <strong>Iglesia de Sant Miquel o la<\/strong> <strong>Ermita de la Mare de D\u00e9u de la Roca<\/strong>, un lugar de culto situado en una roca roja sobre Mont-roig del Camp. Aunque no seas cat\u00f3lico, este lugar ofrece unas vistas panor\u00e1micas incre\u00edbles de la regi\u00f3n que no te puedes perder.<\/p>\t\t\t\t\t\t\t\t<\/div>\n\t\t\t\t<\/div>\n\t\t\t\t\t<\/div>\n\t\t<\/div>\n\t\t\t\t\t<\/div>\n\t\t<\/section>\n\t\t\t\t<section class=\"elementor-section elementor-top-section elementor-element elementor-element-32ddd99 elementor-section-boxed elementor-section-height-default elementor-section-height-default\" data-id=\"32ddd99\" data-element_type=\"section\" data-e-type=\"section\">\n\t\t\t\t\t\t<div class=\"elementor-container elementor-column-gap-default\">\n\t\t\t\t\t<div class=\"elementor-column elementor-col-50 elementor-top-column elementor-element elementor-element-1badce4\" data-id=\"1badce4\" data-element_type=\"column\" data-e-type=\"column\">\n\t\t\t<div class=\"elementor-widget-wrap elementor-element-populated\">\n\t\t\t\t\t\t<div class=\"elementor-element elementor-element-2c3475f elementor-widget elementor-widget-text-editor\" data-id=\"2c3475f\" data-element_type=\"widget\" data-e-type=\"widget\" data-widget_type=\"text-editor.default\">\n\t\t\t\t<div class=\"elementor-widget-container\">\n\t\t\t\t\t\t\t\t\t<p style=\"font-weight: 400;\"><span style=\"background-color: transparent;\">Y si est\u00e1s buscando un poco m\u00e1s de emoci\u00f3n, el famoso parque tem\u00e1tico PortAventura est\u00e1 muy cerquita. Ofrece una amplia gama de atracciones y espect\u00e1culos para todas las edades.<\/span><\/p><p style=\"font-weight: 400;\"><strong>Tambi\u00e9n cerca de platja Pixerota est\u00e1 el <\/strong><a href=\"https:\/\/www.parque-montroig.com\/blog\/parc-sama-tarragona\/\"><strong>Parque Sam\u00e0<\/strong><\/a>, un jard\u00edn con una gran variedad de plantas y estanques de arquitectura modernista. Un lugar perfecto para pegarte un paseo tranquilo en un entorno natural cuidado con mucho mimo.<\/p><p style=\"font-weight: 400;\">Y ya en el Parque Sam\u00e0, no tienes excusa para no pasarte por <strong>Cambrils<\/strong>, un encantador y fotog\u00e9nico pueblo pesquero muy conocido por su gastronom\u00eda, concretamente por sus mariscos y pescados.<\/p>\t\t\t\t\t\t\t\t<\/div>\n\t\t\t\t<\/div>\n\t\t\t\t\t<\/div>\n\t\t<\/div>\n\t\t\t\t<div class=\"elementor-column elementor-col-50 elementor-top-column elementor-element elementor-element-b67c99b\" data-id=\"b67c99b\" data-element_type=\"column\" data-e-type=\"column\">\n\t\t\t<div class=\"elementor-widget-wrap elementor-element-populated\">\n\t\t\t\t\t\t<div class=\"elementor-element elementor-element-67db1d8 elementor-widget elementor-widget-image\" data-id=\"67db1d8\" data-element_type=\"widget\" data-e-type=\"widget\" data-widget_type=\"image.default\">\n\t\t\t\t<div class=\"elementor-widget-container\">\n\t\t\t\t\t\t\t\t\t\t\t\t\t\t\t<img fetchpriority=\"high\" decoding=\"async\" width=\"751\" height=\"430\" src=\"https:\/\/www.parque-montroig.com\/blog\/wp-content\/uploads\/2024\/06\/playa-pixerota-miami-playa-751x430.jpg\" class=\"attachment-post size-post wp-image-4757\" alt=\"playa-pixerota-miami-playa\" \/>\t\t\t\t\t\t\t\t\t\t\t\t\t\t\t<\/div>\n\t\t\t\t<\/div>\n\t\t\t\t\t<\/div>\n\t\t<\/div>\n\t\t\t\t\t<\/div>\n\t\t<\/section>\n\t\t\t\t<section class=\"elementor-section elementor-top-section elementor-element elementor-element-593c74f elementor-section-boxed elementor-section-height-default elementor-section-height-default\" data-id=\"593c74f\" data-element_type=\"section\" data-e-type=\"section\">\n\t\t\t\t\t\t<div class=\"elementor-container elementor-column-gap-default\">\n\t\t\t\t\t<div class=\"elementor-column elementor-col-100 elementor-top-column elementor-element elementor-element-8386963\" data-id=\"8386963\" data-element_type=\"column\" data-e-type=\"column\">\n\t\t\t<div class=\"elementor-widget-wrap elementor-element-populated\">\n\t\t\t\t\t\t<div class=\"elementor-element elementor-element-a564678 elementor-widget elementor-widget-heading\" data-id=\"a564678\" data-element_type=\"widget\" data-e-type=\"widget\" data-widget_type=\"heading.default\">\n\t\t\t\t<div class=\"elementor-widget-container\">\n\t\t\t\t\t<h2 class=\"elementor-heading-title elementor-size-default\">Eventos y festividades que tampoco te puedes perder cerca de platja Pixerota<\/h2>\t\t\t\t<\/div>\n\t\t\t\t<\/div>\n\t\t\t\t<div class=\"elementor-element elementor-element-05154c5 elementor-widget elementor-widget-text-editor\" data-id=\"05154c5\" data-element_type=\"widget\" data-e-type=\"widget\" data-widget_type=\"text-editor.default\">\n\t\t\t\t<div class=\"elementor-widget-container\">\n\t\t\t\t\t\t\t\t\t<p style=\"font-weight: 400;\">Cerca de platja Pixerota<strong> hay multitud de fiestas locales<\/strong> <strong>y tambi\u00e9n infinidad de mercadillos y ferias <\/strong>para que puedas completar tus d\u00edas de playa y hacerte con productos locales, artesan\u00edas y disfrutar de la gastronom\u00eda t\u00edpica.<\/p><p style=\"font-weight: 400;\">Las fiestas m\u00e1s destacadas en Mont-roig del Camp son la Fiesta Mayor de Sant Miquel, en septiembre, la Fiesta de Sant Antoni, en enero, y la Fiesta de la Virgen de la Roca, tambi\u00e9n en septiembre. Todas ellas incluyen <strong>procesiones, misas, conciertos, actividades culturales, fuegos artificiales, concursos y mucho m\u00e1s.<\/strong> Y si te parecen pocas, a escasos kil\u00f3metros, en Cambrils, se celebran tambi\u00e9n varias como la Fiesta Mayor de la Mare de D\u00e9u del Cam\u00ed en septiembre o la Fiesta de Sant Pere en junio.<\/p>\t\t\t\t\t\t\t\t<\/div>\n\t\t\t\t<\/div>\n\t\t\t\t\t<\/div>\n\t\t<\/div>\n\t\t\t\t\t<\/div>\n\t\t<\/section>\n\t\t\t\t<section class=\"elementor-section elementor-top-section elementor-element elementor-element-9bd9611 elementor-section-boxed elementor-section-height-default elementor-section-height-default\" data-id=\"9bd9611\" data-element_type=\"section\" data-e-type=\"section\">\n\t\t\t\t\t\t<div class=\"elementor-container elementor-column-gap-default\">\n\t\t\t\t\t<div class=\"elementor-column elementor-col-100 elementor-top-column elementor-element elementor-element-8be808b\" data-id=\"8be808b\" data-element_type=\"column\" data-e-type=\"column\">\n\t\t\t<div class=\"elementor-widget-wrap elementor-element-populated\">\n\t\t\t\t\t\t<div class=\"elementor-element elementor-element-6168714 elementor-widget elementor-widget-image\" data-id=\"6168714\" data-element_type=\"widget\" data-e-type=\"widget\" data-widget_type=\"image.default\">\n\t\t\t\t<div class=\"elementor-widget-container\">\n\t\t\t\t\t\t\t\t\t\t\t\t\t\t\t<img decoding=\"async\" width=\"1400\" height=\"788\" src=\"https:\/\/www.parque-montroig.com\/blog\/wp-content\/uploads\/2024\/06\/playa-pixerota-costa-dorada.jpg\" class=\"attachment-full size-full wp-image-4761\" alt=\"playa-pixerota-costa-dorada\" srcset=\"https:\/\/www.parque-montroig.com\/blog\/wp-content\/uploads\/2024\/06\/playa-pixerota-costa-dorada.jpg 1400w, https:\/\/www.parque-montroig.com\/blog\/wp-content\/uploads\/2024\/06\/playa-pixerota-costa-dorada-768x432.jpg 768w\" sizes=\"(max-width: 1400px) 100vw, 1400px\" \/>\t\t\t\t\t\t\t\t\t\t\t\t\t\t\t<\/div>\n\t\t\t\t<\/div>\n\t\t\t\t\t<\/div>\n\t\t<\/div>\n\t\t\t\t\t<\/div>\n\t\t<\/section>\n\t\t\t\t<section class=\"elementor-section elementor-top-section elementor-element elementor-element-00af0c7 elementor-section-boxed elementor-section-height-default elementor-section-height-default\" data-id=\"00af0c7\" data-element_type=\"section\" data-e-type=\"section\">\n\t\t\t\t\t\t<div class=\"elementor-container elementor-column-gap-default\">\n\t\t\t\t\t<div class=\"elementor-column elementor-col-100 elementor-top-column elementor-element elementor-element-2f5cee9\" data-id=\"2f5cee9\" data-element_type=\"column\" data-e-type=\"column\">\n\t\t\t<div class=\"elementor-widget-wrap elementor-element-populated\">\n\t\t\t\t\t\t<div class=\"elementor-element elementor-element-7c0d248 elementor-widget elementor-widget-heading\" data-id=\"7c0d248\" data-element_type=\"widget\" data-e-type=\"widget\" data-widget_type=\"heading.default\">\n\t\t\t\t<div class=\"elementor-widget-container\">\n\t\t\t\t\t<h2 class=\"elementor-heading-title elementor-size-default\">Mil y una actividades que hacer en platja Pixerota<\/h2>\t\t\t\t<\/div>\n\t\t\t\t<\/div>\n\t\t\t\t<div class=\"elementor-element elementor-element-f71e0ef elementor-widget elementor-widget-text-editor\" data-id=\"f71e0ef\" data-element_type=\"widget\" data-e-type=\"widget\" data-widget_type=\"text-editor.default\">\n\t\t\t\t<div class=\"elementor-widget-container\">\n\t\t\t\t\t\t\t\t\t<p style=\"font-weight: 400;\">La playa de la Pixerota ofrece una gran variedad de actividades a pesar de ser un entorno muy tranquilo y natural. <strong>Adem\u00e1s de tomar el sol y pegarte un ba\u00f1o, puedes darte un paseo por la orilla o hacer ejercicio<\/strong>; ya sea correr, practicar yoga o hacer otras actividades f\u00edsicas en la arena como <strong>jugar a las palas, al voleibol, al <em>frisbee<\/em> o construir castillos de arena.<\/strong><\/p><p style=\"font-weight: 400;\">Dentro del agua se anima la cosa. Puedes disfrutar de hacer <strong><em>snorkel<\/em><\/strong> y explorar la inmensa vida marina que guarda la playa de la Pixerota. Eso s\u00ed, tendr\u00e1s que llevarte tu propio equipo. <strong>Tambi\u00e9n podr\u00e1s pescar o hacer <em>paddle surf<\/em><\/strong>.<\/p><p style=\"font-weight: 400;\">Y cuando caiga el sol, saca tu c\u00e1mara e intenta capturar la belleza del lugar. Da igual si eres amante de la fotograf\u00eda o no, platja Pixerota conseguir\u00e1 que quieras llevarte un recuerdo de sus puestas de sol.<\/p><p style=\"font-weight: 400;\">Si aun as\u00ed te parecen pocas actividades, en los alrededores de la playa de la Pixerota, tambi\u00e9n tienes unas <strong>rutas senderistas incre\u00edbles, infinidad de campos de Golf<\/strong> \u2014para aficionados y tambi\u00e9n para principiantes\u2014 <strong>y la posibilidad de hacerte una ruta en BTT<\/strong>, con senderos que atraviesan paisajes que no podr\u00e1s recorrer de otra manera.<\/p>\t\t\t\t\t\t\t\t<\/div>\n\t\t\t\t<\/div>\n\t\t\t\t\t<\/div>\n\t\t<\/div>\n\t\t\t\t\t<\/div>\n\t\t<\/section>\n\t\t\t\t<section class=\"elementor-section elementor-top-section elementor-element elementor-element-84c5289 elementor-section-boxed elementor-section-height-default elementor-section-height-default\" data-id=\"84c5289\" data-element_type=\"section\" data-e-type=\"section\">\n\t\t\t\t\t\t<div class=\"elementor-container elementor-column-gap-default\">\n\t\t\t\t\t<div class=\"elementor-column elementor-col-100 elementor-top-column elementor-element elementor-element-0a29efe\" data-id=\"0a29efe\" data-element_type=\"column\" data-e-type=\"column\">\n\t\t\t<div class=\"elementor-widget-wrap elementor-element-populated\">\n\t\t\t\t\t\t<div class=\"elementor-element elementor-element-55d6248 elementor-widget elementor-widget-heading\" data-id=\"55d6248\" data-element_type=\"widget\" data-e-type=\"widget\" data-widget_type=\"heading.default\">\n\t\t\t\t<div class=\"elementor-widget-container\">\n\t\t\t\t\t<h2 class=\"elementor-heading-title elementor-size-default\">Y, \u00bfcu\u00e1l es la mejor \u00e9poca para venir a la platja de la Pixerota?<\/h2>\t\t\t\t<\/div>\n\t\t\t\t<\/div>\n\t\t\t\t<div class=\"elementor-element elementor-element-44af54f elementor-widget elementor-widget-text-editor\" data-id=\"44af54f\" data-element_type=\"widget\" data-e-type=\"widget\" data-widget_type=\"text-editor.default\">\n\t\t\t\t<div class=\"elementor-widget-container\">\n\t\t\t\t\t\t\t\t\t<p style=\"font-weight: 400;\">Pues eso depender\u00e1 mucho de tus gustos. Aunque sin duda, <strong>las \u00e9pocas preferidas para visitar la playa de la Pixerota son la primavera y el verano.<\/strong><\/p><p style=\"font-weight: 400;\">En primavera, de marzo a junio, las temperaturas son suaves. No bajan de los 15\u00b0 y tampoco superan los 25\u00b0. Adem\u00e1s, <strong>los d\u00edas son mucho m\u00e1s largos<\/strong> que en invierno, lo que hace que puedas disfrutar de m\u00e1s horas de luz. Aunque lo mejor de todo es que en primavera <strong>el n\u00famero de visitantes se reduce<\/strong>; hay muchos menos turistas que en verano.<\/p><p style=\"font-weight: 400;\">Sin embargo, a pesar de que la frecuenta m\u00e1s gente, <strong>la mejor \u00e9poca para venir a la platja de la Pixerota es el verano<\/strong>, de junio a septiembre. El clima, caluroso y soleado, con temperaturas que pueden alcanzar los 30\u00b0 o m\u00e1s, hacen que el agua del mar tambi\u00e9n est\u00e9 m\u00e1s c\u00e1lida y que ba\u00f1arse sea m\u00e1s apetecible. Adem\u00e1s, <strong>muchas de las fiestas que te hemos contado antes se celebran en verano<\/strong>, lo que puede a\u00f1adir un plus a tu visita.<\/p><p style=\"font-weight: 400;\"><strong>En oto\u00f1o e invierno el clima sigue siendo agradable aunque bastante m\u00e1s fresco<\/strong>. En septiembre y octubre quiz\u00e1 puedas disfrutar todav\u00eda de la playa para tomar el sol y darte un chapuz\u00f3n. Despu\u00e9s, puedes pasear, observar la naturaleza y solo si eres muy atrevido, ba\u00f1arte.<\/p>\t\t\t\t\t\t\t\t<\/div>\n\t\t\t\t<\/div>\n\t\t\t\t\t<\/div>\n\t\t<\/div>\n\t\t\t\t\t<\/div>\n\t\t<\/section>\n\t\t\t\t<section class=\"elementor-section elementor-top-section elementor-element elementor-element-9786505 elementor-section-boxed elementor-section-height-default elementor-section-height-default\" data-id=\"9786505\" data-element_type=\"section\" data-e-type=\"section\">\n\t\t\t\t\t\t<div class=\"elementor-container elementor-column-gap-default\">\n\t\t\t\t\t<div class=\"elementor-column elementor-col-100 elementor-top-column elementor-element elementor-element-5871015\" data-id=\"5871015\" data-element_type=\"column\" data-e-type=\"column\">\n\t\t\t<div class=\"elementor-widget-wrap elementor-element-populated\">\n\t\t\t\t\t\t<div class=\"elementor-element elementor-element-8a64971 elementor-widget elementor-widget-video\" data-id=\"8a64971\" data-element_type=\"widget\" data-e-type=\"widget\" data-settings=\"{&quot;youtube_url&quot;:&quot;https:\\\/\\\/www.youtube.com\\\/watch?app=desktop&amp;v=_aHzP9XdR_Y&quot;,&quot;video_type&quot;:&quot;youtube&quot;,&quot;controls&quot;:&quot;yes&quot;}\" data-widget_type=\"video.default\">\n\t\t\t\t<div class=\"elementor-widget-container\">\n\t\t\t\t\t\t\t<div class=\"elementor-wrapper elementor-open-inline\">\n\t\t\t<div class=\"elementor-video\"><\/div>\t\t<\/div>\n\t\t\t\t\t\t<\/div>\n\t\t\t\t<\/div>\n\t\t\t\t\t<\/div>\n\t\t<\/div>\n\t\t\t\t\t<\/div>\n\t\t<\/section>\n\t\t\t\t<section class=\"elementor-section elementor-top-section elementor-element elementor-element-38451839 elementor-section-boxed elementor-section-height-default elementor-section-height-default\" data-id=\"38451839\" data-element_type=\"section\" data-e-type=\"section\">\n\t\t\t\t\t\t<div class=\"elementor-container elementor-column-gap-default\">\n\t\t\t\t\t<div class=\"elementor-column elementor-col-100 elementor-top-column elementor-element elementor-element-2ae94acd\" data-id=\"2ae94acd\" data-element_type=\"column\" data-e-type=\"column\">\n\t\t\t<div class=\"elementor-widget-wrap elementor-element-populated\">\n\t\t\t\t\t\t<div class=\"elementor-element elementor-element-74bb061c elementor-widget elementor-widget-heading\" data-id=\"74bb061c\" data-element_type=\"widget\" data-e-type=\"widget\" data-widget_type=\"heading.default\">\n\t\t\t\t<div class=\"elementor-widget-container\">\n\t\t\t\t\t<h2 class=\"elementor-heading-title elementor-size-default\">Ven a descubrir la belleza de platja Pixerota<\/h2>\t\t\t\t<\/div>\n\t\t\t\t<\/div>\n\t\t\t\t<div class=\"elementor-element elementor-element-449898c2 elementor-widget elementor-widget-text-editor\" data-id=\"449898c2\" data-element_type=\"widget\" data-e-type=\"widget\" data-widget_type=\"text-editor.default\">\n\t\t\t\t<div class=\"elementor-widget-container\">\n\t\t\t\t\t\t\t\t\t<p style=\"font-weight: 400;\">\u00bfBuscas un destino tranquilo y lleno de encanto en la Costa Dorada para pasar tus vacaciones? \u00a1Pues ya lo tienes! <strong>La playa de la Pixerota te espera con su arena dorada, sus aguas cristalinas y su entorno natural pr\u00e1cticamente virgen.<\/strong> Ven y disfruta de largas caminatas por la orilla, de d\u00edas soleados y atardeceres inolvidables.<\/p><p style=\"font-weight: 400;\">Aunque todav\u00eda hay algo m\u00e1s c\u00f3modo y acogedor que la playa de la Pixerota: nuestros alojamientos. Est\u00e1n dise\u00f1ados para brindarte la m\u00e1xima comodidad y lo mejor de todo es que, desde cualquiera de ellos, podr\u00e1s explorar las maravillas de Mont-roig del Camp y de Cambrils para descubrir a fondo la regi\u00f3n. Solo tienes que buscar y reservar tu alojamiento <a href=\"https:\/\/www.parque-montroig.com\/alquiler\/alquileres-mont-roig-del-camp-d235\/vista-cuadricula\/\">aqu\u00ed<\/a> y venir a disfrutar de la playa de la Pixerota y de todo lo que tiene para ofrecerte su entorno.<\/p>\t\t\t\t\t\t\t\t<\/div>\n\t\t\t\t<\/div>\n\t\t\t\t\t<\/div>\n\t\t<\/div>\n\t\t\t\t\t<\/div>\n\t\t<\/section>\n\t\t\t\t<section class=\"elementor-section elementor-top-section elementor-element elementor-element-188273c4 elementor-section-boxed elementor-section-height-default elementor-section-height-default\" data-id=\"188273c4\" data-element_type=\"section\" data-e-type=\"section\">\n\t\t\t\t\t\t<div class=\"elementor-container elementor-column-gap-default\">\n\t\t\t\t\t<div class=\"elementor-column elementor-col-50 elementor-top-column elementor-element elementor-element-1d885e4f\" data-id=\"1d885e4f\" data-element_type=\"column\" data-e-type=\"column\">\n\t\t\t<div class=\"elementor-widget-wrap elementor-element-populated\">\n\t\t\t\t\t\t<div class=\"elementor-element elementor-element-41bf6811 elementor-align-center elementor-widget elementor-widget-button\" data-id=\"41bf6811\" data-element_type=\"widget\" data-e-type=\"widget\" data-widget_type=\"button.default\">\n\t\t\t\t<div class=\"elementor-widget-container\">\n\t\t\t\t\t\t\t\t\t<div class=\"elementor-button-wrapper\">\n\t\t\t\t\t<a class=\"elementor-button elementor-button-link elementor-size-sm\" href=\"https:\/\/www.parque-montroig.com\/alquiler\/alquileres-cambrils-d73\/\">\n\t\t\t\t\t\t<span class=\"elementor-button-content-wrapper\">\n\t\t\t\t\t\t\t\t\t<span class=\"elementor-button-text\">Alojamientos en Cambrils<\/span>\n\t\t\t\t\t<\/span>\n\t\t\t\t\t<\/a>\n\t\t\t\t<\/div>\n\t\t\t\t\t\t\t\t<\/div>\n\t\t\t\t<\/div>\n\t\t\t\t\t<\/div>\n\t\t<\/div>\n\t\t\t\t<div class=\"elementor-column elementor-col-50 elementor-top-column elementor-element elementor-element-de32300\" data-id=\"de32300\" data-element_type=\"column\" data-e-type=\"column\">\n\t\t\t<div class=\"elementor-widget-wrap elementor-element-populated\">\n\t\t\t\t\t\t<div class=\"elementor-element elementor-element-6ad0401 elementor-align-center elementor-widget elementor-widget-button\" data-id=\"6ad0401\" data-element_type=\"widget\" data-e-type=\"widget\" data-widget_type=\"button.default\">\n\t\t\t\t<div class=\"elementor-widget-container\">\n\t\t\t\t\t\t\t\t\t<div class=\"elementor-button-wrapper\">\n\t\t\t\t\t<a class=\"elementor-button elementor-button-link elementor-size-sm\" href=\"https:\/\/www.parque-montroig.com\/alquiler\/alquileres-miami-playa-d188\/\">\n\t\t\t\t\t\t<span class=\"elementor-button-content-wrapper\">\n\t\t\t\t\t\t\t\t\t<span class=\"elementor-button-text\">Alojamientos en Miami Platja<\/span>\n\t\t\t\t\t<\/span>\n\t\t\t\t\t<\/a>\n\t\t\t\t<\/div>\n\t\t\t\t\t\t\t\t<\/div>\n\t\t\t\t<\/div>\n\t\t\t\t\t<\/div>\n\t\t<\/div>\n\t\t\t\t\t<\/div>\n\t\t<\/section>\n\t\t\t\t<\/div>\n\t\t","protected":false},"excerpt":{"rendered":"<p>Ven a conocer la tranquila playa de la Pixerota La playa de la Pixerota, m\u00e1s conocida como \u00abplatja de la&#8230;<\/p>\n","protected":false},"author":7,"featured_media":4770,"comment_status":"open","ping_status":"closed","sticky":false,"template":"","format":"standard","meta":{"footnotes":""},"categories":[8],"tags":[],"class_list":["post-4743","post","type-post","status-publish","format-standard","has-post-thumbnail","hentry","category-la-costa-dorada"],"_links":{"self":[{"href":"https:\/\/www.parque-montroig.com\/blog\/wp-json\/wp\/v2\/posts\/4743","targetHints":{"allow":["GET"]}}],"collection":[{"href":"https:\/\/www.parque-montroig.com\/blog\/wp-json\/wp\/v2\/posts"}],"about":[{"href":"https:\/\/www.parque-montroig.com\/blog\/wp-json\/wp\/v2\/types\/post"}],"author":[{"embeddable":true,"href":"https:\/\/www.parque-montroig.com\/blog\/wp-json\/wp\/v2\/users\/7"}],"replies":[{"embeddable":true,"href":"https:\/\/www.parque-montroig.com\/blog\/wp-json\/wp\/v2\/comments?post=4743"}],"version-history":[{"count":19,"href":"https:\/\/www.parque-montroig.com\/blog\/wp-json\/wp\/v2\/posts\/4743\/revisions"}],"predecessor-version":[{"id":4857,"href":"https:\/\/www.parque-montroig.com\/blog\/wp-json\/wp\/v2\/posts\/4743\/revisions\/4857"}],"wp:featuredmedia":[{"embeddable":true,"href":"https:\/\/www.parque-montroig.com\/blog\/wp-json\/wp\/v2\/media\/4770"}],"wp:attachment":[{"href":"https:\/\/www.parque-montroig.com\/blog\/wp-json\/wp\/v2\/media?parent=4743"}],"wp:term":[{"taxonomy":"category","embeddable":true,"href":"https:\/\/www.parque-montroig.com\/blog\/wp-json\/wp\/v2\/categories?post=4743"},{"taxonomy":"post_tag","embeddable":true,"href":"https:\/\/www.parque-montroig.com\/blog\/wp-json\/wp\/v2\/tags?post=4743"}],"curies":[{"name":"wp","href":"https:\/\/api.w.org\/{rel}","templated":true}]}}