{"id":4893,"date":"2024-12-16T16:52:39","date_gmt":"2024-12-16T15:52:39","guid":{"rendered":"https:\/\/www.parque-montroig.com\/blog\/?p=4893"},"modified":"2024-12-23T12:35:20","modified_gmt":"2024-12-23T11:35:20","slug":"alojamientos-para-largas-estancias-en-la-costa-dorada-descubre-nuestras-ofertas-especiales","status":"publish","type":"post","link":"https:\/\/www.parque-montroig.com\/blog\/alojamientos-para-largas-estancias-en-la-costa-dorada-descubre-nuestras-ofertas-especiales\/","title":{"rendered":"Alojamientos para largas estancias en la Costa Dorada: Descubre nuestras ofertas especiales"},"content":{"rendered":"\t\t<div data-elementor-type=\"wp-post\" data-elementor-id=\"4893\" class=\"elementor elementor-4893\" data-elementor-post-type=\"post\">\n\t\t\t\t\t\t<section class=\"elementor-section elementor-top-section elementor-element elementor-element-44130cd elementor-section-boxed elementor-section-height-default elementor-section-height-default\" data-id=\"44130cd\" data-element_type=\"section\" data-e-type=\"section\">\n\t\t\t\t\t\t<div class=\"elementor-container elementor-column-gap-default\">\n\t\t\t\t\t<div class=\"elementor-column elementor-col-100 elementor-top-column elementor-element elementor-element-82ee1ae\" data-id=\"82ee1ae\" data-element_type=\"column\" data-e-type=\"column\">\n\t\t\t<div class=\"elementor-widget-wrap elementor-element-populated\">\n\t\t\t\t\t\t<div class=\"elementor-element elementor-element-83d0c54 elementor-widget elementor-widget-text-editor\" data-id=\"83d0c54\" data-element_type=\"widget\" data-e-type=\"widget\" data-widget_type=\"text-editor.default\">\n\t\t\t\t<div class=\"elementor-widget-container\">\n\t\t\t\t\t\t\t\t\t<p><span style=\"font-weight: 400;\">\u00bfEst\u00e1s buscando un lugar donde desconectar durante un tiempo? En Parc Montroig, ofrecemos alojamientos pensados para largas estancias en la Costa Dorada.\u00a0<\/span><\/p><p><span style=\"font-weight: 400;\">Ya sea que trabajes en remoto, necesites un retiro prolongado o simplemente quieras disfrutar del estilo de vida mediterr\u00e1neo, contamos con ofertas especiales dise\u00f1adas para que aproveches al m\u00e1ximo tu estancia.<\/span><\/p>\t\t\t\t\t\t\t\t<\/div>\n\t\t\t\t<\/div>\n\t\t\t\t\t<\/div>\n\t\t<\/div>\n\t\t\t\t\t<\/div>\n\t\t<\/section>\n\t\t\t\t<section class=\"elementor-section elementor-top-section elementor-element elementor-element-baf065a elementor-section-boxed elementor-section-height-default elementor-section-height-default\" data-id=\"baf065a\" data-element_type=\"section\" data-e-type=\"section\">\n\t\t\t\t\t\t<div class=\"elementor-container elementor-column-gap-default\">\n\t\t\t\t\t<div class=\"elementor-column elementor-col-100 elementor-top-column elementor-element elementor-element-1647bf9\" data-id=\"1647bf9\" data-element_type=\"column\" data-e-type=\"column\">\n\t\t\t<div class=\"elementor-widget-wrap elementor-element-populated\">\n\t\t\t\t\t\t<div class=\"elementor-element elementor-element-adb989a elementor-widget elementor-widget-heading\" data-id=\"adb989a\" data-element_type=\"widget\" data-e-type=\"widget\" data-widget_type=\"heading.default\">\n\t\t\t\t<div class=\"elementor-widget-container\">\n\t\t\t\t\t<h2 class=\"elementor-heading-title elementor-size-default\">Disfruta de la Costa Dorada a tu ritmo<\/h2>\t\t\t\t<\/div>\n\t\t\t\t<\/div>\n\t\t\t\t\t<\/div>\n\t\t<\/div>\n\t\t\t\t\t<\/div>\n\t\t<\/section>\n\t\t\t\t<section class=\"elementor-section elementor-top-section elementor-element elementor-element-93cf3fd elementor-section-boxed elementor-section-height-default elementor-section-height-default\" data-id=\"93cf3fd\" data-element_type=\"section\" data-e-type=\"section\">\n\t\t\t\t\t\t<div class=\"elementor-container elementor-column-gap-default\">\n\t\t\t\t\t<div class=\"elementor-column elementor-col-100 elementor-top-column elementor-element elementor-element-7b3bfad\" data-id=\"7b3bfad\" data-element_type=\"column\" data-e-type=\"column\">\n\t\t\t<div class=\"elementor-widget-wrap elementor-element-populated\">\n\t\t\t\t\t\t<div class=\"elementor-element elementor-element-67f68d9 elementor-widget elementor-widget-text-editor\" data-id=\"67f68d9\" data-element_type=\"widget\" data-e-type=\"widget\" data-widget_type=\"text-editor.default\">\n\t\t\t\t<div class=\"elementor-widget-container\">\n\t\t\t\t\t\t\t\t\t<p><span style=\"font-weight: 400;\">La Costa Dorada es un destino que invita a tomarse la vida con calma y disfrutar de cada momento. Optar por una larga estancia en esta regi\u00f3n significa sumergirse en su estilo de vida mediterr\u00e1neo, explorando sus paisajes, tradiciones y rincones m\u00e1s especiales sin prisas.<\/span><\/p><p><span style=\"font-weight: 400;\">Con una estancia prolongada, tendr\u00e1s la oportunidad de descubrir sus playas m\u00e1s tranquilas fuera de la temporada alta, pasear por los pintorescos cascos antiguos de localidades como Cambrils o disfrutar de rutas naturales en las cercan\u00edas de Miami Platja. Adem\u00e1s, la Costa Dorada ofrece una oferta gastron\u00f3mica que merece ser explorada a fondo, con restaurantes y mercados locales donde degustar la aut\u00e9ntica cocina mediterr\u00e1nea.<\/span><\/p><p><span style=\"font-weight: 400;\">El clima suave durante gran parte del a\u00f1o hace que la Costa Dorada sea ideal para largas estancias, incluso en invierno. Podr\u00e1s disfrutar de actividades al aire libre, como paseos en bicicleta, caminatas por la costa o simplemente relajarte en un entorno privilegiado, adaptando cada d\u00eda a tu propio ritmo.<\/span><\/p><p><span style=\"font-weight: 400;\">Vivir como un local tambi\u00e9n significa aprovechar las comodidades de una regi\u00f3n bien conectada y con todos los servicios que necesitas para una estancia c\u00f3moda. Desde tiendas hasta centros culturales y eventos locales, la Costa Dorada es el lugar perfecto para quienes buscan una experiencia aut\u00e9ntica y relajada.<\/span><\/p>\t\t\t\t\t\t\t\t<\/div>\n\t\t\t\t<\/div>\n\t\t\t\t\t<\/div>\n\t\t<\/div>\n\t\t\t\t\t<\/div>\n\t\t<\/section>\n\t\t\t\t<section class=\"elementor-section elementor-top-section elementor-element elementor-element-b40cd39 elementor-section-boxed elementor-section-height-default elementor-section-height-default\" data-id=\"b40cd39\" data-element_type=\"section\" data-e-type=\"section\">\n\t\t\t\t\t\t<div class=\"elementor-container elementor-column-gap-default\">\n\t\t\t\t\t<div class=\"elementor-column elementor-col-100 elementor-top-column elementor-element elementor-element-55b91c1\" data-id=\"55b91c1\" data-element_type=\"column\" data-e-type=\"column\">\n\t\t\t<div class=\"elementor-widget-wrap elementor-element-populated\">\n\t\t\t\t\t\t<div class=\"elementor-element elementor-element-fa1f136 elementor-widget elementor-widget-image\" data-id=\"fa1f136\" data-element_type=\"widget\" data-e-type=\"widget\" data-widget_type=\"image.default\">\n\t\t\t\t<div class=\"elementor-widget-container\">\n\t\t\t\t\t\t\t\t\t\t\t\t\t\t\t<img fetchpriority=\"high\" decoding=\"async\" width=\"1900\" height=\"806\" src=\"https:\/\/www.parque-montroig.com\/blog\/wp-content\/uploads\/2024\/12\/Ofertas-larga-estancia-costa-dorada.webp\" class=\"attachment-full size-full wp-image-4919\" alt=\"Ofertas-larga-estancia-costa-dorada\" srcset=\"https:\/\/www.parque-montroig.com\/blog\/wp-content\/uploads\/2024\/12\/Ofertas-larga-estancia-costa-dorada.webp 1900w, https:\/\/www.parque-montroig.com\/blog\/wp-content\/uploads\/2024\/12\/Ofertas-larga-estancia-costa-dorada-768x326.webp 768w, https:\/\/www.parque-montroig.com\/blog\/wp-content\/uploads\/2024\/12\/Ofertas-larga-estancia-costa-dorada-1536x652.webp 1536w\" sizes=\"(max-width: 1900px) 100vw, 1900px\" \/>\t\t\t\t\t\t\t\t\t\t\t\t\t\t\t<\/div>\n\t\t\t\t<\/div>\n\t\t\t\t\t<\/div>\n\t\t<\/div>\n\t\t\t\t\t<\/div>\n\t\t<\/section>\n\t\t\t\t<section class=\"elementor-section elementor-top-section elementor-element elementor-element-5fda266 elementor-section-boxed elementor-section-height-default elementor-section-height-default\" data-id=\"5fda266\" data-element_type=\"section\" data-e-type=\"section\">\n\t\t\t\t\t\t<div class=\"elementor-container elementor-column-gap-default\">\n\t\t\t\t\t<div class=\"elementor-column elementor-col-100 elementor-top-column elementor-element elementor-element-90f2e6c\" data-id=\"90f2e6c\" data-element_type=\"column\" data-e-type=\"column\">\n\t\t\t<div class=\"elementor-widget-wrap elementor-element-populated\">\n\t\t\t\t\t\t<div class=\"elementor-element elementor-element-f430ad1 elementor-widget elementor-widget-heading\" data-id=\"f430ad1\" data-element_type=\"widget\" data-e-type=\"widget\" data-widget_type=\"heading.default\">\n\t\t\t\t<div class=\"elementor-widget-container\">\n\t\t\t\t\t<h2 class=\"elementor-heading-title elementor-size-default\">Alojamientos dise\u00f1ados para largas estancias con Parc Montroig<\/h2>\t\t\t\t<\/div>\n\t\t\t\t<\/div>\n\t\t\t\t\t<\/div>\n\t\t<\/div>\n\t\t\t\t\t<\/div>\n\t\t<\/section>\n\t\t\t\t<section class=\"elementor-section elementor-top-section elementor-element elementor-element-be781f9 elementor-section-boxed elementor-section-height-default elementor-section-height-default\" data-id=\"be781f9\" data-element_type=\"section\" data-e-type=\"section\">\n\t\t\t\t\t\t<div class=\"elementor-container elementor-column-gap-default\">\n\t\t\t\t\t<div class=\"elementor-column elementor-col-100 elementor-top-column elementor-element elementor-element-6ff3a84\" data-id=\"6ff3a84\" data-element_type=\"column\" data-e-type=\"column\">\n\t\t\t<div class=\"elementor-widget-wrap elementor-element-populated\">\n\t\t\t\t\t\t<div class=\"elementor-element elementor-element-394da80 elementor-widget elementor-widget-text-editor\" data-id=\"394da80\" data-element_type=\"widget\" data-e-type=\"widget\" data-widget_type=\"text-editor.default\">\n\t\t\t\t<div class=\"elementor-widget-container\">\n\t\t\t\t\t\t\t\t\t<p><span style=\"font-weight: 400;\">En Parc Montroig, comprendemos la importancia de sentirse como en casa durante una estancia prolongada. Por ello, ofrecemos una selecci\u00f3n de alojamientos en la Costa Dorada, especialmente en localidades como Cambrils y Miami Platja, ideales para quienes buscan comodidad y tranquilidad. Descubre m\u00e1s sobre nuestros<\/span><a href=\"https:\/\/www.parque-montroig.com\/alojamientos-alquiler-vacacional-en-la-costa-dorada\"> <span style=\"font-weight: 400;\">alojamientos de alquiler vacacional en la Costa Dorada<\/span><\/a><span style=\"font-weight: 400;\"> y encuentra el lugar perfecto para tu estancia prolongada.<\/span><\/p><h3><b>Variedad de Alojamientos<\/b><\/h3><p><span style=\"font-weight: 400;\">Nuestra oferta incluye apartamentos, casas y villas, cada uno equipado para proporcionar el m\u00e1ximo confort. Si buscas un lugar para instalarte en Cambrils, tenemos una amplia selecci\u00f3n de<\/span><a href=\"https:\/\/www.parque-montroig.com\/alquiler-de-apartamentos-en-cambrils\/\"> <span style=\"font-weight: 400;\">apartamentos en Cambrils<\/span><\/a><span style=\"font-weight: 400;\"> en zonas estrat\u00e9gicas del municipio, mientras que en Miami Platja podr\u00e1s disfrutar de<\/span><a href=\"https:\/\/www.parque-montroig.com\/alquiler-de-apartamentos-en-miami-playa\/\"> <span style=\"font-weight: 400;\">apartamentos modernos y espaciosos<\/span><\/a><span style=\"font-weight: 400;\">, perfectos para relajarte y disfrutar del entorno.<\/span><\/p><h3><b>Comodidades y Servicios<\/b><\/h3><p><span style=\"font-weight: 400;\">Todos nuestros alojamientos est\u00e1n completamente amueblados y cuentan con cocinas equipadas, permiti\u00e9ndote preparar tus comidas como lo har\u00edas en tu propio hogar. Adem\u00e1s, ofrecemos conexi\u00f3n a internet, facilitando el teletrabajo o mantenerte en contacto con tus seres queridos. Algunos alojamientos tambi\u00e9n disponen de aire acondicionado, calefacci\u00f3n y espacios exteriores como terrazas o jardines, ideales para disfrutar del clima mediterr\u00e1neo.<\/span><\/p><h3><b>Ubicaci\u00f3n Estrat\u00e9gica<\/b><\/h3><p><span style=\"font-weight: 400;\">Situados en zonas tranquilas y residenciales, nuestros alojamientos te brindan un ambiente sereno, perfecto para una estancia prolongada. La proximidad a servicios esenciales como supermercados, restaurantes y centros de salud garantiza que tengas todo lo necesario al alcance. Adem\u00e1s, estar\u00e1s cerca de las playas y atractivos tur\u00edsticos de la Costa Dorada, permiti\u00e9ndote explorar la regi\u00f3n a tu propio ritmo.<\/span><\/p><h3><b>Flexibilidad y Atenci\u00f3n Personalizada<\/b><\/h3><p><span style=\"font-weight: 400;\">Entendemos que cada hu\u00e9sped tiene necesidades \u00fanicas, por lo que ofrecemos tarifas especiales y condiciones flexibles para largas estancias. Nuestro equipo est\u00e1 siempre disponible para ayudarte a encontrar la mejor opci\u00f3n, asegurando que tu experiencia con Parc Montroig sea c\u00f3moda y satisfactoria.<\/span><\/p><p><span style=\"font-weight: 400;\">Descubre c\u00f3mo Parc Montroig puede ser tu hogar lejos de casa durante una larga estancia. Explora todas nuestras opciones y reserva con antelaci\u00f3n para aprovechar las mejores ofertas.<\/span><\/p><p><span style=\"font-weight: 400;\">Empieza a planificar tu experiencia y descubre todas nuestras opciones para<\/span><a href=\"https:\/\/www.parque-montroig.com\/alojamientos-alquiler-vacacional-en-la-costa-dorada\"> <span style=\"font-weight: 400;\">largas estancias en la Costa Dorada<\/span><\/a><span style=\"font-weight: 400;\">.<\/span><\/p>\t\t\t\t\t\t\t\t<\/div>\n\t\t\t\t<\/div>\n\t\t\t\t\t<\/div>\n\t\t<\/div>\n\t\t\t\t\t<\/div>\n\t\t<\/section>\n\t\t\t\t<section class=\"elementor-section elementor-top-section elementor-element elementor-element-1c2fdae elementor-section-boxed elementor-section-height-default elementor-section-height-default\" data-id=\"1c2fdae\" data-element_type=\"section\" data-e-type=\"section\">\n\t\t\t\t\t\t<div class=\"elementor-container elementor-column-gap-default\">\n\t\t\t\t\t<div class=\"elementor-column elementor-col-100 elementor-top-column elementor-element elementor-element-6b96712\" data-id=\"6b96712\" data-element_type=\"column\" data-e-type=\"column\">\n\t\t\t<div class=\"elementor-widget-wrap elementor-element-populated\">\n\t\t\t\t\t\t<div class=\"elementor-element elementor-element-b0d3349 elementor-widget elementor-widget-heading\" data-id=\"b0d3349\" data-element_type=\"widget\" data-e-type=\"widget\" data-widget_type=\"heading.default\">\n\t\t\t\t<div class=\"elementor-widget-container\">\n\t\t\t\t\t<h2 class=\"elementor-heading-title elementor-size-default\">Los mejores alojamientos para largas estancias en la Costa Dorada<\/h2>\t\t\t\t<\/div>\n\t\t\t\t<\/div>\n\t\t\t\t\t<\/div>\n\t\t<\/div>\n\t\t\t\t\t<\/div>\n\t\t<\/section>\n\t\t\t\t<section class=\"elementor-section elementor-top-section elementor-element elementor-element-41fdc97f elementor-section-boxed elementor-section-height-default elementor-section-height-default\" data-id=\"41fdc97f\" data-element_type=\"section\" data-e-type=\"section\">\n\t\t\t\t\t\t\t<div class=\"elementor-background-overlay\"><\/div>\n\t\t\t\t\t\t\t<div class=\"elementor-container elementor-column-gap-default\">\n\t\t\t\t\t<div class=\"elementor-column elementor-col-25 elementor-top-column elementor-element elementor-element-69c7cf9a\" data-id=\"69c7cf9a\" data-element_type=\"column\" data-e-type=\"column\">\n\t\t\t<div class=\"elementor-widget-wrap elementor-element-populated\">\n\t\t\t\t\t\t<div class=\"elementor-element elementor-element-4f5f364b elementor-widget elementor-widget-image\" data-id=\"4f5f364b\" data-element_type=\"widget\" data-e-type=\"widget\" data-widget_type=\"image.default\">\n\t\t\t\t<div class=\"elementor-widget-container\">\n\t\t\t\t\t\t\t\t\t\t\t\t\t\t\t\t<a href=\"https:\/\/www.parque-montroig.com\/alquiler\/villa-cambrils-villa-gladiols-cambrils-102853.html\">\n\t\t\t\t\t\t\t<img decoding=\"async\" width=\"1800\" height=\"1200\" src=\"https:\/\/www.parque-montroig.com\/blog\/wp-content\/uploads\/2024\/02\/Villa-gladiols.jpg\" class=\"attachment-full size-full wp-image-4419\" alt=\"Villa gladiols\" srcset=\"https:\/\/www.parque-montroig.com\/blog\/wp-content\/uploads\/2024\/02\/Villa-gladiols.jpg 1800w, https:\/\/www.parque-montroig.com\/blog\/wp-content\/uploads\/2024\/02\/Villa-gladiols-768x512.jpg 768w, https:\/\/www.parque-montroig.com\/blog\/wp-content\/uploads\/2024\/02\/Villa-gladiols-1536x1024.jpg 1536w\" sizes=\"(max-width: 1800px) 100vw, 1800px\" \/>\t\t\t\t\t\t\t\t<\/a>\n\t\t\t\t\t\t\t\t\t\t\t\t\t\t\t<\/div>\n\t\t\t\t<\/div>\n\t\t\t\t<div class=\"elementor-element elementor-element-1cd30ec2 elementor-widget elementor-widget-heading\" data-id=\"1cd30ec2\" data-element_type=\"widget\" data-e-type=\"widget\" data-widget_type=\"heading.default\">\n\t\t\t\t<div class=\"elementor-widget-container\">\n\t\t\t\t\t<h3 class=\"elementor-heading-title elementor-size-default\"><a href=\"https:\/\/www.parque-montroig.com\/alquiler\/villa-cambrils-villa-gladiols-cambrils-102853.html\">Villa Gladiols<\/a><\/h3>\t\t\t\t<\/div>\n\t\t\t\t<\/div>\n\t\t\t\t<div class=\"elementor-element elementor-element-167a27cf elementor-widget elementor-widget-text-editor\" data-id=\"167a27cf\" data-element_type=\"widget\" data-e-type=\"widget\" data-widget_type=\"text-editor.default\">\n\t\t\t\t<div class=\"elementor-widget-container\">\n\t\t\t\t\t\t\t\t\t<p>Cambrils<\/p>\t\t\t\t\t\t\t\t<\/div>\n\t\t\t\t<\/div>\n\t\t\t\t<div class=\"elementor-element elementor-element-2465facc elementor-headline--style-highlight elementor-widget elementor-widget-animated-headline\" data-id=\"2465facc\" data-element_type=\"widget\" data-e-type=\"widget\" data-settings=\"{&quot;highlighted_text&quot;:&quot;220\\u20ac\\\/night&quot;,&quot;headline_style&quot;:&quot;highlight&quot;,&quot;marker&quot;:&quot;circle&quot;,&quot;loop&quot;:&quot;yes&quot;,&quot;highlight_animation_duration&quot;:1200,&quot;highlight_iteration_delay&quot;:8000}\" data-widget_type=\"animated-headline.default\">\n\t\t\t\t<div class=\"elementor-widget-container\">\n\t\t\t\t\t\t\t\t<a href=\"https:\/\/www.parque-montroig.com\/en\/rentals\/apartment-cambrils-sant-pere-i-137721.html\">\n\n\t\t\t\t\t<div class=\"elementor-headline\">\n\t\t\t\t\t<span class=\"elementor-headline-plain-text elementor-headline-text-wrapper\">From<\/span>\n\t\t\t\t<span class=\"elementor-headline-dynamic-wrapper elementor-headline-text-wrapper\">\n\t\t\t\t\t<span class=\"elementor-headline-dynamic-text elementor-headline-text-active\">220\u20ac\/night<\/span>\n\t\t\t\t<\/span>\n\t\t\t\t<\/div>\n\t\t<\/a>\t\t\t\t<\/div>\n\t\t\t\t<\/div>\n\t\t\t\t\t<\/div>\n\t\t<\/div>\n\t\t\t\t<div class=\"elementor-column elementor-col-25 elementor-top-column elementor-element elementor-element-2b7f2e3f\" data-id=\"2b7f2e3f\" data-element_type=\"column\" data-e-type=\"column\">\n\t\t\t<div class=\"elementor-widget-wrap elementor-element-populated\">\n\t\t\t\t\t\t<div class=\"elementor-element elementor-element-3b770fd4 elementor-widget elementor-widget-image\" data-id=\"3b770fd4\" data-element_type=\"widget\" data-e-type=\"widget\" data-widget_type=\"image.default\">\n\t\t\t\t<div class=\"elementor-widget-container\">\n\t\t\t\t\t\t\t\t\t\t\t\t\t\t\t\t<a href=\"https:\/\/www.parque-montroig.com\/alquiler\/apartamento-miami-playa-casa-carmen-4-by-parc-mont-roig-74487.html\">\n\t\t\t\t\t\t\t<img decoding=\"async\" width=\"2560\" height=\"1707\" src=\"https:\/\/www.parque-montroig.com\/blog\/wp-content\/uploads\/2024\/12\/casa-carmen.jpg\" class=\"attachment-full size-full wp-image-4908\" alt=\"\" srcset=\"https:\/\/www.parque-montroig.com\/blog\/wp-content\/uploads\/2024\/12\/casa-carmen.jpg 2560w, https:\/\/www.parque-montroig.com\/blog\/wp-content\/uploads\/2024\/12\/casa-carmen-768x512.jpg 768w, https:\/\/www.parque-montroig.com\/blog\/wp-content\/uploads\/2024\/12\/casa-carmen-1536x1024.jpg 1536w, https:\/\/www.parque-montroig.com\/blog\/wp-content\/uploads\/2024\/12\/casa-carmen-2048x1366.jpg 2048w\" sizes=\"(max-width: 2560px) 100vw, 2560px\" \/>\t\t\t\t\t\t\t\t<\/a>\n\t\t\t\t\t\t\t\t\t\t\t\t\t\t\t<\/div>\n\t\t\t\t<\/div>\n\t\t\t\t<div class=\"elementor-element elementor-element-28ea1b19 elementor-widget elementor-widget-heading\" data-id=\"28ea1b19\" data-element_type=\"widget\" data-e-type=\"widget\" data-widget_type=\"heading.default\">\n\t\t\t\t<div class=\"elementor-widget-container\">\n\t\t\t\t\t<h3 class=\"elementor-heading-title elementor-size-default\"><a href=\"https:\/\/www.parque-montroig.com\/alquiler\/apartamento-miami-playa-casa-carmen-4-by-parc-mont-roig-74487.html\">Casa Carmen<\/a><\/h3>\t\t\t\t<\/div>\n\t\t\t\t<\/div>\n\t\t\t\t<div class=\"elementor-element elementor-element-381fbb8d elementor-widget elementor-widget-text-editor\" data-id=\"381fbb8d\" data-element_type=\"widget\" data-e-type=\"widget\" data-widget_type=\"text-editor.default\">\n\t\t\t\t<div class=\"elementor-widget-container\">\n\t\t\t\t\t\t\t\t\t<p>Cambrils<\/p>\t\t\t\t\t\t\t\t<\/div>\n\t\t\t\t<\/div>\n\t\t\t\t<div class=\"elementor-element elementor-element-24dabe68 elementor-headline--style-highlight elementor-widget elementor-widget-animated-headline\" data-id=\"24dabe68\" data-element_type=\"widget\" data-e-type=\"widget\" data-settings=\"{&quot;highlighted_text&quot;:&quot;57\\u20ac\\\/night&quot;,&quot;headline_style&quot;:&quot;highlight&quot;,&quot;marker&quot;:&quot;circle&quot;,&quot;loop&quot;:&quot;yes&quot;,&quot;highlight_animation_duration&quot;:1200,&quot;highlight_iteration_delay&quot;:8000}\" data-widget_type=\"animated-headline.default\">\n\t\t\t\t<div class=\"elementor-widget-container\">\n\t\t\t\t\t\t\t\t<a href=\"https:\/\/www.parque-montroig.com\/alquiler\/apartamento-miami-playa-casa-carmen-4-by-parc-mont-roig-74487.html\">\n\n\t\t\t\t\t<div class=\"elementor-headline\">\n\t\t\t\t\t<span class=\"elementor-headline-plain-text elementor-headline-text-wrapper\">From<\/span>\n\t\t\t\t<span class=\"elementor-headline-dynamic-wrapper elementor-headline-text-wrapper\">\n\t\t\t\t\t<span class=\"elementor-headline-dynamic-text elementor-headline-text-active\">57\u20ac\/night<\/span>\n\t\t\t\t<\/span>\n\t\t\t\t<\/div>\n\t\t<\/a>\t\t\t\t<\/div>\n\t\t\t\t<\/div>\n\t\t\t\t\t<\/div>\n\t\t<\/div>\n\t\t\t\t<div class=\"elementor-column elementor-col-25 elementor-top-column elementor-element elementor-element-39562fab\" data-id=\"39562fab\" data-element_type=\"column\" data-e-type=\"column\">\n\t\t\t<div class=\"elementor-widget-wrap elementor-element-populated\">\n\t\t\t\t\t\t<div class=\"elementor-element elementor-element-7784e7b7 elementor-widget elementor-widget-image\" data-id=\"7784e7b7\" data-element_type=\"widget\" data-e-type=\"widget\" data-widget_type=\"image.default\">\n\t\t\t\t<div class=\"elementor-widget-container\">\n\t\t\t\t\t\t\t\t\t\t\t\t\t\t\t\t<a href=\"https:\/\/www.parque-montroig.com\/alquiler\/apartamento-cambrils-casa-rosales-6-in-cambrils-74492.html\">\n\t\t\t\t\t\t\t<img loading=\"lazy\" decoding=\"async\" width=\"1800\" height=\"1200\" src=\"https:\/\/www.parque-montroig.com\/blog\/wp-content\/uploads\/2023\/12\/casa-rosales-6.jpeg\" class=\"attachment-full size-full wp-image-4041\" alt=\"casa rosales 6\" srcset=\"https:\/\/www.parque-montroig.com\/blog\/wp-content\/uploads\/2023\/12\/casa-rosales-6.jpeg 1800w, https:\/\/www.parque-montroig.com\/blog\/wp-content\/uploads\/2023\/12\/casa-rosales-6-768x512.jpeg 768w, https:\/\/www.parque-montroig.com\/blog\/wp-content\/uploads\/2023\/12\/casa-rosales-6-1536x1024.jpeg 1536w\" sizes=\"(max-width: 1800px) 100vw, 1800px\" \/>\t\t\t\t\t\t\t\t<\/a>\n\t\t\t\t\t\t\t\t\t\t\t\t\t\t\t<\/div>\n\t\t\t\t<\/div>\n\t\t\t\t<div class=\"elementor-element elementor-element-c4514e elementor-widget elementor-widget-heading\" data-id=\"c4514e\" data-element_type=\"widget\" data-e-type=\"widget\" data-widget_type=\"heading.default\">\n\t\t\t\t<div class=\"elementor-widget-container\">\n\t\t\t\t\t<h3 class=\"elementor-heading-title elementor-size-default\"><a href=\"https:\/\/www.parque-montroig.com\/alquiler\/apartamento-cambrils-casa-rosales-6-in-cambrils-74492.html\">Casa Rosales<\/a><\/h3>\t\t\t\t<\/div>\n\t\t\t\t<\/div>\n\t\t\t\t<div class=\"elementor-element elementor-element-4ba5ba8b elementor-widget elementor-widget-text-editor\" data-id=\"4ba5ba8b\" data-element_type=\"widget\" data-e-type=\"widget\" data-widget_type=\"text-editor.default\">\n\t\t\t\t<div class=\"elementor-widget-container\">\n\t\t\t\t\t\t\t\t\t<p>Cambrils<\/p>\t\t\t\t\t\t\t\t<\/div>\n\t\t\t\t<\/div>\n\t\t\t\t<div class=\"elementor-element elementor-element-13708491 elementor-headline--style-highlight elementor-widget elementor-widget-animated-headline\" data-id=\"13708491\" data-element_type=\"widget\" data-e-type=\"widget\" data-settings=\"{&quot;highlighted_text&quot;:&quot;50\\u20ac\\\/night&quot;,&quot;headline_style&quot;:&quot;highlight&quot;,&quot;marker&quot;:&quot;circle&quot;,&quot;loop&quot;:&quot;yes&quot;,&quot;highlight_animation_duration&quot;:1200,&quot;highlight_iteration_delay&quot;:8000}\" data-widget_type=\"animated-headline.default\">\n\t\t\t\t<div class=\"elementor-widget-container\">\n\t\t\t\t\t\t\t\t<a href=\"https:\/\/www.parque-montroig.com\/alquiler\/apartamento-cambrils-casa-rosales-6-in-cambrils-74492.html\">\n\n\t\t\t\t\t<div class=\"elementor-headline\">\n\t\t\t\t\t<span class=\"elementor-headline-plain-text elementor-headline-text-wrapper\">From<\/span>\n\t\t\t\t<span class=\"elementor-headline-dynamic-wrapper elementor-headline-text-wrapper\">\n\t\t\t\t\t<span class=\"elementor-headline-dynamic-text elementor-headline-text-active\">50\u20ac\/night<\/span>\n\t\t\t\t<\/span>\n\t\t\t\t<\/div>\n\t\t<\/a>\t\t\t\t<\/div>\n\t\t\t\t<\/div>\n\t\t\t\t\t<\/div>\n\t\t<\/div>\n\t\t\t\t<div class=\"elementor-column elementor-col-25 elementor-top-column elementor-element elementor-element-1821c95f\" data-id=\"1821c95f\" data-element_type=\"column\" data-e-type=\"column\">\n\t\t\t<div class=\"elementor-widget-wrap elementor-element-populated\">\n\t\t\t\t\t\t<div class=\"elementor-element elementor-element-7c625290 elementor-widget elementor-widget-image\" data-id=\"7c625290\" data-element_type=\"widget\" data-e-type=\"widget\" data-widget_type=\"image.default\">\n\t\t\t\t<div class=\"elementor-widget-container\">\n\t\t\t\t\t\t\t\t\t\t\t\t\t\t\t\t<a href=\"https:\/\/www.parque-montroig.com\/alquiler\/villa-miami-playa-villa-oasis-costa-dorada-416804.html\">\n\t\t\t\t\t\t\t<img decoding=\"async\" src=\"https:\/\/www.parque-montroig.com\/blog\/wp-content\/uploads\/elementor\/thumbs\/villa-oasis-en-Miami-platja-qyll9urvsv4ck1p01aq23sqzcz65uendqsb9g1h1zc.jpg\" title=\"villa oasis en Miami platja\" alt=\"villa oasis en Miami platja\" loading=\"lazy\" \/>\t\t\t\t\t\t\t\t<\/a>\n\t\t\t\t\t\t\t\t\t\t\t\t\t\t\t<\/div>\n\t\t\t\t<\/div>\n\t\t\t\t<div class=\"elementor-element elementor-element-14e6c777 elementor-widget elementor-widget-heading\" data-id=\"14e6c777\" data-element_type=\"widget\" data-e-type=\"widget\" data-widget_type=\"heading.default\">\n\t\t\t\t<div class=\"elementor-widget-container\">\n\t\t\t\t\t<h3 class=\"elementor-heading-title elementor-size-default\"><a href=\"https:\/\/www.parque-montroig.com\/alquiler\/villa-miami-playa-villa-oasis-costa-dorada-416804.html\">Villa Oasis<\/a><\/h3>\t\t\t\t<\/div>\n\t\t\t\t<\/div>\n\t\t\t\t<div class=\"elementor-element elementor-element-15041668 elementor-widget elementor-widget-text-editor\" data-id=\"15041668\" data-element_type=\"widget\" data-e-type=\"widget\" data-widget_type=\"text-editor.default\">\n\t\t\t\t<div class=\"elementor-widget-container\">\n\t\t\t\t\t\t\t\t\t<p>Miami Playa<\/p>\t\t\t\t\t\t\t\t<\/div>\n\t\t\t\t<\/div>\n\t\t\t\t<div class=\"elementor-element elementor-element-7fe090aa elementor-headline--style-highlight elementor-widget elementor-widget-animated-headline\" data-id=\"7fe090aa\" data-element_type=\"widget\" data-e-type=\"widget\" data-settings=\"{&quot;highlighted_text&quot;:&quot;115\\u20ac\\\/night&quot;,&quot;headline_style&quot;:&quot;highlight&quot;,&quot;marker&quot;:&quot;circle&quot;,&quot;loop&quot;:&quot;yes&quot;,&quot;highlight_animation_duration&quot;:1200,&quot;highlight_iteration_delay&quot;:8000}\" data-widget_type=\"animated-headline.default\">\n\t\t\t\t<div class=\"elementor-widget-container\">\n\t\t\t\t\t\t\t\t<a href=\"https:\/\/www.parque-montroig.com\/alquiler\/villa-miami-playa-villa-oasis-costa-dorada-416804.html\">\n\n\t\t\t\t\t<div class=\"elementor-headline\">\n\t\t\t\t\t<span class=\"elementor-headline-plain-text elementor-headline-text-wrapper\">From<\/span>\n\t\t\t\t<span class=\"elementor-headline-dynamic-wrapper elementor-headline-text-wrapper\">\n\t\t\t\t\t<span class=\"elementor-headline-dynamic-text elementor-headline-text-active\">115\u20ac\/night<\/span>\n\t\t\t\t<\/span>\n\t\t\t\t<\/div>\n\t\t<\/a>\t\t\t\t<\/div>\n\t\t\t\t<\/div>\n\t\t\t\t\t<\/div>\n\t\t<\/div>\n\t\t\t\t\t<\/div>\n\t\t<\/section>\n\t\t\t\t<section class=\"elementor-section elementor-top-section elementor-element elementor-element-99bf4c0 elementor-section-boxed elementor-section-height-default elementor-section-height-default\" data-id=\"99bf4c0\" data-element_type=\"section\" data-e-type=\"section\">\n\t\t\t\t\t\t<div class=\"elementor-container elementor-column-gap-default\">\n\t\t\t\t\t<div class=\"elementor-column elementor-col-100 elementor-top-column elementor-element elementor-element-9d1deb0\" data-id=\"9d1deb0\" data-element_type=\"column\" data-e-type=\"column\">\n\t\t\t<div class=\"elementor-widget-wrap elementor-element-populated\">\n\t\t\t\t\t\t<div class=\"elementor-element elementor-element-ca108a2 elementor-widget elementor-widget-heading\" data-id=\"ca108a2\" data-element_type=\"widget\" data-e-type=\"widget\" data-widget_type=\"heading.default\">\n\t\t\t\t<div class=\"elementor-widget-container\">\n\t\t\t\t\t<h2 class=\"elementor-heading-title elementor-size-default\">Consulta nuestras ofertas especiales para largas estancias<\/h2>\t\t\t\t<\/div>\n\t\t\t\t<\/div>\n\t\t\t\t\t<\/div>\n\t\t<\/div>\n\t\t\t\t\t<\/div>\n\t\t<\/section>\n\t\t\t\t<section class=\"elementor-section elementor-top-section elementor-element elementor-element-06f5d7c elementor-section-boxed elementor-section-height-default elementor-section-height-default\" data-id=\"06f5d7c\" data-element_type=\"section\" data-e-type=\"section\">\n\t\t\t\t\t\t<div class=\"elementor-container elementor-column-gap-default\">\n\t\t\t\t\t<div class=\"elementor-column elementor-col-100 elementor-top-column elementor-element elementor-element-2c0451c\" data-id=\"2c0451c\" data-element_type=\"column\" data-e-type=\"column\">\n\t\t\t<div class=\"elementor-widget-wrap elementor-element-populated\">\n\t\t\t\t\t\t<div class=\"elementor-element elementor-element-e6a6396 elementor-widget elementor-widget-text-editor\" data-id=\"e6a6396\" data-element_type=\"widget\" data-e-type=\"widget\" data-widget_type=\"text-editor.default\">\n\t\t\t\t<div class=\"elementor-widget-container\">\n\t\t\t\t\t\t\t\t\t<p><span style=\"font-weight: 400;\">En Parc Montroig, valoramos a nuestros hu\u00e9spedes que eligen la Costa Dorada para estancias prolongadas. Por ello, ofrecemos tarifas especiales y condiciones flexibles para largas estancias en nuestros alojamientos en localizaciones como Cambrils, Miami Platja y Mont-roig del Camp.\u00a0<\/span><\/p><p><span style=\"font-weight: 400;\">Estas localidades cuentan con una amplia variedad de apartamentos, casas y villas, muchos de ellos con piscina privada y ubicados cerca de la playa, ideales para disfrutar de una estancia prolongada en la Costa Dorada.<\/span><\/p><p><span style=\"font-weight: 400;\">Nuestros alojamientos est\u00e1n completamente equipados para garantizar una estancia c\u00f3moda y placentera. Adem\u00e1s, al optar por una larga estancia, podr\u00e1s beneficiarte de descuentos exclusivos y mayor flexibilidad en las fechas de reserva.<\/span><\/p><p><span style=\"font-weight: 400;\">Para conocer m\u00e1s sobre nuestras ofertas y disponibilidad, te invitamos a elegir entre nuestros<\/span><a href=\"https:\/\/www.parque-montroig.com\/alojamientos-alquiler-vacacional-en-la-costa-dorada\"> <span style=\"font-weight: 400;\">alojamientos de alquiler vacacional en la Costa Dorada<\/span><\/a><span style=\"font-weight: 400;\"> o contactar directamente con nuestro equipo. Estamos aqu\u00ed para ayudarte a encontrar el alojamiento perfecto que se adapte a tus necesidades y hacer de tu estancia una experiencia inolvidable.<\/span><\/p><p><span style=\"font-weight: 400;\">No pierdas la oportunidad de disfrutar de la Costa Dorada a tu ritmo y con todas las comodidades que ofrecemos en Parc Montroig. \u00a1Te esperamos!<\/span><\/p>\t\t\t\t\t\t\t\t<\/div>\n\t\t\t\t<\/div>\n\t\t\t\t\t<\/div>\n\t\t<\/div>\n\t\t\t\t\t<\/div>\n\t\t<\/section>\n\t\t\t\t<section class=\"elementor-section elementor-top-section elementor-element elementor-element-13e0d147 elementor-section-boxed elementor-section-height-default elementor-section-height-default\" data-id=\"13e0d147\" data-element_type=\"section\" data-e-type=\"section\">\n\t\t\t\t\t\t<div class=\"elementor-container elementor-column-gap-default\">\n\t\t\t\t\t<div class=\"elementor-column elementor-col-33 elementor-top-column elementor-element elementor-element-60a0d497\" data-id=\"60a0d497\" data-element_type=\"column\" data-e-type=\"column\">\n\t\t\t<div class=\"elementor-widget-wrap elementor-element-populated\">\n\t\t\t\t\t\t<div class=\"elementor-element elementor-element-12262320 elementor-cta--skin-cover elementor-cta--valign-bottom elementor-animated-content elementor-bg-transform elementor-bg-transform-zoom-in elementor-widget elementor-widget-call-to-action\" data-id=\"12262320\" data-element_type=\"widget\" data-e-type=\"widget\" data-widget_type=\"call-to-action.default\">\n\t\t\t\t<div class=\"elementor-widget-container\">\n\t\t\t\t\t\t\t<div class=\"elementor-cta\">\n\t\t\t\t\t<div class=\"elementor-cta__bg-wrapper\">\n\t\t\t\t<div class=\"elementor-cta__bg elementor-bg\" style=\"background-image: url(https:\/\/www.parque-montroig.com\/blog\/wp-content\/uploads\/2023\/03\/parcmontroig-tiempo-clima-miami-playa-blog-600x630.jpg);\" role=\"img\" aria-label=\"Parc Montroig Tiempo Clima en Miami Playa\"><\/div>\n\t\t\t\t<div class=\"elementor-cta__bg-overlay\"><\/div>\n\t\t\t<\/div>\n\t\t\t\t\t\t\t<div class=\"elementor-cta__content\">\n\t\t\t\t\n\t\t\t\t\n\t\t\t\t\n\t\t\t\t\t\t\t\t\t<div class=\"elementor-cta__button-wrapper elementor-cta__content-item elementor-content-item elementor-animated-item--grow\">\n\t\t\t\t\t<a class=\"elementor-cta__button elementor-button elementor-size-\" href=\"https:\/\/www.parque-montroig.com\/alquiler-de-apartamentos-en-miami-playa\/\">\n\t\t\t\t\t\tAPARTAMENTOS MIAMI PLAYA\t\t\t\t\t<\/a>\n\t\t\t\t\t<\/div>\n\t\t\t\t\t\t\t<\/div>\n\t\t\t\t\t\t<\/div>\n\t\t\t\t\t\t<\/div>\n\t\t\t\t<\/div>\n\t\t\t\t\t<\/div>\n\t\t<\/div>\n\t\t\t\t<div class=\"elementor-column elementor-col-33 elementor-top-column elementor-element elementor-element-2f98da5e\" data-id=\"2f98da5e\" data-element_type=\"column\" data-e-type=\"column\">\n\t\t\t<div class=\"elementor-widget-wrap elementor-element-populated\">\n\t\t\t\t\t\t<div class=\"elementor-element elementor-element-7ecd6ad0 elementor-cta--skin-cover elementor-cta--valign-bottom elementor-animated-content elementor-bg-transform elementor-bg-transform-zoom-in elementor-widget elementor-widget-call-to-action\" data-id=\"7ecd6ad0\" data-element_type=\"widget\" data-e-type=\"widget\" data-widget_type=\"call-to-action.default\">\n\t\t\t\t<div class=\"elementor-widget-container\">\n\t\t\t\t\t\t\t<div class=\"elementor-cta\">\n\t\t\t\t\t<div class=\"elementor-cta__bg-wrapper\">\n\t\t\t\t<div class=\"elementor-cta__bg elementor-bg\" style=\"background-image: url(https:\/\/www.parque-montroig.com\/blog\/wp-content\/uploads\/2023\/11\/apartamento-estel-vacaciones-costa-dorada-Cambrils-1800x630.jpg);\" role=\"img\" aria-label=\"apartamento estel vacaciones costa dorada Cambrils\"><\/div>\n\t\t\t\t<div class=\"elementor-cta__bg-overlay\"><\/div>\n\t\t\t<\/div>\n\t\t\t\t\t\t\t<div class=\"elementor-cta__content\">\n\t\t\t\t\n\t\t\t\t\n\t\t\t\t\n\t\t\t\t\t\t\t\t\t<div class=\"elementor-cta__button-wrapper elementor-cta__content-item elementor-content-item elementor-animated-item--grow\">\n\t\t\t\t\t<a class=\"elementor-cta__button elementor-button elementor-size-\" href=\"https:\/\/www.parque-montroig.com\/alquiler-de-apartamentos-en-cambrils\/\">\n\t\t\t\t\t\tAPARTAMENTOS CAMBRILS\t\t\t\t\t<\/a>\n\t\t\t\t\t<\/div>\n\t\t\t\t\t\t\t<\/div>\n\t\t\t\t\t\t<\/div>\n\t\t\t\t\t\t<\/div>\n\t\t\t\t<\/div>\n\t\t\t\t\t<\/div>\n\t\t<\/div>\n\t\t\t\t<div class=\"elementor-column elementor-col-33 elementor-top-column elementor-element elementor-element-644ee42d\" data-id=\"644ee42d\" data-element_type=\"column\" data-e-type=\"column\">\n\t\t\t<div class=\"elementor-widget-wrap elementor-element-populated\">\n\t\t\t\t\t\t<div class=\"elementor-element elementor-element-682d1565 elementor-cta--skin-cover elementor-cta--valign-bottom elementor-animated-content elementor-bg-transform elementor-bg-transform-zoom-in elementor-widget elementor-widget-call-to-action\" data-id=\"682d1565\" data-element_type=\"widget\" data-e-type=\"widget\" data-widget_type=\"call-to-action.default\">\n\t\t\t\t<div class=\"elementor-widget-container\">\n\t\t\t\t\t\t\t<div class=\"elementor-cta\">\n\t\t\t\t\t<div class=\"elementor-cta__bg-wrapper\">\n\t\t\t\t<div class=\"elementor-cta__bg elementor-bg\" style=\"background-image: url(https:\/\/www.parque-montroig.com\/blog\/wp-content\/uploads\/2023\/12\/apartamentos-con-piscina-en-la-Costa-Dorada-1920x630.jpeg);\" role=\"img\" aria-label=\"apartamentos con piscina en la Costa Dorada\"><\/div>\n\t\t\t\t<div class=\"elementor-cta__bg-overlay\"><\/div>\n\t\t\t<\/div>\n\t\t\t\t\t\t\t<div class=\"elementor-cta__content\">\n\t\t\t\t\n\t\t\t\t\n\t\t\t\t\n\t\t\t\t\t\t\t\t\t<div class=\"elementor-cta__button-wrapper elementor-cta__content-item elementor-content-item elementor-animated-item--grow\">\n\t\t\t\t\t<a class=\"elementor-cta__button elementor-button elementor-size-\" href=\"https:\/\/www.parque-montroig.com\/alojamientos-alquiler-vacacional-en-la-costa-dorada\/\">\n\t\t\t\t\t\tALQUILER COSTA DORADA\t\t\t\t\t<\/a>\n\t\t\t\t\t<\/div>\n\t\t\t\t\t\t\t<\/div>\n\t\t\t\t\t\t<\/div>\n\t\t\t\t\t\t<\/div>\n\t\t\t\t<\/div>\n\t\t\t\t\t<\/div>\n\t\t<\/div>\n\t\t\t\t\t<\/div>\n\t\t<\/section>\n\t\t\t\t<\/div>\n\t\t","protected":false},"excerpt":{"rendered":"<p>Disfruta de la Costa Dorada como nunca con nuestras ofertas especiales para largas estancias. Alojamientos c\u00f3modos y servicios ideales para largas temporadas.<\/p>\n","protected":false},"author":3,"featured_media":4894,"comment_status":"open","ping_status":"closed","sticky":false,"template":"","format":"standard","meta":{"footnotes":""},"categories":[27,8],"tags":[129,122,91],"class_list":["post-4893","post","type-post","status-publish","format-standard","has-post-thumbnail","hentry","category-la-costa-dorada-en","category-la-costa-dorada","tag-alquiler-larga-estancia","tag-alquiler-vacacional-costa-dorada","tag-costa-dorada"],"_links":{"self":[{"href":"https:\/\/www.parque-montroig.com\/blog\/wp-json\/wp\/v2\/posts\/4893","targetHints":{"allow":["GET"]}}],"collection":[{"href":"https:\/\/www.parque-montroig.com\/blog\/wp-json\/wp\/v2\/posts"}],"about":[{"href":"https:\/\/www.parque-montroig.com\/blog\/wp-json\/wp\/v2\/types\/post"}],"author":[{"embeddable":true,"href":"https:\/\/www.parque-montroig.com\/blog\/wp-json\/wp\/v2\/users\/3"}],"replies":[{"embeddable":true,"href":"https:\/\/www.parque-montroig.com\/blog\/wp-json\/wp\/v2\/comments?post=4893"}],"version-history":[{"count":16,"href":"https:\/\/www.parque-montroig.com\/blog\/wp-json\/wp\/v2\/posts\/4893\/revisions"}],"predecessor-version":[{"id":4967,"href":"https:\/\/www.parque-montroig.com\/blog\/wp-json\/wp\/v2\/posts\/4893\/revisions\/4967"}],"wp:featuredmedia":[{"embeddable":true,"href":"https:\/\/www.parque-montroig.com\/blog\/wp-json\/wp\/v2\/media\/4894"}],"wp:attachment":[{"href":"https:\/\/www.parque-montroig.com\/blog\/wp-json\/wp\/v2\/media?parent=4893"}],"wp:term":[{"taxonomy":"category","embeddable":true,"href":"https:\/\/www.parque-montroig.com\/blog\/wp-json\/wp\/v2\/categories?post=4893"},{"taxonomy":"post_tag","embeddable":true,"href":"https:\/\/www.parque-montroig.com\/blog\/wp-json\/wp\/v2\/tags?post=4893"}],"curies":[{"name":"wp","href":"https:\/\/api.w.org\/{rel}","templated":true}]}}