{"id":4939,"date":"2024-12-18T10:33:21","date_gmt":"2024-12-18T09:33:21","guid":{"rendered":"https:\/\/www.parque-montroig.com\/blog\/?p=4939"},"modified":"2024-12-23T12:35:29","modified_gmt":"2024-12-23T11:35:29","slug":"cursa-4-termes","status":"publish","type":"post","link":"https:\/\/www.parque-montroig.com\/blog\/cursa-4-termes\/","title":{"rendered":"Descubre la Cursa 4 Termes, un evento \u00fanico en Mont-roig del Camp"},"content":{"rendered":"\t\t<div data-elementor-type=\"wp-post\" data-elementor-id=\"4939\" class=\"elementor elementor-4939\" data-elementor-post-type=\"post\">\n\t\t\t\t\t\t<section class=\"elementor-section elementor-top-section elementor-element elementor-element-580edd5d elementor-section-boxed elementor-section-height-default elementor-section-height-default\" data-id=\"580edd5d\" data-element_type=\"section\" data-e-type=\"section\">\n\t\t\t\t\t\t<div class=\"elementor-container elementor-column-gap-default\">\n\t\t\t\t\t<div class=\"elementor-column elementor-col-100 elementor-top-column elementor-element elementor-element-366382a5\" data-id=\"366382a5\" data-element_type=\"column\" data-e-type=\"column\">\n\t\t\t<div class=\"elementor-widget-wrap elementor-element-populated\">\n\t\t\t\t\t\t<div class=\"elementor-element elementor-element-48ddbbfb elementor-widget elementor-widget-heading\" data-id=\"48ddbbfb\" data-element_type=\"widget\" data-e-type=\"widget\" data-widget_type=\"heading.default\">\n\t\t\t\t<div class=\"elementor-widget-container\">\n\t\t\t\t\t<h2 class=\"elementor-heading-title elementor-size-default\">Descubre la Cursa 4 Termes, un evento \u00fanico en Mont-roig del Camp<\/h2>\t\t\t\t<\/div>\n\t\t\t\t<\/div>\n\t\t\t\t<div class=\"elementor-element elementor-element-41983fcf elementor-widget elementor-widget-text-editor\" data-id=\"41983fcf\" data-element_type=\"widget\" data-e-type=\"widget\" data-widget_type=\"text-editor.default\">\n\t\t\t\t<div class=\"elementor-widget-container\">\n\t\t\t\t\t\t\t\t\t<p style=\"font-weight: 400;\">La Cursa 4 Termes es mucho m\u00e1s que una carrera, es <strong>un evento deportivo que combina esfuerzo f\u00edsico, paisajes impresionantes y una legendaria tradici\u00f3n cultural<\/strong>. Su nombre, \u00ab4 Termes\u00bb, hace referencia a los cuatro t\u00e9rminos municipales que atraviesa en su recorrido, mostrando toda la diversidad y belleza natural de la comarca.<\/p><p style=\"font-weight: 400;\">Tanto si eres un corredor experimentado como si eres un aficionado al deporte, esta carrera es para ti. \u00a1Te contamos todos los detalles!<\/p>\t\t\t\t\t\t\t\t<\/div>\n\t\t\t\t<\/div>\n\t\t\t\t\t<\/div>\n\t\t<\/div>\n\t\t\t\t\t<\/div>\n\t\t<\/section>\n\t\t\t\t<section class=\"elementor-section elementor-top-section elementor-element elementor-element-10a849b elementor-section-boxed elementor-section-height-default elementor-section-height-default\" data-id=\"10a849b\" data-element_type=\"section\" data-e-type=\"section\">\n\t\t\t\t\t\t<div class=\"elementor-container elementor-column-gap-default\">\n\t\t\t\t\t<div class=\"elementor-column elementor-col-100 elementor-top-column elementor-element elementor-element-d0c3bab\" data-id=\"d0c3bab\" data-element_type=\"column\" data-e-type=\"column\">\n\t\t\t<div class=\"elementor-widget-wrap elementor-element-populated\">\n\t\t\t\t\t\t<div class=\"elementor-element elementor-element-60a0e1b elementor-widget elementor-widget-heading\" data-id=\"60a0e1b\" data-element_type=\"widget\" data-e-type=\"widget\" data-widget_type=\"heading.default\">\n\t\t\t\t<div class=\"elementor-widget-container\">\n\t\t\t\t\t<h2 class=\"elementor-heading-title elementor-size-default\">Historia y tradici\u00f3n de la Cursa 4 Termes en Mont-roig<\/h2>\t\t\t\t<\/div>\n\t\t\t\t<\/div>\n\t\t\t\t<div class=\"elementor-element elementor-element-1fe7c55 elementor-widget elementor-widget-text-editor\" data-id=\"1fe7c55\" data-element_type=\"widget\" data-e-type=\"widget\" data-widget_type=\"text-editor.default\">\n\t\t\t\t<div class=\"elementor-widget-container\">\n\t\t\t\t\t\t\t\t\t<p style=\"font-weight: 400;\"><a href=\"https:\/\/www.cursa4termes.com\/\" target=\"_blank\" rel=\"noopener\">La Cursa 4 Termes<\/a> naci\u00f3 como una iniciativa local para fomentar el deporte y dar a conocer los espectaculares paisajes de Mont-roig y sus alrededores. Y a lo largo de los a\u00f1os ha ido ganando reconocimiento poco a poco hasta convertirse en <strong>uno de los eventos m\u00e1s destacados de la regi\u00f3n<\/strong>. Tanto, que ya no solo atrae a corredores locales o de Catalu\u00f1a, sino que va m\u00e1s all\u00e1.<\/p><p style=\"font-weight: 400;\">Desde su primera edici\u00f3n, la carrera ha sabido mantener un equilibrio entre tradici\u00f3n y modernidad; todos los recorridos de la Cursa 4 Termes atraviesan algunos de los paisajes m\u00e1s espectaculares de Mont-roig del Camp combinando caminos rurales, senderos de monta\u00f1a y tramos urbanos.<\/p>\t\t\t\t\t\t\t\t<\/div>\n\t\t\t\t<\/div>\n\t\t\t\t\t<\/div>\n\t\t<\/div>\n\t\t\t\t\t<\/div>\n\t\t<\/section>\n\t\t\t\t<section class=\"elementor-section elementor-top-section elementor-element elementor-element-3565178 elementor-section-boxed elementor-section-height-default elementor-section-height-default\" data-id=\"3565178\" data-element_type=\"section\" data-e-type=\"section\">\n\t\t\t\t\t\t<div class=\"elementor-container elementor-column-gap-default\">\n\t\t\t\t\t<div class=\"elementor-column elementor-col-100 elementor-top-column elementor-element elementor-element-aebfebc\" data-id=\"aebfebc\" data-element_type=\"column\" data-e-type=\"column\">\n\t\t\t<div class=\"elementor-widget-wrap elementor-element-populated\">\n\t\t\t\t\t\t<div class=\"elementor-element elementor-element-007a8a0 elementor-widget elementor-widget-video\" data-id=\"007a8a0\" data-element_type=\"widget\" data-e-type=\"widget\" data-settings=\"{&quot;youtube_url&quot;:&quot;https:\\\/\\\/www.youtube.com\\\/watch?v=6pLulCHkJs0&quot;,&quot;video_type&quot;:&quot;youtube&quot;,&quot;controls&quot;:&quot;yes&quot;}\" data-widget_type=\"video.default\">\n\t\t\t\t<div class=\"elementor-widget-container\">\n\t\t\t\t\t\t\t<div class=\"elementor-wrapper elementor-open-inline\">\n\t\t\t<div class=\"elementor-video\"><\/div>\t\t<\/div>\n\t\t\t\t\t\t<\/div>\n\t\t\t\t<\/div>\n\t\t\t\t\t<\/div>\n\t\t<\/div>\n\t\t\t\t\t<\/div>\n\t\t<\/section>\n\t\t\t\t<section class=\"elementor-section elementor-top-section elementor-element elementor-element-c70d6c3 elementor-section-boxed elementor-section-height-default elementor-section-height-default\" data-id=\"c70d6c3\" data-element_type=\"section\" data-e-type=\"section\">\n\t\t\t\t\t\t<div class=\"elementor-container elementor-column-gap-default\">\n\t\t\t\t\t<div class=\"elementor-column elementor-col-100 elementor-top-column elementor-element elementor-element-e4fa915\" data-id=\"e4fa915\" data-element_type=\"column\" data-e-type=\"column\">\n\t\t\t<div class=\"elementor-widget-wrap elementor-element-populated\">\n\t\t\t\t\t\t<div class=\"elementor-element elementor-element-0dfa9c9 elementor-widget elementor-widget-heading\" data-id=\"0dfa9c9\" data-element_type=\"widget\" data-e-type=\"widget\" data-widget_type=\"heading.default\">\n\t\t\t\t<div class=\"elementor-widget-container\">\n\t\t\t\t\t<h2 class=\"elementor-heading-title elementor-size-default\">Recorridos y caracter\u00edsticas principales de la carrera<\/h2>\t\t\t\t<\/div>\n\t\t\t\t<\/div>\n\t\t\t\t<div class=\"elementor-element elementor-element-9cc6cc6 elementor-widget elementor-widget-text-editor\" data-id=\"9cc6cc6\" data-element_type=\"widget\" data-e-type=\"widget\" data-widget_type=\"text-editor.default\">\n\t\t\t\t<div class=\"elementor-widget-container\">\n\t\t\t\t\t\t\t\t\t<p style=\"font-weight: 400;\">La edici\u00f3n de la Cursa 4 Termes 2025 promete ser una de las m\u00e1s emocionantes hasta la fecha y vamos a contarte con todos los detalles qu\u00e9 vas a encontrarte.<\/p><p style=\"font-weight: 400;\"><strong>La cita es el 9 de febrero de 2025 <\/strong>y cuenta con diferentes categor\u00edas para adaptarse a todos los niveles, desde una prueba corta para principiantes hasta el recorrido completo para corredores experimentados. \u00a1Ah\u00ed van todas las tipolog\u00edas!<\/p>\t\t\t\t\t\t\t\t<\/div>\n\t\t\t\t<\/div>\n\t\t\t\t\t<\/div>\n\t\t<\/div>\n\t\t\t\t\t<\/div>\n\t\t<\/section>\n\t\t\t\t<section class=\"elementor-section elementor-top-section elementor-element elementor-element-d64a735 elementor-section-boxed elementor-section-height-default elementor-section-height-default\" data-id=\"d64a735\" data-element_type=\"section\" data-e-type=\"section\">\n\t\t\t\t\t\t<div class=\"elementor-container elementor-column-gap-default\">\n\t\t\t\t\t<div class=\"elementor-column elementor-col-50 elementor-top-column elementor-element elementor-element-50a439a\" data-id=\"50a439a\" data-element_type=\"column\" data-e-type=\"column\">\n\t\t\t<div class=\"elementor-widget-wrap elementor-element-populated\">\n\t\t\t\t\t\t<div class=\"elementor-element elementor-element-382fdb76 elementor-widget elementor-widget-heading\" data-id=\"382fdb76\" data-element_type=\"widget\" data-e-type=\"widget\" data-widget_type=\"heading.default\">\n\t\t\t\t<div class=\"elementor-widget-container\">\n\t\t\t\t\t<h3 class=\"elementor-heading-title elementor-size-default\">Marat\u00f3n<\/h3>\t\t\t\t<\/div>\n\t\t\t\t<\/div>\n\t\t\t\t<div class=\"elementor-element elementor-element-457870e elementor-widget elementor-widget-text-editor\" data-id=\"457870e\" data-element_type=\"widget\" data-e-type=\"widget\" data-widget_type=\"text-editor.default\">\n\t\t\t\t<div class=\"elementor-widget-container\">\n\t\t\t\t\t\t\t\t\t<p style=\"font-weight: 400;\">Si te gustan los retos de verdad, aqu\u00ed tienes uno que te va a dejar sin palabras. \u00bfTe imaginas correr por el Castillo de Escornalbou, la \u00abZegama de Mont-roig\u00bb y las Crestas, con la espectacular zona del Areny como escenario? Pues prep\u00e1rate, porque son <strong>47 kil\u00f3metros y 2400 metros de desnivel<\/strong> que combinan belleza y dureza a partes iguales. Bosques, pistas r\u00e1pidas, tramos t\u00e9cnicos y monta\u00f1as como el Puig de Cabrafiga, la Sierra de Llaberia y la Mola de Colldejou ser\u00e1n testigos de tu valent\u00eda. \u00bfEst\u00e1s listo para enfrentarte a este gran reto?<\/p>\t\t\t\t\t\t\t\t<\/div>\n\t\t\t\t<\/div>\n\t\t\t\t\t<\/div>\n\t\t<\/div>\n\t\t\t\t<div class=\"elementor-column elementor-col-50 elementor-top-column elementor-element elementor-element-2b4114e\" data-id=\"2b4114e\" data-element_type=\"column\" data-e-type=\"column\">\n\t\t\t<div class=\"elementor-widget-wrap elementor-element-populated\">\n\t\t\t\t\t\t<div class=\"elementor-element elementor-element-9d507b7 elementor-widget elementor-widget-heading\" data-id=\"9d507b7\" data-element_type=\"widget\" data-e-type=\"widget\" data-widget_type=\"heading.default\">\n\t\t\t\t<div class=\"elementor-widget-container\">\n\t\t\t\t\t<h3 class=\"elementor-heading-title elementor-size-default\">Trail<\/h3>\t\t\t\t<\/div>\n\t\t\t\t<\/div>\n\t\t\t\t<div class=\"elementor-element elementor-element-6f76e30 elementor-widget elementor-widget-text-editor\" data-id=\"6f76e30\" data-element_type=\"widget\" data-e-type=\"widget\" data-widget_type=\"text-editor.default\">\n\t\t\t\t<div class=\"elementor-widget-container\">\n\t\t\t\t\t\t\t\t\t<p style=\"font-weight: 400;\">\u00bfBuscas algo m\u00e1s corto pero igual de emocionante? <strong>El Trail de 25 kil\u00f3metros<\/strong> es para ti. Saldr\u00e1s del encantador pueblo de Pratdip y te adentrar\u00e1s en un circuito que mezcla lo mejor de la edici\u00f3n pasada con novedades como las Crestas, la zona del Areny y senderos recuperados que te llevar\u00e1n por el Barranco de la Mina de las Mu\u00f1ecas. <strong>Con 1200 metros de desnivel positivo y 1345 negativos<\/strong>, te encontrar\u00e1s con terrenos de todo tipo: bosques, zonas pedregosas y tramos m\u00e1s t\u00e9cnicos que pondr\u00e1n a prueba tu experiencia en carreras de monta\u00f1a. \u00bfTe animas?<\/p>\t\t\t\t\t\t\t\t<\/div>\n\t\t\t\t<\/div>\n\t\t\t\t\t<\/div>\n\t\t<\/div>\n\t\t\t\t\t<\/div>\n\t\t<\/section>\n\t\t\t\t<section class=\"elementor-section elementor-top-section elementor-element elementor-element-cf24523 elementor-section-boxed elementor-section-height-default elementor-section-height-default\" data-id=\"cf24523\" data-element_type=\"section\" data-e-type=\"section\">\n\t\t\t\t\t\t<div class=\"elementor-container elementor-column-gap-default\">\n\t\t\t\t\t<div class=\"elementor-column elementor-col-33 elementor-top-column elementor-element elementor-element-252e636\" data-id=\"252e636\" data-element_type=\"column\" data-e-type=\"column\">\n\t\t\t<div class=\"elementor-widget-wrap elementor-element-populated\">\n\t\t\t\t\t\t<div class=\"elementor-element elementor-element-de1b474 elementor-widget elementor-widget-heading\" data-id=\"de1b474\" data-element_type=\"widget\" data-e-type=\"widget\" data-widget_type=\"heading.default\">\n\t\t\t\t<div class=\"elementor-widget-container\">\n\t\t\t\t\t<h3 class=\"elementor-heading-title elementor-size-default\">Cadetes<\/h3>\t\t\t\t<\/div>\n\t\t\t\t<\/div>\n\t\t\t\t<div class=\"elementor-element elementor-element-b2e9ae1 elementor-widget elementor-widget-text-editor\" data-id=\"b2e9ae1\" data-element_type=\"widget\" data-e-type=\"widget\" data-widget_type=\"text-editor.default\">\n\t\t\t\t<div class=\"elementor-widget-container\">\n\t\t\t\t\t\t\t\t\t<p style=\"font-weight: 400;\">Si est\u00e1s empezando en el mundo de las carreras de monta\u00f1a y tienes esp\u00edritu competitivo, este circuito exclusivo para cadetes es tu oportunidad para lucirte. Con <strong>10 kil\u00f3metros y 360 metros de desnivel<\/strong>, empezar\u00e1s con un tramo r\u00e1pido, pero \u00a1no te conf\u00edes! A partir del kil\u00f3metro 3, la cosa se pone seria. Subir\u00e1s a la Roca del Pag\u00e8s, cruzar\u00e1s las Crestas y recorrer\u00e1s el interior del Areny. El circuito te llevar\u00e1 tambi\u00e9n por la Ermita de la Mare de D\u00e9u de la Roca y el Barranco de la Mina de las Mu\u00f1ecas. \u00bfTe ves empezando la temporada con esta joya?<\/p>\t\t\t\t\t\t\t\t<\/div>\n\t\t\t\t<\/div>\n\t\t\t\t\t<\/div>\n\t\t<\/div>\n\t\t\t\t<div class=\"elementor-column elementor-col-33 elementor-top-column elementor-element elementor-element-0fd6f1c\" data-id=\"0fd6f1c\" data-element_type=\"column\" data-e-type=\"column\">\n\t\t\t<div class=\"elementor-widget-wrap elementor-element-populated\">\n\t\t\t\t\t\t<div class=\"elementor-element elementor-element-4a3d5d1 elementor-widget elementor-widget-heading\" data-id=\"4a3d5d1\" data-element_type=\"widget\" data-e-type=\"widget\" data-widget_type=\"heading.default\">\n\t\t\t\t<div class=\"elementor-widget-container\">\n\t\t\t\t\t<h3 class=\"elementor-heading-title elementor-size-default\">Express<\/h3>\t\t\t\t<\/div>\n\t\t\t\t<\/div>\n\t\t\t\t<div class=\"elementor-element elementor-element-b398efe elementor-widget elementor-widget-text-editor\" data-id=\"b398efe\" data-element_type=\"widget\" data-e-type=\"widget\" data-widget_type=\"text-editor.default\">\n\t\t\t\t<div class=\"elementor-widget-container\">\n\t\t\t\t\t\t\t\t\t<p style=\"font-weight: 400;\">Si lo tuyo son las carreras cortas pero intensas, la modalidad Express est\u00e1 hecha para ti. <strong>Son 14 kil\u00f3metros y 460 metros de desnivel<\/strong>, con un circuito r\u00e1pido pero exigente, lleno de subidas y bajadas que te pondr\u00e1n a prueba. Este a\u00f1o incluye el paso por las Crestas y el espectacular Areny, adem\u00e1s de un tramo final que te llevar\u00e1 por el Barranco de la Mina de las Mu\u00f1ecas. Es perfecto tanto si est\u00e1s empezando en las carreras de monta\u00f1a como si quieres ir a tope y darlo todo. \u00a1Aqu\u00ed hay adrenalina para todos los niveles!<\/p>\t\t\t\t\t\t\t\t<\/div>\n\t\t\t\t<\/div>\n\t\t\t\t\t<\/div>\n\t\t<\/div>\n\t\t\t\t<div class=\"elementor-column elementor-col-33 elementor-top-column elementor-element elementor-element-160c8d6\" data-id=\"160c8d6\" data-element_type=\"column\" data-e-type=\"column\">\n\t\t\t<div class=\"elementor-widget-wrap elementor-element-populated\">\n\t\t\t\t\t\t<div class=\"elementor-element elementor-element-0ae1577 elementor-widget elementor-widget-heading\" data-id=\"0ae1577\" data-element_type=\"widget\" data-e-type=\"widget\" data-widget_type=\"heading.default\">\n\t\t\t\t<div class=\"elementor-widget-container\">\n\t\t\t\t\t<h3 class=\"elementor-heading-title elementor-size-default\">Caminada<\/h3>\t\t\t\t<\/div>\n\t\t\t\t<\/div>\n\t\t\t\t<div class=\"elementor-element elementor-element-faa2854 elementor-widget elementor-widget-text-editor\" data-id=\"faa2854\" data-element_type=\"widget\" data-e-type=\"widget\" data-widget_type=\"text-editor.default\">\n\t\t\t\t<div class=\"elementor-widget-container\">\n\t\t\t\t\t\t\t\t\t<p style=\"font-weight: 400;\">Si prefieres disfrutar del paisaje a un ritmo m\u00e1s tranquilo, la Caminada de este a\u00f1o es ideal para ti. <strong>Son 16 kil\u00f3metros con m\u00e1s bajada que subida<\/strong> \u2014unos 380 metros positivos y 725 negativos\u2014, empezando en el precioso pueblo de Colldejou y terminando en Mont-roig del Camp.<\/p><p style=\"font-weight: 400;\">A lo largo del camino, recorrer\u00e1s senderos llenos de magia, subir\u00e1s a la Gallina Cega y pasar\u00e1s por las formaciones rocosas que inspiraron a Gaud\u00ed, adem\u00e1s del deleitarte con el Castillo de Escornalbou y con sus incre\u00edbles vistas. \u00a1Estamos seguros de que te va a encantar!<\/p>\t\t\t\t\t\t\t\t<\/div>\n\t\t\t\t<\/div>\n\t\t\t\t\t<\/div>\n\t\t<\/div>\n\t\t\t\t\t<\/div>\n\t\t<\/section>\n\t\t\t\t<section class=\"elementor-section elementor-top-section elementor-element elementor-element-3046ace elementor-section-boxed elementor-section-height-default elementor-section-height-default\" data-id=\"3046ace\" data-element_type=\"section\" data-e-type=\"section\">\n\t\t\t\t\t\t<div class=\"elementor-container elementor-column-gap-default\">\n\t\t\t\t\t<div class=\"elementor-column elementor-col-100 elementor-top-column elementor-element elementor-element-ec80a7a\" data-id=\"ec80a7a\" data-element_type=\"column\" data-e-type=\"column\">\n\t\t\t<div class=\"elementor-widget-wrap elementor-element-populated\">\n\t\t\t\t\t\t<div class=\"elementor-element elementor-element-e1ce2e8 elementor-cta--skin-cover elementor-cta--valign-bottom elementor-animated-content elementor-widget elementor-widget-call-to-action\" data-id=\"e1ce2e8\" data-element_type=\"widget\" data-e-type=\"widget\" data-widget_type=\"call-to-action.default\">\n\t\t\t\t<div class=\"elementor-widget-container\">\n\t\t\t\t\t\t\t<div class=\"elementor-cta\">\n\t\t\t\t\t<div class=\"elementor-cta__bg-wrapper\">\n\t\t\t\t<div class=\"elementor-cta__bg elementor-bg\" style=\"background-image: url(https:\/\/www.parque-montroig.com\/blog\/wp-content\/uploads\/2024\/12\/cursa4termes-1600x630.jpg);\" role=\"img\" aria-label=\"cursa4termes\"><\/div>\n\t\t\t\t<div class=\"elementor-cta__bg-overlay\"><\/div>\n\t\t\t<\/div>\n\t\t\t\t\t\t\t<div class=\"elementor-cta__content\">\n\t\t\t\t\n\t\t\t\t\n\t\t\t\t\n\t\t\t\t\t\t\t\t\t<div class=\"elementor-cta__button-wrapper elementor-cta__content-item elementor-content-item elementor-animated-item--grow\">\n\t\t\t\t\t<a class=\"elementor-cta__button elementor-button elementor-size-\" href=\"https:\/\/www.cursa4termes.com\/\" target=\"_blank\" rel=\"noopener\">\n\t\t\t\t\t\tCursa 4 Termes\t\t\t\t\t<\/a>\n\t\t\t\t\t<\/div>\n\t\t\t\t\t\t\t<\/div>\n\t\t\t\t\t\t<\/div>\n\t\t\t\t\t\t<\/div>\n\t\t\t\t<\/div>\n\t\t\t\t\t<\/div>\n\t\t<\/div>\n\t\t\t\t\t<\/div>\n\t\t<\/section>\n\t\t\t\t<section class=\"elementor-section elementor-top-section elementor-element elementor-element-7c46e19 elementor-section-boxed elementor-section-height-default elementor-section-height-default\" data-id=\"7c46e19\" data-element_type=\"section\" data-e-type=\"section\">\n\t\t\t\t\t\t<div class=\"elementor-container elementor-column-gap-default\">\n\t\t\t\t\t<div class=\"elementor-column elementor-col-100 elementor-top-column elementor-element elementor-element-c8d6c04\" data-id=\"c8d6c04\" data-element_type=\"column\" data-e-type=\"column\">\n\t\t\t<div class=\"elementor-widget-wrap elementor-element-populated\">\n\t\t\t\t\t\t<div class=\"elementor-element elementor-element-9898b31 elementor-widget elementor-widget-heading\" data-id=\"9898b31\" data-element_type=\"widget\" data-e-type=\"widget\" data-widget_type=\"heading.default\">\n\t\t\t\t<div class=\"elementor-widget-container\">\n\t\t\t\t\t<h2 class=\"elementor-heading-title elementor-size-default\">Consejos para participar en la Cursa 4 Termes<\/h2>\t\t\t\t<\/div>\n\t\t\t\t<\/div>\n\t\t\t\t<div class=\"elementor-element elementor-element-223f249 elementor-widget elementor-widget-text-editor\" data-id=\"223f249\" data-element_type=\"widget\" data-e-type=\"widget\" data-widget_type=\"text-editor.default\">\n\t\t\t\t<div class=\"elementor-widget-container\">\n\t\t\t\t\t\t\t\t\t<p style=\"font-weight: 400;\">Si te has apuntado a la Cursa 4 Termes, \u00a1es hora de prepararte bien! <strong>Entrena en terrenos similares a los del circuito para familiarizarte con el desaf\u00edo y no olvides adaptar tu dieta las semanas previas para rendir m\u00e1s y mejor.<\/strong><\/p><p style=\"font-weight: 400;\">Equ\u00edpate con zapatillas de <em>trail<\/em> con buen agarre y con ropa c\u00f3moda adaptada al clima cambiante de febrero. Y, sobre todo, evita entrenos intensos la \u00faltima semana y <strong>descansa bien antes del gran d\u00eda.<\/strong><\/p><p style=\"font-weight: 400;\">Y si no vienes a competir, no te preocupes porque <strong>hay un plan acompa\u00f1ante con un mont\u00f3n de actividades para que t\u00fa tambi\u00e9n disfrutes al m\u00e1ximo<\/strong>. Habr\u00e1 una feria deportiva con productos locales como aceites y dulces, rutas de senderismo a puntos emblem\u00e1ticos como la Ermita de la Mare de D\u00e9u de la Roca y espect\u00e1culos en directo con m\u00fasica catalana, talleres y juegos infantiles. Tambi\u00e9n podr\u00e1s explorar Mont-roig del Camp con visitas guiadas o relajarte en alguno de sus miradores.<\/p><p style=\"font-weight: 400;\">La Cursa 4 Termes no es solo una carrera, es una experiencia para todos. \u00bfTe apuntas?<\/p>\t\t\t\t\t\t\t\t<\/div>\n\t\t\t\t<\/div>\n\t\t\t\t\t<\/div>\n\t\t<\/div>\n\t\t\t\t\t<\/div>\n\t\t<\/section>\n\t\t\t\t<section class=\"elementor-section elementor-top-section elementor-element elementor-element-6235a471 elementor-section-boxed elementor-section-height-default elementor-section-height-default\" data-id=\"6235a471\" data-element_type=\"section\" data-e-type=\"section\">\n\t\t\t\t\t\t<div class=\"elementor-container elementor-column-gap-default\">\n\t\t\t\t\t<div class=\"elementor-column elementor-col-100 elementor-top-column elementor-element elementor-element-3f22e6ff\" data-id=\"3f22e6ff\" data-element_type=\"column\" data-e-type=\"column\">\n\t\t\t<div class=\"elementor-widget-wrap elementor-element-populated\">\n\t\t\t\t\t\t<div class=\"elementor-element elementor-element-51456ad7 elementor-widget elementor-widget-heading\" data-id=\"51456ad7\" data-element_type=\"widget\" data-e-type=\"widget\" data-widget_type=\"heading.default\">\n\t\t\t\t<div class=\"elementor-widget-container\">\n\t\t\t\t\t<h2 class=\"elementor-heading-title elementor-size-default\">Ven a participar o a asistir a la Cursa 4 Termes<\/h2>\t\t\t\t<\/div>\n\t\t\t\t<\/div>\n\t\t\t\t<div class=\"elementor-element elementor-element-76c14b0b elementor-widget elementor-widget-text-editor\" data-id=\"76c14b0b\" data-element_type=\"widget\" data-e-type=\"widget\" data-widget_type=\"text-editor.default\">\n\t\t\t\t<div class=\"elementor-widget-container\">\n\t\t\t\t\t\t\t\t\t<p style=\"font-weight: 400;\">La Cursa 4 Termes es mucho m\u00e1s que una carrera, es una celebraci\u00f3n que se remonta al 2013 y que, desde entonces, ha ido creciendo sin renunciar a la naturaleza, la tradici\u00f3n y el deporte, y este 2025 no va a ser menos.<\/p><p style=\"font-weight: 400;\"><strong>Tanto si decides participar como corredor como si vienes a disfrutar del ambiente, para empaparte por completo de este evento tienes que estar descansado<\/strong>. Y la mejor forma de que esto ocurra es teniendo un alojamiento c\u00f3modo, limpio y confortable en el que relajarte antes y despu\u00e9s de la carrera.<\/p><p style=\"font-weight: 400;\">Y oye, no podemos hacernos la Marat\u00f3n por ti, pero s\u00ed que podemos ayudarte a encontrar ese alojamiento perfecto para descansar. Solo tienes que echarle un ojo a <a href=\"https:\/\/www.parque-montroig.com\/\">nuestra <em>web<\/em><\/a> y reservar el que m\u00e1s te guste.<\/p><p style=\"font-weight: 400;\">\u00a1No lo pienses m\u00e1s! Reserva la fecha y prepara tus zapatillas, que la edici\u00f3n 2025 de la Cursa 4 Termes te espera con los brazos abiertos.<\/p>\t\t\t\t\t\t\t\t<\/div>\n\t\t\t\t<\/div>\n\t\t\t\t\t<\/div>\n\t\t<\/div>\n\t\t\t\t\t<\/div>\n\t\t<\/section>\n\t\t\t\t<section class=\"elementor-section elementor-top-section elementor-element elementor-element-60ab350c elementor-section-boxed elementor-section-height-default elementor-section-height-default\" data-id=\"60ab350c\" data-element_type=\"section\" data-e-type=\"section\">\n\t\t\t\t\t\t<div class=\"elementor-container elementor-column-gap-default\">\n\t\t\t\t\t<div class=\"elementor-column elementor-col-100 elementor-top-column elementor-element elementor-element-68f3f8a\" data-id=\"68f3f8a\" data-element_type=\"column\" data-e-type=\"column\">\n\t\t\t<div class=\"elementor-widget-wrap elementor-element-populated\">\n\t\t\t\t\t\t<div class=\"elementor-element elementor-element-5b56636 elementor-widget elementor-widget-shortcode\" data-id=\"5b56636\" data-element_type=\"widget\" data-e-type=\"widget\" data-widget_type=\"shortcode.default\">\n\t\t\t\t<div class=\"elementor-widget-container\">\n\t\t\t\t\t\t\t<div class=\"elementor-shortcode\">\t\t<div data-elementor-type=\"section\" data-elementor-id=\"2369\" class=\"elementor elementor-2369\" data-elementor-post-type=\"elementor_library\">\n\t\t\t\t\t<section class=\"elementor-section elementor-top-section elementor-element elementor-element-4adb0f elementor-section-boxed elementor-section-height-default elementor-section-height-default\" data-id=\"4adb0f\" data-element_type=\"section\" data-e-type=\"section\">\n\t\t\t\t\t\t<div class=\"elementor-container elementor-column-gap-default\">\n\t\t\t\t\t<div class=\"elementor-column elementor-col-33 elementor-top-column elementor-element elementor-element-27e9a7b7\" data-id=\"27e9a7b7\" data-element_type=\"column\" data-e-type=\"column\">\n\t\t\t<div class=\"elementor-widget-wrap elementor-element-populated\">\n\t\t\t\t\t\t<div class=\"elementor-element elementor-element-3fee1755 elementor-align-center elementor-widget elementor-widget-button\" data-id=\"3fee1755\" data-element_type=\"widget\" data-e-type=\"widget\" data-widget_type=\"button.default\">\n\t\t\t\t<div class=\"elementor-widget-container\">\n\t\t\t\t\t\t\t\t\t<div class=\"elementor-button-wrapper\">\n\t\t\t\t\t<a class=\"elementor-button elementor-button-link elementor-size-sm\" href=\"https:\/\/www.parque-montroig.com\/alquiler\/alquiler-apartamentos-c1\/\">\n\t\t\t\t\t\t<span class=\"elementor-button-content-wrapper\">\n\t\t\t\t\t\t\t\t\t<span class=\"elementor-button-text\">Alojamientos Costa Dorada<\/span>\n\t\t\t\t\t<\/span>\n\t\t\t\t\t<\/a>\n\t\t\t\t<\/div>\n\t\t\t\t\t\t\t\t<\/div>\n\t\t\t\t<\/div>\n\t\t\t\t\t<\/div>\n\t\t<\/div>\n\t\t\t\t<div class=\"elementor-column elementor-col-33 elementor-top-column elementor-element elementor-element-11b3b7ed\" data-id=\"11b3b7ed\" data-element_type=\"column\" data-e-type=\"column\">\n\t\t\t<div class=\"elementor-widget-wrap elementor-element-populated\">\n\t\t\t\t\t\t<div class=\"elementor-element elementor-element-748c8dd7 elementor-align-center elementor-widget elementor-widget-button\" data-id=\"748c8dd7\" data-element_type=\"widget\" data-e-type=\"widget\" data-widget_type=\"button.default\">\n\t\t\t\t<div class=\"elementor-widget-container\">\n\t\t\t\t\t\t\t\t\t<div class=\"elementor-button-wrapper\">\n\t\t\t\t\t<a class=\"elementor-button elementor-button-link elementor-size-sm\" href=\"https:\/\/www.parque-montroig.com\/alquiler\/alquiler-casas-c19\/\">\n\t\t\t\t\t\t<span class=\"elementor-button-content-wrapper\">\n\t\t\t\t\t\t\t\t\t<span class=\"elementor-button-text\">Casas vacacionales Costa Dorada<\/span>\n\t\t\t\t\t<\/span>\n\t\t\t\t\t<\/a>\n\t\t\t\t<\/div>\n\t\t\t\t\t\t\t\t<\/div>\n\t\t\t\t<\/div>\n\t\t\t\t\t<\/div>\n\t\t<\/div>\n\t\t\t\t<div class=\"elementor-column elementor-col-33 elementor-top-column elementor-element elementor-element-18d71f8a\" data-id=\"18d71f8a\" data-element_type=\"column\" data-e-type=\"column\">\n\t\t\t<div class=\"elementor-widget-wrap elementor-element-populated\">\n\t\t\t\t\t\t<div class=\"elementor-element elementor-element-2d9b8a3c elementor-align-center elementor-widget elementor-widget-button\" data-id=\"2d9b8a3c\" data-element_type=\"widget\" data-e-type=\"widget\" data-widget_type=\"button.default\">\n\t\t\t\t<div class=\"elementor-widget-container\">\n\t\t\t\t\t\t\t\t\t<div class=\"elementor-button-wrapper\">\n\t\t\t\t\t<a class=\"elementor-button elementor-button-link elementor-size-sm\" href=\"https:\/\/www.parque-montroig.com\/alquiler\/alquiler-villas-c2\/\">\n\t\t\t\t\t\t<span class=\"elementor-button-content-wrapper\">\n\t\t\t\t\t\t\t\t\t<span class=\"elementor-button-text\">Villas Costa Dorada<\/span>\n\t\t\t\t\t<\/span>\n\t\t\t\t\t<\/a>\n\t\t\t\t<\/div>\n\t\t\t\t\t\t\t\t<\/div>\n\t\t\t\t<\/div>\n\t\t\t\t\t<\/div>\n\t\t<\/div>\n\t\t\t\t\t<\/div>\n\t\t<\/section>\n\t\t\t\t<\/div>\n\t\t<\/div>\n\t\t\t\t\t\t<\/div>\n\t\t\t\t<\/div>\n\t\t\t\t\t<\/div>\n\t\t<\/div>\n\t\t\t\t\t<\/div>\n\t\t<\/section>\n\t\t\t\t<\/div>\n\t\t","protected":false},"excerpt":{"rendered":"<p>Descubre la Cursa 4 Termes, un evento \u00fanico en Mont-roig del Camp La Cursa 4 Termes es mucho m\u00e1s que&#8230;<\/p>\n","protected":false},"author":7,"featured_media":5007,"comment_status":"open","ping_status":"closed","sticky":false,"template":"","format":"standard","meta":{"footnotes":""},"categories":[27,8],"tags":[],"class_list":["post-4939","post","type-post","status-publish","format-standard","has-post-thumbnail","hentry","category-la-costa-dorada-en","category-la-costa-dorada"],"_links":{"self":[{"href":"https:\/\/www.parque-montroig.com\/blog\/wp-json\/wp\/v2\/posts\/4939","targetHints":{"allow":["GET"]}}],"collection":[{"href":"https:\/\/www.parque-montroig.com\/blog\/wp-json\/wp\/v2\/posts"}],"about":[{"href":"https:\/\/www.parque-montroig.com\/blog\/wp-json\/wp\/v2\/types\/post"}],"author":[{"embeddable":true,"href":"https:\/\/www.parque-montroig.com\/blog\/wp-json\/wp\/v2\/users\/7"}],"replies":[{"embeddable":true,"href":"https:\/\/www.parque-montroig.com\/blog\/wp-json\/wp\/v2\/comments?post=4939"}],"version-history":[{"count":8,"href":"https:\/\/www.parque-montroig.com\/blog\/wp-json\/wp\/v2\/posts\/4939\/revisions"}],"predecessor-version":[{"id":5013,"href":"https:\/\/www.parque-montroig.com\/blog\/wp-json\/wp\/v2\/posts\/4939\/revisions\/5013"}],"wp:featuredmedia":[{"embeddable":true,"href":"https:\/\/www.parque-montroig.com\/blog\/wp-json\/wp\/v2\/media\/5007"}],"wp:attachment":[{"href":"https:\/\/www.parque-montroig.com\/blog\/wp-json\/wp\/v2\/media?parent=4939"}],"wp:term":[{"taxonomy":"category","embeddable":true,"href":"https:\/\/www.parque-montroig.com\/blog\/wp-json\/wp\/v2\/categories?post=4939"},{"taxonomy":"post_tag","embeddable":true,"href":"https:\/\/www.parque-montroig.com\/blog\/wp-json\/wp\/v2\/tags?post=4939"}],"curies":[{"name":"wp","href":"https:\/\/api.w.org\/{rel}","templated":true}]}}