{"id":5529,"date":"2025-04-11T13:51:45","date_gmt":"2025-04-11T11:51:45","guid":{"rendered":"https:\/\/www.parque-montroig.com\/blog\/?p=5529"},"modified":"2025-04-11T14:15:48","modified_gmt":"2025-04-11T12:15:48","slug":"castell-de-teixells","status":"publish","type":"post","link":"https:\/\/www.parque-montroig.com\/blog\/castell-de-teixells\/","title":{"rendered":"Ven a conocer el incre\u00edble Castell de Teixells a Cambrils"},"content":{"rendered":"\t\t<div data-elementor-type=\"wp-post\" data-elementor-id=\"5529\" class=\"elementor elementor-5529\" data-elementor-post-type=\"post\">\n\t\t\t\t\t\t<section class=\"elementor-section elementor-top-section elementor-element elementor-element-4b07af84 elementor-section-boxed elementor-section-height-default elementor-section-height-default\" data-id=\"4b07af84\" data-element_type=\"section\" data-e-type=\"section\">\n\t\t\t\t\t\t<div class=\"elementor-container elementor-column-gap-default\">\n\t\t\t\t\t<div class=\"elementor-column elementor-col-100 elementor-top-column elementor-element elementor-element-7190f22a\" data-id=\"7190f22a\" data-element_type=\"column\" data-e-type=\"column\">\n\t\t\t<div class=\"elementor-widget-wrap elementor-element-populated\">\n\t\t\t\t\t\t<div class=\"elementor-element elementor-element-13418033 elementor-widget elementor-widget-heading\" data-id=\"13418033\" data-element_type=\"widget\" data-e-type=\"widget\" data-widget_type=\"heading.default\">\n\t\t\t\t<div class=\"elementor-widget-container\">\n\t\t\t\t\t<h2 class=\"elementor-heading-title elementor-size-default\">Ven a conocer el incre\u00edble Castell de Teixells a Cambrils<\/h2>\t\t\t\t<\/div>\n\t\t\t\t<\/div>\n\t\t\t\t<div class=\"elementor-element elementor-element-36df2cc elementor-widget elementor-widget-text-editor\" data-id=\"36df2cc\" data-element_type=\"widget\" data-e-type=\"widget\" data-widget_type=\"text-editor.default\">\n\t\t\t\t<div class=\"elementor-widget-container\">\n\t\t\t\t\t\t\t\t\t<p style=\"font-weight: 400;\">En un rinc\u00f3n poco conocido del Baix Camp, fuera de las rutas transitadas y ajeno al ruido tur\u00edstico, est\u00e1 el Castell de Teixells, tambi\u00e9n conocido como Mas de Sant Rafael.<\/p><p style=\"font-weight: 400;\">No esperes almenas ni visitas guiadas: <strong>este castillo rural es de esos lugares que se descubren caminando, con calma, y se disfrutan desde fuera<\/strong>. Est\u00e1 en el t\u00e9rmino municipal de Cambrils, y aunque no se puede visitar por dentro \u2014es de propiedad privada\u2014, su estampa imponente entre campos, barrancos y el cielo abierto merece que hagas una parada si est\u00e1s de vacaciones por aqu\u00ed cerca.<\/p>\t\t\t\t\t\t\t\t<\/div>\n\t\t\t\t<\/div>\n\t\t\t\t\t<\/div>\n\t\t<\/div>\n\t\t\t\t\t<\/div>\n\t\t<\/section>\n\t\t\t\t<section class=\"elementor-section elementor-top-section elementor-element elementor-element-364b4b0 elementor-section-boxed elementor-section-height-default elementor-section-height-default\" data-id=\"364b4b0\" data-element_type=\"section\" data-e-type=\"section\">\n\t\t\t\t\t\t<div class=\"elementor-container elementor-column-gap-default\">\n\t\t\t\t\t<div class=\"elementor-column elementor-col-100 elementor-top-column elementor-element elementor-element-24fd140\" data-id=\"24fd140\" data-element_type=\"column\" data-e-type=\"column\">\n\t\t\t<div class=\"elementor-widget-wrap elementor-element-populated\">\n\t\t\t\t\t\t<div class=\"elementor-element elementor-element-b1c2cc4 elementor-widget elementor-widget-image\" data-id=\"b1c2cc4\" data-element_type=\"widget\" data-e-type=\"widget\" data-widget_type=\"image.default\">\n\t\t\t\t<div class=\"elementor-widget-container\">\n\t\t\t\t\t\t\t\t\t\t\t\t\t\t\t<img fetchpriority=\"high\" decoding=\"async\" width=\"1200\" height=\"637\" src=\"https:\/\/www.parque-montroig.com\/blog\/wp-content\/uploads\/2025\/04\/castell-de-teixells.jpg\" class=\"attachment-full size-full wp-image-5535\" alt=\"\" srcset=\"https:\/\/www.parque-montroig.com\/blog\/wp-content\/uploads\/2025\/04\/castell-de-teixells.jpg 1200w, https:\/\/www.parque-montroig.com\/blog\/wp-content\/uploads\/2025\/04\/castell-de-teixells-768x408.jpg 768w\" sizes=\"(max-width: 1200px) 100vw, 1200px\" \/>\t\t\t\t\t\t\t\t\t\t\t\t\t\t\t<\/div>\n\t\t\t\t<\/div>\n\t\t\t\t\t<\/div>\n\t\t<\/div>\n\t\t\t\t\t<\/div>\n\t\t<\/section>\n\t\t\t\t<section class=\"elementor-section elementor-top-section elementor-element elementor-element-2711de8 elementor-section-boxed elementor-section-height-default elementor-section-height-default\" data-id=\"2711de8\" data-element_type=\"section\" data-e-type=\"section\">\n\t\t\t\t\t\t<div class=\"elementor-container elementor-column-gap-default\">\n\t\t\t\t\t<div class=\"elementor-column elementor-col-100 elementor-top-column elementor-element elementor-element-6868de9\" data-id=\"6868de9\" data-element_type=\"column\" data-e-type=\"column\">\n\t\t\t<div class=\"elementor-widget-wrap elementor-element-populated\">\n\t\t\t\t\t\t<div class=\"elementor-element elementor-element-319385a elementor-widget elementor-widget-heading\" data-id=\"319385a\" data-element_type=\"widget\" data-e-type=\"widget\" data-widget_type=\"heading.default\">\n\t\t\t\t<div class=\"elementor-widget-container\">\n\t\t\t\t\t<h2 class=\"elementor-heading-title elementor-size-default\">Historia y curiosidades del Castell de Teixells<\/h2>\t\t\t\t<\/div>\n\t\t\t\t<\/div>\n\t\t\t\t<div class=\"elementor-element elementor-element-030c4d0 elementor-widget elementor-widget-text-editor\" data-id=\"030c4d0\" data-element_type=\"widget\" data-e-type=\"widget\" data-widget_type=\"text-editor.default\">\n\t\t\t\t<div class=\"elementor-widget-container\">\n\t\t\t\t\t\t\t\t\t<p style=\"font-weight: 400;\">Aunque no aparece en las gu\u00edas habituales, el Castell de Teixells tiene siglos de historia a sus espaldas. <strong>Sus elementos m\u00e1s antiguos datan del siglo XVI<\/strong>, aunque cerca se han encontrado restos de un molino medieval, lo que apunta a un uso agr\u00edcola a\u00fan m\u00e1s antiguo.<\/p><p style=\"font-weight: 400;\">Era, en su origen, una vivienda fortificada construida para defenderse de los ataques piratas que azotaban la costa catalana. Desde entonces, ha sido el centro neur\u00e1lgico de la zona de Teixells, ya que por los alrededores exist\u00eda una peque\u00f1a poblaci\u00f3n.<\/p><p style=\"font-weight: 400;\">Su estructura es sobria pero contundente: <strong>un edificio de planta rectangular con dos torres cuadradas, una de ellas con una capilla dedicada a Sant Rafael en su interior.<\/strong><\/p><p style=\"font-weight: 400;\">En la entrada todav\u00eda se conservan dos carteles con las iniciales de Edmund Sivatte, el criollo que reconstruy\u00f3 el conjunto en estilo neomedieval y que incluso plant\u00f3 palmeras cubanas en el jard\u00edn. S\u00ed, s\u00ed, se trajo las semillas de las palmeras.<\/p><p style=\"font-weight: 400;\">Tambi\u00e9n se dice \u2014y esto solo son rumores\u2014 que durante un tiempo fue punto de encuentro del movimiento carlista antes y despu\u00e9s de la Guerra Civil.<\/p><p style=\"font-weight: 400;\">Uno de sus elementos m\u00e1s fotog\u00e9nicos \u2014adem\u00e1s de las torres\u2014 es <strong>una pintura de un \u00e1ngel que hay en la fachada<\/strong>. \u00a1Puede verse desde fuera!<\/p><p style=\"font-weight: 400;\">Es un edificio que ha sabido conservarse muy bien con el paso del tiempo y que hoy en d\u00eda se utiliza como segunda residencia.<\/p>\t\t\t\t\t\t\t\t<\/div>\n\t\t\t\t<\/div>\n\t\t\t\t\t<\/div>\n\t\t<\/div>\n\t\t\t\t\t<\/div>\n\t\t<\/section>\n\t\t\t\t<section class=\"elementor-section elementor-top-section elementor-element elementor-element-de3657b elementor-section-boxed elementor-section-height-default elementor-section-height-default\" data-id=\"de3657b\" data-element_type=\"section\" data-e-type=\"section\">\n\t\t\t\t\t\t<div class=\"elementor-container elementor-column-gap-default\">\n\t\t\t\t\t<div class=\"elementor-column elementor-col-50 elementor-top-column elementor-element elementor-element-c2f5bba\" data-id=\"c2f5bba\" data-element_type=\"column\" data-e-type=\"column\">\n\t\t\t<div class=\"elementor-widget-wrap elementor-element-populated\">\n\t\t\t\t\t\t<div class=\"elementor-element elementor-element-4002146 elementor-widget elementor-widget-heading\" data-id=\"4002146\" data-element_type=\"widget\" data-e-type=\"widget\" data-widget_type=\"heading.default\">\n\t\t\t\t<div class=\"elementor-widget-container\">\n\t\t\t\t\t<h2 class=\"elementor-heading-title elementor-size-default\">C\u00f3mo llegar y qu\u00e9 ver en el Castell de Teixells<\/h2>\t\t\t\t<\/div>\n\t\t\t\t<\/div>\n\t\t\t\t<div class=\"elementor-element elementor-element-26ff6a9 elementor-widget elementor-widget-text-editor\" data-id=\"26ff6a9\" data-element_type=\"widget\" data-e-type=\"widget\" data-widget_type=\"text-editor.default\">\n\t\t\t\t<div class=\"elementor-widget-container\">\n\t\t\t\t\t\t\t\t\t<p style=\"font-weight: 400;\">El Castell de Teixells se encuentra en la partida dels Teixells, en Cambrils, en direcci\u00f3n hacia Montroig. El acceso es exterior, ya que es propiedad privada, pero puedes admirarlo perfectamente desde el camino. Es muy habitual incluirlo en rutas a pie o en bici, ya que la zona se presta tanto a la BTT como a la carretera.<\/p><p style=\"font-weight: 400;\">A solo 150 metros del castillo, merece la pena que hagas una parada junto al <strong>Pi dels Teixells, un impresionante pino blanco con m\u00e1s de 100 a\u00f1os de vida<\/strong>, declarado \u00e1rbol de inter\u00e9s local y comarcal. Aunque ha perdido algunas de sus ramas m\u00e1s grandes, sigue siendo un s\u00edmbolo natural del entorno. <strong>Su altura, de m\u00e1s de 23 metros, y su copa, de casi 22, lo convierten en uno de los \u00e1rboles m\u00e1s imponentes de la zona.<\/strong><br \/>Todo este conjunto \u2014mas\u00eda, barranco, \u00e1rbol y paisaje\u2014 crea una postal perfecta si buscas un lugar con historia, encanto y sin aglomeraciones.<\/p>\t\t\t\t\t\t\t\t<\/div>\n\t\t\t\t<\/div>\n\t\t\t\t\t<\/div>\n\t\t<\/div>\n\t\t\t\t<div class=\"elementor-column elementor-col-50 elementor-top-column elementor-element elementor-element-0c8549e\" data-id=\"0c8549e\" data-element_type=\"column\" data-e-type=\"column\">\n\t\t\t<div class=\"elementor-widget-wrap elementor-element-populated\">\n\t\t\t\t\t\t<div class=\"elementor-element elementor-element-13852fe elementor-widget elementor-widget-google_maps\" data-id=\"13852fe\" data-element_type=\"widget\" data-e-type=\"widget\" data-widget_type=\"google_maps.default\">\n\t\t\t\t<div class=\"elementor-widget-container\">\n\t\t\t\t\t\t\t<div class=\"elementor-custom-embed\">\n\t\t\t<iframe loading=\"lazy\"\n\t\t\t\t\tsrc=\"https:\/\/maps.google.com\/maps?q=Castell%20de%20Teixells&#038;t=m&#038;z=10&#038;output=embed&#038;iwloc=near\"\n\t\t\t\t\ttitle=\"Castell de Teixells\"\n\t\t\t\t\taria-label=\"Castell de Teixells\"\n\t\t\t><\/iframe>\n\t\t<\/div>\n\t\t\t\t\t\t<\/div>\n\t\t\t\t<\/div>\n\t\t\t\t\t<\/div>\n\t\t<\/div>\n\t\t\t\t\t<\/div>\n\t\t<\/section>\n\t\t\t\t<section class=\"elementor-section elementor-top-section elementor-element elementor-element-0fc0736 elementor-section-boxed elementor-section-height-default elementor-section-height-default\" data-id=\"0fc0736\" data-element_type=\"section\" data-e-type=\"section\">\n\t\t\t\t\t\t<div class=\"elementor-container elementor-column-gap-default\">\n\t\t\t\t\t<div class=\"elementor-column elementor-col-100 elementor-top-column elementor-element elementor-element-2634727\" data-id=\"2634727\" data-element_type=\"column\" data-e-type=\"column\">\n\t\t\t<div class=\"elementor-widget-wrap elementor-element-populated\">\n\t\t\t\t\t\t<div class=\"elementor-element elementor-element-affbed3 elementor-widget elementor-widget-heading\" data-id=\"affbed3\" data-element_type=\"widget\" data-e-type=\"widget\" data-widget_type=\"heading.default\">\n\t\t\t\t<div class=\"elementor-widget-container\">\n\t\t\t\t\t<h2 class=\"elementor-heading-title elementor-size-default\">Rutas cerca del Castell de Teixells<\/h2>\t\t\t\t<\/div>\n\t\t\t\t<\/div>\n\t\t\t\t<div class=\"elementor-element elementor-element-832d6e4 elementor-widget elementor-widget-text-editor\" data-id=\"832d6e4\" data-element_type=\"widget\" data-e-type=\"widget\" data-widget_type=\"text-editor.default\">\n\t\t\t\t<div class=\"elementor-widget-container\">\n\t\t\t\t\t\t\t\t\t<p style=\"font-weight: 400;\">Una de las mejores formas de visitar el Castell de Teixells es haciendo la ruta circular que va por Cambrils, cam\u00ed de les Basasses, Parc Sam\u00e0, Mas d\u2019en Blai, pasa tambi\u00e9n por el Castell de Teixells y vuelve a Cambrils. <strong>Es un recorrido por tierras del Baix Camp que te permite disfrutar del entorno rural y cultural de la comarca.<\/strong><\/p><p style=\"font-weight: 400;\">Eso s\u00ed, si vas en verano o en d\u00edas de calor, prep\u00e1rate bien. Gran parte del camino no tiene sombra, as\u00ed que agua, gorra y protector solar son imprescindibles.<\/p><p style=\"font-weight: 400;\">Afortunadamente, uno de los puntos clave de la ruta es el Parc Sam\u00e0, donde s\u00ed encontrar\u00e1s sombra, fuentes y hasta un bar donde tomarte algo.<\/p><p style=\"font-weight: 400;\"><strong>El Parc Sam\u00e0 es, por s\u00ed solo, una joya. Est\u00e1 catalogado como Bien de Inter\u00e9s Cultural y forma parte del Itinerario Europeo de Jardines Hist\u00f3ricos.<\/strong> Fue promovido por Salvador Sam\u00e0 i Torrents, marqu\u00e9s de Marianao, que fusion\u00f3 en este espacio romanticismo, modernismo y est\u00e9tica colonial. Tiene un mont\u00f3n de jardines exuberantes, un lago con puentes colgantes, animales ex\u00f3ticos y una arquitectura indiana que emociona y sorprende.<\/p><p style=\"font-weight: 400;\">As\u00ed, esta ruta te lleva de la historia m\u00e1s \u00edntima y rural del Castell de Teixells a la elegancia paisaj\u00edstica del Parc Sam\u00e0. Una combinaci\u00f3n perfecta, \u00bfno te parece?<\/p>\t\t\t\t\t\t\t\t<\/div>\n\t\t\t\t<\/div>\n\t\t\t\t\t<\/div>\n\t\t<\/div>\n\t\t\t\t\t<\/div>\n\t\t<\/section>\n\t\t\t\t<section class=\"elementor-section elementor-top-section elementor-element elementor-element-00b6ba9 elementor-section-boxed elementor-section-height-default elementor-section-height-default\" data-id=\"00b6ba9\" data-element_type=\"section\" data-e-type=\"section\">\n\t\t\t\t\t\t<div class=\"elementor-container elementor-column-gap-default\">\n\t\t\t\t\t<div class=\"elementor-column elementor-col-100 elementor-top-column elementor-element elementor-element-a0452fd\" data-id=\"a0452fd\" data-element_type=\"column\" data-e-type=\"column\">\n\t\t\t<div class=\"elementor-widget-wrap elementor-element-populated\">\n\t\t\t\t\t\t<div class=\"elementor-element elementor-element-75e26fa elementor-widget elementor-widget-video\" data-id=\"75e26fa\" data-element_type=\"widget\" data-e-type=\"widget\" data-settings=\"{&quot;youtube_url&quot;:&quot;https:\\\/\\\/www.youtube.com\\\/watch?v=9JF8aUwkmbE&quot;,&quot;video_type&quot;:&quot;youtube&quot;,&quot;controls&quot;:&quot;yes&quot;}\" data-widget_type=\"video.default\">\n\t\t\t\t<div class=\"elementor-widget-container\">\n\t\t\t\t\t\t\t<div class=\"elementor-wrapper elementor-open-inline\">\n\t\t\t<div class=\"elementor-video\"><\/div>\t\t<\/div>\n\t\t\t\t\t\t<\/div>\n\t\t\t\t<\/div>\n\t\t\t\t\t<\/div>\n\t\t<\/div>\n\t\t\t\t\t<\/div>\n\t\t<\/section>\n\t\t\t\t<section class=\"elementor-section elementor-top-section elementor-element elementor-element-0372b3e elementor-section-boxed elementor-section-height-default elementor-section-height-default\" data-id=\"0372b3e\" data-element_type=\"section\" data-e-type=\"section\">\n\t\t\t\t\t\t<div class=\"elementor-container elementor-column-gap-default\">\n\t\t\t\t\t<div class=\"elementor-column elementor-col-100 elementor-top-column elementor-element elementor-element-0a40f41\" data-id=\"0a40f41\" data-element_type=\"column\" data-e-type=\"column\">\n\t\t\t<div class=\"elementor-widget-wrap elementor-element-populated\">\n\t\t\t\t\t\t<div class=\"elementor-element elementor-element-3dd3591 elementor-widget elementor-widget-heading\" data-id=\"3dd3591\" data-element_type=\"widget\" data-e-type=\"widget\" data-widget_type=\"heading.default\">\n\t\t\t\t<div class=\"elementor-widget-container\">\n\t\t\t\t\t<h2 class=\"elementor-heading-title elementor-size-default\">Un par de apuntes m\u00e1s para visitar el Castell de Teixells<\/h2>\t\t\t\t<\/div>\n\t\t\t\t<\/div>\n\t\t\t\t<div class=\"elementor-element elementor-element-0cfca8d elementor-widget elementor-widget-text-editor\" data-id=\"0cfca8d\" data-element_type=\"widget\" data-e-type=\"widget\" data-widget_type=\"text-editor.default\">\n\t\t\t\t<div class=\"elementor-widget-container\">\n\t\t\t\t\t\t\t\t\t<p style=\"font-weight: 400;\">Aunque el Castell de Teixells no se puede visitar por dentro, s\u00ed puede verse desde el camino, y es uno de esos lugares que valen la pena, aunque solo sea para pararse un momento y contemplarlo en silencio. <strong>Es un sitio fotog\u00e9nico, lleno de detalles y muy especial por el contexto natural en el que se encuentra.<\/strong><\/p><p style=\"font-weight: 400;\">Si decides hacer la ruta circular, evita las horas centrales del d\u00eda en verano, porque el recorrido tiene muy poca sombra. Lo mejor es empezar temprano, llevar suficiente agua, algo de comer y ropa por capas para caminar varios kil\u00f3metros e ir quit\u00e1ndote las que sobren.<\/p><p style=\"font-weight: 400;\">El terreno es f\u00e1cil, aunque puede haber tramos de pista asfaltada sin demasiado inter\u00e9s, lo cual se compensa con creces cuando llegas al castillo y al parque.<br \/>Si vas en bici, puedes hacerte el recorrido en medio d\u00eda. <strong>Y si solo quieres acercarte en coche y verlo\u2026 \u00a1tambi\u00e9n es posible!<\/strong><\/p>\t\t\t\t\t\t\t\t<\/div>\n\t\t\t\t<\/div>\n\t\t\t\t\t<\/div>\n\t\t<\/div>\n\t\t\t\t\t<\/div>\n\t\t<\/section>\n\t\t\t\t<section class=\"elementor-section elementor-top-section elementor-element elementor-element-14a3f55a elementor-section-boxed elementor-section-height-default elementor-section-height-default\" data-id=\"14a3f55a\" data-element_type=\"section\" data-e-type=\"section\">\n\t\t\t\t\t\t<div class=\"elementor-container elementor-column-gap-default\">\n\t\t\t\t\t<div class=\"elementor-column elementor-col-100 elementor-top-column elementor-element elementor-element-1fde68a1\" data-id=\"1fde68a1\" data-element_type=\"column\" data-e-type=\"column\">\n\t\t\t<div class=\"elementor-widget-wrap elementor-element-populated\">\n\t\t\t\t\t\t<div class=\"elementor-element elementor-element-43c4005e elementor-widget elementor-widget-heading\" data-id=\"43c4005e\" data-element_type=\"widget\" data-e-type=\"widget\" data-widget_type=\"heading.default\">\n\t\t\t\t<div class=\"elementor-widget-container\">\n\t\t\t\t\t<h2 class=\"elementor-heading-title elementor-size-default\">Entonces, \u00bfte vienes a conocer el Castell de Teixells?<\/h2>\t\t\t\t<\/div>\n\t\t\t\t<\/div>\n\t\t\t\t<div class=\"elementor-element elementor-element-3bbe0ed1 elementor-widget elementor-widget-text-editor\" data-id=\"3bbe0ed1\" data-element_type=\"widget\" data-e-type=\"widget\" data-widget_type=\"text-editor.default\">\n\t\t\t\t<div class=\"elementor-widget-container\">\n\t\t\t\t\t\t\t\t\t<p style=\"font-weight: 400;\">El Castell de Teixells, o Mas de Sant Rafael, es uno de esos lugares que te recuerdan por qu\u00e9 vale la pena perderse por el interior de Tarragona. <strong>Es discreto, sobrio, lleno de historia, y tiene ese encanto de lo que ha sobrevivido al paso del tiempo sin necesidad de grandes focos ni restauraciones llamativas.<\/strong><\/p><p style=\"font-weight: 400;\">Es un rinc\u00f3n ideal para amantes del senderismo, de la fotograf\u00eda, de la arquitectura rural y de los secretos de la historia catalana. Y si lo visitas como parte de la ruta que incluye el Parc Sam\u00e0, la experiencia es de lo mejorcito.<\/p><p style=\"font-weight: 400;\">Puede que no puedas cruzar sus puertas, pero desde fuera ya se siente la fuerza de su legado. Si est\u00e1s por la zona de Cambrils o el Baix Camp, detente, mira, respira\u2026 y descubre el Castell de Teixells.<\/p><p style=\"font-weight: 400;\">\u00a1Y si no est\u00e1s por aqu\u00ed es porque no quieres! En <a href=\"https:\/\/www.parque-montroig.com\/\">Parc Montroig<\/a> <strong>tenemos un mont\u00f3n de alojamientos en la zona para que vengas a disfrutar de Cambrils y de todos los encantos que tiene la zona.<\/strong><\/p>\t\t\t\t\t\t\t\t<\/div>\n\t\t\t\t<\/div>\n\t\t\t\t\t<\/div>\n\t\t<\/div>\n\t\t\t\t\t<\/div>\n\t\t<\/section>\n\t\t\t\t<section class=\"elementor-section elementor-top-section elementor-element elementor-element-4ab67ffb elementor-section-boxed elementor-section-height-default elementor-section-height-default\" data-id=\"4ab67ffb\" data-element_type=\"section\" data-e-type=\"section\">\n\t\t\t\t\t\t<div class=\"elementor-container elementor-column-gap-default\">\n\t\t\t\t\t<div class=\"elementor-column elementor-col-100 elementor-top-column elementor-element elementor-element-1a66d8f7\" data-id=\"1a66d8f7\" data-element_type=\"column\" data-e-type=\"column\">\n\t\t\t<div class=\"elementor-widget-wrap elementor-element-populated\">\n\t\t\t\t\t\t<div class=\"elementor-element elementor-element-4c3f640c elementor-widget elementor-widget-shortcode\" data-id=\"4c3f640c\" data-element_type=\"widget\" data-e-type=\"widget\" data-widget_type=\"shortcode.default\">\n\t\t\t\t<div class=\"elementor-widget-container\">\n\t\t\t\t\t\t\t<div class=\"elementor-shortcode\">\t\t<div data-elementor-type=\"section\" data-elementor-id=\"2573\" class=\"elementor elementor-2573\" data-elementor-post-type=\"elementor_library\">\n\t\t\t\t\t<section class=\"elementor-section elementor-top-section elementor-element elementor-element-4629af2b elementor-section-boxed elementor-section-height-default elementor-section-height-default\" data-id=\"4629af2b\" data-element_type=\"section\" data-e-type=\"section\">\n\t\t\t\t\t\t<div class=\"elementor-container elementor-column-gap-default\">\n\t\t\t\t\t<div class=\"elementor-column elementor-col-25 elementor-top-column elementor-element elementor-element-1b7f6ad\" data-id=\"1b7f6ad\" data-element_type=\"column\" data-e-type=\"column\">\n\t\t\t<div class=\"elementor-widget-wrap elementor-element-populated\">\n\t\t\t\t\t\t<div class=\"elementor-element elementor-element-1b2cafd elementor-align-center elementor-widget elementor-widget-button\" data-id=\"1b2cafd\" data-element_type=\"widget\" data-e-type=\"widget\" data-widget_type=\"button.default\">\n\t\t\t\t<div class=\"elementor-widget-container\">\n\t\t\t\t\t\t\t\t\t<div class=\"elementor-button-wrapper\">\n\t\t\t\t\t<a class=\"elementor-button elementor-button-link elementor-size-sm\" href=\"https:\/\/www.parque-montroig.com\/alquiler\/alquileres-cambrils-d73\/\">\n\t\t\t\t\t\t<span class=\"elementor-button-content-wrapper\">\n\t\t\t\t\t\t\t\t\t<span class=\"elementor-button-text\">Alojamientos en Cambrils<\/span>\n\t\t\t\t\t<\/span>\n\t\t\t\t\t<\/a>\n\t\t\t\t<\/div>\n\t\t\t\t\t\t\t\t<\/div>\n\t\t\t\t<\/div>\n\t\t\t\t\t<\/div>\n\t\t<\/div>\n\t\t\t\t<div class=\"elementor-column elementor-col-25 elementor-top-column elementor-element elementor-element-424a38e3\" data-id=\"424a38e3\" data-element_type=\"column\" data-e-type=\"column\">\n\t\t\t<div class=\"elementor-widget-wrap elementor-element-populated\">\n\t\t\t\t\t\t<div class=\"elementor-element elementor-element-40ee886d elementor-align-center elementor-widget elementor-widget-button\" data-id=\"40ee886d\" data-element_type=\"widget\" data-e-type=\"widget\" data-widget_type=\"button.default\">\n\t\t\t\t<div class=\"elementor-widget-container\">\n\t\t\t\t\t\t\t\t\t<div class=\"elementor-button-wrapper\">\n\t\t\t\t\t<a class=\"elementor-button elementor-button-link elementor-size-sm\" href=\"https:\/\/www.parque-montroig.com\/alquiler\/apartamentos-cambrils-c1d73\/\">\n\t\t\t\t\t\t<span class=\"elementor-button-content-wrapper\">\n\t\t\t\t\t\t\t\t\t<span class=\"elementor-button-text\">Apartamentos en Cambrils<\/span>\n\t\t\t\t\t<\/span>\n\t\t\t\t\t<\/a>\n\t\t\t\t<\/div>\n\t\t\t\t\t\t\t\t<\/div>\n\t\t\t\t<\/div>\n\t\t\t\t\t<\/div>\n\t\t<\/div>\n\t\t\t\t<div class=\"elementor-column elementor-col-25 elementor-top-column elementor-element elementor-element-139d014e\" data-id=\"139d014e\" data-element_type=\"column\" data-e-type=\"column\">\n\t\t\t<div class=\"elementor-widget-wrap elementor-element-populated\">\n\t\t\t\t\t\t<div class=\"elementor-element elementor-element-c726587 elementor-align-center elementor-widget elementor-widget-button\" data-id=\"c726587\" data-element_type=\"widget\" data-e-type=\"widget\" data-widget_type=\"button.default\">\n\t\t\t\t<div class=\"elementor-widget-container\">\n\t\t\t\t\t\t\t\t\t<div class=\"elementor-button-wrapper\">\n\t\t\t\t\t<a class=\"elementor-button elementor-button-link elementor-size-sm\" href=\"https:\/\/www.parque-montroig.com\/alquiler\/casas-cambrils-c19d73\/\">\n\t\t\t\t\t\t<span class=\"elementor-button-content-wrapper\">\n\t\t\t\t\t\t\t\t\t<span class=\"elementor-button-text\">Casas en Cambrils<\/span>\n\t\t\t\t\t<\/span>\n\t\t\t\t\t<\/a>\n\t\t\t\t<\/div>\n\t\t\t\t\t\t\t\t<\/div>\n\t\t\t\t<\/div>\n\t\t\t\t\t<\/div>\n\t\t<\/div>\n\t\t\t\t<div class=\"elementor-column elementor-col-25 elementor-top-column elementor-element elementor-element-13e466ff\" data-id=\"13e466ff\" data-element_type=\"column\" data-e-type=\"column\">\n\t\t\t<div class=\"elementor-widget-wrap elementor-element-populated\">\n\t\t\t\t\t\t<div class=\"elementor-element elementor-element-26dc74e elementor-align-center elementor-widget elementor-widget-button\" data-id=\"26dc74e\" data-element_type=\"widget\" data-e-type=\"widget\" data-widget_type=\"button.default\">\n\t\t\t\t<div class=\"elementor-widget-container\">\n\t\t\t\t\t\t\t\t\t<div class=\"elementor-button-wrapper\">\n\t\t\t\t\t<a class=\"elementor-button elementor-button-link elementor-size-sm\" href=\"https:\/\/www.parque-montroig.com\/alquiler\/villas-cambrils-c2d73\/\">\n\t\t\t\t\t\t<span class=\"elementor-button-content-wrapper\">\n\t\t\t\t\t\t\t\t\t<span class=\"elementor-button-text\">Villas y chalets en Cambrils<\/span>\n\t\t\t\t\t<\/span>\n\t\t\t\t\t<\/a>\n\t\t\t\t<\/div>\n\t\t\t\t\t\t\t\t<\/div>\n\t\t\t\t<\/div>\n\t\t\t\t\t<\/div>\n\t\t<\/div>\n\t\t\t\t\t<\/div>\n\t\t<\/section>\n\t\t\t\t<\/div>\n\t\t<\/div>\n\t\t\t\t\t\t<\/div>\n\t\t\t\t<\/div>\n\t\t\t\t\t<\/div>\n\t\t<\/div>\n\t\t\t\t\t<\/div>\n\t\t<\/section>\n\t\t\t\t<\/div>\n\t\t","protected":false},"excerpt":{"rendered":"<p>Ven a conocer el incre\u00edble Castell de Teixells a Cambrils En un rinc\u00f3n poco conocido del Baix Camp, fuera de&#8230;<\/p>\n","protected":false},"author":7,"featured_media":5539,"comment_status":"open","ping_status":"closed","sticky":false,"template":"","format":"standard","meta":{"footnotes":""},"categories":[27],"tags":[],"class_list":["post-5529","post","type-post","status-publish","format-standard","has-post-thumbnail","hentry","category-la-costa-dorada-en"],"_links":{"self":[{"href":"https:\/\/www.parque-montroig.com\/blog\/wp-json\/wp\/v2\/posts\/5529","targetHints":{"allow":["GET"]}}],"collection":[{"href":"https:\/\/www.parque-montroig.com\/blog\/wp-json\/wp\/v2\/posts"}],"about":[{"href":"https:\/\/www.parque-montroig.com\/blog\/wp-json\/wp\/v2\/types\/post"}],"author":[{"embeddable":true,"href":"https:\/\/www.parque-montroig.com\/blog\/wp-json\/wp\/v2\/users\/7"}],"replies":[{"embeddable":true,"href":"https:\/\/www.parque-montroig.com\/blog\/wp-json\/wp\/v2\/comments?post=5529"}],"version-history":[{"count":7,"href":"https:\/\/www.parque-montroig.com\/blog\/wp-json\/wp\/v2\/posts\/5529\/revisions"}],"predecessor-version":[{"id":5545,"href":"https:\/\/www.parque-montroig.com\/blog\/wp-json\/wp\/v2\/posts\/5529\/revisions\/5545"}],"wp:featuredmedia":[{"embeddable":true,"href":"https:\/\/www.parque-montroig.com\/blog\/wp-json\/wp\/v2\/media\/5539"}],"wp:attachment":[{"href":"https:\/\/www.parque-montroig.com\/blog\/wp-json\/wp\/v2\/media?parent=5529"}],"wp:term":[{"taxonomy":"category","embeddable":true,"href":"https:\/\/www.parque-montroig.com\/blog\/wp-json\/wp\/v2\/categories?post=5529"},{"taxonomy":"post_tag","embeddable":true,"href":"https:\/\/www.parque-montroig.com\/blog\/wp-json\/wp\/v2\/tags?post=5529"}],"curies":[{"name":"wp","href":"https:\/\/api.w.org\/{rel}","templated":true}]}}